{"id":4735,"date":"2021-03-04T07:24:17","date_gmt":"2021-03-04T10:24:17","guid":{"rendered":"https:\/?p=4735"},"modified":"2021-03-04T07:24:17","modified_gmt":"2021-03-04T10:24:17","slug":"senado-aprova-pec-emergencial-em-primeiro-turno","status":"publish","type":"post","link":"https:\/\/serrafm879.com.br\/serrafm\/2021\/03\/senado-aprova-pec-emergencial-em-primeiro-turno\/","title":{"rendered":"Senado aprova PEC Emergencial em primeiro turno"},"content":{"rendered":"<p>O Senado aprovou na noite de ontem (3), em primeiro turno, a Proposta de Emenda \u00e0 Constitui\u00e7\u00e3o (PEC) 186\/2019, a chamada PEC Emergencial. Depois de dias de discuss\u00e3o em plen\u00e1rio e negocia\u00e7\u00f5es nos bastidores, o relator da mat\u00e9ria, M\u00e1rcio Bittar (MDB-AC), chegou a um texto que, se n\u00e3o obteve unanimidade, conseguiu apoio da maioria. A vota\u00e7\u00e3o do segundo turno da PEC foi convocada para amanh\u00e3 (4) \u00e0s 11h.<img decoding=\"async\" src=\"https:\/\/agenciabrasil.ebc.com.br\/ebc.png?id=1402917&amp;o=node\" \/><img decoding=\"async\" src=\"https:\/\/agenciabrasil.ebc.com.br\/ebc.gif?id=1402917&amp;o=node\" \/><\/p>\n<p>O texto-base da PEC foi aprovado por 62 senadores e teve 16 votos contr\u00e1rios no primeiro turno. \u00a0Ap\u00f3s a aprova\u00e7\u00e3o em segundo turno, a PEC segue para an\u00e1lise da C\u00e2mara dos Deputados.<\/p>\n<p>O texto cria mecanismos de ajuste fiscal, caso as opera\u00e7\u00f5es de cr\u00e9dito da Uni\u00e3o excedam as despesas. Ele tamb\u00e9m possibilita o pagamento do aux\u00edlio emergencial com cr\u00e9ditos extraordin\u00e1rios sem ferir o teto de gastos p\u00fablicos. O gasto com o aux\u00edlio tamb\u00e9m n\u00e3o ser\u00e1 afetado pela chamada \u201cregra de ouro\u201d, um mecanismo que pro\u00edbe o governo de fazer d\u00edvidas para pagar despesas correntes. O governo estuda retornar com o aux\u00edlio emergencial em forma de\u00a0<a href=\"https:\/\/agenciabrasil.ebc.com.br\/geral\/noticia\/2021-02\/bolsonaro-auxilio-deve-voltar-em-marco-com-parcelas-de-r-250\" target=\"_blank\" rel=\"noopener noreferrer\">quatro parcelas de R$ 250<\/a>\u00a0ainda este m\u00eas.<\/p>\n<h2>Evitar gasto excessivo<\/h2>\n<p>Bittar acrescentou nesta quarta-feira ao relat\u00f3rio mais uma \u201ctrava\u201d para evitar um gasto excessivo com o aux\u00edlio. O relator limitou a R$ 44 bilh\u00f5es o valor dispon\u00edvel para pagamento do aux\u00edlio emergencial. \u201cNa reda\u00e7\u00e3o anterior n\u00e3o constava tal limite, o que poderia trazer incertezas quanto \u00e0 trajet\u00f3ria fiscal, com preju\u00edzos ao ambiente econ\u00f4mico\u201d, disse o senador em seu relat\u00f3rio.<\/p>\n<p>O relator tamb\u00e9m fixou o prazo de vig\u00eancia das medidas de ajuste fiscal previstas na PEC para enquanto durar a situa\u00e7\u00e3o de calamidade p\u00fablica. \u201cConsidero pertinentes as sugest\u00f5es de que a persist\u00eancia das veda\u00e7\u00f5es fiscais do Artigo 167-G seja mantida apenas durante a situa\u00e7\u00e3o de calamidade p\u00fablica de \u00e2mbito nacional e n\u00e3o estendida al\u00e9m do seu t\u00e9rmino\u201d<\/p>\n<p>As medidas de ajuste fiscal mantidas no texto incluem gatilhos de conten\u00e7\u00e3o de gastos para a Uni\u00e3o, os estados e os munic\u00edpios. Na esfera federal, todas as vezes em que a rela\u00e7\u00e3o entre as despesas obrigat\u00f3rias sujeitas ao teto de gastos e as despesas totais supere 95%, os poderes Executivo, Legislativo e Judici\u00e1rio e o Minist\u00e9rio P\u00fablico proibir\u00e3o aumentos de sal\u00e1rio para o funcionalismo, realiza\u00e7\u00e3o de concursos p\u00fablicos, cria\u00e7\u00e3o de despesas obrigat\u00f3rias e lan\u00e7amento de linhas de financiamento ou renegocia\u00e7\u00e3o de d\u00edvidas.<\/p>\n<h2>Aux\u00edlio emergencial separado<\/h2>\n<p>Durante a sess\u00e3o, os senadores votaram um requerimento do senador Alessandro Vieira (Cidadania-SE) que separava o aux\u00edlio emergencial das medidas de ajuste fiscal, fatiando a PEC em duas propostas diferentes. Vieira via no aux\u00edlio emergencial uma urg\u00eancia necess\u00e1ria na vota\u00e7\u00e3o; urg\u00eancia que n\u00e3o considerava ser a mesma nos trechos referentes ao ajuste fiscal.<\/p>\n<p>\u00c1lvaro Dias (Podemos-PR), Leila Barros (PSB-DF), Randolfe Rodrigues (Rede-AP), Zenaide Maia (Pros-RN) e Rog\u00e9rio Carvalho (PT-SE), dentre outros, apoiaram o requerimento de Vieira. Para eles, as mat\u00e9rias referentes ao ajuste fiscal devem ser discutidas com mais tempo e a urg\u00eancia do aux\u00edlio emergencial n\u00e3o deveria ser usado para apressar a aprova\u00e7\u00e3o de tais mat\u00e9rias. O requerimento, no entanto, n\u00e3o obteve votos suficientes e foi rejeitado.<\/p>\n<p><em>* Com informa\u00e7\u00f5es da Ag\u00eancia Senado<\/em><\/p>\n","protected":false},"excerpt":{"rendered":"<p>O Senado aprovou na noite de ontem (3), em primeiro turno, a Proposta de Emenda \u00e0 Constitui\u00e7\u00e3o (PEC) 186\/2019, a chamada PEC Emergencial. Depois de dias de discuss\u00e3o em plen\u00e1rio e negocia\u00e7\u00f5es nos bastidores, o relator da mat\u00e9ria, M\u00e1rcio Bittar (MDB-AC), chegou a um texto que, se n\u00e3o obteve unanimidade, conseguiu apoio da maioria. A vota\u00e7\u00e3o do segundo turno da PEC foi convocada para amanh\u00e3 (4) \u00e0s 11h. O texto-base da PEC foi aprovado por 62 senadores e teve 16 votos contr\u00e1rios no primeiro turno. \u00a0Ap\u00f3s a aprova\u00e7\u00e3o em segundo turno, a PEC segue para an\u00e1lise da C\u00e2mara dos Deputados. [&hellip;]<\/p>\n","protected":false},"author":2,"featured_media":4736,"comment_status":"open","ping_status":"open","sticky":false,"template":"","format":"standard","meta":{"_jetpack_memberships_contains_paid_content":false,"footnotes":"","jetpack_publicize_message":"","jetpack_publicize_feature_enabled":true,"jetpack_social_post_already_shared":true,"jetpack_social_options":{"image_generator_settings":{"template":"highway","enabled":false},"version":2}},"categories":[2],"tags":[],"class_list":["post-4735","post","type-post","status-publish","format-standard","has-post-thumbnail","hentry","category-noticias"],"jetpack_publicize_connections":[],"yoast_head":"<!-- This site is optimized with the Yoast SEO plugin v24.7 - https:\/\/yoast.com\/wordpress\/plugins\/seo\/ -->\n<title>Senado aprova PEC Emergencial em primeiro turno - Serra FM 87,9<\/title>\n<meta name=\"robots\" content=\"index, follow, max-snippet:-1, max-image-preview:large, max-video-preview:-1\" \/>\n<link rel=\"canonical\" href=\"https:\/\/serrafm879.com.br\/serrafm\/2021\/03\/senado-aprova-pec-emergencial-em-primeiro-turno\/\" \/>\n<meta property=\"og:locale\" content=\"pt_BR\" \/>\n<meta property=\"og:type\" content=\"article\" \/>\n<meta property=\"og:title\" content=\"Senado aprova PEC Emergencial em primeiro turno - Serra FM 87,9\" \/>\n<meta property=\"og:description\" content=\"O Senado aprovou na noite de ontem (3), em primeiro turno, a Proposta de Emenda \u00e0 Constitui\u00e7\u00e3o (PEC) 186\/2019, a chamada PEC Emergencial. Depois de dias de discuss\u00e3o em plen\u00e1rio e negocia\u00e7\u00f5es nos bastidores, o relator da mat\u00e9ria, M\u00e1rcio Bittar (MDB-AC), chegou a um texto que, se n\u00e3o obteve unanimidade, conseguiu apoio da maioria. A vota\u00e7\u00e3o do segundo turno da PEC foi convocada para amanh\u00e3 (4) \u00e0s 11h. O texto-base da PEC foi aprovado por 62 senadores e teve 16 votos contr\u00e1rios no primeiro turno. \u00a0Ap\u00f3s a aprova\u00e7\u00e3o em segundo turno, a PEC segue para an\u00e1lise da C\u00e2mara dos Deputados. [&hellip;]\" \/>\n<meta property=\"og:url\" content=\"https:\/\/serrafm879.com.br\/serrafm\/2021\/03\/senado-aprova-pec-emergencial-em-primeiro-turno\/\" \/>\n<meta property=\"og:site_name\" content=\"Serra FM 87,9\" \/>\n<meta property=\"article:published_time\" content=\"2021-03-04T10:24:17+00:00\" \/>\n<meta property=\"og:image\" content=\"https:\/\/serrafm879.com.br\/serrafm\/wp-content\/uploads\/2021\/03\/senadoplena.jpg\" \/>\n\t<meta property=\"og:image:width\" content=\"1170\" \/>\n\t<meta property=\"og:image:height\" content=\"700\" \/>\n\t<meta property=\"og:image:type\" content=\"image\/jpeg\" \/>\n<meta name=\"author\" content=\"serrafm87\" \/>\n<meta name=\"twitter:card\" content=\"summary_large_image\" \/>\n<meta name=\"twitter:label1\" content=\"Escrito por\" \/>\n\t<meta name=\"twitter:data1\" content=\"serrafm87\" \/>\n\t<meta name=\"twitter:label2\" content=\"Est. tempo de leitura\" \/>\n\t<meta name=\"twitter:data2\" content=\"3 minutos\" \/>\n<script type=\"application\/ld+json\" class=\"yoast-schema-graph\">{\"@context\":\"https:\/\/schema.org\",\"@graph\":[{\"@type\":\"WebPage\",\"@id\":\"https:\/\/serrafm879.com.br\/serrafm\/2021\/03\/senado-aprova-pec-emergencial-em-primeiro-turno\/\",\"url\":\"https:\/\/serrafm879.com.br\/serrafm\/2021\/03\/senado-aprova-pec-emergencial-em-primeiro-turno\/\",\"name\":\"Senado aprova PEC Emergencial em primeiro turno - Serra FM 87,9\",\"isPartOf\":{\"@id\":\"https:\/\/serrafm879.com.br\/serrafm\/#website\"},\"primaryImageOfPage\":{\"@id\":\"https:\/\/serrafm879.com.br\/serrafm\/2021\/03\/senado-aprova-pec-emergencial-em-primeiro-turno\/#primaryimage\"},\"image\":{\"@id\":\"https:\/\/serrafm879.com.br\/serrafm\/2021\/03\/senado-aprova-pec-emergencial-em-primeiro-turno\/#primaryimage\"},\"thumbnailUrl\":\"https:\/\/serrafm879.com.br\/serrafm\/wp-content\/uploads\/2021\/03\/senadoplena.jpg\",\"datePublished\":\"2021-03-04T10:24:17+00:00\",\"author\":{\"@id\":\"https:\/\/serrafm879.com.br\/serrafm\/#\/schema\/person\/c028a197030ff8b1c03c68dfba4a787a\"},\"breadcrumb\":{\"@id\":\"https:\/\/serrafm879.com.br\/serrafm\/2021\/03\/senado-aprova-pec-emergencial-em-primeiro-turno\/#breadcrumb\"},\"inLanguage\":\"pt-BR\",\"potentialAction\":[{\"@type\":\"ReadAction\",\"target\":[\"https:\/\/serrafm879.com.br\/serrafm\/2021\/03\/senado-aprova-pec-emergencial-em-primeiro-turno\/\"]}]},{\"@type\":\"ImageObject\",\"inLanguage\":\"pt-BR\",\"@id\":\"https:\/\/serrafm879.com.br\/serrafm\/2021\/03\/senado-aprova-pec-emergencial-em-primeiro-turno\/#primaryimage\",\"url\":\"https:\/\/serrafm879.com.br\/serrafm\/wp-content\/uploads\/2021\/03\/senadoplena.jpg\",\"contentUrl\":\"https:\/\/serrafm879.com.br\/serrafm\/wp-content\/uploads\/2021\/03\/senadoplena.jpg\",\"width\":1170,\"height\":700,\"caption\":\"Plen\u00e1rio do Senado Federal durante sess\u00e3o deliberativa ordin\u00e1ria semipresencial.\"},{\"@type\":\"BreadcrumbList\",\"@id\":\"https:\/\/serrafm879.com.br\/serrafm\/2021\/03\/senado-aprova-pec-emergencial-em-primeiro-turno\/#breadcrumb\",\"itemListElement\":[{\"@type\":\"ListItem\",\"position\":1,\"name\":\"In\u00edcio\",\"item\":\"https:\/\/serrafm879.com.br\/serrafm\/\"},{\"@type\":\"ListItem\",\"position\":2,\"name\":\"Senado aprova PEC Emergencial em primeiro turno\"}]},{\"@type\":\"WebSite\",\"@id\":\"https:\/\/serrafm879.com.br\/serrafm\/#website\",\"url\":\"https:\/\/serrafm879.com.br\/serrafm\/\",\"name\":\"Serra FM 87,9\",\"description\":\"O seu novo amor!\",\"potentialAction\":[{\"@type\":\"SearchAction\",\"target\":{\"@type\":\"EntryPoint\",\"urlTemplate\":\"https:\/\/serrafm879.com.br\/serrafm\/?s={search_term_string}\"},\"query-input\":{\"@type\":\"PropertyValueSpecification\",\"valueRequired\":true,\"valueName\":\"search_term_string\"}}],\"inLanguage\":\"pt-BR\"},{\"@type\":\"Person\",\"@id\":\"https:\/\/serrafm879.com.br\/serrafm\/#\/schema\/person\/c028a197030ff8b1c03c68dfba4a787a\",\"name\":\"serrafm87\",\"image\":{\"@type\":\"ImageObject\",\"inLanguage\":\"pt-BR\",\"@id\":\"https:\/\/serrafm879.com.br\/serrafm\/#\/schema\/person\/image\/\",\"url\":\"https:\/\/secure.gravatar.com\/avatar\/a743233f1112d34f48bb3dc9559b76eb930bab8b27175856cba6362608736235?s=96&d=mm&r=g\",\"contentUrl\":\"https:\/\/secure.gravatar.com\/avatar\/a743233f1112d34f48bb3dc9559b76eb930bab8b27175856cba6362608736235?s=96&d=mm&r=g\",\"caption\":\"serrafm87\"},\"sameAs\":[\"http:\/\/serrafm879.com.br\/\"],\"url\":\"https:\/\/serrafm879.com.br\/serrafm\/author\/serrafm87\/\"}]}<\/script>\n<!-- \/ Yoast SEO plugin. -->","yoast_head_json":{"title":"Senado aprova PEC Emergencial em primeiro turno - Serra FM 87,9","robots":{"index":"index","follow":"follow","max-snippet":"max-snippet:-1","max-image-preview":"max-image-preview:large","max-video-preview":"max-video-preview:-1"},"canonical":"https:\/\/serrafm879.com.br\/serrafm\/2021\/03\/senado-aprova-pec-emergencial-em-primeiro-turno\/","og_locale":"pt_BR","og_type":"article","og_title":"Senado aprova PEC Emergencial em primeiro turno - Serra FM 87,9","og_description":"O Senado aprovou na noite de ontem (3), em primeiro turno, a Proposta de Emenda \u00e0 Constitui\u00e7\u00e3o (PEC) 186\/2019, a chamada PEC Emergencial. Depois de dias de discuss\u00e3o em plen\u00e1rio e negocia\u00e7\u00f5es nos bastidores, o relator da mat\u00e9ria, M\u00e1rcio Bittar (MDB-AC), chegou a um texto que, se n\u00e3o obteve unanimidade, conseguiu apoio da maioria. A vota\u00e7\u00e3o do segundo turno da PEC foi convocada para amanh\u00e3 (4) \u00e0s 11h. O texto-base da PEC foi aprovado por 62 senadores e teve 16 votos contr\u00e1rios no primeiro turno. \u00a0Ap\u00f3s a aprova\u00e7\u00e3o em segundo turno, a PEC segue para an\u00e1lise da C\u00e2mara dos Deputados. [&hellip;]","og_url":"https:\/\/serrafm879.com.br\/serrafm\/2021\/03\/senado-aprova-pec-emergencial-em-primeiro-turno\/","og_site_name":"Serra FM 87,9","article_published_time":"2021-03-04T10:24:17+00:00","og_image":[{"width":1170,"height":700,"url":"https:\/\/serrafm879.com.br\/serrafm\/wp-content\/uploads\/2021\/03\/senadoplena.jpg","type":"image\/jpeg"}],"author":"serrafm87","twitter_card":"summary_large_image","twitter_misc":{"Escrito por":"serrafm87","Est. tempo de leitura":"3 minutos"},"schema":{"@context":"https:\/\/schema.org","@graph":[{"@type":"WebPage","@id":"https:\/\/serrafm879.com.br\/serrafm\/2021\/03\/senado-aprova-pec-emergencial-em-primeiro-turno\/","url":"https:\/\/serrafm879.com.br\/serrafm\/2021\/03\/senado-aprova-pec-emergencial-em-primeiro-turno\/","name":"Senado aprova PEC Emergencial em primeiro turno - Serra FM 87,9","isPartOf":{"@id":"https:\/\/serrafm879.com.br\/serrafm\/#website"},"primaryImageOfPage":{"@id":"https:\/\/serrafm879.com.br\/serrafm\/2021\/03\/senado-aprova-pec-emergencial-em-primeiro-turno\/#primaryimage"},"image":{"@id":"https:\/\/serrafm879.com.br\/serrafm\/2021\/03\/senado-aprova-pec-emergencial-em-primeiro-turno\/#primaryimage"},"thumbnailUrl":"https:\/\/serrafm879.com.br\/serrafm\/wp-content\/uploads\/2021\/03\/senadoplena.jpg","datePublished":"2021-03-04T10:24:17+00:00","author":{"@id":"https:\/\/serrafm879.com.br\/serrafm\/#\/schema\/person\/c028a197030ff8b1c03c68dfba4a787a"},"breadcrumb":{"@id":"https:\/\/serrafm879.com.br\/serrafm\/2021\/03\/senado-aprova-pec-emergencial-em-primeiro-turno\/#breadcrumb"},"inLanguage":"pt-BR","potentialAction":[{"@type":"ReadAction","target":["https:\/\/serrafm879.com.br\/serrafm\/2021\/03\/senado-aprova-pec-emergencial-em-primeiro-turno\/"]}]},{"@type":"ImageObject","inLanguage":"pt-BR","@id":"https:\/\/serrafm879.com.br\/serrafm\/2021\/03\/senado-aprova-pec-emergencial-em-primeiro-turno\/#primaryimage","url":"https:\/\/serrafm879.com.br\/serrafm\/wp-content\/uploads\/2021\/03\/senadoplena.jpg","contentUrl":"https:\/\/serrafm879.com.br\/serrafm\/wp-content\/uploads\/2021\/03\/senadoplena.jpg","width":1170,"height":700,"caption":"Plen\u00e1rio do Senado Federal durante sess\u00e3o deliberativa ordin\u00e1ria semipresencial."},{"@type":"BreadcrumbList","@id":"https:\/\/serrafm879.com.br\/serrafm\/2021\/03\/senado-aprova-pec-emergencial-em-primeiro-turno\/#breadcrumb","itemListElement":[{"@type":"ListItem","position":1,"name":"In\u00edcio","item":"https:\/\/serrafm879.com.br\/serrafm\/"},{"@type":"ListItem","position":2,"name":"Senado aprova PEC Emergencial em primeiro turno"}]},{"@type":"WebSite","@id":"https:\/\/serrafm879.com.br\/serrafm\/#website","url":"https:\/\/serrafm879.com.br\/serrafm\/","name":"Serra FM 87,9","description":"O seu novo amor!","potentialAction":[{"@type":"SearchAction","target":{"@type":"EntryPoint","urlTemplate":"https:\/\/serrafm879.com.br\/serrafm\/?s={search_term_string}"},"query-input":{"@type":"PropertyValueSpecification","valueRequired":true,"valueName":"search_term_string"}}],"inLanguage":"pt-BR"},{"@type":"Person","@id":"https:\/\/serrafm879.com.br\/serrafm\/#\/schema\/person\/c028a197030ff8b1c03c68dfba4a787a","name":"serrafm87","image":{"@type":"ImageObject","inLanguage":"pt-BR","@id":"https:\/\/serrafm879.com.br\/serrafm\/#\/schema\/person\/image\/","url":"https:\/\/secure.gravatar.com\/avatar\/a743233f1112d34f48bb3dc9559b76eb930bab8b27175856cba6362608736235?s=96&d=mm&r=g","contentUrl":"https:\/\/secure.gravatar.com\/avatar\/a743233f1112d34f48bb3dc9559b76eb930bab8b27175856cba6362608736235?s=96&d=mm&r=g","caption":"serrafm87"},"sameAs":["http:\/\/serrafm879.com.br\/"],"url":"https:\/\/serrafm879.com.br\/serrafm\/author\/serrafm87\/"}]}},"jetpack_featured_media_url":"https:\/\/serrafm879.com.br\/serrafm\/wp-content\/uploads\/2021\/03\/senadoplena.jpg","jetpack_shortlink":"https:\/\/wp.me\/p7HyXg-1en","jetpack_sharing_enabled":true,"_links":{"self":[{"href":"https:\/\/serrafm879.com.br\/serrafm\/wp-json\/wp\/v2\/posts\/4735","targetHints":{"allow":["GET"]}}],"collection":[{"href":"https:\/\/serrafm879.com.br\/serrafm\/wp-json\/wp\/v2\/posts"}],"about":[{"href":"https:\/\/serrafm879.com.br\/serrafm\/wp-json\/wp\/v2\/types\/post"}],"author":[{"embeddable":true,"href":"https:\/\/serrafm879.com.br\/serrafm\/wp-json\/wp\/v2\/users\/2"}],"replies":[{"embeddable":true,"href":"https:\/\/serrafm879.com.br\/serrafm\/wp-json\/wp\/v2\/comments?post=4735"}],"version-history":[{"count":1,"href":"https:\/\/serrafm879.com.br\/serrafm\/wp-json\/wp\/v2\/posts\/4735\/revisions"}],"predecessor-version":[{"id":4737,"href":"https:\/\/serrafm879.com.br\/serrafm\/wp-json\/wp\/v2\/posts\/4735\/revisions\/4737"}],"wp:featuredmedia":[{"embeddable":true,"href":"https:\/\/serrafm879.com.br\/serrafm\/wp-json\/wp\/v2\/media\/4736"}],"wp:attachment":[{"href":"https:\/\/serrafm879.com.br\/serrafm\/wp-json\/wp\/v2\/media?parent=4735"}],"wp:term":[{"taxonomy":"category","embeddable":true,"href":"https:\/\/serrafm879.com.br\/serrafm\/wp-json\/wp\/v2\/categories?post=4735"},{"taxonomy":"post_tag","embeddable":true,"href":"https:\/\/serrafm879.com.br\/serrafm\/wp-json\/wp\/v2\/tags?post=4735"}],"curies":[{"name":"wp","href":"https:\/\/api.w.org\/{rel}","templated":true}]}}