{"id":4741,"date":"2021-03-04T07:31:47","date_gmt":"2021-03-04T10:31:47","guid":{"rendered":"https:\/?p=4741"},"modified":"2021-03-04T07:31:47","modified_gmt":"2021-03-04T10:31:47","slug":"marcia-faz-convocacao-para-intensificar-acoes-contra-o-covid_19","status":"publish","type":"post","link":"https:\/\/serrafm879.com.br\/serrafm\/2021\/03\/marcia-faz-convocacao-para-intensificar-acoes-contra-o-covid_19\/","title":{"rendered":"M\u00e1rcia faz convoca\u00e7\u00e3o para intensificar a\u00e7\u00f5es contra o covid_19"},"content":{"rendered":"<p>A Prefeitura de Serra Talhada reuniu na tarde da quarta-feira (03), atrav\u00e9s de videoconfer\u00eancia, o Gabinete de Monitoramento e Enfrentamento \u00e0 Covid-19.<\/p>\n<p>De acordo com a prefeita M\u00e1rcia Conrado, as a\u00e7\u00f5es contra a pandemia ser\u00e3o intensificadas no munic\u00edpio a partir desta hoje quinta-feira (04), uma vez que estamos enfrentando um momento preocupante com recordes de \u00f3bitos em todo o pa\u00eds.<\/p>\n<p>\u201cN\u00f3s vamos intensificar e fortalecer as a\u00e7\u00f5es contra \u00e0 Covid-19. O Brasil vem vivenciando recordes negativos de \u00f3bitos e n\u00f3s n\u00e3o queremos que isso aconte\u00e7a em Serra Talhada. Estamos muito preocupados com a evolu\u00e7\u00e3o da doen\u00e7a e por isso a partir de hoje (quinta-feira) as nossas a\u00e7\u00f5es ser\u00e3o intensificadas, e para que a gente tenha \u00eaxito, \u00e9 preciso que cada um fa\u00e7a a sua parte\u201d, afirmou.<\/p>\n<p><strong>PREOCUPA\u00c7\u00c3O<\/strong><\/p>\n<p>Uma das principais preocupa\u00e7\u00f5es do munic\u00edpio no momento \u00e9 o aumento do n\u00famero de pacientes serra-talhadenses internados nos Leitos de Terapia Intensiva \u2013 UTI do Hospital Eduardo Campos e do Hospam.<\/p>\n<p>\u201cN\u00f3s temos neste momento um total de 18 pacientes de Covid-19 de Serra Talhada em leitos de UTI, sendo 13 no Eduardo Campos e 05 no Hospam, a maior ocupa\u00e7\u00e3o de UTIs com pacientes de Serra Talhada desde o in\u00edcio da pandemia, portanto, \u00e9 um momento de muita preocupa\u00e7\u00e3o e que requer esfor\u00e7os redobrados\u201d, alertou a prefeita, que fez um comunicado oficial \u00e0 popula\u00e7\u00e3o na quarta-feira (03).<\/p>\n<p>por Giovanni S\u00e1<\/p>\n<p>&nbsp;<\/p>\n","protected":false},"excerpt":{"rendered":"<p>A Prefeitura de Serra Talhada reuniu na tarde da quarta-feira (03), atrav\u00e9s de videoconfer\u00eancia, o Gabinete de Monitoramento e Enfrentamento \u00e0 Covid-19. De acordo com a prefeita M\u00e1rcia Conrado, as a\u00e7\u00f5es contra a pandemia ser\u00e3o intensificadas no munic\u00edpio a partir desta hoje quinta-feira (04), uma vez que estamos enfrentando um momento preocupante com recordes de \u00f3bitos em todo o pa\u00eds. \u201cN\u00f3s vamos intensificar e fortalecer as a\u00e7\u00f5es contra \u00e0 Covid-19. O Brasil vem vivenciando recordes negativos de \u00f3bitos e n\u00f3s n\u00e3o queremos que isso aconte\u00e7a em Serra Talhada. Estamos muito preocupados com a evolu\u00e7\u00e3o da doen\u00e7a e por isso a [&hellip;]<\/p>\n","protected":false},"author":2,"featured_media":4584,"comment_status":"open","ping_status":"open","sticky":false,"template":"","format":"standard","meta":{"_jetpack_memberships_contains_paid_content":false,"footnotes":"","jetpack_publicize_message":"","jetpack_publicize_feature_enabled":true,"jetpack_social_post_already_shared":true,"jetpack_social_options":{"image_generator_settings":{"template":"highway","enabled":false},"version":2}},"categories":[2],"tags":[],"class_list":["post-4741","post","type-post","status-publish","format-standard","has-post-thumbnail","hentry","category-noticias"],"jetpack_publicize_connections":[],"yoast_head":"<!-- This site is optimized with the Yoast SEO plugin v24.7 - https:\/\/yoast.com\/wordpress\/plugins\/seo\/ -->\n<title>M\u00e1rcia faz convoca\u00e7\u00e3o para intensificar a\u00e7\u00f5es contra o covid_19 - Serra FM 87,9<\/title>\n<meta name=\"robots\" content=\"index, follow, max-snippet:-1, max-image-preview:large, max-video-preview:-1\" \/>\n<link rel=\"canonical\" href=\"https:\/\/serrafm879.com.br\/serrafm\/2021\/03\/marcia-faz-convocacao-para-intensificar-acoes-contra-o-covid_19\/\" \/>\n<meta property=\"og:locale\" content=\"pt_BR\" \/>\n<meta property=\"og:type\" content=\"article\" \/>\n<meta property=\"og:title\" content=\"M\u00e1rcia faz convoca\u00e7\u00e3o para intensificar a\u00e7\u00f5es contra o covid_19 - Serra FM 87,9\" \/>\n<meta property=\"og:description\" content=\"A Prefeitura de Serra Talhada reuniu na tarde da quarta-feira (03), atrav\u00e9s de videoconfer\u00eancia, o Gabinete de Monitoramento e Enfrentamento \u00e0 Covid-19. De acordo com a prefeita M\u00e1rcia Conrado, as a\u00e7\u00f5es contra a pandemia ser\u00e3o intensificadas no munic\u00edpio a partir desta hoje quinta-feira (04), uma vez que estamos enfrentando um momento preocupante com recordes de \u00f3bitos em todo o pa\u00eds. \u201cN\u00f3s vamos intensificar e fortalecer as a\u00e7\u00f5es contra \u00e0 Covid-19. O Brasil vem vivenciando recordes negativos de \u00f3bitos e n\u00f3s n\u00e3o queremos que isso aconte\u00e7a em Serra Talhada. Estamos muito preocupados com a evolu\u00e7\u00e3o da doen\u00e7a e por isso a [&hellip;]\" \/>\n<meta property=\"og:url\" content=\"https:\/\/serrafm879.com.br\/serrafm\/2021\/03\/marcia-faz-convocacao-para-intensificar-acoes-contra-o-covid_19\/\" \/>\n<meta property=\"og:site_name\" content=\"Serra FM 87,9\" \/>\n<meta property=\"article:published_time\" content=\"2021-03-04T10:31:47+00:00\" \/>\n<meta property=\"og:image\" content=\"https:\/\/serrafm879.com.br\/serrafm\/wp-content\/uploads\/2021\/02\/marcia-abatedouro-1.jpg\" \/>\n\t<meta property=\"og:image:width\" content=\"853\" \/>\n\t<meta property=\"og:image:height\" content=\"568\" \/>\n\t<meta property=\"og:image:type\" content=\"image\/jpeg\" \/>\n<meta name=\"author\" content=\"serrafm87\" \/>\n<meta name=\"twitter:card\" content=\"summary_large_image\" \/>\n<meta name=\"twitter:label1\" content=\"Escrito por\" \/>\n\t<meta name=\"twitter:data1\" content=\"serrafm87\" \/>\n\t<meta name=\"twitter:label2\" content=\"Est. tempo de leitura\" \/>\n\t<meta name=\"twitter:data2\" content=\"1 minuto\" \/>\n<script type=\"application\/ld+json\" class=\"yoast-schema-graph\">{\"@context\":\"https:\/\/schema.org\",\"@graph\":[{\"@type\":\"WebPage\",\"@id\":\"https:\/\/serrafm879.com.br\/serrafm\/2021\/03\/marcia-faz-convocacao-para-intensificar-acoes-contra-o-covid_19\/\",\"url\":\"https:\/\/serrafm879.com.br\/serrafm\/2021\/03\/marcia-faz-convocacao-para-intensificar-acoes-contra-o-covid_19\/\",\"name\":\"M\u00e1rcia faz convoca\u00e7\u00e3o para intensificar a\u00e7\u00f5es contra o covid_19 - Serra FM 87,9\",\"isPartOf\":{\"@id\":\"https:\/\/serrafm879.com.br\/serrafm\/#website\"},\"primaryImageOfPage\":{\"@id\":\"https:\/\/serrafm879.com.br\/serrafm\/2021\/03\/marcia-faz-convocacao-para-intensificar-acoes-contra-o-covid_19\/#primaryimage\"},\"image\":{\"@id\":\"https:\/\/serrafm879.com.br\/serrafm\/2021\/03\/marcia-faz-convocacao-para-intensificar-acoes-contra-o-covid_19\/#primaryimage\"},\"thumbnailUrl\":\"https:\/\/serrafm879.com.br\/serrafm\/wp-content\/uploads\/2021\/02\/marcia-abatedouro-1.jpg\",\"datePublished\":\"2021-03-04T10:31:47+00:00\",\"author\":{\"@id\":\"https:\/\/serrafm879.com.br\/serrafm\/#\/schema\/person\/c028a197030ff8b1c03c68dfba4a787a\"},\"breadcrumb\":{\"@id\":\"https:\/\/serrafm879.com.br\/serrafm\/2021\/03\/marcia-faz-convocacao-para-intensificar-acoes-contra-o-covid_19\/#breadcrumb\"},\"inLanguage\":\"pt-BR\",\"potentialAction\":[{\"@type\":\"ReadAction\",\"target\":[\"https:\/\/serrafm879.com.br\/serrafm\/2021\/03\/marcia-faz-convocacao-para-intensificar-acoes-contra-o-covid_19\/\"]}]},{\"@type\":\"ImageObject\",\"inLanguage\":\"pt-BR\",\"@id\":\"https:\/\/serrafm879.com.br\/serrafm\/2021\/03\/marcia-faz-convocacao-para-intensificar-acoes-contra-o-covid_19\/#primaryimage\",\"url\":\"https:\/\/serrafm879.com.br\/serrafm\/wp-content\/uploads\/2021\/02\/marcia-abatedouro-1.jpg\",\"contentUrl\":\"https:\/\/serrafm879.com.br\/serrafm\/wp-content\/uploads\/2021\/02\/marcia-abatedouro-1.jpg\",\"width\":853,\"height\":568},{\"@type\":\"BreadcrumbList\",\"@id\":\"https:\/\/serrafm879.com.br\/serrafm\/2021\/03\/marcia-faz-convocacao-para-intensificar-acoes-contra-o-covid_19\/#breadcrumb\",\"itemListElement\":[{\"@type\":\"ListItem\",\"position\":1,\"name\":\"In\u00edcio\",\"item\":\"https:\/\/serrafm879.com.br\/serrafm\/\"},{\"@type\":\"ListItem\",\"position\":2,\"name\":\"M\u00e1rcia faz convoca\u00e7\u00e3o para intensificar a\u00e7\u00f5es contra o covid_19\"}]},{\"@type\":\"WebSite\",\"@id\":\"https:\/\/serrafm879.com.br\/serrafm\/#website\",\"url\":\"https:\/\/serrafm879.com.br\/serrafm\/\",\"name\":\"Serra FM 87,9\",\"description\":\"O seu novo amor!\",\"potentialAction\":[{\"@type\":\"SearchAction\",\"target\":{\"@type\":\"EntryPoint\",\"urlTemplate\":\"https:\/\/serrafm879.com.br\/serrafm\/?s={search_term_string}\"},\"query-input\":{\"@type\":\"PropertyValueSpecification\",\"valueRequired\":true,\"valueName\":\"search_term_string\"}}],\"inLanguage\":\"pt-BR\"},{\"@type\":\"Person\",\"@id\":\"https:\/\/serrafm879.com.br\/serrafm\/#\/schema\/person\/c028a197030ff8b1c03c68dfba4a787a\",\"name\":\"serrafm87\",\"image\":{\"@type\":\"ImageObject\",\"inLanguage\":\"pt-BR\",\"@id\":\"https:\/\/serrafm879.com.br\/serrafm\/#\/schema\/person\/image\/\",\"url\":\"https:\/\/secure.gravatar.com\/avatar\/a743233f1112d34f48bb3dc9559b76eb930bab8b27175856cba6362608736235?s=96&d=mm&r=g\",\"contentUrl\":\"https:\/\/secure.gravatar.com\/avatar\/a743233f1112d34f48bb3dc9559b76eb930bab8b27175856cba6362608736235?s=96&d=mm&r=g\",\"caption\":\"serrafm87\"},\"sameAs\":[\"http:\/\/serrafm879.com.br\/\"],\"url\":\"https:\/\/serrafm879.com.br\/serrafm\/author\/serrafm87\/\"}]}<\/script>\n<!-- \/ Yoast SEO plugin. -->","yoast_head_json":{"title":"M\u00e1rcia faz convoca\u00e7\u00e3o para intensificar a\u00e7\u00f5es contra o covid_19 - Serra FM 87,9","robots":{"index":"index","follow":"follow","max-snippet":"max-snippet:-1","max-image-preview":"max-image-preview:large","max-video-preview":"max-video-preview:-1"},"canonical":"https:\/\/serrafm879.com.br\/serrafm\/2021\/03\/marcia-faz-convocacao-para-intensificar-acoes-contra-o-covid_19\/","og_locale":"pt_BR","og_type":"article","og_title":"M\u00e1rcia faz convoca\u00e7\u00e3o para intensificar a\u00e7\u00f5es contra o covid_19 - Serra FM 87,9","og_description":"A Prefeitura de Serra Talhada reuniu na tarde da quarta-feira (03), atrav\u00e9s de videoconfer\u00eancia, o Gabinete de Monitoramento e Enfrentamento \u00e0 Covid-19. De acordo com a prefeita M\u00e1rcia Conrado, as a\u00e7\u00f5es contra a pandemia ser\u00e3o intensificadas no munic\u00edpio a partir desta hoje quinta-feira (04), uma vez que estamos enfrentando um momento preocupante com recordes de \u00f3bitos em todo o pa\u00eds. \u201cN\u00f3s vamos intensificar e fortalecer as a\u00e7\u00f5es contra \u00e0 Covid-19. O Brasil vem vivenciando recordes negativos de \u00f3bitos e n\u00f3s n\u00e3o queremos que isso aconte\u00e7a em Serra Talhada. Estamos muito preocupados com a evolu\u00e7\u00e3o da doen\u00e7a e por isso a [&hellip;]","og_url":"https:\/\/serrafm879.com.br\/serrafm\/2021\/03\/marcia-faz-convocacao-para-intensificar-acoes-contra-o-covid_19\/","og_site_name":"Serra FM 87,9","article_published_time":"2021-03-04T10:31:47+00:00","og_image":[{"width":853,"height":568,"url":"https:\/\/serrafm879.com.br\/serrafm\/wp-content\/uploads\/2021\/02\/marcia-abatedouro-1.jpg","type":"image\/jpeg"}],"author":"serrafm87","twitter_card":"summary_large_image","twitter_misc":{"Escrito por":"serrafm87","Est. tempo de leitura":"1 minuto"},"schema":{"@context":"https:\/\/schema.org","@graph":[{"@type":"WebPage","@id":"https:\/\/serrafm879.com.br\/serrafm\/2021\/03\/marcia-faz-convocacao-para-intensificar-acoes-contra-o-covid_19\/","url":"https:\/\/serrafm879.com.br\/serrafm\/2021\/03\/marcia-faz-convocacao-para-intensificar-acoes-contra-o-covid_19\/","name":"M\u00e1rcia faz convoca\u00e7\u00e3o para intensificar a\u00e7\u00f5es contra o covid_19 - Serra FM 87,9","isPartOf":{"@id":"https:\/\/serrafm879.com.br\/serrafm\/#website"},"primaryImageOfPage":{"@id":"https:\/\/serrafm879.com.br\/serrafm\/2021\/03\/marcia-faz-convocacao-para-intensificar-acoes-contra-o-covid_19\/#primaryimage"},"image":{"@id":"https:\/\/serrafm879.com.br\/serrafm\/2021\/03\/marcia-faz-convocacao-para-intensificar-acoes-contra-o-covid_19\/#primaryimage"},"thumbnailUrl":"https:\/\/serrafm879.com.br\/serrafm\/wp-content\/uploads\/2021\/02\/marcia-abatedouro-1.jpg","datePublished":"2021-03-04T10:31:47+00:00","author":{"@id":"https:\/\/serrafm879.com.br\/serrafm\/#\/schema\/person\/c028a197030ff8b1c03c68dfba4a787a"},"breadcrumb":{"@id":"https:\/\/serrafm879.com.br\/serrafm\/2021\/03\/marcia-faz-convocacao-para-intensificar-acoes-contra-o-covid_19\/#breadcrumb"},"inLanguage":"pt-BR","potentialAction":[{"@type":"ReadAction","target":["https:\/\/serrafm879.com.br\/serrafm\/2021\/03\/marcia-faz-convocacao-para-intensificar-acoes-contra-o-covid_19\/"]}]},{"@type":"ImageObject","inLanguage":"pt-BR","@id":"https:\/\/serrafm879.com.br\/serrafm\/2021\/03\/marcia-faz-convocacao-para-intensificar-acoes-contra-o-covid_19\/#primaryimage","url":"https:\/\/serrafm879.com.br\/serrafm\/wp-content\/uploads\/2021\/02\/marcia-abatedouro-1.jpg","contentUrl":"https:\/\/serrafm879.com.br\/serrafm\/wp-content\/uploads\/2021\/02\/marcia-abatedouro-1.jpg","width":853,"height":568},{"@type":"BreadcrumbList","@id":"https:\/\/serrafm879.com.br\/serrafm\/2021\/03\/marcia-faz-convocacao-para-intensificar-acoes-contra-o-covid_19\/#breadcrumb","itemListElement":[{"@type":"ListItem","position":1,"name":"In\u00edcio","item":"https:\/\/serrafm879.com.br\/serrafm\/"},{"@type":"ListItem","position":2,"name":"M\u00e1rcia faz convoca\u00e7\u00e3o para intensificar a\u00e7\u00f5es contra o covid_19"}]},{"@type":"WebSite","@id":"https:\/\/serrafm879.com.br\/serrafm\/#website","url":"https:\/\/serrafm879.com.br\/serrafm\/","name":"Serra FM 87,9","description":"O seu novo amor!","potentialAction":[{"@type":"SearchAction","target":{"@type":"EntryPoint","urlTemplate":"https:\/\/serrafm879.com.br\/serrafm\/?s={search_term_string}"},"query-input":{"@type":"PropertyValueSpecification","valueRequired":true,"valueName":"search_term_string"}}],"inLanguage":"pt-BR"},{"@type":"Person","@id":"https:\/\/serrafm879.com.br\/serrafm\/#\/schema\/person\/c028a197030ff8b1c03c68dfba4a787a","name":"serrafm87","image":{"@type":"ImageObject","inLanguage":"pt-BR","@id":"https:\/\/serrafm879.com.br\/serrafm\/#\/schema\/person\/image\/","url":"https:\/\/secure.gravatar.com\/avatar\/a743233f1112d34f48bb3dc9559b76eb930bab8b27175856cba6362608736235?s=96&d=mm&r=g","contentUrl":"https:\/\/secure.gravatar.com\/avatar\/a743233f1112d34f48bb3dc9559b76eb930bab8b27175856cba6362608736235?s=96&d=mm&r=g","caption":"serrafm87"},"sameAs":["http:\/\/serrafm879.com.br\/"],"url":"https:\/\/serrafm879.com.br\/serrafm\/author\/serrafm87\/"}]}},"jetpack_featured_media_url":"https:\/\/serrafm879.com.br\/serrafm\/wp-content\/uploads\/2021\/02\/marcia-abatedouro-1.jpg","jetpack_shortlink":"https:\/\/wp.me\/p7HyXg-1et","jetpack_sharing_enabled":true,"_links":{"self":[{"href":"https:\/\/serrafm879.com.br\/serrafm\/wp-json\/wp\/v2\/posts\/4741","targetHints":{"allow":["GET"]}}],"collection":[{"href":"https:\/\/serrafm879.com.br\/serrafm\/wp-json\/wp\/v2\/posts"}],"about":[{"href":"https:\/\/serrafm879.com.br\/serrafm\/wp-json\/wp\/v2\/types\/post"}],"author":[{"embeddable":true,"href":"https:\/\/serrafm879.com.br\/serrafm\/wp-json\/wp\/v2\/users\/2"}],"replies":[{"embeddable":true,"href":"https:\/\/serrafm879.com.br\/serrafm\/wp-json\/wp\/v2\/comments?post=4741"}],"version-history":[{"count":1,"href":"https:\/\/serrafm879.com.br\/serrafm\/wp-json\/wp\/v2\/posts\/4741\/revisions"}],"predecessor-version":[{"id":4742,"href":"https:\/\/serrafm879.com.br\/serrafm\/wp-json\/wp\/v2\/posts\/4741\/revisions\/4742"}],"wp:featuredmedia":[{"embeddable":true,"href":"https:\/\/serrafm879.com.br\/serrafm\/wp-json\/wp\/v2\/media\/4584"}],"wp:attachment":[{"href":"https:\/\/serrafm879.com.br\/serrafm\/wp-json\/wp\/v2\/media?parent=4741"}],"wp:term":[{"taxonomy":"category","embeddable":true,"href":"https:\/\/serrafm879.com.br\/serrafm\/wp-json\/wp\/v2\/categories?post=4741"},{"taxonomy":"post_tag","embeddable":true,"href":"https:\/\/serrafm879.com.br\/serrafm\/wp-json\/wp\/v2\/tags?post=4741"}],"curies":[{"name":"wp","href":"https:\/\/api.w.org\/{rel}","templated":true}]}}