{"id":4744,"date":"2021-03-06T07:59:00","date_gmt":"2021-03-06T10:59:00","guid":{"rendered":"https:\/?p=4744"},"modified":"2021-03-06T07:59:00","modified_gmt":"2021-03-06T10:59:00","slug":"86-cidades-de-pernambuco-aderem-consorcio-para-comprar-mais-vacinas-contra-covid-19","status":"publish","type":"post","link":"https:\/\/serrafm879.com.br\/serrafm\/2021\/03\/86-cidades-de-pernambuco-aderem-consorcio-para-comprar-mais-vacinas-contra-covid-19\/","title":{"rendered":"86 cidades de Pernambuco aderem a cons\u00f3rcio para comprar mais vacinas contra a covid-19"},"content":{"rendered":"<p>86 munic\u00edpios de Pernambuco manifestaram interesse em aderir ao cons\u00f3rcio de prefeituras para compra de vacinas contra a covid-19, segundo a lista divulgada nesta sexta-feira (05) pela Federa\u00e7\u00e3o Nacional de Prefeitos (FNP).<\/p>\n<p>No Brasil, ao todo, 1.703 prefeitos t\u00eam inten\u00e7\u00e3o de aderir \u00e0 compra conjunta de doses de vacinas.<\/p>\n<p>A iniciativa foi lan\u00e7ada na segunda-feira (1\u00ba) em uma reuni\u00e3o com cerca de 300 prefeitos, inclusive o do Recife, Jo\u00e3o Campos (PSB), e o de Petrolina, Miguel Coelho (MDB) \u2013\u00a0veja mais abaixo a lista completa das prefeituras de Pernambuco que manifestaram interesse.<\/p>\n<p>As administra\u00e7\u00f5es municipais tiveram at\u00e9 esta sexta-feira (05) para assinar o termo de inten\u00e7\u00e3o do cons\u00f3rcio. A previs\u00e3o \u00e9 que a associa\u00e7\u00e3o seja efetivamente instalada at\u00e9 o dia 22 de mar\u00e7o. Deve ser ainda elaborado um modelo de projeto de lei para ser enviado \u00e0s c\u00e2maras municipais para que as cidades participem das compras.<\/p>\n<p>A ideia \u00e9 que as prefeituras possam comprar as vacinas caso o Plano Nacional de Imuniza\u00e7\u00e3o (PNI), coordenado pelo Minist\u00e9rio da Sa\u00fade, n\u00e3o seja capaz de suprir toda a demanda. \u201cO cons\u00f3rcio n\u00e3o \u00e9 para comprar imediatamente, mas para termos seguran\u00e7a jur\u00eddica no caso de o PNI n\u00e3o dar conta de suprir toda a popula\u00e7\u00e3o. Nesse caso, os prefeitos j\u00e1 teriam alternativa para isso\u201d, afirmou o presidente da FNP, Jonas Donizette, durante a reuni\u00e3o de lan\u00e7amento da iniciativa.<\/p>\n<p>Est\u00e3o sendo avaliadas formas de financiar a aquisi\u00e7\u00e3o dos imunizantes. H\u00e1 tr\u00eas possibilidades principais: recursos do governo federal; financiamento por organismos internacionais e doa\u00e7\u00f5es de investidores privados brasileiros.<\/p>\n<p><strong>Veja a lista completa dos munic\u00edpios pernambucanos que manifestaram interesse em aderir ao cons\u00f3rcio<\/strong><\/p>\n<p>RECIFE<\/p>\n<p>JABOAT\u00c3O DOS GUARARAPES<\/p>\n<p>OLINDA<\/p>\n<p>CARUARU<\/p>\n<p>PETROLINA<\/p>\n<p>PAULISTA<\/p>\n<p>CABO DE SANTO AGOSTINHO<\/p>\n<p>CAMARAGIBE<\/p>\n<p>GARANHUNS<\/p>\n<p>VIT\u00d3RIA DE SANTO ANT\u00c3O<\/p>\n<p>SANTA CRUZ DO CAPIBARIBE<\/p>\n<p>IPOJUCA<\/p>\n<p>SERRA TALHADA<\/p>\n<p>GOIANA<\/p>\n<p>BELO JARDIM<\/p>\n<p>ARCOVERDE<\/p>\n<p>PESQUEIRA<\/p>\n<p>SURUBIM<\/p>\n<p>PALMARES<\/p>\n<p>MORENO<\/p>\n<p>S\u00c3O BENTO DO UNA<\/p>\n<p>BREJO DA MADRE DE DEUS<\/p>\n<p>BOM CONSELHO<\/p>\n<p>TORITAMA<\/p>\n<p>BARREIROS<\/p>\n<p>LAJEDO<\/p>\n<p>BOM JARDIM<\/p>\n<p>ALIAN\u00c7A<\/p>\n<p>BONITO<\/p>\n<p>CUST\u00d3DIA<\/p>\n<p>S\u00c3O CAITANO<\/p>\n<p>\u00c1GUA PRETA<\/p>\n<p>PETROL\u00c2NDIA<\/p>\n<p>SERT\u00c2NIA<\/p>\n<p>CABROB\u00d3<\/p>\n<p>S\u00c3O JOS\u00c9 DO EGITO<\/p>\n<p>S\u00c3O JOS\u00c9 DO BELMONTE<\/p>\n<p>FLORESTA<\/p>\n<p>NAZAR\u00c9 DA MATA<\/p>\n<p>EXU<\/p>\n<p>GAMELEIRA<\/p>\n<p>GL\u00d3RIA DO GOIT\u00c1<\/p>\n<p>TABIRA<\/p>\n<p>POMBOS<\/p>\n<p>CONDADO<\/p>\n<p>PANELAS<\/p>\n<p>ITA\u00cdBA<\/p>\n<p>QUIPAP\u00c1<\/p>\n<p>TACARATU<\/p>\n<p>MACAPARANA<\/p>\n<p>CANHOTINHO<\/p>\n<p>OROB\u00d3<\/p>\n<p>TAMANDAR\u00c9<\/p>\n<p>FLORES<\/p>\n<p>ARA\u00c7OIABA<\/p>\n<p>RIACHO DAS ALMAS<\/p>\n<p>CACHOEIRINHA<\/p>\n<p>CAPOEIRAS<\/p>\n<p>CARNA\u00cdBA<\/p>\n<p>IATI<\/p>\n<p>CAMOCIM DE S\u00c3O F\u00c9LIX<\/p>\n<p>VENTUROSA<\/p>\n<p>S\u00c3O VICENTE FERRER<\/p>\n<p>MACHADOS<\/p>\n<p>SANTA CRUZ<\/p>\n<p>MIRANDIBA<\/p>\n<p>OROC\u00d3<\/p>\n<p>JUPI<\/p>\n<p>JATOB\u00c1<\/p>\n<p>BARRA DE GUABIRABA<\/p>\n<p>CASINHAS<\/p>\n<p>SANTA MARIA DO CAMBUC\u00c1<\/p>\n<p>TRACUNHA\u00c9M<\/p>\n<p>ITAPETIM<\/p>\n<p>BUENOS AIRES<\/p>\n<p>IGUARACY<\/p>\n<p>FERREIROS<\/p>\n<p>SANTA TEREZINHA<\/p>\n<p>PO\u00c7\u00c3O<\/p>\n<p>ANGELIM<\/p>\n<p>VERDEJANTE<\/p>\n<p>TUPARETAMA<\/p>\n<p>GRANITO<\/p>\n<p>BREJINHO<\/p>\n<p>QUIXABA<\/p>\n<p>INGAZEIRA<\/p>\n","protected":false},"excerpt":{"rendered":"<p>86 munic\u00edpios de Pernambuco manifestaram interesse em aderir ao cons\u00f3rcio de prefeituras para compra de vacinas contra a covid-19, segundo a lista divulgada nesta sexta-feira (05) pela Federa\u00e7\u00e3o Nacional de Prefeitos (FNP). No Brasil, ao todo, 1.703 prefeitos t\u00eam inten\u00e7\u00e3o de aderir \u00e0 compra conjunta de doses de vacinas. A iniciativa foi lan\u00e7ada na segunda-feira (1\u00ba) em uma reuni\u00e3o com cerca de 300 prefeitos, inclusive o do Recife, Jo\u00e3o Campos (PSB), e o de Petrolina, Miguel Coelho (MDB) \u2013\u00a0veja mais abaixo a lista completa das prefeituras de Pernambuco que manifestaram interesse. As administra\u00e7\u00f5es municipais tiveram at\u00e9 esta sexta-feira (05) para [&hellip;]<\/p>\n","protected":false},"author":2,"featured_media":3774,"comment_status":"open","ping_status":"open","sticky":false,"template":"","format":"standard","meta":{"_jetpack_memberships_contains_paid_content":false,"footnotes":"","jetpack_publicize_message":"","jetpack_publicize_feature_enabled":true,"jetpack_social_post_already_shared":true,"jetpack_social_options":{"image_generator_settings":{"template":"highway","enabled":false},"version":2}},"categories":[2],"tags":[],"class_list":["post-4744","post","type-post","status-publish","format-standard","has-post-thumbnail","hentry","category-noticias"],"jetpack_publicize_connections":[],"yoast_head":"<!-- This site is optimized with the Yoast SEO plugin v24.7 - https:\/\/yoast.com\/wordpress\/plugins\/seo\/ -->\n<title>86 cidades de Pernambuco aderem a cons\u00f3rcio para comprar mais vacinas contra a covid-19 - Serra FM 87,9<\/title>\n<meta name=\"robots\" content=\"index, follow, max-snippet:-1, max-image-preview:large, max-video-preview:-1\" \/>\n<link rel=\"canonical\" href=\"https:\/\/serrafm879.com.br\/serrafm\/2021\/03\/86-cidades-de-pernambuco-aderem-consorcio-para-comprar-mais-vacinas-contra-covid-19\/\" \/>\n<meta property=\"og:locale\" content=\"pt_BR\" \/>\n<meta property=\"og:type\" content=\"article\" \/>\n<meta property=\"og:title\" content=\"86 cidades de Pernambuco aderem a cons\u00f3rcio para comprar mais vacinas contra a covid-19 - Serra FM 87,9\" \/>\n<meta property=\"og:description\" content=\"86 munic\u00edpios de Pernambuco manifestaram interesse em aderir ao cons\u00f3rcio de prefeituras para compra de vacinas contra a covid-19, segundo a lista divulgada nesta sexta-feira (05) pela Federa\u00e7\u00e3o Nacional de Prefeitos (FNP). No Brasil, ao todo, 1.703 prefeitos t\u00eam inten\u00e7\u00e3o de aderir \u00e0 compra conjunta de doses de vacinas. A iniciativa foi lan\u00e7ada na segunda-feira (1\u00ba) em uma reuni\u00e3o com cerca de 300 prefeitos, inclusive o do Recife, Jo\u00e3o Campos (PSB), e o de Petrolina, Miguel Coelho (MDB) \u2013\u00a0veja mais abaixo a lista completa das prefeituras de Pernambuco que manifestaram interesse. As administra\u00e7\u00f5es municipais tiveram at\u00e9 esta sexta-feira (05) para [&hellip;]\" \/>\n<meta property=\"og:url\" content=\"https:\/\/serrafm879.com.br\/serrafm\/2021\/03\/86-cidades-de-pernambuco-aderem-consorcio-para-comprar-mais-vacinas-contra-covid-19\/\" \/>\n<meta property=\"og:site_name\" content=\"Serra FM 87,9\" \/>\n<meta property=\"article:published_time\" content=\"2021-03-06T10:59:00+00:00\" \/>\n<meta property=\"og:image\" content=\"https:\/\/serrafm879.com.br\/serrafm\/wp-content\/uploads\/2020\/08\/sarampo.jpg\" \/>\n\t<meta property=\"og:image:width\" content=\"1170\" \/>\n\t<meta property=\"og:image:height\" content=\"700\" \/>\n\t<meta property=\"og:image:type\" content=\"image\/jpeg\" \/>\n<meta name=\"author\" content=\"serrafm87\" \/>\n<meta name=\"twitter:card\" content=\"summary_large_image\" \/>\n<meta name=\"twitter:label1\" content=\"Escrito por\" \/>\n\t<meta name=\"twitter:data1\" content=\"serrafm87\" \/>\n\t<meta name=\"twitter:label2\" content=\"Est. tempo de leitura\" \/>\n\t<meta name=\"twitter:data2\" content=\"2 minutos\" \/>\n<script type=\"application\/ld+json\" class=\"yoast-schema-graph\">{\"@context\":\"https:\/\/schema.org\",\"@graph\":[{\"@type\":\"WebPage\",\"@id\":\"https:\/\/serrafm879.com.br\/serrafm\/2021\/03\/86-cidades-de-pernambuco-aderem-consorcio-para-comprar-mais-vacinas-contra-covid-19\/\",\"url\":\"https:\/\/serrafm879.com.br\/serrafm\/2021\/03\/86-cidades-de-pernambuco-aderem-consorcio-para-comprar-mais-vacinas-contra-covid-19\/\",\"name\":\"86 cidades de Pernambuco aderem a cons\u00f3rcio para comprar mais vacinas contra a covid-19 - Serra FM 87,9\",\"isPartOf\":{\"@id\":\"https:\/\/serrafm879.com.br\/serrafm\/#website\"},\"primaryImageOfPage\":{\"@id\":\"https:\/\/serrafm879.com.br\/serrafm\/2021\/03\/86-cidades-de-pernambuco-aderem-consorcio-para-comprar-mais-vacinas-contra-covid-19\/#primaryimage\"},\"image\":{\"@id\":\"https:\/\/serrafm879.com.br\/serrafm\/2021\/03\/86-cidades-de-pernambuco-aderem-consorcio-para-comprar-mais-vacinas-contra-covid-19\/#primaryimage\"},\"thumbnailUrl\":\"https:\/\/serrafm879.com.br\/serrafm\/wp-content\/uploads\/2020\/08\/sarampo.jpg\",\"datePublished\":\"2021-03-06T10:59:00+00:00\",\"author\":{\"@id\":\"https:\/\/serrafm879.com.br\/serrafm\/#\/schema\/person\/c028a197030ff8b1c03c68dfba4a787a\"},\"breadcrumb\":{\"@id\":\"https:\/\/serrafm879.com.br\/serrafm\/2021\/03\/86-cidades-de-pernambuco-aderem-consorcio-para-comprar-mais-vacinas-contra-covid-19\/#breadcrumb\"},\"inLanguage\":\"pt-BR\",\"potentialAction\":[{\"@type\":\"ReadAction\",\"target\":[\"https:\/\/serrafm879.com.br\/serrafm\/2021\/03\/86-cidades-de-pernambuco-aderem-consorcio-para-comprar-mais-vacinas-contra-covid-19\/\"]}]},{\"@type\":\"ImageObject\",\"inLanguage\":\"pt-BR\",\"@id\":\"https:\/\/serrafm879.com.br\/serrafm\/2021\/03\/86-cidades-de-pernambuco-aderem-consorcio-para-comprar-mais-vacinas-contra-covid-19\/#primaryimage\",\"url\":\"https:\/\/serrafm879.com.br\/serrafm\/wp-content\/uploads\/2020\/08\/sarampo.jpg\",\"contentUrl\":\"https:\/\/serrafm879.com.br\/serrafm\/wp-content\/uploads\/2020\/08\/sarampo.jpg\",\"width\":1170,\"height\":700,\"caption\":\"Primeiro dia da campanha estadual do Dia D de Vacina\u00e7\u00e3o Contra o Sarampo no Rio de Janeiro, caminh\u00e3o itinerante da Secretaria Estadual de Sa\u00fade\"},{\"@type\":\"BreadcrumbList\",\"@id\":\"https:\/\/serrafm879.com.br\/serrafm\/2021\/03\/86-cidades-de-pernambuco-aderem-consorcio-para-comprar-mais-vacinas-contra-covid-19\/#breadcrumb\",\"itemListElement\":[{\"@type\":\"ListItem\",\"position\":1,\"name\":\"In\u00edcio\",\"item\":\"https:\/\/serrafm879.com.br\/serrafm\/\"},{\"@type\":\"ListItem\",\"position\":2,\"name\":\"86 cidades de Pernambuco aderem a cons\u00f3rcio para comprar mais vacinas contra a covid-19\"}]},{\"@type\":\"WebSite\",\"@id\":\"https:\/\/serrafm879.com.br\/serrafm\/#website\",\"url\":\"https:\/\/serrafm879.com.br\/serrafm\/\",\"name\":\"Serra FM 87,9\",\"description\":\"O seu novo amor!\",\"potentialAction\":[{\"@type\":\"SearchAction\",\"target\":{\"@type\":\"EntryPoint\",\"urlTemplate\":\"https:\/\/serrafm879.com.br\/serrafm\/?s={search_term_string}\"},\"query-input\":{\"@type\":\"PropertyValueSpecification\",\"valueRequired\":true,\"valueName\":\"search_term_string\"}}],\"inLanguage\":\"pt-BR\"},{\"@type\":\"Person\",\"@id\":\"https:\/\/serrafm879.com.br\/serrafm\/#\/schema\/person\/c028a197030ff8b1c03c68dfba4a787a\",\"name\":\"serrafm87\",\"image\":{\"@type\":\"ImageObject\",\"inLanguage\":\"pt-BR\",\"@id\":\"https:\/\/serrafm879.com.br\/serrafm\/#\/schema\/person\/image\/\",\"url\":\"https:\/\/secure.gravatar.com\/avatar\/a743233f1112d34f48bb3dc9559b76eb930bab8b27175856cba6362608736235?s=96&d=mm&r=g\",\"contentUrl\":\"https:\/\/secure.gravatar.com\/avatar\/a743233f1112d34f48bb3dc9559b76eb930bab8b27175856cba6362608736235?s=96&d=mm&r=g\",\"caption\":\"serrafm87\"},\"sameAs\":[\"http:\/\/serrafm879.com.br\/\"],\"url\":\"https:\/\/serrafm879.com.br\/serrafm\/author\/serrafm87\/\"}]}<\/script>\n<!-- \/ Yoast SEO plugin. -->","yoast_head_json":{"title":"86 cidades de Pernambuco aderem a cons\u00f3rcio para comprar mais vacinas contra a covid-19 - Serra FM 87,9","robots":{"index":"index","follow":"follow","max-snippet":"max-snippet:-1","max-image-preview":"max-image-preview:large","max-video-preview":"max-video-preview:-1"},"canonical":"https:\/\/serrafm879.com.br\/serrafm\/2021\/03\/86-cidades-de-pernambuco-aderem-consorcio-para-comprar-mais-vacinas-contra-covid-19\/","og_locale":"pt_BR","og_type":"article","og_title":"86 cidades de Pernambuco aderem a cons\u00f3rcio para comprar mais vacinas contra a covid-19 - Serra FM 87,9","og_description":"86 munic\u00edpios de Pernambuco manifestaram interesse em aderir ao cons\u00f3rcio de prefeituras para compra de vacinas contra a covid-19, segundo a lista divulgada nesta sexta-feira (05) pela Federa\u00e7\u00e3o Nacional de Prefeitos (FNP). No Brasil, ao todo, 1.703 prefeitos t\u00eam inten\u00e7\u00e3o de aderir \u00e0 compra conjunta de doses de vacinas. A iniciativa foi lan\u00e7ada na segunda-feira (1\u00ba) em uma reuni\u00e3o com cerca de 300 prefeitos, inclusive o do Recife, Jo\u00e3o Campos (PSB), e o de Petrolina, Miguel Coelho (MDB) \u2013\u00a0veja mais abaixo a lista completa das prefeituras de Pernambuco que manifestaram interesse. As administra\u00e7\u00f5es municipais tiveram at\u00e9 esta sexta-feira (05) para [&hellip;]","og_url":"https:\/\/serrafm879.com.br\/serrafm\/2021\/03\/86-cidades-de-pernambuco-aderem-consorcio-para-comprar-mais-vacinas-contra-covid-19\/","og_site_name":"Serra FM 87,9","article_published_time":"2021-03-06T10:59:00+00:00","og_image":[{"width":1170,"height":700,"url":"https:\/\/serrafm879.com.br\/serrafm\/wp-content\/uploads\/2020\/08\/sarampo.jpg","type":"image\/jpeg"}],"author":"serrafm87","twitter_card":"summary_large_image","twitter_misc":{"Escrito por":"serrafm87","Est. tempo de leitura":"2 minutos"},"schema":{"@context":"https:\/\/schema.org","@graph":[{"@type":"WebPage","@id":"https:\/\/serrafm879.com.br\/serrafm\/2021\/03\/86-cidades-de-pernambuco-aderem-consorcio-para-comprar-mais-vacinas-contra-covid-19\/","url":"https:\/\/serrafm879.com.br\/serrafm\/2021\/03\/86-cidades-de-pernambuco-aderem-consorcio-para-comprar-mais-vacinas-contra-covid-19\/","name":"86 cidades de Pernambuco aderem a cons\u00f3rcio para comprar mais vacinas contra a covid-19 - Serra FM 87,9","isPartOf":{"@id":"https:\/\/serrafm879.com.br\/serrafm\/#website"},"primaryImageOfPage":{"@id":"https:\/\/serrafm879.com.br\/serrafm\/2021\/03\/86-cidades-de-pernambuco-aderem-consorcio-para-comprar-mais-vacinas-contra-covid-19\/#primaryimage"},"image":{"@id":"https:\/\/serrafm879.com.br\/serrafm\/2021\/03\/86-cidades-de-pernambuco-aderem-consorcio-para-comprar-mais-vacinas-contra-covid-19\/#primaryimage"},"thumbnailUrl":"https:\/\/serrafm879.com.br\/serrafm\/wp-content\/uploads\/2020\/08\/sarampo.jpg","datePublished":"2021-03-06T10:59:00+00:00","author":{"@id":"https:\/\/serrafm879.com.br\/serrafm\/#\/schema\/person\/c028a197030ff8b1c03c68dfba4a787a"},"breadcrumb":{"@id":"https:\/\/serrafm879.com.br\/serrafm\/2021\/03\/86-cidades-de-pernambuco-aderem-consorcio-para-comprar-mais-vacinas-contra-covid-19\/#breadcrumb"},"inLanguage":"pt-BR","potentialAction":[{"@type":"ReadAction","target":["https:\/\/serrafm879.com.br\/serrafm\/2021\/03\/86-cidades-de-pernambuco-aderem-consorcio-para-comprar-mais-vacinas-contra-covid-19\/"]}]},{"@type":"ImageObject","inLanguage":"pt-BR","@id":"https:\/\/serrafm879.com.br\/serrafm\/2021\/03\/86-cidades-de-pernambuco-aderem-consorcio-para-comprar-mais-vacinas-contra-covid-19\/#primaryimage","url":"https:\/\/serrafm879.com.br\/serrafm\/wp-content\/uploads\/2020\/08\/sarampo.jpg","contentUrl":"https:\/\/serrafm879.com.br\/serrafm\/wp-content\/uploads\/2020\/08\/sarampo.jpg","width":1170,"height":700,"caption":"Primeiro dia da campanha estadual do Dia D de Vacina\u00e7\u00e3o Contra o Sarampo no Rio de Janeiro, caminh\u00e3o itinerante da Secretaria Estadual de Sa\u00fade"},{"@type":"BreadcrumbList","@id":"https:\/\/serrafm879.com.br\/serrafm\/2021\/03\/86-cidades-de-pernambuco-aderem-consorcio-para-comprar-mais-vacinas-contra-covid-19\/#breadcrumb","itemListElement":[{"@type":"ListItem","position":1,"name":"In\u00edcio","item":"https:\/\/serrafm879.com.br\/serrafm\/"},{"@type":"ListItem","position":2,"name":"86 cidades de Pernambuco aderem a cons\u00f3rcio para comprar mais vacinas contra a covid-19"}]},{"@type":"WebSite","@id":"https:\/\/serrafm879.com.br\/serrafm\/#website","url":"https:\/\/serrafm879.com.br\/serrafm\/","name":"Serra FM 87,9","description":"O seu novo amor!","potentialAction":[{"@type":"SearchAction","target":{"@type":"EntryPoint","urlTemplate":"https:\/\/serrafm879.com.br\/serrafm\/?s={search_term_string}"},"query-input":{"@type":"PropertyValueSpecification","valueRequired":true,"valueName":"search_term_string"}}],"inLanguage":"pt-BR"},{"@type":"Person","@id":"https:\/\/serrafm879.com.br\/serrafm\/#\/schema\/person\/c028a197030ff8b1c03c68dfba4a787a","name":"serrafm87","image":{"@type":"ImageObject","inLanguage":"pt-BR","@id":"https:\/\/serrafm879.com.br\/serrafm\/#\/schema\/person\/image\/","url":"https:\/\/secure.gravatar.com\/avatar\/a743233f1112d34f48bb3dc9559b76eb930bab8b27175856cba6362608736235?s=96&d=mm&r=g","contentUrl":"https:\/\/secure.gravatar.com\/avatar\/a743233f1112d34f48bb3dc9559b76eb930bab8b27175856cba6362608736235?s=96&d=mm&r=g","caption":"serrafm87"},"sameAs":["http:\/\/serrafm879.com.br\/"],"url":"https:\/\/serrafm879.com.br\/serrafm\/author\/serrafm87\/"}]}},"jetpack_featured_media_url":"https:\/\/serrafm879.com.br\/serrafm\/wp-content\/uploads\/2020\/08\/sarampo.jpg","jetpack_shortlink":"https:\/\/wp.me\/p7HyXg-1ew","jetpack_sharing_enabled":true,"_links":{"self":[{"href":"https:\/\/serrafm879.com.br\/serrafm\/wp-json\/wp\/v2\/posts\/4744","targetHints":{"allow":["GET"]}}],"collection":[{"href":"https:\/\/serrafm879.com.br\/serrafm\/wp-json\/wp\/v2\/posts"}],"about":[{"href":"https:\/\/serrafm879.com.br\/serrafm\/wp-json\/wp\/v2\/types\/post"}],"author":[{"embeddable":true,"href":"https:\/\/serrafm879.com.br\/serrafm\/wp-json\/wp\/v2\/users\/2"}],"replies":[{"embeddable":true,"href":"https:\/\/serrafm879.com.br\/serrafm\/wp-json\/wp\/v2\/comments?post=4744"}],"version-history":[{"count":1,"href":"https:\/\/serrafm879.com.br\/serrafm\/wp-json\/wp\/v2\/posts\/4744\/revisions"}],"predecessor-version":[{"id":4745,"href":"https:\/\/serrafm879.com.br\/serrafm\/wp-json\/wp\/v2\/posts\/4744\/revisions\/4745"}],"wp:featuredmedia":[{"embeddable":true,"href":"https:\/\/serrafm879.com.br\/serrafm\/wp-json\/wp\/v2\/media\/3774"}],"wp:attachment":[{"href":"https:\/\/serrafm879.com.br\/serrafm\/wp-json\/wp\/v2\/media?parent=4744"}],"wp:term":[{"taxonomy":"category","embeddable":true,"href":"https:\/\/serrafm879.com.br\/serrafm\/wp-json\/wp\/v2\/categories?post=4744"},{"taxonomy":"post_tag","embeddable":true,"href":"https:\/\/serrafm879.com.br\/serrafm\/wp-json\/wp\/v2\/tags?post=4744"}],"curies":[{"name":"wp","href":"https:\/\/api.w.org\/{rel}","templated":true}]}}