{"id":4754,"date":"2021-03-06T08:05:53","date_gmt":"2021-03-06T11:05:53","guid":{"rendered":"https:\/?p=4754"},"modified":"2021-03-06T08:05:53","modified_gmt":"2021-03-06T11:05:53","slug":"guedes-anuncia-antecipacao-de-13o-de-beneficiarios-do-inss","status":"publish","type":"post","link":"https:\/\/serrafm879.com.br\/serrafm\/2021\/03\/guedes-anuncia-antecipacao-de-13o-de-beneficiarios-do-inss\/","title":{"rendered":"Guedes anuncia antecipa\u00e7\u00e3o de 13\u00ba de benefici\u00e1rios do INSS"},"content":{"rendered":"<p>Pelo segundo ano consecutivo, os aposentados e pensionistas do Instituto Nacional de Seguridade Social (INSS) receber\u00e3o o d\u00e9cimo terceiro sal\u00e1rio de forma antecipada, disse h\u00e1 pouco o ministro da Economia, Paulo Guedes. Segundo o ministro, a medida s\u00f3 vai ocorrer depois da aprova\u00e7\u00e3o do Or\u00e7amento Geral da Uni\u00e3o deste ano.<img decoding=\"async\" src=\"https:\/\/agenciabrasil.ebc.com.br\/ebc.png?id=1403121&amp;o=node\" \/><img decoding=\"async\" src=\"https:\/\/agenciabrasil.ebc.com.br\/ebc.gif?id=1403121&amp;o=node\" \/><\/p>\n<p>\u201cO abono salarial j\u00e1 foi antecipado. Agora, assim que aprovar o or\u00e7amento, vai ser antecipado o d\u00e9cimo terceiro justamente dos mais fr\u00e1geis, dos mais idosos, como fizemos da outra vez\u201d, disse o ministro. No ano passado, os benefici\u00e1rios do INSS tiveram o d\u00e9cimo terceiro antecipado para abril como medida de ajuda \u00e0 popula\u00e7\u00e3o mais afetada pela pandemia de covid-19.<\/p>\n<p>O ministro deu a declara\u00e7\u00e3o ap\u00f3s reuni\u00e3o com o deputado Daniel Freitas (PSL-SC), relator da proposta de emenda \u00e0 Constitui\u00e7\u00e3o (PEC) Emergencial na C\u00e2mara dos Deputados. Aprovado ontem (5) em\u00a0<a href=\"https:\/\/agenciabrasil.ebc.com.br\/politica\/noticia\/2021-03\/senado-aprova-em-segundo-turno-pec-emergencial\" target=\"_blank\" rel=\"noopener noreferrer\">segundo turno pelo Senado<\/a>, o texto foi encaminhado para a C\u00e2mara, onde deve ser votado na pr\u00f3xima semana.<\/p>\n<p>Guedes tamb\u00e9m anunciou que pretende reeditar o programa de suspens\u00e3o de contratos e de redu\u00e7\u00e3o de jornada (com redu\u00e7\u00e3o proporcional de sal\u00e1rios) que vigorou no ano passado. \u201cO BEm, que \u00e9 o programa de preserva\u00e7\u00e3o de empregos, j\u00e1 est\u00e3o sendo disparadas as novas bases. Ent\u00e3o, tem mais coisa vindo por a\u00ed\u201d, acrescentou Guedes.<\/p>\n<p>Chamado de Benef\u00edcio Emergencial (BEm), o programa prev\u00ea que o trabalhador com contrato suspenso ou jornada reduzida receba a parcela do seguro-desemprego a que teria direito se fosse demitido em troca do corte no sal\u00e1rio. Em troca, o empregador n\u00e3o pode demitir o trabalhador ap\u00f3s o fim da ajuda pelo tempo em que o trabalhador recebeu o BEm.<\/p>\n","protected":false},"excerpt":{"rendered":"<p>Pelo segundo ano consecutivo, os aposentados e pensionistas do Instituto Nacional de Seguridade Social (INSS) receber\u00e3o o d\u00e9cimo terceiro sal\u00e1rio de forma antecipada, disse h\u00e1 pouco o ministro da Economia, Paulo Guedes. Segundo o ministro, a medida s\u00f3 vai ocorrer depois da aprova\u00e7\u00e3o do Or\u00e7amento Geral da Uni\u00e3o deste ano. \u201cO abono salarial j\u00e1 foi antecipado. Agora, assim que aprovar o or\u00e7amento, vai ser antecipado o d\u00e9cimo terceiro justamente dos mais fr\u00e1geis, dos mais idosos, como fizemos da outra vez\u201d, disse o ministro. No ano passado, os benefici\u00e1rios do INSS tiveram o d\u00e9cimo terceiro antecipado para abril como medida de [&hellip;]<\/p>\n","protected":false},"author":2,"featured_media":2638,"comment_status":"open","ping_status":"open","sticky":false,"template":"","format":"standard","meta":{"_jetpack_memberships_contains_paid_content":false,"footnotes":"","jetpack_publicize_message":"","jetpack_publicize_feature_enabled":true,"jetpack_social_post_already_shared":true,"jetpack_social_options":{"image_generator_settings":{"template":"highway","enabled":false},"version":2}},"categories":[2],"tags":[],"class_list":["post-4754","post","type-post","status-publish","format-standard","has-post-thumbnail","hentry","category-noticias"],"jetpack_publicize_connections":[],"yoast_head":"<!-- This site is optimized with the Yoast SEO plugin v24.7 - https:\/\/yoast.com\/wordpress\/plugins\/seo\/ -->\n<title>Guedes anuncia antecipa\u00e7\u00e3o de 13\u00ba de benefici\u00e1rios do INSS - Serra FM 87,9<\/title>\n<meta name=\"robots\" content=\"index, follow, max-snippet:-1, max-image-preview:large, max-video-preview:-1\" \/>\n<link rel=\"canonical\" href=\"https:\/\/serrafm879.com.br\/serrafm\/2021\/03\/guedes-anuncia-antecipacao-de-13o-de-beneficiarios-do-inss\/\" \/>\n<meta property=\"og:locale\" content=\"pt_BR\" \/>\n<meta property=\"og:type\" content=\"article\" \/>\n<meta property=\"og:title\" content=\"Guedes anuncia antecipa\u00e7\u00e3o de 13\u00ba de benefici\u00e1rios do INSS - Serra FM 87,9\" \/>\n<meta property=\"og:description\" content=\"Pelo segundo ano consecutivo, os aposentados e pensionistas do Instituto Nacional de Seguridade Social (INSS) receber\u00e3o o d\u00e9cimo terceiro sal\u00e1rio de forma antecipada, disse h\u00e1 pouco o ministro da Economia, Paulo Guedes. Segundo o ministro, a medida s\u00f3 vai ocorrer depois da aprova\u00e7\u00e3o do Or\u00e7amento Geral da Uni\u00e3o deste ano. \u201cO abono salarial j\u00e1 foi antecipado. Agora, assim que aprovar o or\u00e7amento, vai ser antecipado o d\u00e9cimo terceiro justamente dos mais fr\u00e1geis, dos mais idosos, como fizemos da outra vez\u201d, disse o ministro. No ano passado, os benefici\u00e1rios do INSS tiveram o d\u00e9cimo terceiro antecipado para abril como medida de [&hellip;]\" \/>\n<meta property=\"og:url\" content=\"https:\/\/serrafm879.com.br\/serrafm\/2021\/03\/guedes-anuncia-antecipacao-de-13o-de-beneficiarios-do-inss\/\" \/>\n<meta property=\"og:site_name\" content=\"Serra FM 87,9\" \/>\n<meta property=\"article:published_time\" content=\"2021-03-06T11:05:53+00:00\" \/>\n<meta property=\"og:image\" content=\"https:\/\/serrafm879.com.br\/serrafm\/wp-content\/uploads\/2020\/04\/pauloguedes.jpg\" \/>\n\t<meta property=\"og:image:width\" content=\"1170\" \/>\n\t<meta property=\"og:image:height\" content=\"700\" \/>\n\t<meta property=\"og:image:type\" content=\"image\/jpeg\" \/>\n<meta name=\"author\" content=\"serrafm87\" \/>\n<meta name=\"twitter:card\" content=\"summary_large_image\" \/>\n<meta name=\"twitter:label1\" content=\"Escrito por\" \/>\n\t<meta name=\"twitter:data1\" content=\"serrafm87\" \/>\n\t<meta name=\"twitter:label2\" content=\"Est. tempo de leitura\" \/>\n\t<meta name=\"twitter:data2\" content=\"1 minuto\" \/>\n<script type=\"application\/ld+json\" class=\"yoast-schema-graph\">{\"@context\":\"https:\/\/schema.org\",\"@graph\":[{\"@type\":\"WebPage\",\"@id\":\"https:\/\/serrafm879.com.br\/serrafm\/2021\/03\/guedes-anuncia-antecipacao-de-13o-de-beneficiarios-do-inss\/\",\"url\":\"https:\/\/serrafm879.com.br\/serrafm\/2021\/03\/guedes-anuncia-antecipacao-de-13o-de-beneficiarios-do-inss\/\",\"name\":\"Guedes anuncia antecipa\u00e7\u00e3o de 13\u00ba de benefici\u00e1rios do INSS - Serra FM 87,9\",\"isPartOf\":{\"@id\":\"https:\/\/serrafm879.com.br\/serrafm\/#website\"},\"primaryImageOfPage\":{\"@id\":\"https:\/\/serrafm879.com.br\/serrafm\/2021\/03\/guedes-anuncia-antecipacao-de-13o-de-beneficiarios-do-inss\/#primaryimage\"},\"image\":{\"@id\":\"https:\/\/serrafm879.com.br\/serrafm\/2021\/03\/guedes-anuncia-antecipacao-de-13o-de-beneficiarios-do-inss\/#primaryimage\"},\"thumbnailUrl\":\"https:\/\/serrafm879.com.br\/serrafm\/wp-content\/uploads\/2020\/04\/pauloguedes.jpg\",\"datePublished\":\"2021-03-06T11:05:53+00:00\",\"author\":{\"@id\":\"https:\/\/serrafm879.com.br\/serrafm\/#\/schema\/person\/c028a197030ff8b1c03c68dfba4a787a\"},\"breadcrumb\":{\"@id\":\"https:\/\/serrafm879.com.br\/serrafm\/2021\/03\/guedes-anuncia-antecipacao-de-13o-de-beneficiarios-do-inss\/#breadcrumb\"},\"inLanguage\":\"pt-BR\",\"potentialAction\":[{\"@type\":\"ReadAction\",\"target\":[\"https:\/\/serrafm879.com.br\/serrafm\/2021\/03\/guedes-anuncia-antecipacao-de-13o-de-beneficiarios-do-inss\/\"]}]},{\"@type\":\"ImageObject\",\"inLanguage\":\"pt-BR\",\"@id\":\"https:\/\/serrafm879.com.br\/serrafm\/2021\/03\/guedes-anuncia-antecipacao-de-13o-de-beneficiarios-do-inss\/#primaryimage\",\"url\":\"https:\/\/serrafm879.com.br\/serrafm\/wp-content\/uploads\/2020\/04\/pauloguedes.jpg\",\"contentUrl\":\"https:\/\/serrafm879.com.br\/serrafm\/wp-content\/uploads\/2020\/04\/pauloguedes.jpg\",\"width\":1170,\"height\":700},{\"@type\":\"BreadcrumbList\",\"@id\":\"https:\/\/serrafm879.com.br\/serrafm\/2021\/03\/guedes-anuncia-antecipacao-de-13o-de-beneficiarios-do-inss\/#breadcrumb\",\"itemListElement\":[{\"@type\":\"ListItem\",\"position\":1,\"name\":\"In\u00edcio\",\"item\":\"https:\/\/serrafm879.com.br\/serrafm\/\"},{\"@type\":\"ListItem\",\"position\":2,\"name\":\"Guedes anuncia antecipa\u00e7\u00e3o de 13\u00ba de benefici\u00e1rios do INSS\"}]},{\"@type\":\"WebSite\",\"@id\":\"https:\/\/serrafm879.com.br\/serrafm\/#website\",\"url\":\"https:\/\/serrafm879.com.br\/serrafm\/\",\"name\":\"Serra FM 87,9\",\"description\":\"O seu novo amor!\",\"potentialAction\":[{\"@type\":\"SearchAction\",\"target\":{\"@type\":\"EntryPoint\",\"urlTemplate\":\"https:\/\/serrafm879.com.br\/serrafm\/?s={search_term_string}\"},\"query-input\":{\"@type\":\"PropertyValueSpecification\",\"valueRequired\":true,\"valueName\":\"search_term_string\"}}],\"inLanguage\":\"pt-BR\"},{\"@type\":\"Person\",\"@id\":\"https:\/\/serrafm879.com.br\/serrafm\/#\/schema\/person\/c028a197030ff8b1c03c68dfba4a787a\",\"name\":\"serrafm87\",\"image\":{\"@type\":\"ImageObject\",\"inLanguage\":\"pt-BR\",\"@id\":\"https:\/\/serrafm879.com.br\/serrafm\/#\/schema\/person\/image\/\",\"url\":\"https:\/\/secure.gravatar.com\/avatar\/a743233f1112d34f48bb3dc9559b76eb930bab8b27175856cba6362608736235?s=96&d=mm&r=g\",\"contentUrl\":\"https:\/\/secure.gravatar.com\/avatar\/a743233f1112d34f48bb3dc9559b76eb930bab8b27175856cba6362608736235?s=96&d=mm&r=g\",\"caption\":\"serrafm87\"},\"sameAs\":[\"http:\/\/serrafm879.com.br\/\"],\"url\":\"https:\/\/serrafm879.com.br\/serrafm\/author\/serrafm87\/\"}]}<\/script>\n<!-- \/ Yoast SEO plugin. -->","yoast_head_json":{"title":"Guedes anuncia antecipa\u00e7\u00e3o de 13\u00ba de benefici\u00e1rios do INSS - Serra FM 87,9","robots":{"index":"index","follow":"follow","max-snippet":"max-snippet:-1","max-image-preview":"max-image-preview:large","max-video-preview":"max-video-preview:-1"},"canonical":"https:\/\/serrafm879.com.br\/serrafm\/2021\/03\/guedes-anuncia-antecipacao-de-13o-de-beneficiarios-do-inss\/","og_locale":"pt_BR","og_type":"article","og_title":"Guedes anuncia antecipa\u00e7\u00e3o de 13\u00ba de benefici\u00e1rios do INSS - Serra FM 87,9","og_description":"Pelo segundo ano consecutivo, os aposentados e pensionistas do Instituto Nacional de Seguridade Social (INSS) receber\u00e3o o d\u00e9cimo terceiro sal\u00e1rio de forma antecipada, disse h\u00e1 pouco o ministro da Economia, Paulo Guedes. Segundo o ministro, a medida s\u00f3 vai ocorrer depois da aprova\u00e7\u00e3o do Or\u00e7amento Geral da Uni\u00e3o deste ano. \u201cO abono salarial j\u00e1 foi antecipado. Agora, assim que aprovar o or\u00e7amento, vai ser antecipado o d\u00e9cimo terceiro justamente dos mais fr\u00e1geis, dos mais idosos, como fizemos da outra vez\u201d, disse o ministro. No ano passado, os benefici\u00e1rios do INSS tiveram o d\u00e9cimo terceiro antecipado para abril como medida de [&hellip;]","og_url":"https:\/\/serrafm879.com.br\/serrafm\/2021\/03\/guedes-anuncia-antecipacao-de-13o-de-beneficiarios-do-inss\/","og_site_name":"Serra FM 87,9","article_published_time":"2021-03-06T11:05:53+00:00","og_image":[{"width":1170,"height":700,"url":"https:\/\/serrafm879.com.br\/serrafm\/wp-content\/uploads\/2020\/04\/pauloguedes.jpg","type":"image\/jpeg"}],"author":"serrafm87","twitter_card":"summary_large_image","twitter_misc":{"Escrito por":"serrafm87","Est. tempo de leitura":"1 minuto"},"schema":{"@context":"https:\/\/schema.org","@graph":[{"@type":"WebPage","@id":"https:\/\/serrafm879.com.br\/serrafm\/2021\/03\/guedes-anuncia-antecipacao-de-13o-de-beneficiarios-do-inss\/","url":"https:\/\/serrafm879.com.br\/serrafm\/2021\/03\/guedes-anuncia-antecipacao-de-13o-de-beneficiarios-do-inss\/","name":"Guedes anuncia antecipa\u00e7\u00e3o de 13\u00ba de benefici\u00e1rios do INSS - Serra FM 87,9","isPartOf":{"@id":"https:\/\/serrafm879.com.br\/serrafm\/#website"},"primaryImageOfPage":{"@id":"https:\/\/serrafm879.com.br\/serrafm\/2021\/03\/guedes-anuncia-antecipacao-de-13o-de-beneficiarios-do-inss\/#primaryimage"},"image":{"@id":"https:\/\/serrafm879.com.br\/serrafm\/2021\/03\/guedes-anuncia-antecipacao-de-13o-de-beneficiarios-do-inss\/#primaryimage"},"thumbnailUrl":"https:\/\/serrafm879.com.br\/serrafm\/wp-content\/uploads\/2020\/04\/pauloguedes.jpg","datePublished":"2021-03-06T11:05:53+00:00","author":{"@id":"https:\/\/serrafm879.com.br\/serrafm\/#\/schema\/person\/c028a197030ff8b1c03c68dfba4a787a"},"breadcrumb":{"@id":"https:\/\/serrafm879.com.br\/serrafm\/2021\/03\/guedes-anuncia-antecipacao-de-13o-de-beneficiarios-do-inss\/#breadcrumb"},"inLanguage":"pt-BR","potentialAction":[{"@type":"ReadAction","target":["https:\/\/serrafm879.com.br\/serrafm\/2021\/03\/guedes-anuncia-antecipacao-de-13o-de-beneficiarios-do-inss\/"]}]},{"@type":"ImageObject","inLanguage":"pt-BR","@id":"https:\/\/serrafm879.com.br\/serrafm\/2021\/03\/guedes-anuncia-antecipacao-de-13o-de-beneficiarios-do-inss\/#primaryimage","url":"https:\/\/serrafm879.com.br\/serrafm\/wp-content\/uploads\/2020\/04\/pauloguedes.jpg","contentUrl":"https:\/\/serrafm879.com.br\/serrafm\/wp-content\/uploads\/2020\/04\/pauloguedes.jpg","width":1170,"height":700},{"@type":"BreadcrumbList","@id":"https:\/\/serrafm879.com.br\/serrafm\/2021\/03\/guedes-anuncia-antecipacao-de-13o-de-beneficiarios-do-inss\/#breadcrumb","itemListElement":[{"@type":"ListItem","position":1,"name":"In\u00edcio","item":"https:\/\/serrafm879.com.br\/serrafm\/"},{"@type":"ListItem","position":2,"name":"Guedes anuncia antecipa\u00e7\u00e3o de 13\u00ba de benefici\u00e1rios do INSS"}]},{"@type":"WebSite","@id":"https:\/\/serrafm879.com.br\/serrafm\/#website","url":"https:\/\/serrafm879.com.br\/serrafm\/","name":"Serra FM 87,9","description":"O seu novo amor!","potentialAction":[{"@type":"SearchAction","target":{"@type":"EntryPoint","urlTemplate":"https:\/\/serrafm879.com.br\/serrafm\/?s={search_term_string}"},"query-input":{"@type":"PropertyValueSpecification","valueRequired":true,"valueName":"search_term_string"}}],"inLanguage":"pt-BR"},{"@type":"Person","@id":"https:\/\/serrafm879.com.br\/serrafm\/#\/schema\/person\/c028a197030ff8b1c03c68dfba4a787a","name":"serrafm87","image":{"@type":"ImageObject","inLanguage":"pt-BR","@id":"https:\/\/serrafm879.com.br\/serrafm\/#\/schema\/person\/image\/","url":"https:\/\/secure.gravatar.com\/avatar\/a743233f1112d34f48bb3dc9559b76eb930bab8b27175856cba6362608736235?s=96&d=mm&r=g","contentUrl":"https:\/\/secure.gravatar.com\/avatar\/a743233f1112d34f48bb3dc9559b76eb930bab8b27175856cba6362608736235?s=96&d=mm&r=g","caption":"serrafm87"},"sameAs":["http:\/\/serrafm879.com.br\/"],"url":"https:\/\/serrafm879.com.br\/serrafm\/author\/serrafm87\/"}]}},"jetpack_featured_media_url":"https:\/\/serrafm879.com.br\/serrafm\/wp-content\/uploads\/2020\/04\/pauloguedes.jpg","jetpack_shortlink":"https:\/\/wp.me\/p7HyXg-1eG","jetpack_sharing_enabled":true,"_links":{"self":[{"href":"https:\/\/serrafm879.com.br\/serrafm\/wp-json\/wp\/v2\/posts\/4754","targetHints":{"allow":["GET"]}}],"collection":[{"href":"https:\/\/serrafm879.com.br\/serrafm\/wp-json\/wp\/v2\/posts"}],"about":[{"href":"https:\/\/serrafm879.com.br\/serrafm\/wp-json\/wp\/v2\/types\/post"}],"author":[{"embeddable":true,"href":"https:\/\/serrafm879.com.br\/serrafm\/wp-json\/wp\/v2\/users\/2"}],"replies":[{"embeddable":true,"href":"https:\/\/serrafm879.com.br\/serrafm\/wp-json\/wp\/v2\/comments?post=4754"}],"version-history":[{"count":1,"href":"https:\/\/serrafm879.com.br\/serrafm\/wp-json\/wp\/v2\/posts\/4754\/revisions"}],"predecessor-version":[{"id":4755,"href":"https:\/\/serrafm879.com.br\/serrafm\/wp-json\/wp\/v2\/posts\/4754\/revisions\/4755"}],"wp:featuredmedia":[{"embeddable":true,"href":"https:\/\/serrafm879.com.br\/serrafm\/wp-json\/wp\/v2\/media\/2638"}],"wp:attachment":[{"href":"https:\/\/serrafm879.com.br\/serrafm\/wp-json\/wp\/v2\/media?parent=4754"}],"wp:term":[{"taxonomy":"category","embeddable":true,"href":"https:\/\/serrafm879.com.br\/serrafm\/wp-json\/wp\/v2\/categories?post=4754"},{"taxonomy":"post_tag","embeddable":true,"href":"https:\/\/serrafm879.com.br\/serrafm\/wp-json\/wp\/v2\/tags?post=4754"}],"curies":[{"name":"wp","href":"https:\/\/api.w.org\/{rel}","templated":true}]}}