{"id":4756,"date":"2021-03-06T08:08:13","date_gmt":"2021-03-06T11:08:13","guid":{"rendered":"https:\/?p=4756"},"modified":"2021-03-06T08:08:13","modified_gmt":"2021-03-06T11:08:13","slug":"pernambuco-tem-final-de-semana-com-medidas-mais-rigidas","status":"publish","type":"post","link":"https:\/\/serrafm879.com.br\/serrafm\/2021\/03\/pernambuco-tem-final-de-semana-com-medidas-mais-rigidas\/","title":{"rendered":"Pernambuco tem final de semana com medidas mais r\u00edgidas"},"content":{"rendered":"<p>Pernambuco entra neste fim de semana em uma nova fase de medidas mais restritivas na tentativa de conter o avan\u00e7o da Covid-19 no Estado. Neste s\u00e1bado e domingo e no pr\u00f3ximo (13 e 14) apenas servi\u00e7os essenciais podem funcionar. Est\u00e1 proibida, assim, a abertura de shoppings centers, com\u00e9rcios de rua, academias, clubes sociais, igrejas e tempos religiosos. Bares e restaurantes est\u00e3o liberados apenas com sistemas de retirada de pedidos no local ou delivery. Parques tamb\u00e9m devem estar fechados e nas praias est\u00e1 permitida apenas a pr\u00e1tica individual de atividades esportivas.<\/p>\n<p>As regras mais r\u00edgidas chegam em um momento em que os sistemas p\u00fablico e privado de sa\u00fade alcan\u00e7aram mais de 90% de sua capacidade. \u201cNo Pa\u00eds inteiro, a atual situa\u00e7\u00e3o da pandemia \u00e9 grav\u00edssima, com recordes di\u00e1rios no n\u00famero de novas mortes. E esta realidade, infelizmente, est\u00e1 chegando a Pernambuco. Na \u00faltima semana, detectamos uma importante piora no cen\u00e1rio epidemiol\u00f3gico, com uma r\u00e1pida acelera\u00e7\u00e3o da doen\u00e7a, que provocou grande press\u00e3o na rede de sa\u00fade\u201d, comentou o secret\u00e1rio de Sa\u00fade do Estado, Andr\u00e9 Longo.<\/p>\n<p>Entre as atividades essenciais que podem seguir sua programa\u00e7\u00e3o aos fins de semana est\u00e3o supermercados, padarias, farm\u00e1cias, postos de gasolina, reparti\u00e7\u00f5es p\u00fablicas, cl\u00ednicas e laborat\u00f3rios, al\u00e9m de servi\u00e7os de abastecimento de \u00e1gua, energia, telecomunica\u00e7\u00f5es e internet.<\/p>\n<p>As escolas que est\u00e3o em funcionamento n\u00e3o foram afetadas pelo decreto do Governo de Pernambuco. \u201cAs escolas s\u00e3o ambientes seguros para esses jovens, muito mais do que as baladas, os veraneios, as casas de praia\u201d, afirmou Longo. \u201cA educa\u00e7\u00e3o, hoje, mais do que nunca, tem um papel fundamental para os jovens. Devemos preservar essa atividade at\u00e9 um lockdown definitivo que precise parar todas as atividades, pode ser que cheguemos a isso\u201d, acrescentou. Somente as unidades da rede municipal, com ensinos fundamental e infantil, tiveram a abertura adiada para a partir de 18 de mar\u00e7o.<\/p>\n<div class=\"dn_noticiasRelacionadas\">\n<div class=\"clear\"><\/div>\n<div class=\"spacer30\"><\/div>\n<\/div>\n<p>Para o epidemiologista Jones Albuquerque, pesquisador da Universidade Federal de Pernambuco (UFPE), o momento j\u00e1 seria indicado para medidas ainda mais r\u00edgidas. O Estado registrou, sexta, 1.588 casos de Covid-19 e 29 \u00f3bitos. Tudo indica, analisa, que as tr\u00eas pr\u00f3ximas semanas ser\u00e3o ainda mais cr\u00edticas. \u201cA gente pode entrar em um poss\u00edvel colapso se a popula\u00e7\u00e3o n\u00e3o ajudar, como n\u00e3o vem ajudando, e ele [governo] ter\u00e1 que impor medidas mais r\u00edgidas ainda\u201d, disse.<\/p>\n<p>Na \u00faltima sexta-feira, o Minist\u00e9rio da Sa\u00fade estimou at\u00e9 3 mil mortes di\u00e1rias por Covid-19 no Pa\u00eds. \u201cTodos os estados da federa\u00e7\u00e3o, porque a pandemia est\u00e1 s\u00edncrona no mundo todo, vai acompanhar a mesma escala. Ou seja, a gente deve duplicar de n\u00fameros. Ent\u00e3o, ser\u00e1 que em Pernambuco, a gente vai voltar para aqueles patamares de 80 \u00f3bitos, 90 \u00f3bitos por dia?\u201d, analisa Jones Albuquerque.<\/p>\n<p>Segundo ele, um lockdown total ajudaria a salvar aproximadamente 80% de pessoas que podem vir a ser vitimadas pelo coronav\u00edrus. \u201cO que a gente precisa agora \u00e9 frear a infec\u00e7\u00e3o e n\u00e3o o \u00f3bito, porque o \u00f3bito \u00e9 uma consequ\u00eancia de tr\u00eas semanas de infec\u00e7\u00e3o, infelizmente. Se a gente n\u00e3o quer ter um cen\u00e1rio triste em tr\u00eas semanas, a gente deveria frear tudo agora\u201d.<\/p>\n<p><strong>Fiscaliza\u00e7\u00e3o<\/strong><\/p>\n<p>Para assegurar o cumprimento das medidas restritivas deste e do pr\u00f3ximo fim de semana, os munic\u00edpios v\u00e3o deslocar agentes espec\u00edficos para atuar na fiscaliza\u00e7\u00e3o. De acordo com a Prefeitura do Recife, 65 profissionais do \u00f3rg\u00e3o dar\u00e3o apoio \u00e0 Pol\u00edcia Militar nas orlas do Pina e de Boa Viagem. O efetivo envolve servidores da Guarda Municipal, Autarquia de Tr\u00e2nsito e Transporte Urbano do Recife (CTTU) e Vigil\u00e2ncia Sanit\u00e1ria, entre outros setores. Segundo a gest\u00e3o municipal, os mercados p\u00fablicos, considerados de servi\u00e7os essenciais, funcionar\u00e3o neste s\u00e1bado das 6h \u00e0s 13h, em raz\u00e3o da Data Magna. A Ciclofaixa de Turismo e Lazer, que costuma funcionar aos domingos, est\u00e1 suspensa, assim como o Jardim Bot\u00e2nico, que tamb\u00e9m n\u00e3o abrir\u00e1 aos fins de semana do decreto.<\/p>\n<p>J\u00e1 a Prefeitura de Olinda designou mais de 40 pessoas de \u00f3rg\u00e3os municipais para ajudar na fiscaliza\u00e7\u00e3o. Os agentes se unem ao efetivo da PM e atuam nas praias de Bairro Novo, Casa Caiada e Rio Doce. As praias de Del Chifre e Milagres est\u00e3o a cargo da 1\u00aa Companhia Independente de Apoio ao Turismo da Pol\u00edcia Militar.<\/p>\n<p>O Procon Pernambuco, por sua vez, conta com aproximadamente 40 agentes envolvidos nas fiscaliza\u00e7\u00f5es das medidas restritivas. As den\u00fancias de locais que estejam descumprindo as regras podem ser feitas por telefone (0800.282.1512), WhatsApp (81 3181.7000) ou Instagram (@proconpe). Casos as den\u00fancias sejam referentes a festas privadas, em resid\u00eancias ou aglomera\u00e7\u00f5es em vias p\u00fablicas devem ser enviadas \u00e0 Pol\u00edcia Militar no 190.\u00a0 De acordo com o Procon-PE, tamb\u00e9m foi enviado para a Associa\u00e7\u00e3o Municipalista de Pernambuco (Amupe) documento orientando que as prefeituras conveniadas, ou que tenham \u00f3rg\u00e3os fiscalizadores como a Vigil\u00e2ncia Sanit\u00e1ria e a Defesa Civil, reforcem a fiscaliza\u00e7\u00e3o nos seus munic\u00edpios.<\/p>\n<p><strong>Descuidos<\/strong><\/p>\n<p>Infectologista do Hospital Oswaldo Cruz, Filipe Prohaska lamenta os descuidos de parte da popula\u00e7\u00e3o. \u201cN\u00f3s sabemos que a situa\u00e7\u00e3o atual \u00e9 uma soma de fatores. As pessoas tentaram enfrentar o v\u00edrus. N\u00e3o se cuidaram de forma adequada, sem usar m\u00e1scara, sem manter o distanciamento, indo para ambientes com muita aglomera\u00e7\u00e3o como praias e parques. Tem acontecido tamb\u00e9m com frequ\u00eancia festas clandestinas. E a\u00ed, infelizmente, desde novembro que esses n\u00fameros v\u00eam aumentando e s\u00f3 fizeram piorar agora, nesse m\u00eas de janeiro, que \u00e9 considerado um m\u00eas de f\u00e9rias, e muitas pessoas estavam diminuindo mais os cuidados\u201d, disse.<\/p>\n<p>As novas muta\u00e7\u00f5es do v\u00edrus tamb\u00e9m preocupam: \u201cO problema das novas variantes nesse momento \u00e9 a velocidade de transmiss\u00e3o. Agora era a hora de estarmos com mais cuidados do que est\u00e1vamos antes. Eu acredito que hoje \u00e9 o momento mais dif\u00edcil da pandemia, at\u00e9 o momento. Mas acredito que a gente v\u00e1 ter outros ainda mais dif\u00edceis\u201d.<\/p>\n<p>Para o m\u00e9dico, \u00e9 preciso que haja mais empenho no Pa\u00eds para a campanha de imuniza\u00e7\u00e3o. \u201cN\u00f3s sabemos que o Brasil \u00e9 um pa\u00eds com mais de 200 milh\u00f5es de habitantes. A vacina\u00e7\u00e3o precisa ser agressiva, precisamos de muitas milh\u00f5es de doses para poder vacinar todo o Brasil. N\u00f3s precisamos acelerar o mais r\u00e1pido poss\u00edvel [o processo de vacina\u00e7\u00e3o] para poder trazer mais seguran\u00e7a para todos n\u00f3s\u201d, afirmou.<\/p>\n<p>Enquanto a vacina n\u00e3o chega para todos, garante, as medidas de preven\u00e7\u00e3o s\u00e3o a melhor estrat\u00e9gia: \u201cAno passado, quando o distanciamento social, a higieniza\u00e7\u00e3o das m\u00e3os e o uso de m\u00e1scaras estava sendo adequado, n\u00f3s conseguimos diminuir os n\u00fameros do coronav\u00edrus. T\u00ednhamos uma tranquilidade maior em retomar as atividades, mas infelizmente j\u00e1 nos feriados de setembro e outubro, as medidas come\u00e7aram a ser quebradas, os casos come\u00e7aram a aumentar a partir de novembro e agora, no in\u00edcio deste ano, eles simplesmente explodiram&#8221;.<\/p>\n<p>O infectologista ressalta o desgaste entre os profissionais de sa\u00fade. \u201cTodos est\u00e3o muito cansados. Foi um ano muito dif\u00edcil para todos n\u00f3s. E depois de tudo o que a gente passou no ano passado, fragilizados f\u00edsica e mentalmente, a gente ver essa segunda onda \u00e9 como todos os nossos pesadelos voltando \u00e0 tona\u201d. E faz um apelo \u00e0 popula\u00e7\u00e3o: \u201cN\u00f3s estamos chegando num ponto que n\u00e3o \u00e9 mais \u2018quem tem plano de sa\u00fade, quem n\u00e3o tem\u2019, n\u00e3o \u00e9 mais uma situa\u00e7\u00e3o de que \u2018eu tenho uma moradia melhor e voc\u00ea n\u00e3o tem\u2019. N\u00f3s estamos todos expostos ao v\u00edrus, independente de ra\u00e7a, cor, dinheiro ou quest\u00e3o social. N\u00e3o \u00e9 mais uma quest\u00e3o individual, \u00e9 uma quest\u00e3o de coletivo, n\u00e3o s\u00f3 nosso, n\u00e3o s\u00f3 da nossa fam\u00edlia, mas de todas as pessoas que aqui residem\u201d.<\/p>\n<p>Por FolhaPE<\/p>\n","protected":false},"excerpt":{"rendered":"<p>Pernambuco entra neste fim de semana em uma nova fase de medidas mais restritivas na tentativa de conter o avan\u00e7o da Covid-19 no Estado. Neste s\u00e1bado e domingo e no pr\u00f3ximo (13 e 14) apenas servi\u00e7os essenciais podem funcionar. Est\u00e1 proibida, assim, a abertura de shoppings centers, com\u00e9rcios de rua, academias, clubes sociais, igrejas e tempos religiosos. Bares e restaurantes est\u00e3o liberados apenas com sistemas de retirada de pedidos no local ou delivery. Parques tamb\u00e9m devem estar fechados e nas praias est\u00e1 permitida apenas a pr\u00e1tica individual de atividades esportivas. As regras mais r\u00edgidas chegam em um momento em que [&hellip;]<\/p>\n","protected":false},"author":2,"featured_media":2338,"comment_status":"open","ping_status":"open","sticky":false,"template":"","format":"standard","meta":{"_jetpack_memberships_contains_paid_content":false,"footnotes":"","jetpack_publicize_message":"","jetpack_publicize_feature_enabled":true,"jetpack_social_post_already_shared":true,"jetpack_social_options":{"image_generator_settings":{"template":"highway","enabled":false},"version":2}},"categories":[2],"tags":[],"class_list":["post-4756","post","type-post","status-publish","format-standard","has-post-thumbnail","hentry","category-noticias"],"jetpack_publicize_connections":[],"yoast_head":"<!-- This site is optimized with the Yoast SEO plugin v24.7 - https:\/\/yoast.com\/wordpress\/plugins\/seo\/ -->\n<title>Pernambuco tem final de semana com medidas mais r\u00edgidas - Serra FM 87,9<\/title>\n<meta name=\"robots\" content=\"index, follow, max-snippet:-1, max-image-preview:large, max-video-preview:-1\" \/>\n<link rel=\"canonical\" href=\"https:\/\/serrafm879.com.br\/serrafm\/2021\/03\/pernambuco-tem-final-de-semana-com-medidas-mais-rigidas\/\" \/>\n<meta property=\"og:locale\" content=\"pt_BR\" \/>\n<meta property=\"og:type\" content=\"article\" \/>\n<meta property=\"og:title\" content=\"Pernambuco tem final de semana com medidas mais r\u00edgidas - Serra FM 87,9\" \/>\n<meta property=\"og:description\" content=\"Pernambuco entra neste fim de semana em uma nova fase de medidas mais restritivas na tentativa de conter o avan\u00e7o da Covid-19 no Estado. Neste s\u00e1bado e domingo e no pr\u00f3ximo (13 e 14) apenas servi\u00e7os essenciais podem funcionar. Est\u00e1 proibida, assim, a abertura de shoppings centers, com\u00e9rcios de rua, academias, clubes sociais, igrejas e tempos religiosos. Bares e restaurantes est\u00e3o liberados apenas com sistemas de retirada de pedidos no local ou delivery. Parques tamb\u00e9m devem estar fechados e nas praias est\u00e1 permitida apenas a pr\u00e1tica individual de atividades esportivas. As regras mais r\u00edgidas chegam em um momento em que [&hellip;]\" \/>\n<meta property=\"og:url\" content=\"https:\/\/serrafm879.com.br\/serrafm\/2021\/03\/pernambuco-tem-final-de-semana-com-medidas-mais-rigidas\/\" \/>\n<meta property=\"og:site_name\" content=\"Serra FM 87,9\" \/>\n<meta property=\"article:published_time\" content=\"2021-03-06T11:08:13+00:00\" \/>\n<meta property=\"og:image\" content=\"https:\/\/serrafm879.com.br\/serrafm\/wp-content\/uploads\/2020\/03\/covid19ne.jpg\" \/>\n\t<meta property=\"og:image:width\" content=\"750\" \/>\n\t<meta property=\"og:image:height\" content=\"498\" \/>\n\t<meta property=\"og:image:type\" content=\"image\/jpeg\" \/>\n<meta name=\"author\" content=\"serrafm87\" \/>\n<meta name=\"twitter:card\" content=\"summary_large_image\" \/>\n<meta name=\"twitter:label1\" content=\"Escrito por\" \/>\n\t<meta name=\"twitter:data1\" content=\"serrafm87\" \/>\n\t<meta name=\"twitter:label2\" content=\"Est. tempo de leitura\" \/>\n\t<meta name=\"twitter:data2\" content=\"7 minutos\" \/>\n<script type=\"application\/ld+json\" class=\"yoast-schema-graph\">{\"@context\":\"https:\/\/schema.org\",\"@graph\":[{\"@type\":\"WebPage\",\"@id\":\"https:\/\/serrafm879.com.br\/serrafm\/2021\/03\/pernambuco-tem-final-de-semana-com-medidas-mais-rigidas\/\",\"url\":\"https:\/\/serrafm879.com.br\/serrafm\/2021\/03\/pernambuco-tem-final-de-semana-com-medidas-mais-rigidas\/\",\"name\":\"Pernambuco tem final de semana com medidas mais r\u00edgidas - Serra FM 87,9\",\"isPartOf\":{\"@id\":\"https:\/\/serrafm879.com.br\/serrafm\/#website\"},\"primaryImageOfPage\":{\"@id\":\"https:\/\/serrafm879.com.br\/serrafm\/2021\/03\/pernambuco-tem-final-de-semana-com-medidas-mais-rigidas\/#primaryimage\"},\"image\":{\"@id\":\"https:\/\/serrafm879.com.br\/serrafm\/2021\/03\/pernambuco-tem-final-de-semana-com-medidas-mais-rigidas\/#primaryimage\"},\"thumbnailUrl\":\"https:\/\/serrafm879.com.br\/serrafm\/wp-content\/uploads\/2020\/03\/covid19ne.jpg\",\"datePublished\":\"2021-03-06T11:08:13+00:00\",\"author\":{\"@id\":\"https:\/\/serrafm879.com.br\/serrafm\/#\/schema\/person\/c028a197030ff8b1c03c68dfba4a787a\"},\"breadcrumb\":{\"@id\":\"https:\/\/serrafm879.com.br\/serrafm\/2021\/03\/pernambuco-tem-final-de-semana-com-medidas-mais-rigidas\/#breadcrumb\"},\"inLanguage\":\"pt-BR\",\"potentialAction\":[{\"@type\":\"ReadAction\",\"target\":[\"https:\/\/serrafm879.com.br\/serrafm\/2021\/03\/pernambuco-tem-final-de-semana-com-medidas-mais-rigidas\/\"]}]},{\"@type\":\"ImageObject\",\"inLanguage\":\"pt-BR\",\"@id\":\"https:\/\/serrafm879.com.br\/serrafm\/2021\/03\/pernambuco-tem-final-de-semana-com-medidas-mais-rigidas\/#primaryimage\",\"url\":\"https:\/\/serrafm879.com.br\/serrafm\/wp-content\/uploads\/2020\/03\/covid19ne.jpg\",\"contentUrl\":\"https:\/\/serrafm879.com.br\/serrafm\/wp-content\/uploads\/2020\/03\/covid19ne.jpg\",\"width\":750,\"height\":498},{\"@type\":\"BreadcrumbList\",\"@id\":\"https:\/\/serrafm879.com.br\/serrafm\/2021\/03\/pernambuco-tem-final-de-semana-com-medidas-mais-rigidas\/#breadcrumb\",\"itemListElement\":[{\"@type\":\"ListItem\",\"position\":1,\"name\":\"In\u00edcio\",\"item\":\"https:\/\/serrafm879.com.br\/serrafm\/\"},{\"@type\":\"ListItem\",\"position\":2,\"name\":\"Pernambuco tem final de semana com medidas mais r\u00edgidas\"}]},{\"@type\":\"WebSite\",\"@id\":\"https:\/\/serrafm879.com.br\/serrafm\/#website\",\"url\":\"https:\/\/serrafm879.com.br\/serrafm\/\",\"name\":\"Serra FM 87,9\",\"description\":\"O seu novo amor!\",\"potentialAction\":[{\"@type\":\"SearchAction\",\"target\":{\"@type\":\"EntryPoint\",\"urlTemplate\":\"https:\/\/serrafm879.com.br\/serrafm\/?s={search_term_string}\"},\"query-input\":{\"@type\":\"PropertyValueSpecification\",\"valueRequired\":true,\"valueName\":\"search_term_string\"}}],\"inLanguage\":\"pt-BR\"},{\"@type\":\"Person\",\"@id\":\"https:\/\/serrafm879.com.br\/serrafm\/#\/schema\/person\/c028a197030ff8b1c03c68dfba4a787a\",\"name\":\"serrafm87\",\"image\":{\"@type\":\"ImageObject\",\"inLanguage\":\"pt-BR\",\"@id\":\"https:\/\/serrafm879.com.br\/serrafm\/#\/schema\/person\/image\/\",\"url\":\"https:\/\/secure.gravatar.com\/avatar\/a743233f1112d34f48bb3dc9559b76eb930bab8b27175856cba6362608736235?s=96&d=mm&r=g\",\"contentUrl\":\"https:\/\/secure.gravatar.com\/avatar\/a743233f1112d34f48bb3dc9559b76eb930bab8b27175856cba6362608736235?s=96&d=mm&r=g\",\"caption\":\"serrafm87\"},\"sameAs\":[\"http:\/\/serrafm879.com.br\/\"],\"url\":\"https:\/\/serrafm879.com.br\/serrafm\/author\/serrafm87\/\"}]}<\/script>\n<!-- \/ Yoast SEO plugin. -->","yoast_head_json":{"title":"Pernambuco tem final de semana com medidas mais r\u00edgidas - Serra FM 87,9","robots":{"index":"index","follow":"follow","max-snippet":"max-snippet:-1","max-image-preview":"max-image-preview:large","max-video-preview":"max-video-preview:-1"},"canonical":"https:\/\/serrafm879.com.br\/serrafm\/2021\/03\/pernambuco-tem-final-de-semana-com-medidas-mais-rigidas\/","og_locale":"pt_BR","og_type":"article","og_title":"Pernambuco tem final de semana com medidas mais r\u00edgidas - Serra FM 87,9","og_description":"Pernambuco entra neste fim de semana em uma nova fase de medidas mais restritivas na tentativa de conter o avan\u00e7o da Covid-19 no Estado. Neste s\u00e1bado e domingo e no pr\u00f3ximo (13 e 14) apenas servi\u00e7os essenciais podem funcionar. Est\u00e1 proibida, assim, a abertura de shoppings centers, com\u00e9rcios de rua, academias, clubes sociais, igrejas e tempos religiosos. Bares e restaurantes est\u00e3o liberados apenas com sistemas de retirada de pedidos no local ou delivery. Parques tamb\u00e9m devem estar fechados e nas praias est\u00e1 permitida apenas a pr\u00e1tica individual de atividades esportivas. As regras mais r\u00edgidas chegam em um momento em que [&hellip;]","og_url":"https:\/\/serrafm879.com.br\/serrafm\/2021\/03\/pernambuco-tem-final-de-semana-com-medidas-mais-rigidas\/","og_site_name":"Serra FM 87,9","article_published_time":"2021-03-06T11:08:13+00:00","og_image":[{"width":750,"height":498,"url":"https:\/\/serrafm879.com.br\/serrafm\/wp-content\/uploads\/2020\/03\/covid19ne.jpg","type":"image\/jpeg"}],"author":"serrafm87","twitter_card":"summary_large_image","twitter_misc":{"Escrito por":"serrafm87","Est. tempo de leitura":"7 minutos"},"schema":{"@context":"https:\/\/schema.org","@graph":[{"@type":"WebPage","@id":"https:\/\/serrafm879.com.br\/serrafm\/2021\/03\/pernambuco-tem-final-de-semana-com-medidas-mais-rigidas\/","url":"https:\/\/serrafm879.com.br\/serrafm\/2021\/03\/pernambuco-tem-final-de-semana-com-medidas-mais-rigidas\/","name":"Pernambuco tem final de semana com medidas mais r\u00edgidas - Serra FM 87,9","isPartOf":{"@id":"https:\/\/serrafm879.com.br\/serrafm\/#website"},"primaryImageOfPage":{"@id":"https:\/\/serrafm879.com.br\/serrafm\/2021\/03\/pernambuco-tem-final-de-semana-com-medidas-mais-rigidas\/#primaryimage"},"image":{"@id":"https:\/\/serrafm879.com.br\/serrafm\/2021\/03\/pernambuco-tem-final-de-semana-com-medidas-mais-rigidas\/#primaryimage"},"thumbnailUrl":"https:\/\/serrafm879.com.br\/serrafm\/wp-content\/uploads\/2020\/03\/covid19ne.jpg","datePublished":"2021-03-06T11:08:13+00:00","author":{"@id":"https:\/\/serrafm879.com.br\/serrafm\/#\/schema\/person\/c028a197030ff8b1c03c68dfba4a787a"},"breadcrumb":{"@id":"https:\/\/serrafm879.com.br\/serrafm\/2021\/03\/pernambuco-tem-final-de-semana-com-medidas-mais-rigidas\/#breadcrumb"},"inLanguage":"pt-BR","potentialAction":[{"@type":"ReadAction","target":["https:\/\/serrafm879.com.br\/serrafm\/2021\/03\/pernambuco-tem-final-de-semana-com-medidas-mais-rigidas\/"]}]},{"@type":"ImageObject","inLanguage":"pt-BR","@id":"https:\/\/serrafm879.com.br\/serrafm\/2021\/03\/pernambuco-tem-final-de-semana-com-medidas-mais-rigidas\/#primaryimage","url":"https:\/\/serrafm879.com.br\/serrafm\/wp-content\/uploads\/2020\/03\/covid19ne.jpg","contentUrl":"https:\/\/serrafm879.com.br\/serrafm\/wp-content\/uploads\/2020\/03\/covid19ne.jpg","width":750,"height":498},{"@type":"BreadcrumbList","@id":"https:\/\/serrafm879.com.br\/serrafm\/2021\/03\/pernambuco-tem-final-de-semana-com-medidas-mais-rigidas\/#breadcrumb","itemListElement":[{"@type":"ListItem","position":1,"name":"In\u00edcio","item":"https:\/\/serrafm879.com.br\/serrafm\/"},{"@type":"ListItem","position":2,"name":"Pernambuco tem final de semana com medidas mais r\u00edgidas"}]},{"@type":"WebSite","@id":"https:\/\/serrafm879.com.br\/serrafm\/#website","url":"https:\/\/serrafm879.com.br\/serrafm\/","name":"Serra FM 87,9","description":"O seu novo amor!","potentialAction":[{"@type":"SearchAction","target":{"@type":"EntryPoint","urlTemplate":"https:\/\/serrafm879.com.br\/serrafm\/?s={search_term_string}"},"query-input":{"@type":"PropertyValueSpecification","valueRequired":true,"valueName":"search_term_string"}}],"inLanguage":"pt-BR"},{"@type":"Person","@id":"https:\/\/serrafm879.com.br\/serrafm\/#\/schema\/person\/c028a197030ff8b1c03c68dfba4a787a","name":"serrafm87","image":{"@type":"ImageObject","inLanguage":"pt-BR","@id":"https:\/\/serrafm879.com.br\/serrafm\/#\/schema\/person\/image\/","url":"https:\/\/secure.gravatar.com\/avatar\/a743233f1112d34f48bb3dc9559b76eb930bab8b27175856cba6362608736235?s=96&d=mm&r=g","contentUrl":"https:\/\/secure.gravatar.com\/avatar\/a743233f1112d34f48bb3dc9559b76eb930bab8b27175856cba6362608736235?s=96&d=mm&r=g","caption":"serrafm87"},"sameAs":["http:\/\/serrafm879.com.br\/"],"url":"https:\/\/serrafm879.com.br\/serrafm\/author\/serrafm87\/"}]}},"jetpack_featured_media_url":"https:\/\/serrafm879.com.br\/serrafm\/wp-content\/uploads\/2020\/03\/covid19ne.jpg","jetpack_shortlink":"https:\/\/wp.me\/p7HyXg-1eI","jetpack_sharing_enabled":true,"_links":{"self":[{"href":"https:\/\/serrafm879.com.br\/serrafm\/wp-json\/wp\/v2\/posts\/4756","targetHints":{"allow":["GET"]}}],"collection":[{"href":"https:\/\/serrafm879.com.br\/serrafm\/wp-json\/wp\/v2\/posts"}],"about":[{"href":"https:\/\/serrafm879.com.br\/serrafm\/wp-json\/wp\/v2\/types\/post"}],"author":[{"embeddable":true,"href":"https:\/\/serrafm879.com.br\/serrafm\/wp-json\/wp\/v2\/users\/2"}],"replies":[{"embeddable":true,"href":"https:\/\/serrafm879.com.br\/serrafm\/wp-json\/wp\/v2\/comments?post=4756"}],"version-history":[{"count":1,"href":"https:\/\/serrafm879.com.br\/serrafm\/wp-json\/wp\/v2\/posts\/4756\/revisions"}],"predecessor-version":[{"id":4757,"href":"https:\/\/serrafm879.com.br\/serrafm\/wp-json\/wp\/v2\/posts\/4756\/revisions\/4757"}],"wp:featuredmedia":[{"embeddable":true,"href":"https:\/\/serrafm879.com.br\/serrafm\/wp-json\/wp\/v2\/media\/2338"}],"wp:attachment":[{"href":"https:\/\/serrafm879.com.br\/serrafm\/wp-json\/wp\/v2\/media?parent=4756"}],"wp:term":[{"taxonomy":"category","embeddable":true,"href":"https:\/\/serrafm879.com.br\/serrafm\/wp-json\/wp\/v2\/categories?post=4756"},{"taxonomy":"post_tag","embeddable":true,"href":"https:\/\/serrafm879.com.br\/serrafm\/wp-json\/wp\/v2\/tags?post=4756"}],"curies":[{"name":"wp","href":"https:\/\/api.w.org\/{rel}","templated":true}]}}