{"id":4760,"date":"2021-03-06T08:44:37","date_gmt":"2021-03-06T11:44:37","guid":{"rendered":"https:\/?p=4760"},"modified":"2021-03-06T08:44:37","modified_gmt":"2021-03-06T11:44:37","slug":"luciano-duque-faz-apelo-dramatico-nas-redes-deixem-politica-de-lado","status":"publish","type":"post","link":"https:\/\/serrafm879.com.br\/serrafm\/2021\/03\/luciano-duque-faz-apelo-dramatico-nas-redes-deixem-politica-de-lado\/","title":{"rendered":"Luciano Duque faz apelo dram\u00e1tico nas redes: \u2018Deixem a pol\u00edtica de lado\u2019"},"content":{"rendered":"<p>O ex-prefeito de Serra Talhada, Luciano Duque (PT), usou as redes sociais, nessa sexta-feira (5), para fazer um apelo dram\u00e1tico de convoca\u00e7\u00e3o aos serra-talhadenses no combate ao novo coronav\u00edrus. Num v\u00eddeo de quase dois minutos, o petista relata que o momento \u00e9 grav\u00edssimo, com 21 serra-talhadenses nos leitos de UTIs.<\/p>\n<p>\u201cComo cidad\u00e3o e ex-prefeito de Serra Talhada, me sinto na obriga\u00e7\u00e3o de conversar com voc\u00eas, mulheres e homens desta terra. Este \u00e9 o momento de chamamento, de termos responsabilidade. O Brasil inteiro vive um momento muito grave, de p\u00e2nico. Faltam UTIs, vacinas e medicamentos. As UTIs est\u00e3o superlotadas. N\u00e3o podemos deixar que este estado de coisas chegue a nossa cidade. J\u00e1 temos 21 internos nas UTIs, cidad\u00e3os da nossa terra\u201d, disse o ex-prefeito, refor\u00e7ando:<\/p>\n<p>\u201c\u00c9 preciso consci\u00eancia. Deixem a pol\u00edtica de lado. A conota\u00e7\u00e3o partid\u00e1ria. Temos que pensar na vida e na sa\u00fade das pessoas. Por isso eu apelo e imploro: usem m\u00e1scaras, \u00e1lcool gel, evitem aglomera\u00e7\u00f5es, porque o distanciamento \u00e9 fundamental neste momento. O comportamento pode dar uma virada e Serra Talhada pode d\u00e1 um grande exemplo. Vamos enfrentar o Covid com muita for\u00e7a e com muita garra para que Serra Talhada possa vencer esta doen\u00e7a. O papel \u00e9 seu! Conto com voc\u00eas\u201d.<\/p>\n<p>Por Giovanni S\u00e1<\/p>\n","protected":false},"excerpt":{"rendered":"<p>O ex-prefeito de Serra Talhada, Luciano Duque (PT), usou as redes sociais, nessa sexta-feira (5), para fazer um apelo dram\u00e1tico de convoca\u00e7\u00e3o aos serra-talhadenses no combate ao novo coronav\u00edrus. Num v\u00eddeo de quase dois minutos, o petista relata que o momento \u00e9 grav\u00edssimo, com 21 serra-talhadenses nos leitos de UTIs. \u201cComo cidad\u00e3o e ex-prefeito de Serra Talhada, me sinto na obriga\u00e7\u00e3o de conversar com voc\u00eas, mulheres e homens desta terra. Este \u00e9 o momento de chamamento, de termos responsabilidade. O Brasil inteiro vive um momento muito grave, de p\u00e2nico. Faltam UTIs, vacinas e medicamentos. As UTIs est\u00e3o superlotadas. N\u00e3o podemos [&hellip;]<\/p>\n","protected":false},"author":2,"featured_media":4761,"comment_status":"open","ping_status":"open","sticky":false,"template":"","format":"standard","meta":{"_jetpack_memberships_contains_paid_content":false,"footnotes":"","jetpack_publicize_message":"","jetpack_publicize_feature_enabled":true,"jetpack_social_post_already_shared":true,"jetpack_social_options":{"image_generator_settings":{"template":"highway","enabled":false},"version":2}},"categories":[2],"tags":[],"class_list":["post-4760","post","type-post","status-publish","format-standard","has-post-thumbnail","hentry","category-noticias"],"jetpack_publicize_connections":[],"yoast_head":"<!-- This site is optimized with the Yoast SEO plugin v24.7 - https:\/\/yoast.com\/wordpress\/plugins\/seo\/ -->\n<title>Luciano Duque faz apelo dram\u00e1tico nas redes: \u2018Deixem a pol\u00edtica de lado\u2019 - Serra FM 87,9<\/title>\n<meta name=\"robots\" content=\"index, follow, max-snippet:-1, max-image-preview:large, max-video-preview:-1\" \/>\n<link rel=\"canonical\" href=\"https:\/\/serrafm879.com.br\/serrafm\/2021\/03\/luciano-duque-faz-apelo-dramatico-nas-redes-deixem-politica-de-lado\/\" \/>\n<meta property=\"og:locale\" content=\"pt_BR\" \/>\n<meta property=\"og:type\" content=\"article\" \/>\n<meta property=\"og:title\" content=\"Luciano Duque faz apelo dram\u00e1tico nas redes: \u2018Deixem a pol\u00edtica de lado\u2019 - Serra FM 87,9\" \/>\n<meta property=\"og:description\" content=\"O ex-prefeito de Serra Talhada, Luciano Duque (PT), usou as redes sociais, nessa sexta-feira (5), para fazer um apelo dram\u00e1tico de convoca\u00e7\u00e3o aos serra-talhadenses no combate ao novo coronav\u00edrus. Num v\u00eddeo de quase dois minutos, o petista relata que o momento \u00e9 grav\u00edssimo, com 21 serra-talhadenses nos leitos de UTIs. \u201cComo cidad\u00e3o e ex-prefeito de Serra Talhada, me sinto na obriga\u00e7\u00e3o de conversar com voc\u00eas, mulheres e homens desta terra. Este \u00e9 o momento de chamamento, de termos responsabilidade. O Brasil inteiro vive um momento muito grave, de p\u00e2nico. Faltam UTIs, vacinas e medicamentos. As UTIs est\u00e3o superlotadas. N\u00e3o podemos [&hellip;]\" \/>\n<meta property=\"og:url\" content=\"https:\/\/serrafm879.com.br\/serrafm\/2021\/03\/luciano-duque-faz-apelo-dramatico-nas-redes-deixem-politica-de-lado\/\" \/>\n<meta property=\"og:site_name\" content=\"Serra FM 87,9\" \/>\n<meta property=\"article:published_time\" content=\"2021-03-06T11:44:37+00:00\" \/>\n<meta property=\"og:image\" content=\"https:\/\/serrafm879.com.br\/serrafm\/wp-content\/uploads\/2021\/03\/duque-luiza.jpg\" \/>\n\t<meta property=\"og:image:width\" content=\"1280\" \/>\n\t<meta property=\"og:image:height\" content=\"854\" \/>\n\t<meta property=\"og:image:type\" content=\"image\/jpeg\" \/>\n<meta name=\"author\" content=\"serrafm87\" \/>\n<meta name=\"twitter:card\" content=\"summary_large_image\" \/>\n<meta name=\"twitter:label1\" content=\"Escrito por\" \/>\n\t<meta name=\"twitter:data1\" content=\"serrafm87\" \/>\n\t<meta name=\"twitter:label2\" content=\"Est. tempo de leitura\" \/>\n\t<meta name=\"twitter:data2\" content=\"1 minuto\" \/>\n<script type=\"application\/ld+json\" class=\"yoast-schema-graph\">{\"@context\":\"https:\/\/schema.org\",\"@graph\":[{\"@type\":\"WebPage\",\"@id\":\"https:\/\/serrafm879.com.br\/serrafm\/2021\/03\/luciano-duque-faz-apelo-dramatico-nas-redes-deixem-politica-de-lado\/\",\"url\":\"https:\/\/serrafm879.com.br\/serrafm\/2021\/03\/luciano-duque-faz-apelo-dramatico-nas-redes-deixem-politica-de-lado\/\",\"name\":\"Luciano Duque faz apelo dram\u00e1tico nas redes: \u2018Deixem a pol\u00edtica de lado\u2019 - Serra FM 87,9\",\"isPartOf\":{\"@id\":\"https:\/\/serrafm879.com.br\/serrafm\/#website\"},\"primaryImageOfPage\":{\"@id\":\"https:\/\/serrafm879.com.br\/serrafm\/2021\/03\/luciano-duque-faz-apelo-dramatico-nas-redes-deixem-politica-de-lado\/#primaryimage\"},\"image\":{\"@id\":\"https:\/\/serrafm879.com.br\/serrafm\/2021\/03\/luciano-duque-faz-apelo-dramatico-nas-redes-deixem-politica-de-lado\/#primaryimage\"},\"thumbnailUrl\":\"https:\/\/serrafm879.com.br\/serrafm\/wp-content\/uploads\/2021\/03\/duque-luiza.jpg\",\"datePublished\":\"2021-03-06T11:44:37+00:00\",\"author\":{\"@id\":\"https:\/\/serrafm879.com.br\/serrafm\/#\/schema\/person\/c028a197030ff8b1c03c68dfba4a787a\"},\"breadcrumb\":{\"@id\":\"https:\/\/serrafm879.com.br\/serrafm\/2021\/03\/luciano-duque-faz-apelo-dramatico-nas-redes-deixem-politica-de-lado\/#breadcrumb\"},\"inLanguage\":\"pt-BR\",\"potentialAction\":[{\"@type\":\"ReadAction\",\"target\":[\"https:\/\/serrafm879.com.br\/serrafm\/2021\/03\/luciano-duque-faz-apelo-dramatico-nas-redes-deixem-politica-de-lado\/\"]}]},{\"@type\":\"ImageObject\",\"inLanguage\":\"pt-BR\",\"@id\":\"https:\/\/serrafm879.com.br\/serrafm\/2021\/03\/luciano-duque-faz-apelo-dramatico-nas-redes-deixem-politica-de-lado\/#primaryimage\",\"url\":\"https:\/\/serrafm879.com.br\/serrafm\/wp-content\/uploads\/2021\/03\/duque-luiza.jpg\",\"contentUrl\":\"https:\/\/serrafm879.com.br\/serrafm\/wp-content\/uploads\/2021\/03\/duque-luiza.jpg\",\"width\":1280,\"height\":854},{\"@type\":\"BreadcrumbList\",\"@id\":\"https:\/\/serrafm879.com.br\/serrafm\/2021\/03\/luciano-duque-faz-apelo-dramatico-nas-redes-deixem-politica-de-lado\/#breadcrumb\",\"itemListElement\":[{\"@type\":\"ListItem\",\"position\":1,\"name\":\"In\u00edcio\",\"item\":\"https:\/\/serrafm879.com.br\/serrafm\/\"},{\"@type\":\"ListItem\",\"position\":2,\"name\":\"Luciano Duque faz apelo dram\u00e1tico nas redes: \u2018Deixem a pol\u00edtica de lado\u2019\"}]},{\"@type\":\"WebSite\",\"@id\":\"https:\/\/serrafm879.com.br\/serrafm\/#website\",\"url\":\"https:\/\/serrafm879.com.br\/serrafm\/\",\"name\":\"Serra FM 87,9\",\"description\":\"O seu novo amor!\",\"potentialAction\":[{\"@type\":\"SearchAction\",\"target\":{\"@type\":\"EntryPoint\",\"urlTemplate\":\"https:\/\/serrafm879.com.br\/serrafm\/?s={search_term_string}\"},\"query-input\":{\"@type\":\"PropertyValueSpecification\",\"valueRequired\":true,\"valueName\":\"search_term_string\"}}],\"inLanguage\":\"pt-BR\"},{\"@type\":\"Person\",\"@id\":\"https:\/\/serrafm879.com.br\/serrafm\/#\/schema\/person\/c028a197030ff8b1c03c68dfba4a787a\",\"name\":\"serrafm87\",\"image\":{\"@type\":\"ImageObject\",\"inLanguage\":\"pt-BR\",\"@id\":\"https:\/\/serrafm879.com.br\/serrafm\/#\/schema\/person\/image\/\",\"url\":\"https:\/\/secure.gravatar.com\/avatar\/a743233f1112d34f48bb3dc9559b76eb930bab8b27175856cba6362608736235?s=96&d=mm&r=g\",\"contentUrl\":\"https:\/\/secure.gravatar.com\/avatar\/a743233f1112d34f48bb3dc9559b76eb930bab8b27175856cba6362608736235?s=96&d=mm&r=g\",\"caption\":\"serrafm87\"},\"sameAs\":[\"http:\/\/serrafm879.com.br\/\"],\"url\":\"https:\/\/serrafm879.com.br\/serrafm\/author\/serrafm87\/\"}]}<\/script>\n<!-- \/ Yoast SEO plugin. -->","yoast_head_json":{"title":"Luciano Duque faz apelo dram\u00e1tico nas redes: \u2018Deixem a pol\u00edtica de lado\u2019 - Serra FM 87,9","robots":{"index":"index","follow":"follow","max-snippet":"max-snippet:-1","max-image-preview":"max-image-preview:large","max-video-preview":"max-video-preview:-1"},"canonical":"https:\/\/serrafm879.com.br\/serrafm\/2021\/03\/luciano-duque-faz-apelo-dramatico-nas-redes-deixem-politica-de-lado\/","og_locale":"pt_BR","og_type":"article","og_title":"Luciano Duque faz apelo dram\u00e1tico nas redes: \u2018Deixem a pol\u00edtica de lado\u2019 - Serra FM 87,9","og_description":"O ex-prefeito de Serra Talhada, Luciano Duque (PT), usou as redes sociais, nessa sexta-feira (5), para fazer um apelo dram\u00e1tico de convoca\u00e7\u00e3o aos serra-talhadenses no combate ao novo coronav\u00edrus. Num v\u00eddeo de quase dois minutos, o petista relata que o momento \u00e9 grav\u00edssimo, com 21 serra-talhadenses nos leitos de UTIs. \u201cComo cidad\u00e3o e ex-prefeito de Serra Talhada, me sinto na obriga\u00e7\u00e3o de conversar com voc\u00eas, mulheres e homens desta terra. Este \u00e9 o momento de chamamento, de termos responsabilidade. O Brasil inteiro vive um momento muito grave, de p\u00e2nico. Faltam UTIs, vacinas e medicamentos. As UTIs est\u00e3o superlotadas. N\u00e3o podemos [&hellip;]","og_url":"https:\/\/serrafm879.com.br\/serrafm\/2021\/03\/luciano-duque-faz-apelo-dramatico-nas-redes-deixem-politica-de-lado\/","og_site_name":"Serra FM 87,9","article_published_time":"2021-03-06T11:44:37+00:00","og_image":[{"width":1280,"height":854,"url":"https:\/\/serrafm879.com.br\/serrafm\/wp-content\/uploads\/2021\/03\/duque-luiza.jpg","type":"image\/jpeg"}],"author":"serrafm87","twitter_card":"summary_large_image","twitter_misc":{"Escrito por":"serrafm87","Est. tempo de leitura":"1 minuto"},"schema":{"@context":"https:\/\/schema.org","@graph":[{"@type":"WebPage","@id":"https:\/\/serrafm879.com.br\/serrafm\/2021\/03\/luciano-duque-faz-apelo-dramatico-nas-redes-deixem-politica-de-lado\/","url":"https:\/\/serrafm879.com.br\/serrafm\/2021\/03\/luciano-duque-faz-apelo-dramatico-nas-redes-deixem-politica-de-lado\/","name":"Luciano Duque faz apelo dram\u00e1tico nas redes: \u2018Deixem a pol\u00edtica de lado\u2019 - Serra FM 87,9","isPartOf":{"@id":"https:\/\/serrafm879.com.br\/serrafm\/#website"},"primaryImageOfPage":{"@id":"https:\/\/serrafm879.com.br\/serrafm\/2021\/03\/luciano-duque-faz-apelo-dramatico-nas-redes-deixem-politica-de-lado\/#primaryimage"},"image":{"@id":"https:\/\/serrafm879.com.br\/serrafm\/2021\/03\/luciano-duque-faz-apelo-dramatico-nas-redes-deixem-politica-de-lado\/#primaryimage"},"thumbnailUrl":"https:\/\/serrafm879.com.br\/serrafm\/wp-content\/uploads\/2021\/03\/duque-luiza.jpg","datePublished":"2021-03-06T11:44:37+00:00","author":{"@id":"https:\/\/serrafm879.com.br\/serrafm\/#\/schema\/person\/c028a197030ff8b1c03c68dfba4a787a"},"breadcrumb":{"@id":"https:\/\/serrafm879.com.br\/serrafm\/2021\/03\/luciano-duque-faz-apelo-dramatico-nas-redes-deixem-politica-de-lado\/#breadcrumb"},"inLanguage":"pt-BR","potentialAction":[{"@type":"ReadAction","target":["https:\/\/serrafm879.com.br\/serrafm\/2021\/03\/luciano-duque-faz-apelo-dramatico-nas-redes-deixem-politica-de-lado\/"]}]},{"@type":"ImageObject","inLanguage":"pt-BR","@id":"https:\/\/serrafm879.com.br\/serrafm\/2021\/03\/luciano-duque-faz-apelo-dramatico-nas-redes-deixem-politica-de-lado\/#primaryimage","url":"https:\/\/serrafm879.com.br\/serrafm\/wp-content\/uploads\/2021\/03\/duque-luiza.jpg","contentUrl":"https:\/\/serrafm879.com.br\/serrafm\/wp-content\/uploads\/2021\/03\/duque-luiza.jpg","width":1280,"height":854},{"@type":"BreadcrumbList","@id":"https:\/\/serrafm879.com.br\/serrafm\/2021\/03\/luciano-duque-faz-apelo-dramatico-nas-redes-deixem-politica-de-lado\/#breadcrumb","itemListElement":[{"@type":"ListItem","position":1,"name":"In\u00edcio","item":"https:\/\/serrafm879.com.br\/serrafm\/"},{"@type":"ListItem","position":2,"name":"Luciano Duque faz apelo dram\u00e1tico nas redes: \u2018Deixem a pol\u00edtica de lado\u2019"}]},{"@type":"WebSite","@id":"https:\/\/serrafm879.com.br\/serrafm\/#website","url":"https:\/\/serrafm879.com.br\/serrafm\/","name":"Serra FM 87,9","description":"O seu novo amor!","potentialAction":[{"@type":"SearchAction","target":{"@type":"EntryPoint","urlTemplate":"https:\/\/serrafm879.com.br\/serrafm\/?s={search_term_string}"},"query-input":{"@type":"PropertyValueSpecification","valueRequired":true,"valueName":"search_term_string"}}],"inLanguage":"pt-BR"},{"@type":"Person","@id":"https:\/\/serrafm879.com.br\/serrafm\/#\/schema\/person\/c028a197030ff8b1c03c68dfba4a787a","name":"serrafm87","image":{"@type":"ImageObject","inLanguage":"pt-BR","@id":"https:\/\/serrafm879.com.br\/serrafm\/#\/schema\/person\/image\/","url":"https:\/\/secure.gravatar.com\/avatar\/a743233f1112d34f48bb3dc9559b76eb930bab8b27175856cba6362608736235?s=96&d=mm&r=g","contentUrl":"https:\/\/secure.gravatar.com\/avatar\/a743233f1112d34f48bb3dc9559b76eb930bab8b27175856cba6362608736235?s=96&d=mm&r=g","caption":"serrafm87"},"sameAs":["http:\/\/serrafm879.com.br\/"],"url":"https:\/\/serrafm879.com.br\/serrafm\/author\/serrafm87\/"}]}},"jetpack_featured_media_url":"https:\/\/serrafm879.com.br\/serrafm\/wp-content\/uploads\/2021\/03\/duque-luiza.jpg","jetpack_shortlink":"https:\/\/wp.me\/p7HyXg-1eM","jetpack_sharing_enabled":true,"_links":{"self":[{"href":"https:\/\/serrafm879.com.br\/serrafm\/wp-json\/wp\/v2\/posts\/4760","targetHints":{"allow":["GET"]}}],"collection":[{"href":"https:\/\/serrafm879.com.br\/serrafm\/wp-json\/wp\/v2\/posts"}],"about":[{"href":"https:\/\/serrafm879.com.br\/serrafm\/wp-json\/wp\/v2\/types\/post"}],"author":[{"embeddable":true,"href":"https:\/\/serrafm879.com.br\/serrafm\/wp-json\/wp\/v2\/users\/2"}],"replies":[{"embeddable":true,"href":"https:\/\/serrafm879.com.br\/serrafm\/wp-json\/wp\/v2\/comments?post=4760"}],"version-history":[{"count":1,"href":"https:\/\/serrafm879.com.br\/serrafm\/wp-json\/wp\/v2\/posts\/4760\/revisions"}],"predecessor-version":[{"id":4762,"href":"https:\/\/serrafm879.com.br\/serrafm\/wp-json\/wp\/v2\/posts\/4760\/revisions\/4762"}],"wp:featuredmedia":[{"embeddable":true,"href":"https:\/\/serrafm879.com.br\/serrafm\/wp-json\/wp\/v2\/media\/4761"}],"wp:attachment":[{"href":"https:\/\/serrafm879.com.br\/serrafm\/wp-json\/wp\/v2\/media?parent=4760"}],"wp:term":[{"taxonomy":"category","embeddable":true,"href":"https:\/\/serrafm879.com.br\/serrafm\/wp-json\/wp\/v2\/categories?post=4760"},{"taxonomy":"post_tag","embeddable":true,"href":"https:\/\/serrafm879.com.br\/serrafm\/wp-json\/wp\/v2\/tags?post=4760"}],"curies":[{"name":"wp","href":"https:\/\/api.w.org\/{rel}","templated":true}]}}