{"id":5124,"date":"2021-03-23T07:35:20","date_gmt":"2021-03-23T10:35:20","guid":{"rendered":"https:\/?p=5124"},"modified":"2021-03-23T07:35:20","modified_gmt":"2021-03-23T10:35:20","slug":"ministro-da-cidadania-diz-que-auxilio-sera-pago-partir-de-5-de-abril","status":"publish","type":"post","link":"https:\/\/serrafm879.com.br\/serrafm\/2021\/03\/ministro-da-cidadania-diz-que-auxilio-sera-pago-partir-de-5-de-abril\/","title":{"rendered":"Ministro da Cidadania diz que aux\u00edlio ser\u00e1 pago a partir de 5 de abril"},"content":{"rendered":"<p>O novo ministro da Cidadania, Jo\u00e3o Roma Neto (Republicanos-BA), afirmou, ontem segunda-feira (22), que o novo aux\u00edlio emergencial ser\u00e1 pago a partir dos dias 5 e 6 de abril.<\/p>\n<p>A data para pagamento do benef\u00edcio foi divulgada pelo ministro durante participa\u00e7\u00e3o na r\u00e1dio Bahia Not\u00edcias. Segundo o ministro, a pasta ainda trabalha para elaborar o calend\u00e1rio oficial de distribui\u00e7\u00e3o do aux\u00edlio.<\/p>\n<p>\u201cMas j\u00e1 posso antecipar que o pagamento ocorrer\u00e1 a partir do in\u00edcio de abril. Aproximadamente entre 5 e 6 de abril, j\u00e1 buscamos viabilizar o in\u00edcio do pagamento do aux\u00edlio emergencial\u201d, disse \u00e0 r\u00e1dio baiana.<\/p>\n<p>Segundo o ministro, o programa ofertar\u00e1 tr\u00eas valores diferentes: de R$ 150 para benefici\u00e1rios que moram s\u00f3; R$ 250 para fam\u00edlias e R$ 375 \u00e0s mulheres que s\u00e3o chefes de fam\u00edlia. A estimativa do chefe da Cidadania \u00e9 de que 46 milh\u00f5es de fam\u00edlias recebam o benef\u00edcio, que ser\u00e1 pago em quatro parcelas.<\/p>\n<p>De acordo com o Minist\u00e9rio da Cidadania, os integrantes do Bolsa Fam\u00edlia ser\u00e3o contemplados com o benef\u00edcio conforme o calend\u00e1rio habitual do programa.<\/p>\n<p>Ou seja, receber\u00e3o as novas parcelas do aux\u00edlio, agora no valor de R$ 150, R$ 250 ou R$ 375, a partir do pr\u00f3ximo dia 16 de abril, de acordo com o \u00faltimo d\u00edgito do N\u00famero de Identifica\u00e7\u00e3o Social (NIS).<\/p>\n<p>Em 2020, o aux\u00edlio emergencial teve parcelas de R$ 600 (ou R$ 1,2 mil no caso de m\u00e3es chefes de fam\u00edlia), por m\u00eas, para cada benefici\u00e1rio. Projetado para durar tr\u00eas meses, o benef\u00edcio foi estendido para um total de cinco parcelas.<\/p>\n","protected":false},"excerpt":{"rendered":"<p>O novo ministro da Cidadania, Jo\u00e3o Roma Neto (Republicanos-BA), afirmou, ontem segunda-feira (22), que o novo aux\u00edlio emergencial ser\u00e1 pago a partir dos dias 5 e 6 de abril. A data para pagamento do benef\u00edcio foi divulgada pelo ministro durante participa\u00e7\u00e3o na r\u00e1dio Bahia Not\u00edcias. Segundo o ministro, a pasta ainda trabalha para elaborar o calend\u00e1rio oficial de distribui\u00e7\u00e3o do aux\u00edlio. \u201cMas j\u00e1 posso antecipar que o pagamento ocorrer\u00e1 a partir do in\u00edcio de abril. Aproximadamente entre 5 e 6 de abril, j\u00e1 buscamos viabilizar o in\u00edcio do pagamento do aux\u00edlio emergencial\u201d, disse \u00e0 r\u00e1dio baiana. Segundo o ministro, o [&hellip;]<\/p>\n","protected":false},"author":2,"featured_media":2747,"comment_status":"open","ping_status":"open","sticky":false,"template":"","format":"standard","meta":{"_jetpack_memberships_contains_paid_content":false,"footnotes":"","jetpack_publicize_message":"","jetpack_publicize_feature_enabled":true,"jetpack_social_post_already_shared":true,"jetpack_social_options":{"image_generator_settings":{"template":"highway","enabled":false},"version":2}},"categories":[2],"tags":[],"class_list":["post-5124","post","type-post","status-publish","format-standard","has-post-thumbnail","hentry","category-noticias"],"jetpack_publicize_connections":[],"yoast_head":"<!-- This site is optimized with the Yoast SEO plugin v24.7 - https:\/\/yoast.com\/wordpress\/plugins\/seo\/ -->\n<title>Ministro da Cidadania diz que aux\u00edlio ser\u00e1 pago a partir de 5 de abril - Serra FM 87,9<\/title>\n<meta name=\"robots\" content=\"index, follow, max-snippet:-1, max-image-preview:large, max-video-preview:-1\" \/>\n<link rel=\"canonical\" href=\"https:\/\/serrafm879.com.br\/serrafm\/2021\/03\/ministro-da-cidadania-diz-que-auxilio-sera-pago-partir-de-5-de-abril\/\" \/>\n<meta property=\"og:locale\" content=\"pt_BR\" \/>\n<meta property=\"og:type\" content=\"article\" \/>\n<meta property=\"og:title\" content=\"Ministro da Cidadania diz que aux\u00edlio ser\u00e1 pago a partir de 5 de abril - Serra FM 87,9\" \/>\n<meta property=\"og:description\" content=\"O novo ministro da Cidadania, Jo\u00e3o Roma Neto (Republicanos-BA), afirmou, ontem segunda-feira (22), que o novo aux\u00edlio emergencial ser\u00e1 pago a partir dos dias 5 e 6 de abril. A data para pagamento do benef\u00edcio foi divulgada pelo ministro durante participa\u00e7\u00e3o na r\u00e1dio Bahia Not\u00edcias. Segundo o ministro, a pasta ainda trabalha para elaborar o calend\u00e1rio oficial de distribui\u00e7\u00e3o do aux\u00edlio. \u201cMas j\u00e1 posso antecipar que o pagamento ocorrer\u00e1 a partir do in\u00edcio de abril. Aproximadamente entre 5 e 6 de abril, j\u00e1 buscamos viabilizar o in\u00edcio do pagamento do aux\u00edlio emergencial\u201d, disse \u00e0 r\u00e1dio baiana. Segundo o ministro, o [&hellip;]\" \/>\n<meta property=\"og:url\" content=\"https:\/\/serrafm879.com.br\/serrafm\/2021\/03\/ministro-da-cidadania-diz-que-auxilio-sera-pago-partir-de-5-de-abril\/\" \/>\n<meta property=\"og:site_name\" content=\"Serra FM 87,9\" \/>\n<meta property=\"article:published_time\" content=\"2021-03-23T10:35:20+00:00\" \/>\n<meta property=\"og:image\" content=\"https:\/\/serrafm879.com.br\/serrafm\/wp-content\/uploads\/2020\/05\/auxilio-coronavirus-.jpeg\" \/>\n\t<meta property=\"og:image:width\" content=\"660\" \/>\n\t<meta property=\"og:image:height\" content=\"360\" \/>\n\t<meta property=\"og:image:type\" content=\"image\/jpeg\" \/>\n<meta name=\"author\" content=\"serrafm87\" \/>\n<meta name=\"twitter:card\" content=\"summary_large_image\" \/>\n<meta name=\"twitter:label1\" content=\"Escrito por\" \/>\n\t<meta name=\"twitter:data1\" content=\"serrafm87\" \/>\n\t<meta name=\"twitter:label2\" content=\"Est. tempo de leitura\" \/>\n\t<meta name=\"twitter:data2\" content=\"1 minuto\" \/>\n<script type=\"application\/ld+json\" class=\"yoast-schema-graph\">{\"@context\":\"https:\/\/schema.org\",\"@graph\":[{\"@type\":\"WebPage\",\"@id\":\"https:\/\/serrafm879.com.br\/serrafm\/2021\/03\/ministro-da-cidadania-diz-que-auxilio-sera-pago-partir-de-5-de-abril\/\",\"url\":\"https:\/\/serrafm879.com.br\/serrafm\/2021\/03\/ministro-da-cidadania-diz-que-auxilio-sera-pago-partir-de-5-de-abril\/\",\"name\":\"Ministro da Cidadania diz que aux\u00edlio ser\u00e1 pago a partir de 5 de abril - Serra FM 87,9\",\"isPartOf\":{\"@id\":\"https:\/\/serrafm879.com.br\/serrafm\/#website\"},\"primaryImageOfPage\":{\"@id\":\"https:\/\/serrafm879.com.br\/serrafm\/2021\/03\/ministro-da-cidadania-diz-que-auxilio-sera-pago-partir-de-5-de-abril\/#primaryimage\"},\"image\":{\"@id\":\"https:\/\/serrafm879.com.br\/serrafm\/2021\/03\/ministro-da-cidadania-diz-que-auxilio-sera-pago-partir-de-5-de-abril\/#primaryimage\"},\"thumbnailUrl\":\"https:\/\/serrafm879.com.br\/serrafm\/wp-content\/uploads\/2020\/05\/auxilio-coronavirus-.jpeg\",\"datePublished\":\"2021-03-23T10:35:20+00:00\",\"author\":{\"@id\":\"https:\/\/serrafm879.com.br\/serrafm\/#\/schema\/person\/c028a197030ff8b1c03c68dfba4a787a\"},\"breadcrumb\":{\"@id\":\"https:\/\/serrafm879.com.br\/serrafm\/2021\/03\/ministro-da-cidadania-diz-que-auxilio-sera-pago-partir-de-5-de-abril\/#breadcrumb\"},\"inLanguage\":\"pt-BR\",\"potentialAction\":[{\"@type\":\"ReadAction\",\"target\":[\"https:\/\/serrafm879.com.br\/serrafm\/2021\/03\/ministro-da-cidadania-diz-que-auxilio-sera-pago-partir-de-5-de-abril\/\"]}]},{\"@type\":\"ImageObject\",\"inLanguage\":\"pt-BR\",\"@id\":\"https:\/\/serrafm879.com.br\/serrafm\/2021\/03\/ministro-da-cidadania-diz-que-auxilio-sera-pago-partir-de-5-de-abril\/#primaryimage\",\"url\":\"https:\/\/serrafm879.com.br\/serrafm\/wp-content\/uploads\/2020\/05\/auxilio-coronavirus-.jpeg\",\"contentUrl\":\"https:\/\/serrafm879.com.br\/serrafm\/wp-content\/uploads\/2020\/05\/auxilio-coronavirus-.jpeg\",\"width\":660,\"height\":360},{\"@type\":\"BreadcrumbList\",\"@id\":\"https:\/\/serrafm879.com.br\/serrafm\/2021\/03\/ministro-da-cidadania-diz-que-auxilio-sera-pago-partir-de-5-de-abril\/#breadcrumb\",\"itemListElement\":[{\"@type\":\"ListItem\",\"position\":1,\"name\":\"In\u00edcio\",\"item\":\"https:\/\/serrafm879.com.br\/serrafm\/\"},{\"@type\":\"ListItem\",\"position\":2,\"name\":\"Ministro da Cidadania diz que aux\u00edlio ser\u00e1 pago a partir de 5 de abril\"}]},{\"@type\":\"WebSite\",\"@id\":\"https:\/\/serrafm879.com.br\/serrafm\/#website\",\"url\":\"https:\/\/serrafm879.com.br\/serrafm\/\",\"name\":\"Serra FM 87,9\",\"description\":\"O seu novo amor!\",\"potentialAction\":[{\"@type\":\"SearchAction\",\"target\":{\"@type\":\"EntryPoint\",\"urlTemplate\":\"https:\/\/serrafm879.com.br\/serrafm\/?s={search_term_string}\"},\"query-input\":{\"@type\":\"PropertyValueSpecification\",\"valueRequired\":true,\"valueName\":\"search_term_string\"}}],\"inLanguage\":\"pt-BR\"},{\"@type\":\"Person\",\"@id\":\"https:\/\/serrafm879.com.br\/serrafm\/#\/schema\/person\/c028a197030ff8b1c03c68dfba4a787a\",\"name\":\"serrafm87\",\"image\":{\"@type\":\"ImageObject\",\"inLanguage\":\"pt-BR\",\"@id\":\"https:\/\/serrafm879.com.br\/serrafm\/#\/schema\/person\/image\/\",\"url\":\"https:\/\/secure.gravatar.com\/avatar\/a743233f1112d34f48bb3dc9559b76eb930bab8b27175856cba6362608736235?s=96&d=mm&r=g\",\"contentUrl\":\"https:\/\/secure.gravatar.com\/avatar\/a743233f1112d34f48bb3dc9559b76eb930bab8b27175856cba6362608736235?s=96&d=mm&r=g\",\"caption\":\"serrafm87\"},\"sameAs\":[\"http:\/\/serrafm879.com.br\/\"],\"url\":\"https:\/\/serrafm879.com.br\/serrafm\/author\/serrafm87\/\"}]}<\/script>\n<!-- \/ Yoast SEO plugin. -->","yoast_head_json":{"title":"Ministro da Cidadania diz que aux\u00edlio ser\u00e1 pago a partir de 5 de abril - Serra FM 87,9","robots":{"index":"index","follow":"follow","max-snippet":"max-snippet:-1","max-image-preview":"max-image-preview:large","max-video-preview":"max-video-preview:-1"},"canonical":"https:\/\/serrafm879.com.br\/serrafm\/2021\/03\/ministro-da-cidadania-diz-que-auxilio-sera-pago-partir-de-5-de-abril\/","og_locale":"pt_BR","og_type":"article","og_title":"Ministro da Cidadania diz que aux\u00edlio ser\u00e1 pago a partir de 5 de abril - Serra FM 87,9","og_description":"O novo ministro da Cidadania, Jo\u00e3o Roma Neto (Republicanos-BA), afirmou, ontem segunda-feira (22), que o novo aux\u00edlio emergencial ser\u00e1 pago a partir dos dias 5 e 6 de abril. A data para pagamento do benef\u00edcio foi divulgada pelo ministro durante participa\u00e7\u00e3o na r\u00e1dio Bahia Not\u00edcias. Segundo o ministro, a pasta ainda trabalha para elaborar o calend\u00e1rio oficial de distribui\u00e7\u00e3o do aux\u00edlio. \u201cMas j\u00e1 posso antecipar que o pagamento ocorrer\u00e1 a partir do in\u00edcio de abril. Aproximadamente entre 5 e 6 de abril, j\u00e1 buscamos viabilizar o in\u00edcio do pagamento do aux\u00edlio emergencial\u201d, disse \u00e0 r\u00e1dio baiana. Segundo o ministro, o [&hellip;]","og_url":"https:\/\/serrafm879.com.br\/serrafm\/2021\/03\/ministro-da-cidadania-diz-que-auxilio-sera-pago-partir-de-5-de-abril\/","og_site_name":"Serra FM 87,9","article_published_time":"2021-03-23T10:35:20+00:00","og_image":[{"width":660,"height":360,"url":"https:\/\/serrafm879.com.br\/serrafm\/wp-content\/uploads\/2020\/05\/auxilio-coronavirus-.jpeg","type":"image\/jpeg"}],"author":"serrafm87","twitter_card":"summary_large_image","twitter_misc":{"Escrito por":"serrafm87","Est. tempo de leitura":"1 minuto"},"schema":{"@context":"https:\/\/schema.org","@graph":[{"@type":"WebPage","@id":"https:\/\/serrafm879.com.br\/serrafm\/2021\/03\/ministro-da-cidadania-diz-que-auxilio-sera-pago-partir-de-5-de-abril\/","url":"https:\/\/serrafm879.com.br\/serrafm\/2021\/03\/ministro-da-cidadania-diz-que-auxilio-sera-pago-partir-de-5-de-abril\/","name":"Ministro da Cidadania diz que aux\u00edlio ser\u00e1 pago a partir de 5 de abril - Serra FM 87,9","isPartOf":{"@id":"https:\/\/serrafm879.com.br\/serrafm\/#website"},"primaryImageOfPage":{"@id":"https:\/\/serrafm879.com.br\/serrafm\/2021\/03\/ministro-da-cidadania-diz-que-auxilio-sera-pago-partir-de-5-de-abril\/#primaryimage"},"image":{"@id":"https:\/\/serrafm879.com.br\/serrafm\/2021\/03\/ministro-da-cidadania-diz-que-auxilio-sera-pago-partir-de-5-de-abril\/#primaryimage"},"thumbnailUrl":"https:\/\/serrafm879.com.br\/serrafm\/wp-content\/uploads\/2020\/05\/auxilio-coronavirus-.jpeg","datePublished":"2021-03-23T10:35:20+00:00","author":{"@id":"https:\/\/serrafm879.com.br\/serrafm\/#\/schema\/person\/c028a197030ff8b1c03c68dfba4a787a"},"breadcrumb":{"@id":"https:\/\/serrafm879.com.br\/serrafm\/2021\/03\/ministro-da-cidadania-diz-que-auxilio-sera-pago-partir-de-5-de-abril\/#breadcrumb"},"inLanguage":"pt-BR","potentialAction":[{"@type":"ReadAction","target":["https:\/\/serrafm879.com.br\/serrafm\/2021\/03\/ministro-da-cidadania-diz-que-auxilio-sera-pago-partir-de-5-de-abril\/"]}]},{"@type":"ImageObject","inLanguage":"pt-BR","@id":"https:\/\/serrafm879.com.br\/serrafm\/2021\/03\/ministro-da-cidadania-diz-que-auxilio-sera-pago-partir-de-5-de-abril\/#primaryimage","url":"https:\/\/serrafm879.com.br\/serrafm\/wp-content\/uploads\/2020\/05\/auxilio-coronavirus-.jpeg","contentUrl":"https:\/\/serrafm879.com.br\/serrafm\/wp-content\/uploads\/2020\/05\/auxilio-coronavirus-.jpeg","width":660,"height":360},{"@type":"BreadcrumbList","@id":"https:\/\/serrafm879.com.br\/serrafm\/2021\/03\/ministro-da-cidadania-diz-que-auxilio-sera-pago-partir-de-5-de-abril\/#breadcrumb","itemListElement":[{"@type":"ListItem","position":1,"name":"In\u00edcio","item":"https:\/\/serrafm879.com.br\/serrafm\/"},{"@type":"ListItem","position":2,"name":"Ministro da Cidadania diz que aux\u00edlio ser\u00e1 pago a partir de 5 de abril"}]},{"@type":"WebSite","@id":"https:\/\/serrafm879.com.br\/serrafm\/#website","url":"https:\/\/serrafm879.com.br\/serrafm\/","name":"Serra FM 87,9","description":"O seu novo amor!","potentialAction":[{"@type":"SearchAction","target":{"@type":"EntryPoint","urlTemplate":"https:\/\/serrafm879.com.br\/serrafm\/?s={search_term_string}"},"query-input":{"@type":"PropertyValueSpecification","valueRequired":true,"valueName":"search_term_string"}}],"inLanguage":"pt-BR"},{"@type":"Person","@id":"https:\/\/serrafm879.com.br\/serrafm\/#\/schema\/person\/c028a197030ff8b1c03c68dfba4a787a","name":"serrafm87","image":{"@type":"ImageObject","inLanguage":"pt-BR","@id":"https:\/\/serrafm879.com.br\/serrafm\/#\/schema\/person\/image\/","url":"https:\/\/secure.gravatar.com\/avatar\/a743233f1112d34f48bb3dc9559b76eb930bab8b27175856cba6362608736235?s=96&d=mm&r=g","contentUrl":"https:\/\/secure.gravatar.com\/avatar\/a743233f1112d34f48bb3dc9559b76eb930bab8b27175856cba6362608736235?s=96&d=mm&r=g","caption":"serrafm87"},"sameAs":["http:\/\/serrafm879.com.br\/"],"url":"https:\/\/serrafm879.com.br\/serrafm\/author\/serrafm87\/"}]}},"jetpack_featured_media_url":"https:\/\/serrafm879.com.br\/serrafm\/wp-content\/uploads\/2020\/05\/auxilio-coronavirus-.jpeg","jetpack_shortlink":"https:\/\/wp.me\/p7HyXg-1kE","jetpack_sharing_enabled":true,"_links":{"self":[{"href":"https:\/\/serrafm879.com.br\/serrafm\/wp-json\/wp\/v2\/posts\/5124","targetHints":{"allow":["GET"]}}],"collection":[{"href":"https:\/\/serrafm879.com.br\/serrafm\/wp-json\/wp\/v2\/posts"}],"about":[{"href":"https:\/\/serrafm879.com.br\/serrafm\/wp-json\/wp\/v2\/types\/post"}],"author":[{"embeddable":true,"href":"https:\/\/serrafm879.com.br\/serrafm\/wp-json\/wp\/v2\/users\/2"}],"replies":[{"embeddable":true,"href":"https:\/\/serrafm879.com.br\/serrafm\/wp-json\/wp\/v2\/comments?post=5124"}],"version-history":[{"count":1,"href":"https:\/\/serrafm879.com.br\/serrafm\/wp-json\/wp\/v2\/posts\/5124\/revisions"}],"predecessor-version":[{"id":5125,"href":"https:\/\/serrafm879.com.br\/serrafm\/wp-json\/wp\/v2\/posts\/5124\/revisions\/5125"}],"wp:featuredmedia":[{"embeddable":true,"href":"https:\/\/serrafm879.com.br\/serrafm\/wp-json\/wp\/v2\/media\/2747"}],"wp:attachment":[{"href":"https:\/\/serrafm879.com.br\/serrafm\/wp-json\/wp\/v2\/media?parent=5124"}],"wp:term":[{"taxonomy":"category","embeddable":true,"href":"https:\/\/serrafm879.com.br\/serrafm\/wp-json\/wp\/v2\/categories?post=5124"},{"taxonomy":"post_tag","embeddable":true,"href":"https:\/\/serrafm879.com.br\/serrafm\/wp-json\/wp\/v2\/tags?post=5124"}],"curies":[{"name":"wp","href":"https:\/\/api.w.org\/{rel}","templated":true}]}}