{"id":5657,"date":"2021-04-23T08:03:30","date_gmt":"2021-04-23T11:03:30","guid":{"rendered":"https:\/?p=5657"},"modified":"2021-04-23T08:03:30","modified_gmt":"2021-04-23T11:03:30","slug":"empregados-da-caixa-aprovam-estado-de-greve-e-paralisacao-na-proxima-terca-feira-27","status":"publish","type":"post","link":"https:\/\/serrafm879.com.br\/serrafm\/2021\/04\/empregados-da-caixa-aprovam-estado-de-greve-e-paralisacao-na-proxima-terca-feira-27\/","title":{"rendered":"Empregados da Caixa aprovam estado de greve e paralisa\u00e7\u00e3o na pr\u00f3xima ter\u00e7a-feira (27)"},"content":{"rendered":"<p>Os empregados da Caixa Econ\u00f4mica Federal aprovaram, nessa quinta-feira (22), estado de greve. Ainda foi deliberada uma paralisa\u00e7\u00e3o de 24 horas na pr\u00f3xima ter\u00e7a-feira (27) em todo o Pa\u00eds.<\/p>\n<p>Com o estado de greve, os funcion\u00e1rios podem deflagrar greve a qualquer momento.<\/p>\n<p>De acordo com o Sindicato dos Banc\u00e1rios de Pernambuco, no Estado, 82,73% dos funcion\u00e1rios da Caixa aprovaram a delibera\u00e7\u00e3o em assembleia virtual realizada nessa quinta.<\/p>\n<p>&#8220;A mobiliza\u00e7\u00e3o tem como objetivo denunciar a venda de fatias do banco 100% p\u00fablico, que acontece com a precifica\u00e7\u00e3o do IPO da Caixa Seguridade, primeiro passo para a privatiza\u00e7\u00e3o da empresa p\u00fablica. Al\u00e9m do IPO da Caixa, o governo e o presidente da Caixa, Pedro Guimar\u00e3es, atuam para a venda de outras partes do banco &#8211; Caixa Cart\u00f5es, Gest\u00e3o de Recursos e Loterias&#8221;, informou o sindicato local.<\/p>\n<p>Na paralisa\u00e7\u00e3o da ter\u00e7a-feira, haver\u00e1\u00a0reuni\u00f5es nos locais de trabalho e protesto em ag\u00eancias estrat\u00e9gicas para dialogar com os empregados e a popula\u00e7\u00e3o de um modo geral.<\/p>\n","protected":false},"excerpt":{"rendered":"<p>Os empregados da Caixa Econ\u00f4mica Federal aprovaram, nessa quinta-feira (22), estado de greve. Ainda foi deliberada uma paralisa\u00e7\u00e3o de 24 horas na pr\u00f3xima ter\u00e7a-feira (27) em todo o Pa\u00eds. Com o estado de greve, os funcion\u00e1rios podem deflagrar greve a qualquer momento. De acordo com o Sindicato dos Banc\u00e1rios de Pernambuco, no Estado, 82,73% dos funcion\u00e1rios da Caixa aprovaram a delibera\u00e7\u00e3o em assembleia virtual realizada nessa quinta. &#8220;A mobiliza\u00e7\u00e3o tem como objetivo denunciar a venda de fatias do banco 100% p\u00fablico, que acontece com a precifica\u00e7\u00e3o do IPO da Caixa Seguridade, primeiro passo para a privatiza\u00e7\u00e3o da empresa p\u00fablica. Al\u00e9m [&hellip;]<\/p>\n","protected":false},"author":2,"featured_media":4483,"comment_status":"open","ping_status":"open","sticky":false,"template":"","format":"standard","meta":{"_jetpack_memberships_contains_paid_content":false,"footnotes":"","jetpack_publicize_message":"","jetpack_publicize_feature_enabled":true,"jetpack_social_post_already_shared":true,"jetpack_social_options":{"image_generator_settings":{"template":"highway","enabled":false},"version":2}},"categories":[2],"tags":[],"class_list":["post-5657","post","type-post","status-publish","format-standard","has-post-thumbnail","hentry","category-noticias"],"jetpack_publicize_connections":[],"yoast_head":"<!-- This site is optimized with the Yoast SEO plugin v24.7 - https:\/\/yoast.com\/wordpress\/plugins\/seo\/ -->\n<title>Empregados da Caixa aprovam estado de greve e paralisa\u00e7\u00e3o na pr\u00f3xima ter\u00e7a-feira (27) - Serra FM 87,9<\/title>\n<meta name=\"robots\" content=\"index, follow, max-snippet:-1, max-image-preview:large, max-video-preview:-1\" \/>\n<link rel=\"canonical\" href=\"https:\/\/serrafm879.com.br\/serrafm\/2021\/04\/empregados-da-caixa-aprovam-estado-de-greve-e-paralisacao-na-proxima-terca-feira-27\/\" \/>\n<meta property=\"og:locale\" content=\"pt_BR\" \/>\n<meta property=\"og:type\" content=\"article\" \/>\n<meta property=\"og:title\" content=\"Empregados da Caixa aprovam estado de greve e paralisa\u00e7\u00e3o na pr\u00f3xima ter\u00e7a-feira (27) - Serra FM 87,9\" \/>\n<meta property=\"og:description\" content=\"Os empregados da Caixa Econ\u00f4mica Federal aprovaram, nessa quinta-feira (22), estado de greve. Ainda foi deliberada uma paralisa\u00e7\u00e3o de 24 horas na pr\u00f3xima ter\u00e7a-feira (27) em todo o Pa\u00eds. Com o estado de greve, os funcion\u00e1rios podem deflagrar greve a qualquer momento. De acordo com o Sindicato dos Banc\u00e1rios de Pernambuco, no Estado, 82,73% dos funcion\u00e1rios da Caixa aprovaram a delibera\u00e7\u00e3o em assembleia virtual realizada nessa quinta. &#8220;A mobiliza\u00e7\u00e3o tem como objetivo denunciar a venda de fatias do banco 100% p\u00fablico, que acontece com a precifica\u00e7\u00e3o do IPO da Caixa Seguridade, primeiro passo para a privatiza\u00e7\u00e3o da empresa p\u00fablica. Al\u00e9m [&hellip;]\" \/>\n<meta property=\"og:url\" content=\"https:\/\/serrafm879.com.br\/serrafm\/2021\/04\/empregados-da-caixa-aprovam-estado-de-greve-e-paralisacao-na-proxima-terca-feira-27\/\" \/>\n<meta property=\"og:site_name\" content=\"Serra FM 87,9\" \/>\n<meta property=\"article:published_time\" content=\"2021-04-23T11:03:30+00:00\" \/>\n<meta property=\"og:image\" content=\"https:\/\/serrafm879.com.br\/serrafm\/wp-content\/uploads\/2021\/02\/caixa.jpg\" \/>\n\t<meta property=\"og:image:width\" content=\"1100\" \/>\n\t<meta property=\"og:image:height\" content=\"659\" \/>\n\t<meta property=\"og:image:type\" content=\"image\/jpeg\" \/>\n<meta name=\"author\" content=\"serrafm87\" \/>\n<meta name=\"twitter:card\" content=\"summary_large_image\" \/>\n<meta name=\"twitter:label1\" content=\"Escrito por\" \/>\n\t<meta name=\"twitter:data1\" content=\"serrafm87\" \/>\n\t<meta name=\"twitter:label2\" content=\"Est. tempo de leitura\" \/>\n\t<meta name=\"twitter:data2\" content=\"1 minuto\" \/>\n<script type=\"application\/ld+json\" class=\"yoast-schema-graph\">{\"@context\":\"https:\/\/schema.org\",\"@graph\":[{\"@type\":\"WebPage\",\"@id\":\"https:\/\/serrafm879.com.br\/serrafm\/2021\/04\/empregados-da-caixa-aprovam-estado-de-greve-e-paralisacao-na-proxima-terca-feira-27\/\",\"url\":\"https:\/\/serrafm879.com.br\/serrafm\/2021\/04\/empregados-da-caixa-aprovam-estado-de-greve-e-paralisacao-na-proxima-terca-feira-27\/\",\"name\":\"Empregados da Caixa aprovam estado de greve e paralisa\u00e7\u00e3o na pr\u00f3xima ter\u00e7a-feira (27) - Serra FM 87,9\",\"isPartOf\":{\"@id\":\"https:\/\/serrafm879.com.br\/serrafm\/#website\"},\"primaryImageOfPage\":{\"@id\":\"https:\/\/serrafm879.com.br\/serrafm\/2021\/04\/empregados-da-caixa-aprovam-estado-de-greve-e-paralisacao-na-proxima-terca-feira-27\/#primaryimage\"},\"image\":{\"@id\":\"https:\/\/serrafm879.com.br\/serrafm\/2021\/04\/empregados-da-caixa-aprovam-estado-de-greve-e-paralisacao-na-proxima-terca-feira-27\/#primaryimage\"},\"thumbnailUrl\":\"https:\/\/serrafm879.com.br\/serrafm\/wp-content\/uploads\/2021\/02\/caixa.jpg\",\"datePublished\":\"2021-04-23T11:03:30+00:00\",\"author\":{\"@id\":\"https:\/\/serrafm879.com.br\/serrafm\/#\/schema\/person\/c028a197030ff8b1c03c68dfba4a787a\"},\"breadcrumb\":{\"@id\":\"https:\/\/serrafm879.com.br\/serrafm\/2021\/04\/empregados-da-caixa-aprovam-estado-de-greve-e-paralisacao-na-proxima-terca-feira-27\/#breadcrumb\"},\"inLanguage\":\"pt-BR\",\"potentialAction\":[{\"@type\":\"ReadAction\",\"target\":[\"https:\/\/serrafm879.com.br\/serrafm\/2021\/04\/empregados-da-caixa-aprovam-estado-de-greve-e-paralisacao-na-proxima-terca-feira-27\/\"]}]},{\"@type\":\"ImageObject\",\"inLanguage\":\"pt-BR\",\"@id\":\"https:\/\/serrafm879.com.br\/serrafm\/2021\/04\/empregados-da-caixa-aprovam-estado-de-greve-e-paralisacao-na-proxima-terca-feira-27\/#primaryimage\",\"url\":\"https:\/\/serrafm879.com.br\/serrafm\/wp-content\/uploads\/2021\/02\/caixa.jpg\",\"contentUrl\":\"https:\/\/serrafm879.com.br\/serrafm\/wp-content\/uploads\/2021\/02\/caixa.jpg\",\"width\":1100,\"height\":659},{\"@type\":\"BreadcrumbList\",\"@id\":\"https:\/\/serrafm879.com.br\/serrafm\/2021\/04\/empregados-da-caixa-aprovam-estado-de-greve-e-paralisacao-na-proxima-terca-feira-27\/#breadcrumb\",\"itemListElement\":[{\"@type\":\"ListItem\",\"position\":1,\"name\":\"In\u00edcio\",\"item\":\"https:\/\/serrafm879.com.br\/serrafm\/\"},{\"@type\":\"ListItem\",\"position\":2,\"name\":\"Empregados da Caixa aprovam estado de greve e paralisa\u00e7\u00e3o na pr\u00f3xima ter\u00e7a-feira (27)\"}]},{\"@type\":\"WebSite\",\"@id\":\"https:\/\/serrafm879.com.br\/serrafm\/#website\",\"url\":\"https:\/\/serrafm879.com.br\/serrafm\/\",\"name\":\"Serra FM 87,9\",\"description\":\"O seu novo amor!\",\"potentialAction\":[{\"@type\":\"SearchAction\",\"target\":{\"@type\":\"EntryPoint\",\"urlTemplate\":\"https:\/\/serrafm879.com.br\/serrafm\/?s={search_term_string}\"},\"query-input\":{\"@type\":\"PropertyValueSpecification\",\"valueRequired\":true,\"valueName\":\"search_term_string\"}}],\"inLanguage\":\"pt-BR\"},{\"@type\":\"Person\",\"@id\":\"https:\/\/serrafm879.com.br\/serrafm\/#\/schema\/person\/c028a197030ff8b1c03c68dfba4a787a\",\"name\":\"serrafm87\",\"image\":{\"@type\":\"ImageObject\",\"inLanguage\":\"pt-BR\",\"@id\":\"https:\/\/serrafm879.com.br\/serrafm\/#\/schema\/person\/image\/\",\"url\":\"https:\/\/secure.gravatar.com\/avatar\/a743233f1112d34f48bb3dc9559b76eb930bab8b27175856cba6362608736235?s=96&d=mm&r=g\",\"contentUrl\":\"https:\/\/secure.gravatar.com\/avatar\/a743233f1112d34f48bb3dc9559b76eb930bab8b27175856cba6362608736235?s=96&d=mm&r=g\",\"caption\":\"serrafm87\"},\"sameAs\":[\"http:\/\/serrafm879.com.br\/\"],\"url\":\"https:\/\/serrafm879.com.br\/serrafm\/author\/serrafm87\/\"}]}<\/script>\n<!-- \/ Yoast SEO plugin. -->","yoast_head_json":{"title":"Empregados da Caixa aprovam estado de greve e paralisa\u00e7\u00e3o na pr\u00f3xima ter\u00e7a-feira (27) - Serra FM 87,9","robots":{"index":"index","follow":"follow","max-snippet":"max-snippet:-1","max-image-preview":"max-image-preview:large","max-video-preview":"max-video-preview:-1"},"canonical":"https:\/\/serrafm879.com.br\/serrafm\/2021\/04\/empregados-da-caixa-aprovam-estado-de-greve-e-paralisacao-na-proxima-terca-feira-27\/","og_locale":"pt_BR","og_type":"article","og_title":"Empregados da Caixa aprovam estado de greve e paralisa\u00e7\u00e3o na pr\u00f3xima ter\u00e7a-feira (27) - Serra FM 87,9","og_description":"Os empregados da Caixa Econ\u00f4mica Federal aprovaram, nessa quinta-feira (22), estado de greve. Ainda foi deliberada uma paralisa\u00e7\u00e3o de 24 horas na pr\u00f3xima ter\u00e7a-feira (27) em todo o Pa\u00eds. Com o estado de greve, os funcion\u00e1rios podem deflagrar greve a qualquer momento. De acordo com o Sindicato dos Banc\u00e1rios de Pernambuco, no Estado, 82,73% dos funcion\u00e1rios da Caixa aprovaram a delibera\u00e7\u00e3o em assembleia virtual realizada nessa quinta. &#8220;A mobiliza\u00e7\u00e3o tem como objetivo denunciar a venda de fatias do banco 100% p\u00fablico, que acontece com a precifica\u00e7\u00e3o do IPO da Caixa Seguridade, primeiro passo para a privatiza\u00e7\u00e3o da empresa p\u00fablica. Al\u00e9m [&hellip;]","og_url":"https:\/\/serrafm879.com.br\/serrafm\/2021\/04\/empregados-da-caixa-aprovam-estado-de-greve-e-paralisacao-na-proxima-terca-feira-27\/","og_site_name":"Serra FM 87,9","article_published_time":"2021-04-23T11:03:30+00:00","og_image":[{"width":1100,"height":659,"url":"https:\/\/serrafm879.com.br\/serrafm\/wp-content\/uploads\/2021\/02\/caixa.jpg","type":"image\/jpeg"}],"author":"serrafm87","twitter_card":"summary_large_image","twitter_misc":{"Escrito por":"serrafm87","Est. tempo de leitura":"1 minuto"},"schema":{"@context":"https:\/\/schema.org","@graph":[{"@type":"WebPage","@id":"https:\/\/serrafm879.com.br\/serrafm\/2021\/04\/empregados-da-caixa-aprovam-estado-de-greve-e-paralisacao-na-proxima-terca-feira-27\/","url":"https:\/\/serrafm879.com.br\/serrafm\/2021\/04\/empregados-da-caixa-aprovam-estado-de-greve-e-paralisacao-na-proxima-terca-feira-27\/","name":"Empregados da Caixa aprovam estado de greve e paralisa\u00e7\u00e3o na pr\u00f3xima ter\u00e7a-feira (27) - Serra FM 87,9","isPartOf":{"@id":"https:\/\/serrafm879.com.br\/serrafm\/#website"},"primaryImageOfPage":{"@id":"https:\/\/serrafm879.com.br\/serrafm\/2021\/04\/empregados-da-caixa-aprovam-estado-de-greve-e-paralisacao-na-proxima-terca-feira-27\/#primaryimage"},"image":{"@id":"https:\/\/serrafm879.com.br\/serrafm\/2021\/04\/empregados-da-caixa-aprovam-estado-de-greve-e-paralisacao-na-proxima-terca-feira-27\/#primaryimage"},"thumbnailUrl":"https:\/\/serrafm879.com.br\/serrafm\/wp-content\/uploads\/2021\/02\/caixa.jpg","datePublished":"2021-04-23T11:03:30+00:00","author":{"@id":"https:\/\/serrafm879.com.br\/serrafm\/#\/schema\/person\/c028a197030ff8b1c03c68dfba4a787a"},"breadcrumb":{"@id":"https:\/\/serrafm879.com.br\/serrafm\/2021\/04\/empregados-da-caixa-aprovam-estado-de-greve-e-paralisacao-na-proxima-terca-feira-27\/#breadcrumb"},"inLanguage":"pt-BR","potentialAction":[{"@type":"ReadAction","target":["https:\/\/serrafm879.com.br\/serrafm\/2021\/04\/empregados-da-caixa-aprovam-estado-de-greve-e-paralisacao-na-proxima-terca-feira-27\/"]}]},{"@type":"ImageObject","inLanguage":"pt-BR","@id":"https:\/\/serrafm879.com.br\/serrafm\/2021\/04\/empregados-da-caixa-aprovam-estado-de-greve-e-paralisacao-na-proxima-terca-feira-27\/#primaryimage","url":"https:\/\/serrafm879.com.br\/serrafm\/wp-content\/uploads\/2021\/02\/caixa.jpg","contentUrl":"https:\/\/serrafm879.com.br\/serrafm\/wp-content\/uploads\/2021\/02\/caixa.jpg","width":1100,"height":659},{"@type":"BreadcrumbList","@id":"https:\/\/serrafm879.com.br\/serrafm\/2021\/04\/empregados-da-caixa-aprovam-estado-de-greve-e-paralisacao-na-proxima-terca-feira-27\/#breadcrumb","itemListElement":[{"@type":"ListItem","position":1,"name":"In\u00edcio","item":"https:\/\/serrafm879.com.br\/serrafm\/"},{"@type":"ListItem","position":2,"name":"Empregados da Caixa aprovam estado de greve e paralisa\u00e7\u00e3o na pr\u00f3xima ter\u00e7a-feira (27)"}]},{"@type":"WebSite","@id":"https:\/\/serrafm879.com.br\/serrafm\/#website","url":"https:\/\/serrafm879.com.br\/serrafm\/","name":"Serra FM 87,9","description":"O seu novo amor!","potentialAction":[{"@type":"SearchAction","target":{"@type":"EntryPoint","urlTemplate":"https:\/\/serrafm879.com.br\/serrafm\/?s={search_term_string}"},"query-input":{"@type":"PropertyValueSpecification","valueRequired":true,"valueName":"search_term_string"}}],"inLanguage":"pt-BR"},{"@type":"Person","@id":"https:\/\/serrafm879.com.br\/serrafm\/#\/schema\/person\/c028a197030ff8b1c03c68dfba4a787a","name":"serrafm87","image":{"@type":"ImageObject","inLanguage":"pt-BR","@id":"https:\/\/serrafm879.com.br\/serrafm\/#\/schema\/person\/image\/","url":"https:\/\/secure.gravatar.com\/avatar\/a743233f1112d34f48bb3dc9559b76eb930bab8b27175856cba6362608736235?s=96&d=mm&r=g","contentUrl":"https:\/\/secure.gravatar.com\/avatar\/a743233f1112d34f48bb3dc9559b76eb930bab8b27175856cba6362608736235?s=96&d=mm&r=g","caption":"serrafm87"},"sameAs":["http:\/\/serrafm879.com.br\/"],"url":"https:\/\/serrafm879.com.br\/serrafm\/author\/serrafm87\/"}]}},"jetpack_featured_media_url":"https:\/\/serrafm879.com.br\/serrafm\/wp-content\/uploads\/2021\/02\/caixa.jpg","jetpack_shortlink":"https:\/\/wp.me\/p7HyXg-1tf","jetpack_sharing_enabled":true,"_links":{"self":[{"href":"https:\/\/serrafm879.com.br\/serrafm\/wp-json\/wp\/v2\/posts\/5657","targetHints":{"allow":["GET"]}}],"collection":[{"href":"https:\/\/serrafm879.com.br\/serrafm\/wp-json\/wp\/v2\/posts"}],"about":[{"href":"https:\/\/serrafm879.com.br\/serrafm\/wp-json\/wp\/v2\/types\/post"}],"author":[{"embeddable":true,"href":"https:\/\/serrafm879.com.br\/serrafm\/wp-json\/wp\/v2\/users\/2"}],"replies":[{"embeddable":true,"href":"https:\/\/serrafm879.com.br\/serrafm\/wp-json\/wp\/v2\/comments?post=5657"}],"version-history":[{"count":1,"href":"https:\/\/serrafm879.com.br\/serrafm\/wp-json\/wp\/v2\/posts\/5657\/revisions"}],"predecessor-version":[{"id":5658,"href":"https:\/\/serrafm879.com.br\/serrafm\/wp-json\/wp\/v2\/posts\/5657\/revisions\/5658"}],"wp:featuredmedia":[{"embeddable":true,"href":"https:\/\/serrafm879.com.br\/serrafm\/wp-json\/wp\/v2\/media\/4483"}],"wp:attachment":[{"href":"https:\/\/serrafm879.com.br\/serrafm\/wp-json\/wp\/v2\/media?parent=5657"}],"wp:term":[{"taxonomy":"category","embeddable":true,"href":"https:\/\/serrafm879.com.br\/serrafm\/wp-json\/wp\/v2\/categories?post=5657"},{"taxonomy":"post_tag","embeddable":true,"href":"https:\/\/serrafm879.com.br\/serrafm\/wp-json\/wp\/v2\/tags?post=5657"}],"curies":[{"name":"wp","href":"https:\/\/api.w.org\/{rel}","templated":true}]}}