{"id":5709,"date":"2021-04-29T07:23:09","date_gmt":"2021-04-29T10:23:09","guid":{"rendered":"https:\/?p=5709"},"modified":"2021-04-29T07:23:09","modified_gmt":"2021-04-29T10:23:09","slug":"trf-4-revoga-prisao-de-eduardo-cunha","status":"publish","type":"post","link":"https:\/\/serrafm879.com.br\/serrafm\/2021\/04\/trf-4-revoga-prisao-de-eduardo-cunha\/","title":{"rendered":"TRF-4 revoga a pris\u00e3o de Eduardo Cunha"},"content":{"rendered":"<p>O Tribunal Regional Federal da 4\u00aa Regi\u00e3o (TRF-4) revogou nesta quarta-feira (28) a pris\u00e3o do ex-presidente da C\u00e2mara\u00a0Eduardo Cunha. Com a decis\u00e3o, o ex-deputado, que cumpria pris\u00e3o em regime domiciliar, poder\u00e1 deixar de usar tornozeleira eletr\u00f4nica, mas seu passaporte seguir\u00e1 retido.<\/p>\n<p>Apesar da decis\u00e3o do TRF-4 desta quarta-feira, o ex-deputado seguir\u00e1 em casa, devido a uma cautelar de recolhimento domiciliar contra ele oriunda da opera\u00e7\u00e3o Sepsis, que apura desvios na Caixa Econ\u00f4mica Federal.<\/p>\n<p>O habeas corpus do TRF-4 tamb\u00e9m determina a retirada da tornozeleira eletr\u00f4nica. A partir de agora, os advogados de Cunha far\u00e3o uma consulta ao TRF-1 (Tribunal Regional Federal da 1\u00aa Regi\u00e3o), em Bras\u00edlia, para saber quais s\u00e3o as condi\u00e7\u00f5es da pris\u00e3o preventiva determinada por esse tribunal no \u00e2mbito da Sepsis. N\u00e3o h\u00e1, inclusive, uma defini\u00e7\u00e3o sobre o uso do aparelho de monitoramento.<\/p>\n<p>A decis\u00e3o de revogar a pris\u00e3o preventiva do ex-deputado, que foi un\u00e2nime no tribunal, atendeu a um pedido de habeas corpus impetrado pela defesa de Cunha.<\/p>\n<p>Fonte: CNN<\/p>\n","protected":false},"excerpt":{"rendered":"<p>O Tribunal Regional Federal da 4\u00aa Regi\u00e3o (TRF-4) revogou nesta quarta-feira (28) a pris\u00e3o do ex-presidente da C\u00e2mara\u00a0Eduardo Cunha. Com a decis\u00e3o, o ex-deputado, que cumpria pris\u00e3o em regime domiciliar, poder\u00e1 deixar de usar tornozeleira eletr\u00f4nica, mas seu passaporte seguir\u00e1 retido. Apesar da decis\u00e3o do TRF-4 desta quarta-feira, o ex-deputado seguir\u00e1 em casa, devido a uma cautelar de recolhimento domiciliar contra ele oriunda da opera\u00e7\u00e3o Sepsis, que apura desvios na Caixa Econ\u00f4mica Federal. O habeas corpus do TRF-4 tamb\u00e9m determina a retirada da tornozeleira eletr\u00f4nica. A partir de agora, os advogados de Cunha far\u00e3o uma consulta ao TRF-1 (Tribunal Regional [&hellip;]<\/p>\n","protected":false},"author":2,"featured_media":5710,"comment_status":"open","ping_status":"open","sticky":false,"template":"","format":"standard","meta":{"_jetpack_memberships_contains_paid_content":false,"footnotes":"","jetpack_publicize_message":"","jetpack_publicize_feature_enabled":true,"jetpack_social_post_already_shared":true,"jetpack_social_options":{"image_generator_settings":{"template":"highway","enabled":false},"version":2}},"categories":[2],"tags":[],"class_list":["post-5709","post","type-post","status-publish","format-standard","has-post-thumbnail","hentry","category-noticias"],"jetpack_publicize_connections":[],"yoast_head":"<!-- This site is optimized with the Yoast SEO plugin v24.7 - https:\/\/yoast.com\/wordpress\/plugins\/seo\/ -->\n<title>TRF-4 revoga a pris\u00e3o de Eduardo Cunha - Serra FM 87,9<\/title>\n<meta name=\"robots\" content=\"index, follow, max-snippet:-1, max-image-preview:large, max-video-preview:-1\" \/>\n<link rel=\"canonical\" href=\"https:\/\/serrafm879.com.br\/serrafm\/2021\/04\/trf-4-revoga-prisao-de-eduardo-cunha\/\" \/>\n<meta property=\"og:locale\" content=\"pt_BR\" \/>\n<meta property=\"og:type\" content=\"article\" \/>\n<meta property=\"og:title\" content=\"TRF-4 revoga a pris\u00e3o de Eduardo Cunha - Serra FM 87,9\" \/>\n<meta property=\"og:description\" content=\"O Tribunal Regional Federal da 4\u00aa Regi\u00e3o (TRF-4) revogou nesta quarta-feira (28) a pris\u00e3o do ex-presidente da C\u00e2mara\u00a0Eduardo Cunha. Com a decis\u00e3o, o ex-deputado, que cumpria pris\u00e3o em regime domiciliar, poder\u00e1 deixar de usar tornozeleira eletr\u00f4nica, mas seu passaporte seguir\u00e1 retido. Apesar da decis\u00e3o do TRF-4 desta quarta-feira, o ex-deputado seguir\u00e1 em casa, devido a uma cautelar de recolhimento domiciliar contra ele oriunda da opera\u00e7\u00e3o Sepsis, que apura desvios na Caixa Econ\u00f4mica Federal. O habeas corpus do TRF-4 tamb\u00e9m determina a retirada da tornozeleira eletr\u00f4nica. A partir de agora, os advogados de Cunha far\u00e3o uma consulta ao TRF-1 (Tribunal Regional [&hellip;]\" \/>\n<meta property=\"og:url\" content=\"https:\/\/serrafm879.com.br\/serrafm\/2021\/04\/trf-4-revoga-prisao-de-eduardo-cunha\/\" \/>\n<meta property=\"og:site_name\" content=\"Serra FM 87,9\" \/>\n<meta property=\"article:published_time\" content=\"2021-04-29T10:23:09+00:00\" \/>\n<meta property=\"og:image\" content=\"https:\/\/serrafm879.com.br\/serrafm\/wp-content\/uploads\/2021\/04\/eduardocunha.jpg\" \/>\n\t<meta property=\"og:image:width\" content=\"300\" \/>\n\t<meta property=\"og:image:height\" content=\"180\" \/>\n\t<meta property=\"og:image:type\" content=\"image\/jpeg\" \/>\n<meta name=\"author\" content=\"serrafm87\" \/>\n<meta name=\"twitter:card\" content=\"summary_large_image\" \/>\n<meta name=\"twitter:label1\" content=\"Escrito por\" \/>\n\t<meta name=\"twitter:data1\" content=\"serrafm87\" \/>\n\t<meta name=\"twitter:label2\" content=\"Est. tempo de leitura\" \/>\n\t<meta name=\"twitter:data2\" content=\"1 minuto\" \/>\n<script type=\"application\/ld+json\" class=\"yoast-schema-graph\">{\"@context\":\"https:\/\/schema.org\",\"@graph\":[{\"@type\":\"WebPage\",\"@id\":\"https:\/\/serrafm879.com.br\/serrafm\/2021\/04\/trf-4-revoga-prisao-de-eduardo-cunha\/\",\"url\":\"https:\/\/serrafm879.com.br\/serrafm\/2021\/04\/trf-4-revoga-prisao-de-eduardo-cunha\/\",\"name\":\"TRF-4 revoga a pris\u00e3o de Eduardo Cunha - Serra FM 87,9\",\"isPartOf\":{\"@id\":\"https:\/\/serrafm879.com.br\/serrafm\/#website\"},\"primaryImageOfPage\":{\"@id\":\"https:\/\/serrafm879.com.br\/serrafm\/2021\/04\/trf-4-revoga-prisao-de-eduardo-cunha\/#primaryimage\"},\"image\":{\"@id\":\"https:\/\/serrafm879.com.br\/serrafm\/2021\/04\/trf-4-revoga-prisao-de-eduardo-cunha\/#primaryimage\"},\"thumbnailUrl\":\"https:\/\/serrafm879.com.br\/serrafm\/wp-content\/uploads\/2021\/04\/eduardocunha.jpg\",\"datePublished\":\"2021-04-29T10:23:09+00:00\",\"author\":{\"@id\":\"https:\/\/serrafm879.com.br\/serrafm\/#\/schema\/person\/c028a197030ff8b1c03c68dfba4a787a\"},\"breadcrumb\":{\"@id\":\"https:\/\/serrafm879.com.br\/serrafm\/2021\/04\/trf-4-revoga-prisao-de-eduardo-cunha\/#breadcrumb\"},\"inLanguage\":\"pt-BR\",\"potentialAction\":[{\"@type\":\"ReadAction\",\"target\":[\"https:\/\/serrafm879.com.br\/serrafm\/2021\/04\/trf-4-revoga-prisao-de-eduardo-cunha\/\"]}]},{\"@type\":\"ImageObject\",\"inLanguage\":\"pt-BR\",\"@id\":\"https:\/\/serrafm879.com.br\/serrafm\/2021\/04\/trf-4-revoga-prisao-de-eduardo-cunha\/#primaryimage\",\"url\":\"https:\/\/serrafm879.com.br\/serrafm\/wp-content\/uploads\/2021\/04\/eduardocunha.jpg\",\"contentUrl\":\"https:\/\/serrafm879.com.br\/serrafm\/wp-content\/uploads\/2021\/04\/eduardocunha.jpg\",\"width\":300,\"height\":180},{\"@type\":\"BreadcrumbList\",\"@id\":\"https:\/\/serrafm879.com.br\/serrafm\/2021\/04\/trf-4-revoga-prisao-de-eduardo-cunha\/#breadcrumb\",\"itemListElement\":[{\"@type\":\"ListItem\",\"position\":1,\"name\":\"In\u00edcio\",\"item\":\"https:\/\/serrafm879.com.br\/serrafm\/\"},{\"@type\":\"ListItem\",\"position\":2,\"name\":\"TRF-4 revoga a pris\u00e3o de Eduardo Cunha\"}]},{\"@type\":\"WebSite\",\"@id\":\"https:\/\/serrafm879.com.br\/serrafm\/#website\",\"url\":\"https:\/\/serrafm879.com.br\/serrafm\/\",\"name\":\"Serra FM 87,9\",\"description\":\"O seu novo amor!\",\"potentialAction\":[{\"@type\":\"SearchAction\",\"target\":{\"@type\":\"EntryPoint\",\"urlTemplate\":\"https:\/\/serrafm879.com.br\/serrafm\/?s={search_term_string}\"},\"query-input\":{\"@type\":\"PropertyValueSpecification\",\"valueRequired\":true,\"valueName\":\"search_term_string\"}}],\"inLanguage\":\"pt-BR\"},{\"@type\":\"Person\",\"@id\":\"https:\/\/serrafm879.com.br\/serrafm\/#\/schema\/person\/c028a197030ff8b1c03c68dfba4a787a\",\"name\":\"serrafm87\",\"image\":{\"@type\":\"ImageObject\",\"inLanguage\":\"pt-BR\",\"@id\":\"https:\/\/serrafm879.com.br\/serrafm\/#\/schema\/person\/image\/\",\"url\":\"https:\/\/secure.gravatar.com\/avatar\/a743233f1112d34f48bb3dc9559b76eb930bab8b27175856cba6362608736235?s=96&d=mm&r=g\",\"contentUrl\":\"https:\/\/secure.gravatar.com\/avatar\/a743233f1112d34f48bb3dc9559b76eb930bab8b27175856cba6362608736235?s=96&d=mm&r=g\",\"caption\":\"serrafm87\"},\"sameAs\":[\"http:\/\/serrafm879.com.br\/\"],\"url\":\"https:\/\/serrafm879.com.br\/serrafm\/author\/serrafm87\/\"}]}<\/script>\n<!-- \/ Yoast SEO plugin. -->","yoast_head_json":{"title":"TRF-4 revoga a pris\u00e3o de Eduardo Cunha - Serra FM 87,9","robots":{"index":"index","follow":"follow","max-snippet":"max-snippet:-1","max-image-preview":"max-image-preview:large","max-video-preview":"max-video-preview:-1"},"canonical":"https:\/\/serrafm879.com.br\/serrafm\/2021\/04\/trf-4-revoga-prisao-de-eduardo-cunha\/","og_locale":"pt_BR","og_type":"article","og_title":"TRF-4 revoga a pris\u00e3o de Eduardo Cunha - Serra FM 87,9","og_description":"O Tribunal Regional Federal da 4\u00aa Regi\u00e3o (TRF-4) revogou nesta quarta-feira (28) a pris\u00e3o do ex-presidente da C\u00e2mara\u00a0Eduardo Cunha. Com a decis\u00e3o, o ex-deputado, que cumpria pris\u00e3o em regime domiciliar, poder\u00e1 deixar de usar tornozeleira eletr\u00f4nica, mas seu passaporte seguir\u00e1 retido. Apesar da decis\u00e3o do TRF-4 desta quarta-feira, o ex-deputado seguir\u00e1 em casa, devido a uma cautelar de recolhimento domiciliar contra ele oriunda da opera\u00e7\u00e3o Sepsis, que apura desvios na Caixa Econ\u00f4mica Federal. O habeas corpus do TRF-4 tamb\u00e9m determina a retirada da tornozeleira eletr\u00f4nica. A partir de agora, os advogados de Cunha far\u00e3o uma consulta ao TRF-1 (Tribunal Regional [&hellip;]","og_url":"https:\/\/serrafm879.com.br\/serrafm\/2021\/04\/trf-4-revoga-prisao-de-eduardo-cunha\/","og_site_name":"Serra FM 87,9","article_published_time":"2021-04-29T10:23:09+00:00","og_image":[{"width":300,"height":180,"url":"https:\/\/serrafm879.com.br\/serrafm\/wp-content\/uploads\/2021\/04\/eduardocunha.jpg","type":"image\/jpeg"}],"author":"serrafm87","twitter_card":"summary_large_image","twitter_misc":{"Escrito por":"serrafm87","Est. tempo de leitura":"1 minuto"},"schema":{"@context":"https:\/\/schema.org","@graph":[{"@type":"WebPage","@id":"https:\/\/serrafm879.com.br\/serrafm\/2021\/04\/trf-4-revoga-prisao-de-eduardo-cunha\/","url":"https:\/\/serrafm879.com.br\/serrafm\/2021\/04\/trf-4-revoga-prisao-de-eduardo-cunha\/","name":"TRF-4 revoga a pris\u00e3o de Eduardo Cunha - Serra FM 87,9","isPartOf":{"@id":"https:\/\/serrafm879.com.br\/serrafm\/#website"},"primaryImageOfPage":{"@id":"https:\/\/serrafm879.com.br\/serrafm\/2021\/04\/trf-4-revoga-prisao-de-eduardo-cunha\/#primaryimage"},"image":{"@id":"https:\/\/serrafm879.com.br\/serrafm\/2021\/04\/trf-4-revoga-prisao-de-eduardo-cunha\/#primaryimage"},"thumbnailUrl":"https:\/\/serrafm879.com.br\/serrafm\/wp-content\/uploads\/2021\/04\/eduardocunha.jpg","datePublished":"2021-04-29T10:23:09+00:00","author":{"@id":"https:\/\/serrafm879.com.br\/serrafm\/#\/schema\/person\/c028a197030ff8b1c03c68dfba4a787a"},"breadcrumb":{"@id":"https:\/\/serrafm879.com.br\/serrafm\/2021\/04\/trf-4-revoga-prisao-de-eduardo-cunha\/#breadcrumb"},"inLanguage":"pt-BR","potentialAction":[{"@type":"ReadAction","target":["https:\/\/serrafm879.com.br\/serrafm\/2021\/04\/trf-4-revoga-prisao-de-eduardo-cunha\/"]}]},{"@type":"ImageObject","inLanguage":"pt-BR","@id":"https:\/\/serrafm879.com.br\/serrafm\/2021\/04\/trf-4-revoga-prisao-de-eduardo-cunha\/#primaryimage","url":"https:\/\/serrafm879.com.br\/serrafm\/wp-content\/uploads\/2021\/04\/eduardocunha.jpg","contentUrl":"https:\/\/serrafm879.com.br\/serrafm\/wp-content\/uploads\/2021\/04\/eduardocunha.jpg","width":300,"height":180},{"@type":"BreadcrumbList","@id":"https:\/\/serrafm879.com.br\/serrafm\/2021\/04\/trf-4-revoga-prisao-de-eduardo-cunha\/#breadcrumb","itemListElement":[{"@type":"ListItem","position":1,"name":"In\u00edcio","item":"https:\/\/serrafm879.com.br\/serrafm\/"},{"@type":"ListItem","position":2,"name":"TRF-4 revoga a pris\u00e3o de Eduardo Cunha"}]},{"@type":"WebSite","@id":"https:\/\/serrafm879.com.br\/serrafm\/#website","url":"https:\/\/serrafm879.com.br\/serrafm\/","name":"Serra FM 87,9","description":"O seu novo amor!","potentialAction":[{"@type":"SearchAction","target":{"@type":"EntryPoint","urlTemplate":"https:\/\/serrafm879.com.br\/serrafm\/?s={search_term_string}"},"query-input":{"@type":"PropertyValueSpecification","valueRequired":true,"valueName":"search_term_string"}}],"inLanguage":"pt-BR"},{"@type":"Person","@id":"https:\/\/serrafm879.com.br\/serrafm\/#\/schema\/person\/c028a197030ff8b1c03c68dfba4a787a","name":"serrafm87","image":{"@type":"ImageObject","inLanguage":"pt-BR","@id":"https:\/\/serrafm879.com.br\/serrafm\/#\/schema\/person\/image\/","url":"https:\/\/secure.gravatar.com\/avatar\/a743233f1112d34f48bb3dc9559b76eb930bab8b27175856cba6362608736235?s=96&d=mm&r=g","contentUrl":"https:\/\/secure.gravatar.com\/avatar\/a743233f1112d34f48bb3dc9559b76eb930bab8b27175856cba6362608736235?s=96&d=mm&r=g","caption":"serrafm87"},"sameAs":["http:\/\/serrafm879.com.br\/"],"url":"https:\/\/serrafm879.com.br\/serrafm\/author\/serrafm87\/"}]}},"jetpack_featured_media_url":"https:\/\/serrafm879.com.br\/serrafm\/wp-content\/uploads\/2021\/04\/eduardocunha.jpg","jetpack_shortlink":"https:\/\/wp.me\/p7HyXg-1u5","jetpack_sharing_enabled":true,"_links":{"self":[{"href":"https:\/\/serrafm879.com.br\/serrafm\/wp-json\/wp\/v2\/posts\/5709","targetHints":{"allow":["GET"]}}],"collection":[{"href":"https:\/\/serrafm879.com.br\/serrafm\/wp-json\/wp\/v2\/posts"}],"about":[{"href":"https:\/\/serrafm879.com.br\/serrafm\/wp-json\/wp\/v2\/types\/post"}],"author":[{"embeddable":true,"href":"https:\/\/serrafm879.com.br\/serrafm\/wp-json\/wp\/v2\/users\/2"}],"replies":[{"embeddable":true,"href":"https:\/\/serrafm879.com.br\/serrafm\/wp-json\/wp\/v2\/comments?post=5709"}],"version-history":[{"count":1,"href":"https:\/\/serrafm879.com.br\/serrafm\/wp-json\/wp\/v2\/posts\/5709\/revisions"}],"predecessor-version":[{"id":5711,"href":"https:\/\/serrafm879.com.br\/serrafm\/wp-json\/wp\/v2\/posts\/5709\/revisions\/5711"}],"wp:featuredmedia":[{"embeddable":true,"href":"https:\/\/serrafm879.com.br\/serrafm\/wp-json\/wp\/v2\/media\/5710"}],"wp:attachment":[{"href":"https:\/\/serrafm879.com.br\/serrafm\/wp-json\/wp\/v2\/media?parent=5709"}],"wp:term":[{"taxonomy":"category","embeddable":true,"href":"https:\/\/serrafm879.com.br\/serrafm\/wp-json\/wp\/v2\/categories?post=5709"},{"taxonomy":"post_tag","embeddable":true,"href":"https:\/\/serrafm879.com.br\/serrafm\/wp-json\/wp\/v2\/tags?post=5709"}],"curies":[{"name":"wp","href":"https:\/\/api.w.org\/{rel}","templated":true}]}}