{"id":5712,"date":"2021-04-29T07:24:35","date_gmt":"2021-04-29T10:24:35","guid":{"rendered":"https:\/?p=5712"},"modified":"2021-04-29T07:24:35","modified_gmt":"2021-04-29T10:24:35","slug":"recife-comeca-vacinar-profissionais-da-educacao-nesta-quinta-feira-29","status":"publish","type":"post","link":"https:\/\/serrafm879.com.br\/serrafm\/2021\/04\/recife-comeca-vacinar-profissionais-da-educacao-nesta-quinta-feira-29\/","title":{"rendered":"Recife come\u00e7a a vacinar profissionais da educa\u00e7\u00e3o nesta quinta-feira (29)"},"content":{"rendered":"<p>Come\u00e7a nesta quinta-feira (29) a vacina\u00e7\u00e3o contra a Covid-19 para trabalhadores da educa\u00e7\u00e3o com 40 anos ou mais que atuam no Recife. Com agendamentos abertos desde a noite de quarta-feira (28), os profissionais podem ser vacinados nos 17 pontos disponibilizados pela Prefeitura, entre salas e drive-thrus, das 7h30 \u00e0s 18h30.<\/p>\n<p>Poder\u00e1 receber a vacina quem trabalha em institui\u00e7\u00f5es da educa\u00e7\u00e3o do ensino b\u00e1sico (infantil, fundamental e m\u00e9dio) p\u00fablicas da rede municipal, estadual e federal, al\u00e9m da rede privada. O an\u00fancio do in\u00edcio da imuniza\u00e7\u00e3o para o novo grupo foi recebido pelas entidades sindicais representativas do setor como uma resposta \u00e0s reivindica\u00e7\u00f5es que v\u00eam sendo feitas pelas categorias desde o in\u00edcio da pandemia.<\/p>\n<p>\u201cVemos essa decis\u00e3o da Prefeitura do Recife como coerente. Ainda bem que o poder p\u00fablico foi sens\u00edvel \u00e0 nossa luta e esperamos que outros munic\u00edpios sigam o mesmo roteiro de inclus\u00e3o dos profissionais da educa\u00e7\u00e3o entre os grupos priorit\u00e1rios\u201d, aponta Wallace Melo, secret\u00e1rio de forma\u00e7\u00e3o do Sindicato dos Professores do Ensino Privado de Pernambuco (Sinpro-PE).<\/p>\n<p>Para Claudia Ribeiro, coordenadora Sindicato das Professoras e Professores do Recife (Simpere), a vacina\u00e7\u00e3o por si s\u00f3 n\u00e3o \u00e9 garantia de uma volta segura \u00e0s salas de aula. \u201cAprovamos, durante a assembleia realizada na \u00faltima segunda-feira, o estado de greve. Vamos manter isso na exig\u00eancia de que a volta presencial s\u00f3 ocorra quando Pernambuco tiver condi\u00e7\u00f5es sanit\u00e1rias. N\u00e3o basta vacinar os trabalhadores se, nas comunidades ao redor das escolas, a contamina\u00e7\u00e3o permanecer alta\u201d, pondera.<\/p>\n<p>O in\u00edcio das vacina\u00e7\u00f5es no Recife n\u00e3o altera a situa\u00e7\u00e3o dos professores da rede estadual, que est\u00e3o em greve h\u00e1 mais de uma semana. \u201cNo momento, essa vacina\u00e7\u00e3o diz respeito apenas aos profissionais que atuam em apenas uma cidade. E as demais localidades? Continuamos na luta para que a imuniza\u00e7\u00e3o seja direito de todos e todas\u201d, apontou Ivete Caetano, vice-presidente do Sindicato dos Trabalhadores em Educa\u00e7\u00e3o do Estado de Pernambuco (Sintepe), que prepara para a pr\u00f3xima sexta-feira uma mobiliza\u00e7\u00e3o pedindo a acelera\u00e7\u00e3o da vacina\u00e7\u00e3o em todo o Estado, com uma carreata partindo do Centro Esportivo Santos Dumont, na Zona Sul.<\/p>\n<p>Liberado pelo Governo do Estado desde 26 de abril, o retorno presencial das escolas municipais dependem dos cronogramas aprovados por cada munic\u00edpio. Segundo Fred Am\u00e2ncio, secret\u00e1rio de educa\u00e7\u00e3o do Recife, j\u00e1 existe um planejamento pronto para a cidade e a data de retomada presencial das escolas p\u00fablicas municipais deve ser anunciada nos pr\u00f3ximos dias.<\/p>\n","protected":false},"excerpt":{"rendered":"<p>Come\u00e7a nesta quinta-feira (29) a vacina\u00e7\u00e3o contra a Covid-19 para trabalhadores da educa\u00e7\u00e3o com 40 anos ou mais que atuam no Recife. Com agendamentos abertos desde a noite de quarta-feira (28), os profissionais podem ser vacinados nos 17 pontos disponibilizados pela Prefeitura, entre salas e drive-thrus, das 7h30 \u00e0s 18h30. Poder\u00e1 receber a vacina quem trabalha em institui\u00e7\u00f5es da educa\u00e7\u00e3o do ensino b\u00e1sico (infantil, fundamental e m\u00e9dio) p\u00fablicas da rede municipal, estadual e federal, al\u00e9m da rede privada. O an\u00fancio do in\u00edcio da imuniza\u00e7\u00e3o para o novo grupo foi recebido pelas entidades sindicais representativas do setor como uma resposta \u00e0s [&hellip;]<\/p>\n","protected":false},"author":2,"featured_media":3774,"comment_status":"open","ping_status":"open","sticky":false,"template":"","format":"standard","meta":{"_jetpack_memberships_contains_paid_content":false,"footnotes":"","jetpack_publicize_message":"","jetpack_publicize_feature_enabled":true,"jetpack_social_post_already_shared":true,"jetpack_social_options":{"image_generator_settings":{"template":"highway","enabled":false},"version":2}},"categories":[2],"tags":[],"class_list":["post-5712","post","type-post","status-publish","format-standard","has-post-thumbnail","hentry","category-noticias"],"jetpack_publicize_connections":[],"yoast_head":"<!-- This site is optimized with the Yoast SEO plugin v24.7 - https:\/\/yoast.com\/wordpress\/plugins\/seo\/ -->\n<title>Recife come\u00e7a a vacinar profissionais da educa\u00e7\u00e3o nesta quinta-feira (29) - Serra FM 87,9<\/title>\n<meta name=\"robots\" content=\"index, follow, max-snippet:-1, max-image-preview:large, max-video-preview:-1\" \/>\n<link rel=\"canonical\" href=\"https:\/\/serrafm879.com.br\/serrafm\/2021\/04\/recife-comeca-vacinar-profissionais-da-educacao-nesta-quinta-feira-29\/\" \/>\n<meta property=\"og:locale\" content=\"pt_BR\" \/>\n<meta property=\"og:type\" content=\"article\" \/>\n<meta property=\"og:title\" content=\"Recife come\u00e7a a vacinar profissionais da educa\u00e7\u00e3o nesta quinta-feira (29) - Serra FM 87,9\" \/>\n<meta property=\"og:description\" content=\"Come\u00e7a nesta quinta-feira (29) a vacina\u00e7\u00e3o contra a Covid-19 para trabalhadores da educa\u00e7\u00e3o com 40 anos ou mais que atuam no Recife. Com agendamentos abertos desde a noite de quarta-feira (28), os profissionais podem ser vacinados nos 17 pontos disponibilizados pela Prefeitura, entre salas e drive-thrus, das 7h30 \u00e0s 18h30. Poder\u00e1 receber a vacina quem trabalha em institui\u00e7\u00f5es da educa\u00e7\u00e3o do ensino b\u00e1sico (infantil, fundamental e m\u00e9dio) p\u00fablicas da rede municipal, estadual e federal, al\u00e9m da rede privada. O an\u00fancio do in\u00edcio da imuniza\u00e7\u00e3o para o novo grupo foi recebido pelas entidades sindicais representativas do setor como uma resposta \u00e0s [&hellip;]\" \/>\n<meta property=\"og:url\" content=\"https:\/\/serrafm879.com.br\/serrafm\/2021\/04\/recife-comeca-vacinar-profissionais-da-educacao-nesta-quinta-feira-29\/\" \/>\n<meta property=\"og:site_name\" content=\"Serra FM 87,9\" \/>\n<meta property=\"article:published_time\" content=\"2021-04-29T10:24:35+00:00\" \/>\n<meta property=\"og:image\" content=\"https:\/\/serrafm879.com.br\/serrafm\/wp-content\/uploads\/2020\/08\/sarampo.jpg\" \/>\n\t<meta property=\"og:image:width\" content=\"1170\" \/>\n\t<meta property=\"og:image:height\" content=\"700\" \/>\n\t<meta property=\"og:image:type\" content=\"image\/jpeg\" \/>\n<meta name=\"author\" content=\"serrafm87\" \/>\n<meta name=\"twitter:card\" content=\"summary_large_image\" \/>\n<meta name=\"twitter:label1\" content=\"Escrito por\" \/>\n\t<meta name=\"twitter:data1\" content=\"serrafm87\" \/>\n\t<meta name=\"twitter:label2\" content=\"Est. tempo de leitura\" \/>\n\t<meta name=\"twitter:data2\" content=\"2 minutos\" \/>\n<script type=\"application\/ld+json\" class=\"yoast-schema-graph\">{\"@context\":\"https:\/\/schema.org\",\"@graph\":[{\"@type\":\"WebPage\",\"@id\":\"https:\/\/serrafm879.com.br\/serrafm\/2021\/04\/recife-comeca-vacinar-profissionais-da-educacao-nesta-quinta-feira-29\/\",\"url\":\"https:\/\/serrafm879.com.br\/serrafm\/2021\/04\/recife-comeca-vacinar-profissionais-da-educacao-nesta-quinta-feira-29\/\",\"name\":\"Recife come\u00e7a a vacinar profissionais da educa\u00e7\u00e3o nesta quinta-feira (29) - Serra FM 87,9\",\"isPartOf\":{\"@id\":\"https:\/\/serrafm879.com.br\/serrafm\/#website\"},\"primaryImageOfPage\":{\"@id\":\"https:\/\/serrafm879.com.br\/serrafm\/2021\/04\/recife-comeca-vacinar-profissionais-da-educacao-nesta-quinta-feira-29\/#primaryimage\"},\"image\":{\"@id\":\"https:\/\/serrafm879.com.br\/serrafm\/2021\/04\/recife-comeca-vacinar-profissionais-da-educacao-nesta-quinta-feira-29\/#primaryimage\"},\"thumbnailUrl\":\"https:\/\/serrafm879.com.br\/serrafm\/wp-content\/uploads\/2020\/08\/sarampo.jpg\",\"datePublished\":\"2021-04-29T10:24:35+00:00\",\"author\":{\"@id\":\"https:\/\/serrafm879.com.br\/serrafm\/#\/schema\/person\/c028a197030ff8b1c03c68dfba4a787a\"},\"breadcrumb\":{\"@id\":\"https:\/\/serrafm879.com.br\/serrafm\/2021\/04\/recife-comeca-vacinar-profissionais-da-educacao-nesta-quinta-feira-29\/#breadcrumb\"},\"inLanguage\":\"pt-BR\",\"potentialAction\":[{\"@type\":\"ReadAction\",\"target\":[\"https:\/\/serrafm879.com.br\/serrafm\/2021\/04\/recife-comeca-vacinar-profissionais-da-educacao-nesta-quinta-feira-29\/\"]}]},{\"@type\":\"ImageObject\",\"inLanguage\":\"pt-BR\",\"@id\":\"https:\/\/serrafm879.com.br\/serrafm\/2021\/04\/recife-comeca-vacinar-profissionais-da-educacao-nesta-quinta-feira-29\/#primaryimage\",\"url\":\"https:\/\/serrafm879.com.br\/serrafm\/wp-content\/uploads\/2020\/08\/sarampo.jpg\",\"contentUrl\":\"https:\/\/serrafm879.com.br\/serrafm\/wp-content\/uploads\/2020\/08\/sarampo.jpg\",\"width\":1170,\"height\":700,\"caption\":\"Primeiro dia da campanha estadual do Dia D de Vacina\u00e7\u00e3o Contra o Sarampo no Rio de Janeiro, caminh\u00e3o itinerante da Secretaria Estadual de Sa\u00fade\"},{\"@type\":\"BreadcrumbList\",\"@id\":\"https:\/\/serrafm879.com.br\/serrafm\/2021\/04\/recife-comeca-vacinar-profissionais-da-educacao-nesta-quinta-feira-29\/#breadcrumb\",\"itemListElement\":[{\"@type\":\"ListItem\",\"position\":1,\"name\":\"In\u00edcio\",\"item\":\"https:\/\/serrafm879.com.br\/serrafm\/\"},{\"@type\":\"ListItem\",\"position\":2,\"name\":\"Recife come\u00e7a a vacinar profissionais da educa\u00e7\u00e3o nesta quinta-feira (29)\"}]},{\"@type\":\"WebSite\",\"@id\":\"https:\/\/serrafm879.com.br\/serrafm\/#website\",\"url\":\"https:\/\/serrafm879.com.br\/serrafm\/\",\"name\":\"Serra FM 87,9\",\"description\":\"O seu novo amor!\",\"potentialAction\":[{\"@type\":\"SearchAction\",\"target\":{\"@type\":\"EntryPoint\",\"urlTemplate\":\"https:\/\/serrafm879.com.br\/serrafm\/?s={search_term_string}\"},\"query-input\":{\"@type\":\"PropertyValueSpecification\",\"valueRequired\":true,\"valueName\":\"search_term_string\"}}],\"inLanguage\":\"pt-BR\"},{\"@type\":\"Person\",\"@id\":\"https:\/\/serrafm879.com.br\/serrafm\/#\/schema\/person\/c028a197030ff8b1c03c68dfba4a787a\",\"name\":\"serrafm87\",\"image\":{\"@type\":\"ImageObject\",\"inLanguage\":\"pt-BR\",\"@id\":\"https:\/\/serrafm879.com.br\/serrafm\/#\/schema\/person\/image\/\",\"url\":\"https:\/\/secure.gravatar.com\/avatar\/a743233f1112d34f48bb3dc9559b76eb930bab8b27175856cba6362608736235?s=96&d=mm&r=g\",\"contentUrl\":\"https:\/\/secure.gravatar.com\/avatar\/a743233f1112d34f48bb3dc9559b76eb930bab8b27175856cba6362608736235?s=96&d=mm&r=g\",\"caption\":\"serrafm87\"},\"sameAs\":[\"http:\/\/serrafm879.com.br\/\"],\"url\":\"https:\/\/serrafm879.com.br\/serrafm\/author\/serrafm87\/\"}]}<\/script>\n<!-- \/ Yoast SEO plugin. -->","yoast_head_json":{"title":"Recife come\u00e7a a vacinar profissionais da educa\u00e7\u00e3o nesta quinta-feira (29) - Serra FM 87,9","robots":{"index":"index","follow":"follow","max-snippet":"max-snippet:-1","max-image-preview":"max-image-preview:large","max-video-preview":"max-video-preview:-1"},"canonical":"https:\/\/serrafm879.com.br\/serrafm\/2021\/04\/recife-comeca-vacinar-profissionais-da-educacao-nesta-quinta-feira-29\/","og_locale":"pt_BR","og_type":"article","og_title":"Recife come\u00e7a a vacinar profissionais da educa\u00e7\u00e3o nesta quinta-feira (29) - Serra FM 87,9","og_description":"Come\u00e7a nesta quinta-feira (29) a vacina\u00e7\u00e3o contra a Covid-19 para trabalhadores da educa\u00e7\u00e3o com 40 anos ou mais que atuam no Recife. Com agendamentos abertos desde a noite de quarta-feira (28), os profissionais podem ser vacinados nos 17 pontos disponibilizados pela Prefeitura, entre salas e drive-thrus, das 7h30 \u00e0s 18h30. Poder\u00e1 receber a vacina quem trabalha em institui\u00e7\u00f5es da educa\u00e7\u00e3o do ensino b\u00e1sico (infantil, fundamental e m\u00e9dio) p\u00fablicas da rede municipal, estadual e federal, al\u00e9m da rede privada. O an\u00fancio do in\u00edcio da imuniza\u00e7\u00e3o para o novo grupo foi recebido pelas entidades sindicais representativas do setor como uma resposta \u00e0s [&hellip;]","og_url":"https:\/\/serrafm879.com.br\/serrafm\/2021\/04\/recife-comeca-vacinar-profissionais-da-educacao-nesta-quinta-feira-29\/","og_site_name":"Serra FM 87,9","article_published_time":"2021-04-29T10:24:35+00:00","og_image":[{"width":1170,"height":700,"url":"https:\/\/serrafm879.com.br\/serrafm\/wp-content\/uploads\/2020\/08\/sarampo.jpg","type":"image\/jpeg"}],"author":"serrafm87","twitter_card":"summary_large_image","twitter_misc":{"Escrito por":"serrafm87","Est. tempo de leitura":"2 minutos"},"schema":{"@context":"https:\/\/schema.org","@graph":[{"@type":"WebPage","@id":"https:\/\/serrafm879.com.br\/serrafm\/2021\/04\/recife-comeca-vacinar-profissionais-da-educacao-nesta-quinta-feira-29\/","url":"https:\/\/serrafm879.com.br\/serrafm\/2021\/04\/recife-comeca-vacinar-profissionais-da-educacao-nesta-quinta-feira-29\/","name":"Recife come\u00e7a a vacinar profissionais da educa\u00e7\u00e3o nesta quinta-feira (29) - Serra FM 87,9","isPartOf":{"@id":"https:\/\/serrafm879.com.br\/serrafm\/#website"},"primaryImageOfPage":{"@id":"https:\/\/serrafm879.com.br\/serrafm\/2021\/04\/recife-comeca-vacinar-profissionais-da-educacao-nesta-quinta-feira-29\/#primaryimage"},"image":{"@id":"https:\/\/serrafm879.com.br\/serrafm\/2021\/04\/recife-comeca-vacinar-profissionais-da-educacao-nesta-quinta-feira-29\/#primaryimage"},"thumbnailUrl":"https:\/\/serrafm879.com.br\/serrafm\/wp-content\/uploads\/2020\/08\/sarampo.jpg","datePublished":"2021-04-29T10:24:35+00:00","author":{"@id":"https:\/\/serrafm879.com.br\/serrafm\/#\/schema\/person\/c028a197030ff8b1c03c68dfba4a787a"},"breadcrumb":{"@id":"https:\/\/serrafm879.com.br\/serrafm\/2021\/04\/recife-comeca-vacinar-profissionais-da-educacao-nesta-quinta-feira-29\/#breadcrumb"},"inLanguage":"pt-BR","potentialAction":[{"@type":"ReadAction","target":["https:\/\/serrafm879.com.br\/serrafm\/2021\/04\/recife-comeca-vacinar-profissionais-da-educacao-nesta-quinta-feira-29\/"]}]},{"@type":"ImageObject","inLanguage":"pt-BR","@id":"https:\/\/serrafm879.com.br\/serrafm\/2021\/04\/recife-comeca-vacinar-profissionais-da-educacao-nesta-quinta-feira-29\/#primaryimage","url":"https:\/\/serrafm879.com.br\/serrafm\/wp-content\/uploads\/2020\/08\/sarampo.jpg","contentUrl":"https:\/\/serrafm879.com.br\/serrafm\/wp-content\/uploads\/2020\/08\/sarampo.jpg","width":1170,"height":700,"caption":"Primeiro dia da campanha estadual do Dia D de Vacina\u00e7\u00e3o Contra o Sarampo no Rio de Janeiro, caminh\u00e3o itinerante da Secretaria Estadual de Sa\u00fade"},{"@type":"BreadcrumbList","@id":"https:\/\/serrafm879.com.br\/serrafm\/2021\/04\/recife-comeca-vacinar-profissionais-da-educacao-nesta-quinta-feira-29\/#breadcrumb","itemListElement":[{"@type":"ListItem","position":1,"name":"In\u00edcio","item":"https:\/\/serrafm879.com.br\/serrafm\/"},{"@type":"ListItem","position":2,"name":"Recife come\u00e7a a vacinar profissionais da educa\u00e7\u00e3o nesta quinta-feira (29)"}]},{"@type":"WebSite","@id":"https:\/\/serrafm879.com.br\/serrafm\/#website","url":"https:\/\/serrafm879.com.br\/serrafm\/","name":"Serra FM 87,9","description":"O seu novo amor!","potentialAction":[{"@type":"SearchAction","target":{"@type":"EntryPoint","urlTemplate":"https:\/\/serrafm879.com.br\/serrafm\/?s={search_term_string}"},"query-input":{"@type":"PropertyValueSpecification","valueRequired":true,"valueName":"search_term_string"}}],"inLanguage":"pt-BR"},{"@type":"Person","@id":"https:\/\/serrafm879.com.br\/serrafm\/#\/schema\/person\/c028a197030ff8b1c03c68dfba4a787a","name":"serrafm87","image":{"@type":"ImageObject","inLanguage":"pt-BR","@id":"https:\/\/serrafm879.com.br\/serrafm\/#\/schema\/person\/image\/","url":"https:\/\/secure.gravatar.com\/avatar\/a743233f1112d34f48bb3dc9559b76eb930bab8b27175856cba6362608736235?s=96&d=mm&r=g","contentUrl":"https:\/\/secure.gravatar.com\/avatar\/a743233f1112d34f48bb3dc9559b76eb930bab8b27175856cba6362608736235?s=96&d=mm&r=g","caption":"serrafm87"},"sameAs":["http:\/\/serrafm879.com.br\/"],"url":"https:\/\/serrafm879.com.br\/serrafm\/author\/serrafm87\/"}]}},"jetpack_featured_media_url":"https:\/\/serrafm879.com.br\/serrafm\/wp-content\/uploads\/2020\/08\/sarampo.jpg","jetpack_shortlink":"https:\/\/wp.me\/p7HyXg-1u8","jetpack_sharing_enabled":true,"_links":{"self":[{"href":"https:\/\/serrafm879.com.br\/serrafm\/wp-json\/wp\/v2\/posts\/5712","targetHints":{"allow":["GET"]}}],"collection":[{"href":"https:\/\/serrafm879.com.br\/serrafm\/wp-json\/wp\/v2\/posts"}],"about":[{"href":"https:\/\/serrafm879.com.br\/serrafm\/wp-json\/wp\/v2\/types\/post"}],"author":[{"embeddable":true,"href":"https:\/\/serrafm879.com.br\/serrafm\/wp-json\/wp\/v2\/users\/2"}],"replies":[{"embeddable":true,"href":"https:\/\/serrafm879.com.br\/serrafm\/wp-json\/wp\/v2\/comments?post=5712"}],"version-history":[{"count":1,"href":"https:\/\/serrafm879.com.br\/serrafm\/wp-json\/wp\/v2\/posts\/5712\/revisions"}],"predecessor-version":[{"id":5713,"href":"https:\/\/serrafm879.com.br\/serrafm\/wp-json\/wp\/v2\/posts\/5712\/revisions\/5713"}],"wp:featuredmedia":[{"embeddable":true,"href":"https:\/\/serrafm879.com.br\/serrafm\/wp-json\/wp\/v2\/media\/3774"}],"wp:attachment":[{"href":"https:\/\/serrafm879.com.br\/serrafm\/wp-json\/wp\/v2\/media?parent=5712"}],"wp:term":[{"taxonomy":"category","embeddable":true,"href":"https:\/\/serrafm879.com.br\/serrafm\/wp-json\/wp\/v2\/categories?post=5712"},{"taxonomy":"post_tag","embeddable":true,"href":"https:\/\/serrafm879.com.br\/serrafm\/wp-json\/wp\/v2\/tags?post=5712"}],"curies":[{"name":"wp","href":"https:\/\/api.w.org\/{rel}","templated":true}]}}