{"id":5715,"date":"2021-04-29T07:27:01","date_gmt":"2021-04-29T10:27:01","guid":{"rendered":"https:\/?p=5715"},"modified":"2021-04-29T07:27:01","modified_gmt":"2021-04-29T10:27:01","slug":"pazuello-sera-ouvido-na-proxima-quarta-feira-anuncia-presidente-da-cpi-da-covid","status":"publish","type":"post","link":"https:\/\/serrafm879.com.br\/serrafm\/2021\/04\/pazuello-sera-ouvido-na-proxima-quarta-feira-anuncia-presidente-da-cpi-da-covid\/","title":{"rendered":"Pazuello ser\u00e1 ouvido na pr\u00f3xima quarta-feira, anuncia presidente da CPI da Covid"},"content":{"rendered":"<p>O presidente da CPI da Covid, Omar Aziz (PSD-AM), informou \u00e0 Folha de S.Paulo que vai marcar para a pr\u00f3xima quarta-feira (5) o depoimento do general Eduardo Pazuello, ex-ministro da Sa\u00fade e um dos principais alvos da comiss\u00e3o de inqu\u00e9rito do Senado.<\/p>\n<p>Segundo ele, no dia seguinte, quinta (6), ser\u00e1 a vez do atual chefe da pasta, Marcelo Queiroga. O presidente da CPI confirmou que os dois ex-ministros Luiz Henrique Mandetta e Nelson Teich ser\u00e3o ouvidos na ter\u00e7a-feira (4). O calend\u00e1rio foi definido na noite de quarta (28).<\/p>\n<p>A CPI se re\u00fane nesta quinta-feira (29), \u00e0s 9h, para a vota\u00e7\u00e3o dos primeiros requerimentos. Omar Aziz diz que essas convoca\u00e7\u00f5es ser\u00e3o as primeiras a serem votadas. Ele acrescentou ainda que a previs\u00e3o \u00e9 ouvir o ex-chefe da Secom do Planalto Fabio Wajngarten no dia 11, juntamente com representantes da Pfizer.<\/p>\n<p>Em entrevista \u00e0 Veja, Wajngarten disse que a compra de vacinas oferecidas pela farmac\u00eautica no ano passado n\u00e3o ocorreu por &#8220;incompet\u00eancia e inefici\u00eancia&#8221; por parte do ex-ministro da Sa\u00fade Eduardo Pazuello.<\/p>\n<p>O vice-presidente da CPI, senador Randolfe Rodrigues (Rede-AP), afirmou que haver\u00e1 sess\u00e3o exclusiva para ouvir o ex-ministro Pazuello, porque muitos dos fatos mais importantes para a comiss\u00e3o aconteceram em sua gest\u00e3o.<\/p>\n<p>&#8220;Por \u00f3bvio \u00e9 necess\u00e1rio dedicar um tempo maior ao ministro Pazuello, dos ex-ministros da sa\u00fade ele foi o que mais tempo ficou \u00e0 frente da pasta. E os eventos que s\u00e3o objetos da CPI ocorreram sobre a gest\u00e3o do ministro Pazuello. Eu me atrevo a dizer, n\u00e3o conversei isso com os colegas da dire\u00e7\u00e3o da CPI, mas talvez o ministro Pazuello a gente tenha que ouvir mais de uma vez&#8221;, afirmou.<\/p>\n<p>Rodrigues afirmou que essas oitivas iniciais ser\u00e3o importantes para orientar o rumos dos trabalhos, direcionar futuros pedidos de documentos e mesmo novos depoimentos.<\/p>\n<p>Instalada na ter\u00e7a (27), a CPI j\u00e1 recebeu uma enxurrada de pedidos de senadores. Os requerimentos, que passam de 200, abrem caminho para uma devassa na condu\u00e7\u00e3o do governo Jair Bolsonaro no enfrentamento da pandemia.<\/p>\n","protected":false},"excerpt":{"rendered":"<p>O presidente da CPI da Covid, Omar Aziz (PSD-AM), informou \u00e0 Folha de S.Paulo que vai marcar para a pr\u00f3xima quarta-feira (5) o depoimento do general Eduardo Pazuello, ex-ministro da Sa\u00fade e um dos principais alvos da comiss\u00e3o de inqu\u00e9rito do Senado. Segundo ele, no dia seguinte, quinta (6), ser\u00e1 a vez do atual chefe da pasta, Marcelo Queiroga. O presidente da CPI confirmou que os dois ex-ministros Luiz Henrique Mandetta e Nelson Teich ser\u00e3o ouvidos na ter\u00e7a-feira (4). O calend\u00e1rio foi definido na noite de quarta (28). A CPI se re\u00fane nesta quinta-feira (29), \u00e0s 9h, para a vota\u00e7\u00e3o [&hellip;]<\/p>\n","protected":false},"author":2,"featured_media":5167,"comment_status":"open","ping_status":"open","sticky":false,"template":"","format":"standard","meta":{"_jetpack_memberships_contains_paid_content":false,"footnotes":"","jetpack_publicize_message":"","jetpack_publicize_feature_enabled":true,"jetpack_social_post_already_shared":true,"jetpack_social_options":{"image_generator_settings":{"template":"highway","enabled":false},"version":2}},"categories":[2],"tags":[],"class_list":["post-5715","post","type-post","status-publish","format-standard","has-post-thumbnail","hentry","category-noticias"],"jetpack_publicize_connections":[],"yoast_head":"<!-- This site is optimized with the Yoast SEO plugin v24.7 - https:\/\/yoast.com\/wordpress\/plugins\/seo\/ -->\n<title>Pazuello ser\u00e1 ouvido na pr\u00f3xima quarta-feira, anuncia presidente da CPI da Covid - Serra FM 87,9<\/title>\n<meta name=\"robots\" content=\"index, follow, max-snippet:-1, max-image-preview:large, max-video-preview:-1\" \/>\n<link rel=\"canonical\" href=\"https:\/\/serrafm879.com.br\/serrafm\/2021\/04\/pazuello-sera-ouvido-na-proxima-quarta-feira-anuncia-presidente-da-cpi-da-covid\/\" \/>\n<meta property=\"og:locale\" content=\"pt_BR\" \/>\n<meta property=\"og:type\" content=\"article\" \/>\n<meta property=\"og:title\" content=\"Pazuello ser\u00e1 ouvido na pr\u00f3xima quarta-feira, anuncia presidente da CPI da Covid - Serra FM 87,9\" \/>\n<meta property=\"og:description\" content=\"O presidente da CPI da Covid, Omar Aziz (PSD-AM), informou \u00e0 Folha de S.Paulo que vai marcar para a pr\u00f3xima quarta-feira (5) o depoimento do general Eduardo Pazuello, ex-ministro da Sa\u00fade e um dos principais alvos da comiss\u00e3o de inqu\u00e9rito do Senado. Segundo ele, no dia seguinte, quinta (6), ser\u00e1 a vez do atual chefe da pasta, Marcelo Queiroga. O presidente da CPI confirmou que os dois ex-ministros Luiz Henrique Mandetta e Nelson Teich ser\u00e3o ouvidos na ter\u00e7a-feira (4). O calend\u00e1rio foi definido na noite de quarta (28). A CPI se re\u00fane nesta quinta-feira (29), \u00e0s 9h, para a vota\u00e7\u00e3o [&hellip;]\" \/>\n<meta property=\"og:url\" content=\"https:\/\/serrafm879.com.br\/serrafm\/2021\/04\/pazuello-sera-ouvido-na-proxima-quarta-feira-anuncia-presidente-da-cpi-da-covid\/\" \/>\n<meta property=\"og:site_name\" content=\"Serra FM 87,9\" \/>\n<meta property=\"article:published_time\" content=\"2021-04-29T10:27:01+00:00\" \/>\n<meta property=\"og:image\" content=\"https:\/\/serrafm879.com.br\/serrafm\/wp-content\/uploads\/2021\/03\/serrafm.jpg\" \/>\n\t<meta property=\"og:image:width\" content=\"800\" \/>\n\t<meta property=\"og:image:height\" content=\"400\" \/>\n\t<meta property=\"og:image:type\" content=\"image\/jpeg\" \/>\n<meta name=\"author\" content=\"serrafm87\" \/>\n<meta name=\"twitter:card\" content=\"summary_large_image\" \/>\n<meta name=\"twitter:label1\" content=\"Escrito por\" \/>\n\t<meta name=\"twitter:data1\" content=\"serrafm87\" \/>\n\t<meta name=\"twitter:label2\" content=\"Est. tempo de leitura\" \/>\n\t<meta name=\"twitter:data2\" content=\"2 minutos\" \/>\n<script type=\"application\/ld+json\" class=\"yoast-schema-graph\">{\"@context\":\"https:\/\/schema.org\",\"@graph\":[{\"@type\":\"WebPage\",\"@id\":\"https:\/\/serrafm879.com.br\/serrafm\/2021\/04\/pazuello-sera-ouvido-na-proxima-quarta-feira-anuncia-presidente-da-cpi-da-covid\/\",\"url\":\"https:\/\/serrafm879.com.br\/serrafm\/2021\/04\/pazuello-sera-ouvido-na-proxima-quarta-feira-anuncia-presidente-da-cpi-da-covid\/\",\"name\":\"Pazuello ser\u00e1 ouvido na pr\u00f3xima quarta-feira, anuncia presidente da CPI da Covid - Serra FM 87,9\",\"isPartOf\":{\"@id\":\"https:\/\/serrafm879.com.br\/serrafm\/#website\"},\"primaryImageOfPage\":{\"@id\":\"https:\/\/serrafm879.com.br\/serrafm\/2021\/04\/pazuello-sera-ouvido-na-proxima-quarta-feira-anuncia-presidente-da-cpi-da-covid\/#primaryimage\"},\"image\":{\"@id\":\"https:\/\/serrafm879.com.br\/serrafm\/2021\/04\/pazuello-sera-ouvido-na-proxima-quarta-feira-anuncia-presidente-da-cpi-da-covid\/#primaryimage\"},\"thumbnailUrl\":\"https:\/\/serrafm879.com.br\/serrafm\/wp-content\/uploads\/2021\/03\/serrafm.jpg\",\"datePublished\":\"2021-04-29T10:27:01+00:00\",\"author\":{\"@id\":\"https:\/\/serrafm879.com.br\/serrafm\/#\/schema\/person\/c028a197030ff8b1c03c68dfba4a787a\"},\"breadcrumb\":{\"@id\":\"https:\/\/serrafm879.com.br\/serrafm\/2021\/04\/pazuello-sera-ouvido-na-proxima-quarta-feira-anuncia-presidente-da-cpi-da-covid\/#breadcrumb\"},\"inLanguage\":\"pt-BR\",\"potentialAction\":[{\"@type\":\"ReadAction\",\"target\":[\"https:\/\/serrafm879.com.br\/serrafm\/2021\/04\/pazuello-sera-ouvido-na-proxima-quarta-feira-anuncia-presidente-da-cpi-da-covid\/\"]}]},{\"@type\":\"ImageObject\",\"inLanguage\":\"pt-BR\",\"@id\":\"https:\/\/serrafm879.com.br\/serrafm\/2021\/04\/pazuello-sera-ouvido-na-proxima-quarta-feira-anuncia-presidente-da-cpi-da-covid\/#primaryimage\",\"url\":\"https:\/\/serrafm879.com.br\/serrafm\/wp-content\/uploads\/2021\/03\/serrafm.jpg\",\"contentUrl\":\"https:\/\/serrafm879.com.br\/serrafm\/wp-content\/uploads\/2021\/03\/serrafm.jpg\",\"width\":800,\"height\":400},{\"@type\":\"BreadcrumbList\",\"@id\":\"https:\/\/serrafm879.com.br\/serrafm\/2021\/04\/pazuello-sera-ouvido-na-proxima-quarta-feira-anuncia-presidente-da-cpi-da-covid\/#breadcrumb\",\"itemListElement\":[{\"@type\":\"ListItem\",\"position\":1,\"name\":\"In\u00edcio\",\"item\":\"https:\/\/serrafm879.com.br\/serrafm\/\"},{\"@type\":\"ListItem\",\"position\":2,\"name\":\"Pazuello ser\u00e1 ouvido na pr\u00f3xima quarta-feira, anuncia presidente da CPI da Covid\"}]},{\"@type\":\"WebSite\",\"@id\":\"https:\/\/serrafm879.com.br\/serrafm\/#website\",\"url\":\"https:\/\/serrafm879.com.br\/serrafm\/\",\"name\":\"Serra FM 87,9\",\"description\":\"O seu novo amor!\",\"potentialAction\":[{\"@type\":\"SearchAction\",\"target\":{\"@type\":\"EntryPoint\",\"urlTemplate\":\"https:\/\/serrafm879.com.br\/serrafm\/?s={search_term_string}\"},\"query-input\":{\"@type\":\"PropertyValueSpecification\",\"valueRequired\":true,\"valueName\":\"search_term_string\"}}],\"inLanguage\":\"pt-BR\"},{\"@type\":\"Person\",\"@id\":\"https:\/\/serrafm879.com.br\/serrafm\/#\/schema\/person\/c028a197030ff8b1c03c68dfba4a787a\",\"name\":\"serrafm87\",\"image\":{\"@type\":\"ImageObject\",\"inLanguage\":\"pt-BR\",\"@id\":\"https:\/\/serrafm879.com.br\/serrafm\/#\/schema\/person\/image\/\",\"url\":\"https:\/\/secure.gravatar.com\/avatar\/a743233f1112d34f48bb3dc9559b76eb930bab8b27175856cba6362608736235?s=96&d=mm&r=g\",\"contentUrl\":\"https:\/\/secure.gravatar.com\/avatar\/a743233f1112d34f48bb3dc9559b76eb930bab8b27175856cba6362608736235?s=96&d=mm&r=g\",\"caption\":\"serrafm87\"},\"sameAs\":[\"http:\/\/serrafm879.com.br\/\"],\"url\":\"https:\/\/serrafm879.com.br\/serrafm\/author\/serrafm87\/\"}]}<\/script>\n<!-- \/ Yoast SEO plugin. -->","yoast_head_json":{"title":"Pazuello ser\u00e1 ouvido na pr\u00f3xima quarta-feira, anuncia presidente da CPI da Covid - Serra FM 87,9","robots":{"index":"index","follow":"follow","max-snippet":"max-snippet:-1","max-image-preview":"max-image-preview:large","max-video-preview":"max-video-preview:-1"},"canonical":"https:\/\/serrafm879.com.br\/serrafm\/2021\/04\/pazuello-sera-ouvido-na-proxima-quarta-feira-anuncia-presidente-da-cpi-da-covid\/","og_locale":"pt_BR","og_type":"article","og_title":"Pazuello ser\u00e1 ouvido na pr\u00f3xima quarta-feira, anuncia presidente da CPI da Covid - Serra FM 87,9","og_description":"O presidente da CPI da Covid, Omar Aziz (PSD-AM), informou \u00e0 Folha de S.Paulo que vai marcar para a pr\u00f3xima quarta-feira (5) o depoimento do general Eduardo Pazuello, ex-ministro da Sa\u00fade e um dos principais alvos da comiss\u00e3o de inqu\u00e9rito do Senado. Segundo ele, no dia seguinte, quinta (6), ser\u00e1 a vez do atual chefe da pasta, Marcelo Queiroga. O presidente da CPI confirmou que os dois ex-ministros Luiz Henrique Mandetta e Nelson Teich ser\u00e3o ouvidos na ter\u00e7a-feira (4). O calend\u00e1rio foi definido na noite de quarta (28). A CPI se re\u00fane nesta quinta-feira (29), \u00e0s 9h, para a vota\u00e7\u00e3o [&hellip;]","og_url":"https:\/\/serrafm879.com.br\/serrafm\/2021\/04\/pazuello-sera-ouvido-na-proxima-quarta-feira-anuncia-presidente-da-cpi-da-covid\/","og_site_name":"Serra FM 87,9","article_published_time":"2021-04-29T10:27:01+00:00","og_image":[{"width":800,"height":400,"url":"https:\/\/serrafm879.com.br\/serrafm\/wp-content\/uploads\/2021\/03\/serrafm.jpg","type":"image\/jpeg"}],"author":"serrafm87","twitter_card":"summary_large_image","twitter_misc":{"Escrito por":"serrafm87","Est. tempo de leitura":"2 minutos"},"schema":{"@context":"https:\/\/schema.org","@graph":[{"@type":"WebPage","@id":"https:\/\/serrafm879.com.br\/serrafm\/2021\/04\/pazuello-sera-ouvido-na-proxima-quarta-feira-anuncia-presidente-da-cpi-da-covid\/","url":"https:\/\/serrafm879.com.br\/serrafm\/2021\/04\/pazuello-sera-ouvido-na-proxima-quarta-feira-anuncia-presidente-da-cpi-da-covid\/","name":"Pazuello ser\u00e1 ouvido na pr\u00f3xima quarta-feira, anuncia presidente da CPI da Covid - Serra FM 87,9","isPartOf":{"@id":"https:\/\/serrafm879.com.br\/serrafm\/#website"},"primaryImageOfPage":{"@id":"https:\/\/serrafm879.com.br\/serrafm\/2021\/04\/pazuello-sera-ouvido-na-proxima-quarta-feira-anuncia-presidente-da-cpi-da-covid\/#primaryimage"},"image":{"@id":"https:\/\/serrafm879.com.br\/serrafm\/2021\/04\/pazuello-sera-ouvido-na-proxima-quarta-feira-anuncia-presidente-da-cpi-da-covid\/#primaryimage"},"thumbnailUrl":"https:\/\/serrafm879.com.br\/serrafm\/wp-content\/uploads\/2021\/03\/serrafm.jpg","datePublished":"2021-04-29T10:27:01+00:00","author":{"@id":"https:\/\/serrafm879.com.br\/serrafm\/#\/schema\/person\/c028a197030ff8b1c03c68dfba4a787a"},"breadcrumb":{"@id":"https:\/\/serrafm879.com.br\/serrafm\/2021\/04\/pazuello-sera-ouvido-na-proxima-quarta-feira-anuncia-presidente-da-cpi-da-covid\/#breadcrumb"},"inLanguage":"pt-BR","potentialAction":[{"@type":"ReadAction","target":["https:\/\/serrafm879.com.br\/serrafm\/2021\/04\/pazuello-sera-ouvido-na-proxima-quarta-feira-anuncia-presidente-da-cpi-da-covid\/"]}]},{"@type":"ImageObject","inLanguage":"pt-BR","@id":"https:\/\/serrafm879.com.br\/serrafm\/2021\/04\/pazuello-sera-ouvido-na-proxima-quarta-feira-anuncia-presidente-da-cpi-da-covid\/#primaryimage","url":"https:\/\/serrafm879.com.br\/serrafm\/wp-content\/uploads\/2021\/03\/serrafm.jpg","contentUrl":"https:\/\/serrafm879.com.br\/serrafm\/wp-content\/uploads\/2021\/03\/serrafm.jpg","width":800,"height":400},{"@type":"BreadcrumbList","@id":"https:\/\/serrafm879.com.br\/serrafm\/2021\/04\/pazuello-sera-ouvido-na-proxima-quarta-feira-anuncia-presidente-da-cpi-da-covid\/#breadcrumb","itemListElement":[{"@type":"ListItem","position":1,"name":"In\u00edcio","item":"https:\/\/serrafm879.com.br\/serrafm\/"},{"@type":"ListItem","position":2,"name":"Pazuello ser\u00e1 ouvido na pr\u00f3xima quarta-feira, anuncia presidente da CPI da Covid"}]},{"@type":"WebSite","@id":"https:\/\/serrafm879.com.br\/serrafm\/#website","url":"https:\/\/serrafm879.com.br\/serrafm\/","name":"Serra FM 87,9","description":"O seu novo amor!","potentialAction":[{"@type":"SearchAction","target":{"@type":"EntryPoint","urlTemplate":"https:\/\/serrafm879.com.br\/serrafm\/?s={search_term_string}"},"query-input":{"@type":"PropertyValueSpecification","valueRequired":true,"valueName":"search_term_string"}}],"inLanguage":"pt-BR"},{"@type":"Person","@id":"https:\/\/serrafm879.com.br\/serrafm\/#\/schema\/person\/c028a197030ff8b1c03c68dfba4a787a","name":"serrafm87","image":{"@type":"ImageObject","inLanguage":"pt-BR","@id":"https:\/\/serrafm879.com.br\/serrafm\/#\/schema\/person\/image\/","url":"https:\/\/secure.gravatar.com\/avatar\/a743233f1112d34f48bb3dc9559b76eb930bab8b27175856cba6362608736235?s=96&d=mm&r=g","contentUrl":"https:\/\/secure.gravatar.com\/avatar\/a743233f1112d34f48bb3dc9559b76eb930bab8b27175856cba6362608736235?s=96&d=mm&r=g","caption":"serrafm87"},"sameAs":["http:\/\/serrafm879.com.br\/"],"url":"https:\/\/serrafm879.com.br\/serrafm\/author\/serrafm87\/"}]}},"jetpack_featured_media_url":"https:\/\/serrafm879.com.br\/serrafm\/wp-content\/uploads\/2021\/03\/serrafm.jpg","jetpack_shortlink":"https:\/\/wp.me\/p7HyXg-1ub","jetpack_sharing_enabled":true,"_links":{"self":[{"href":"https:\/\/serrafm879.com.br\/serrafm\/wp-json\/wp\/v2\/posts\/5715","targetHints":{"allow":["GET"]}}],"collection":[{"href":"https:\/\/serrafm879.com.br\/serrafm\/wp-json\/wp\/v2\/posts"}],"about":[{"href":"https:\/\/serrafm879.com.br\/serrafm\/wp-json\/wp\/v2\/types\/post"}],"author":[{"embeddable":true,"href":"https:\/\/serrafm879.com.br\/serrafm\/wp-json\/wp\/v2\/users\/2"}],"replies":[{"embeddable":true,"href":"https:\/\/serrafm879.com.br\/serrafm\/wp-json\/wp\/v2\/comments?post=5715"}],"version-history":[{"count":1,"href":"https:\/\/serrafm879.com.br\/serrafm\/wp-json\/wp\/v2\/posts\/5715\/revisions"}],"predecessor-version":[{"id":5716,"href":"https:\/\/serrafm879.com.br\/serrafm\/wp-json\/wp\/v2\/posts\/5715\/revisions\/5716"}],"wp:featuredmedia":[{"embeddable":true,"href":"https:\/\/serrafm879.com.br\/serrafm\/wp-json\/wp\/v2\/media\/5167"}],"wp:attachment":[{"href":"https:\/\/serrafm879.com.br\/serrafm\/wp-json\/wp\/v2\/media?parent=5715"}],"wp:term":[{"taxonomy":"category","embeddable":true,"href":"https:\/\/serrafm879.com.br\/serrafm\/wp-json\/wp\/v2\/categories?post=5715"},{"taxonomy":"post_tag","embeddable":true,"href":"https:\/\/serrafm879.com.br\/serrafm\/wp-json\/wp\/v2\/tags?post=5715"}],"curies":[{"name":"wp","href":"https:\/\/api.w.org\/{rel}","templated":true}]}}