{"id":5723,"date":"2021-04-30T07:12:46","date_gmt":"2021-04-30T10:12:46","guid":{"rendered":"https:\/?p=5723"},"modified":"2021-04-30T07:12:46","modified_gmt":"2021-04-30T10:12:46","slug":"campanha-de-vacinacao-contra-febre-aftosa-comeca-dia-1o-de-maio-informa-adagro","status":"publish","type":"post","link":"https:\/\/serrafm879.com.br\/serrafm\/2021\/04\/campanha-de-vacinacao-contra-febre-aftosa-comeca-dia-1o-de-maio-informa-adagro\/","title":{"rendered":"Campanha de vacina\u00e7\u00e3o contra febre aftosa come\u00e7a dia 1\u00ba de maio, informa Adagro"},"content":{"rendered":"<p>A Ag\u00eancia de Defesa e Fiscaliza\u00e7\u00e3o Agropecu\u00e1ria do Estado de Pernambuco (Adagro), autarquia vinculada \u00e0 Secretaria de Desenvolvimento Agr\u00e1rio (SDA), convoca os produtores para a primeira etapa da campanha de vacina\u00e7\u00e3o contra a febre aftosa, que acontece de 1\u00ba a 30 de maio, simultaneamente em todos o Brasil. A meta \u00e9 imunizar todo o rebanho pernambucano, totalizando 2,1 milh\u00f5es de animais, entre bois e b\u00fafalos.<\/p>\n<p>A vacina pode ser adquirida durante o per\u00edodo da campanha nas casas agropecu\u00e1rias. A declara\u00e7\u00e3o de vacina\u00e7\u00e3o \u00e9 obrigat\u00f3ria e deve ser efetuada at\u00e9 15 de junho nos escrit\u00f3rios da Adagro ou pela internet. Para declarar on-line \u00e9 necess\u00e1rio que o produtor realize o seu pr\u00e9-cadastro no Sistema de Integra\u00e7\u00e3o Agropecu\u00e1ria (Siapec 3), dispon\u00edvel no site da Adagro www.adagro.pe.gov.br. O produtor que n\u00e3o vacinar ou n\u00e3o declarar est\u00e1 sujeito \u00e0 multa e fica proibido de transitar com seu rebanho dentro e fora do estado.<\/p>\n<p>\u201cHistoricamente Pernambuco assegura uma cobertura superior aos 90% exigidos pelo Minist\u00e9rio da Agricultura, Pecu\u00e1ria e Abastecimento (MAPA) e que mant\u00e9m o status de \u00e1rea livre de aftosa com vacina\u00e7\u00e3o. Em tempos de pandemia, estamos contando ainda mais com a coopera\u00e7\u00e3o dos produtores, secretarias municipais de agricultura, as pr\u00f3prias prefeituras e o nosso quadro t\u00e9cnico para garantir a sanidade do rebanho e a manuten\u00e7\u00e3o desse status\u201d, afirma o presidente da Adagro, Paulo Roberto de Andrade Lima.<\/p>\n<p>Pernambuco \u00e9 \u00e1rea livre de aftosa com vacina\u00e7\u00e3o e integra um bloco de estados do Nordeste que pleiteia o status de \u00e1rea livre sem vacina. Para tanto, \u00e9 preciso manter a m\u00e9dia de animais vacinados acima de 90%, atingir mais de 90% de propriedades vacinadas, aumentar a vigil\u00e2ncia epidemiol\u00f3gica por parte do servi\u00e7o veterin\u00e1rio oficial, fortalecer o sistema de notifica\u00e7\u00e3o aumentando o envolvimento de toda a comunidade (produtores, iniciativa privada, entidades p\u00fablicas e privadas) e implantar o Fundo de Arrecada\u00e7\u00e3o para Emerg\u00eancias.<\/p>\n<p>Balan\u00e7o 2020: Na primeira etapa foram vacinados 1.827.41 bovinos e 9.685 b\u00fafalos, atingindo uma cobertura de 93,59% do rebanho pernambucano. Na segunda etapa, quando apenas o rebanho de 0 a 24 meses recebe uma dose de refor\u00e7o, Pernambuco garantiu a imuniza\u00e7\u00e3o de 595.043 bovinos e bubalinos, alcan\u00e7ando percentual de 94.89% de cobertura nesta faixa et\u00e1ria.<\/p>\n","protected":false},"excerpt":{"rendered":"<p>A Ag\u00eancia de Defesa e Fiscaliza\u00e7\u00e3o Agropecu\u00e1ria do Estado de Pernambuco (Adagro), autarquia vinculada \u00e0 Secretaria de Desenvolvimento Agr\u00e1rio (SDA), convoca os produtores para a primeira etapa da campanha de vacina\u00e7\u00e3o contra a febre aftosa, que acontece de 1\u00ba a 30 de maio, simultaneamente em todos o Brasil. A meta \u00e9 imunizar todo o rebanho pernambucano, totalizando 2,1 milh\u00f5es de animais, entre bois e b\u00fafalos. A vacina pode ser adquirida durante o per\u00edodo da campanha nas casas agropecu\u00e1rias. A declara\u00e7\u00e3o de vacina\u00e7\u00e3o \u00e9 obrigat\u00f3ria e deve ser efetuada at\u00e9 15 de junho nos escrit\u00f3rios da Adagro ou pela internet. Para [&hellip;]<\/p>\n","protected":false},"author":2,"featured_media":5724,"comment_status":"open","ping_status":"open","sticky":false,"template":"","format":"standard","meta":{"_jetpack_memberships_contains_paid_content":false,"footnotes":"","jetpack_publicize_message":"","jetpack_publicize_feature_enabled":true,"jetpack_social_post_already_shared":true,"jetpack_social_options":{"image_generator_settings":{"template":"highway","enabled":false},"version":2}},"categories":[2],"tags":[],"class_list":["post-5723","post","type-post","status-publish","format-standard","has-post-thumbnail","hentry","category-noticias"],"jetpack_publicize_connections":[],"yoast_head":"<!-- This site is optimized with the Yoast SEO plugin v24.7 - https:\/\/yoast.com\/wordpress\/plugins\/seo\/ -->\n<title>Campanha de vacina\u00e7\u00e3o contra febre aftosa come\u00e7a dia 1\u00ba de maio, informa Adagro - Serra FM 87,9<\/title>\n<meta name=\"robots\" content=\"index, follow, max-snippet:-1, max-image-preview:large, max-video-preview:-1\" \/>\n<link rel=\"canonical\" href=\"https:\/\/serrafm879.com.br\/serrafm\/2021\/04\/campanha-de-vacinacao-contra-febre-aftosa-comeca-dia-1o-de-maio-informa-adagro\/\" \/>\n<meta property=\"og:locale\" content=\"pt_BR\" \/>\n<meta property=\"og:type\" content=\"article\" \/>\n<meta property=\"og:title\" content=\"Campanha de vacina\u00e7\u00e3o contra febre aftosa come\u00e7a dia 1\u00ba de maio, informa Adagro - Serra FM 87,9\" \/>\n<meta property=\"og:description\" content=\"A Ag\u00eancia de Defesa e Fiscaliza\u00e7\u00e3o Agropecu\u00e1ria do Estado de Pernambuco (Adagro), autarquia vinculada \u00e0 Secretaria de Desenvolvimento Agr\u00e1rio (SDA), convoca os produtores para a primeira etapa da campanha de vacina\u00e7\u00e3o contra a febre aftosa, que acontece de 1\u00ba a 30 de maio, simultaneamente em todos o Brasil. A meta \u00e9 imunizar todo o rebanho pernambucano, totalizando 2,1 milh\u00f5es de animais, entre bois e b\u00fafalos. A vacina pode ser adquirida durante o per\u00edodo da campanha nas casas agropecu\u00e1rias. A declara\u00e7\u00e3o de vacina\u00e7\u00e3o \u00e9 obrigat\u00f3ria e deve ser efetuada at\u00e9 15 de junho nos escrit\u00f3rios da Adagro ou pela internet. Para [&hellip;]\" \/>\n<meta property=\"og:url\" content=\"https:\/\/serrafm879.com.br\/serrafm\/2021\/04\/campanha-de-vacinacao-contra-febre-aftosa-comeca-dia-1o-de-maio-informa-adagro\/\" \/>\n<meta property=\"og:site_name\" content=\"Serra FM 87,9\" \/>\n<meta property=\"article:published_time\" content=\"2021-04-30T10:12:46+00:00\" \/>\n<meta property=\"og:image\" content=\"https:\/\/serrafm879.com.br\/serrafm\/wp-content\/uploads\/2021\/04\/vacinagado.jpg\" \/>\n\t<meta property=\"og:image:width\" content=\"768\" \/>\n\t<meta property=\"og:image:height\" content=\"449\" \/>\n\t<meta property=\"og:image:type\" content=\"image\/jpeg\" \/>\n<meta name=\"author\" content=\"serrafm87\" \/>\n<meta name=\"twitter:card\" content=\"summary_large_image\" \/>\n<meta name=\"twitter:label1\" content=\"Escrito por\" \/>\n\t<meta name=\"twitter:data1\" content=\"serrafm87\" \/>\n\t<meta name=\"twitter:label2\" content=\"Est. tempo de leitura\" \/>\n\t<meta name=\"twitter:data2\" content=\"2 minutos\" \/>\n<script type=\"application\/ld+json\" class=\"yoast-schema-graph\">{\"@context\":\"https:\/\/schema.org\",\"@graph\":[{\"@type\":\"WebPage\",\"@id\":\"https:\/\/serrafm879.com.br\/serrafm\/2021\/04\/campanha-de-vacinacao-contra-febre-aftosa-comeca-dia-1o-de-maio-informa-adagro\/\",\"url\":\"https:\/\/serrafm879.com.br\/serrafm\/2021\/04\/campanha-de-vacinacao-contra-febre-aftosa-comeca-dia-1o-de-maio-informa-adagro\/\",\"name\":\"Campanha de vacina\u00e7\u00e3o contra febre aftosa come\u00e7a dia 1\u00ba de maio, informa Adagro - Serra FM 87,9\",\"isPartOf\":{\"@id\":\"https:\/\/serrafm879.com.br\/serrafm\/#website\"},\"primaryImageOfPage\":{\"@id\":\"https:\/\/serrafm879.com.br\/serrafm\/2021\/04\/campanha-de-vacinacao-contra-febre-aftosa-comeca-dia-1o-de-maio-informa-adagro\/#primaryimage\"},\"image\":{\"@id\":\"https:\/\/serrafm879.com.br\/serrafm\/2021\/04\/campanha-de-vacinacao-contra-febre-aftosa-comeca-dia-1o-de-maio-informa-adagro\/#primaryimage\"},\"thumbnailUrl\":\"https:\/\/serrafm879.com.br\/serrafm\/wp-content\/uploads\/2021\/04\/vacinagado.jpg\",\"datePublished\":\"2021-04-30T10:12:46+00:00\",\"author\":{\"@id\":\"https:\/\/serrafm879.com.br\/serrafm\/#\/schema\/person\/c028a197030ff8b1c03c68dfba4a787a\"},\"breadcrumb\":{\"@id\":\"https:\/\/serrafm879.com.br\/serrafm\/2021\/04\/campanha-de-vacinacao-contra-febre-aftosa-comeca-dia-1o-de-maio-informa-adagro\/#breadcrumb\"},\"inLanguage\":\"pt-BR\",\"potentialAction\":[{\"@type\":\"ReadAction\",\"target\":[\"https:\/\/serrafm879.com.br\/serrafm\/2021\/04\/campanha-de-vacinacao-contra-febre-aftosa-comeca-dia-1o-de-maio-informa-adagro\/\"]}]},{\"@type\":\"ImageObject\",\"inLanguage\":\"pt-BR\",\"@id\":\"https:\/\/serrafm879.com.br\/serrafm\/2021\/04\/campanha-de-vacinacao-contra-febre-aftosa-comeca-dia-1o-de-maio-informa-adagro\/#primaryimage\",\"url\":\"https:\/\/serrafm879.com.br\/serrafm\/wp-content\/uploads\/2021\/04\/vacinagado.jpg\",\"contentUrl\":\"https:\/\/serrafm879.com.br\/serrafm\/wp-content\/uploads\/2021\/04\/vacinagado.jpg\",\"width\":768,\"height\":449},{\"@type\":\"BreadcrumbList\",\"@id\":\"https:\/\/serrafm879.com.br\/serrafm\/2021\/04\/campanha-de-vacinacao-contra-febre-aftosa-comeca-dia-1o-de-maio-informa-adagro\/#breadcrumb\",\"itemListElement\":[{\"@type\":\"ListItem\",\"position\":1,\"name\":\"In\u00edcio\",\"item\":\"https:\/\/serrafm879.com.br\/serrafm\/\"},{\"@type\":\"ListItem\",\"position\":2,\"name\":\"Campanha de vacina\u00e7\u00e3o contra febre aftosa come\u00e7a dia 1\u00ba de maio, informa Adagro\"}]},{\"@type\":\"WebSite\",\"@id\":\"https:\/\/serrafm879.com.br\/serrafm\/#website\",\"url\":\"https:\/\/serrafm879.com.br\/serrafm\/\",\"name\":\"Serra FM 87,9\",\"description\":\"O seu novo amor!\",\"potentialAction\":[{\"@type\":\"SearchAction\",\"target\":{\"@type\":\"EntryPoint\",\"urlTemplate\":\"https:\/\/serrafm879.com.br\/serrafm\/?s={search_term_string}\"},\"query-input\":{\"@type\":\"PropertyValueSpecification\",\"valueRequired\":true,\"valueName\":\"search_term_string\"}}],\"inLanguage\":\"pt-BR\"},{\"@type\":\"Person\",\"@id\":\"https:\/\/serrafm879.com.br\/serrafm\/#\/schema\/person\/c028a197030ff8b1c03c68dfba4a787a\",\"name\":\"serrafm87\",\"image\":{\"@type\":\"ImageObject\",\"inLanguage\":\"pt-BR\",\"@id\":\"https:\/\/serrafm879.com.br\/serrafm\/#\/schema\/person\/image\/\",\"url\":\"https:\/\/secure.gravatar.com\/avatar\/a743233f1112d34f48bb3dc9559b76eb930bab8b27175856cba6362608736235?s=96&d=mm&r=g\",\"contentUrl\":\"https:\/\/secure.gravatar.com\/avatar\/a743233f1112d34f48bb3dc9559b76eb930bab8b27175856cba6362608736235?s=96&d=mm&r=g\",\"caption\":\"serrafm87\"},\"sameAs\":[\"http:\/\/serrafm879.com.br\/\"],\"url\":\"https:\/\/serrafm879.com.br\/serrafm\/author\/serrafm87\/\"}]}<\/script>\n<!-- \/ Yoast SEO plugin. -->","yoast_head_json":{"title":"Campanha de vacina\u00e7\u00e3o contra febre aftosa come\u00e7a dia 1\u00ba de maio, informa Adagro - Serra FM 87,9","robots":{"index":"index","follow":"follow","max-snippet":"max-snippet:-1","max-image-preview":"max-image-preview:large","max-video-preview":"max-video-preview:-1"},"canonical":"https:\/\/serrafm879.com.br\/serrafm\/2021\/04\/campanha-de-vacinacao-contra-febre-aftosa-comeca-dia-1o-de-maio-informa-adagro\/","og_locale":"pt_BR","og_type":"article","og_title":"Campanha de vacina\u00e7\u00e3o contra febre aftosa come\u00e7a dia 1\u00ba de maio, informa Adagro - Serra FM 87,9","og_description":"A Ag\u00eancia de Defesa e Fiscaliza\u00e7\u00e3o Agropecu\u00e1ria do Estado de Pernambuco (Adagro), autarquia vinculada \u00e0 Secretaria de Desenvolvimento Agr\u00e1rio (SDA), convoca os produtores para a primeira etapa da campanha de vacina\u00e7\u00e3o contra a febre aftosa, que acontece de 1\u00ba a 30 de maio, simultaneamente em todos o Brasil. A meta \u00e9 imunizar todo o rebanho pernambucano, totalizando 2,1 milh\u00f5es de animais, entre bois e b\u00fafalos. A vacina pode ser adquirida durante o per\u00edodo da campanha nas casas agropecu\u00e1rias. A declara\u00e7\u00e3o de vacina\u00e7\u00e3o \u00e9 obrigat\u00f3ria e deve ser efetuada at\u00e9 15 de junho nos escrit\u00f3rios da Adagro ou pela internet. Para [&hellip;]","og_url":"https:\/\/serrafm879.com.br\/serrafm\/2021\/04\/campanha-de-vacinacao-contra-febre-aftosa-comeca-dia-1o-de-maio-informa-adagro\/","og_site_name":"Serra FM 87,9","article_published_time":"2021-04-30T10:12:46+00:00","og_image":[{"width":768,"height":449,"url":"https:\/\/serrafm879.com.br\/serrafm\/wp-content\/uploads\/2021\/04\/vacinagado.jpg","type":"image\/jpeg"}],"author":"serrafm87","twitter_card":"summary_large_image","twitter_misc":{"Escrito por":"serrafm87","Est. tempo de leitura":"2 minutos"},"schema":{"@context":"https:\/\/schema.org","@graph":[{"@type":"WebPage","@id":"https:\/\/serrafm879.com.br\/serrafm\/2021\/04\/campanha-de-vacinacao-contra-febre-aftosa-comeca-dia-1o-de-maio-informa-adagro\/","url":"https:\/\/serrafm879.com.br\/serrafm\/2021\/04\/campanha-de-vacinacao-contra-febre-aftosa-comeca-dia-1o-de-maio-informa-adagro\/","name":"Campanha de vacina\u00e7\u00e3o contra febre aftosa come\u00e7a dia 1\u00ba de maio, informa Adagro - Serra FM 87,9","isPartOf":{"@id":"https:\/\/serrafm879.com.br\/serrafm\/#website"},"primaryImageOfPage":{"@id":"https:\/\/serrafm879.com.br\/serrafm\/2021\/04\/campanha-de-vacinacao-contra-febre-aftosa-comeca-dia-1o-de-maio-informa-adagro\/#primaryimage"},"image":{"@id":"https:\/\/serrafm879.com.br\/serrafm\/2021\/04\/campanha-de-vacinacao-contra-febre-aftosa-comeca-dia-1o-de-maio-informa-adagro\/#primaryimage"},"thumbnailUrl":"https:\/\/serrafm879.com.br\/serrafm\/wp-content\/uploads\/2021\/04\/vacinagado.jpg","datePublished":"2021-04-30T10:12:46+00:00","author":{"@id":"https:\/\/serrafm879.com.br\/serrafm\/#\/schema\/person\/c028a197030ff8b1c03c68dfba4a787a"},"breadcrumb":{"@id":"https:\/\/serrafm879.com.br\/serrafm\/2021\/04\/campanha-de-vacinacao-contra-febre-aftosa-comeca-dia-1o-de-maio-informa-adagro\/#breadcrumb"},"inLanguage":"pt-BR","potentialAction":[{"@type":"ReadAction","target":["https:\/\/serrafm879.com.br\/serrafm\/2021\/04\/campanha-de-vacinacao-contra-febre-aftosa-comeca-dia-1o-de-maio-informa-adagro\/"]}]},{"@type":"ImageObject","inLanguage":"pt-BR","@id":"https:\/\/serrafm879.com.br\/serrafm\/2021\/04\/campanha-de-vacinacao-contra-febre-aftosa-comeca-dia-1o-de-maio-informa-adagro\/#primaryimage","url":"https:\/\/serrafm879.com.br\/serrafm\/wp-content\/uploads\/2021\/04\/vacinagado.jpg","contentUrl":"https:\/\/serrafm879.com.br\/serrafm\/wp-content\/uploads\/2021\/04\/vacinagado.jpg","width":768,"height":449},{"@type":"BreadcrumbList","@id":"https:\/\/serrafm879.com.br\/serrafm\/2021\/04\/campanha-de-vacinacao-contra-febre-aftosa-comeca-dia-1o-de-maio-informa-adagro\/#breadcrumb","itemListElement":[{"@type":"ListItem","position":1,"name":"In\u00edcio","item":"https:\/\/serrafm879.com.br\/serrafm\/"},{"@type":"ListItem","position":2,"name":"Campanha de vacina\u00e7\u00e3o contra febre aftosa come\u00e7a dia 1\u00ba de maio, informa Adagro"}]},{"@type":"WebSite","@id":"https:\/\/serrafm879.com.br\/serrafm\/#website","url":"https:\/\/serrafm879.com.br\/serrafm\/","name":"Serra FM 87,9","description":"O seu novo amor!","potentialAction":[{"@type":"SearchAction","target":{"@type":"EntryPoint","urlTemplate":"https:\/\/serrafm879.com.br\/serrafm\/?s={search_term_string}"},"query-input":{"@type":"PropertyValueSpecification","valueRequired":true,"valueName":"search_term_string"}}],"inLanguage":"pt-BR"},{"@type":"Person","@id":"https:\/\/serrafm879.com.br\/serrafm\/#\/schema\/person\/c028a197030ff8b1c03c68dfba4a787a","name":"serrafm87","image":{"@type":"ImageObject","inLanguage":"pt-BR","@id":"https:\/\/serrafm879.com.br\/serrafm\/#\/schema\/person\/image\/","url":"https:\/\/secure.gravatar.com\/avatar\/a743233f1112d34f48bb3dc9559b76eb930bab8b27175856cba6362608736235?s=96&d=mm&r=g","contentUrl":"https:\/\/secure.gravatar.com\/avatar\/a743233f1112d34f48bb3dc9559b76eb930bab8b27175856cba6362608736235?s=96&d=mm&r=g","caption":"serrafm87"},"sameAs":["http:\/\/serrafm879.com.br\/"],"url":"https:\/\/serrafm879.com.br\/serrafm\/author\/serrafm87\/"}]}},"jetpack_featured_media_url":"https:\/\/serrafm879.com.br\/serrafm\/wp-content\/uploads\/2021\/04\/vacinagado.jpg","jetpack_shortlink":"https:\/\/wp.me\/p7HyXg-1uj","jetpack_sharing_enabled":true,"_links":{"self":[{"href":"https:\/\/serrafm879.com.br\/serrafm\/wp-json\/wp\/v2\/posts\/5723","targetHints":{"allow":["GET"]}}],"collection":[{"href":"https:\/\/serrafm879.com.br\/serrafm\/wp-json\/wp\/v2\/posts"}],"about":[{"href":"https:\/\/serrafm879.com.br\/serrafm\/wp-json\/wp\/v2\/types\/post"}],"author":[{"embeddable":true,"href":"https:\/\/serrafm879.com.br\/serrafm\/wp-json\/wp\/v2\/users\/2"}],"replies":[{"embeddable":true,"href":"https:\/\/serrafm879.com.br\/serrafm\/wp-json\/wp\/v2\/comments?post=5723"}],"version-history":[{"count":1,"href":"https:\/\/serrafm879.com.br\/serrafm\/wp-json\/wp\/v2\/posts\/5723\/revisions"}],"predecessor-version":[{"id":5725,"href":"https:\/\/serrafm879.com.br\/serrafm\/wp-json\/wp\/v2\/posts\/5723\/revisions\/5725"}],"wp:featuredmedia":[{"embeddable":true,"href":"https:\/\/serrafm879.com.br\/serrafm\/wp-json\/wp\/v2\/media\/5724"}],"wp:attachment":[{"href":"https:\/\/serrafm879.com.br\/serrafm\/wp-json\/wp\/v2\/media?parent=5723"}],"wp:term":[{"taxonomy":"category","embeddable":true,"href":"https:\/\/serrafm879.com.br\/serrafm\/wp-json\/wp\/v2\/categories?post=5723"},{"taxonomy":"post_tag","embeddable":true,"href":"https:\/\/serrafm879.com.br\/serrafm\/wp-json\/wp\/v2\/tags?post=5723"}],"curies":[{"name":"wp","href":"https:\/\/api.w.org\/{rel}","templated":true}]}}