{"id":5726,"date":"2021-04-30T07:14:48","date_gmt":"2021-04-30T10:14:48","guid":{"rendered":"https:\/?p=5726"},"modified":"2021-04-30T07:14:48","modified_gmt":"2021-04-30T10:14:48","slug":"pernambuco-inicia-imunizacao-de-pessoas-com-comorbidades","status":"publish","type":"post","link":"https:\/\/serrafm879.com.br\/serrafm\/2021\/04\/pernambuco-inicia-imunizacao-de-pessoas-com-comorbidades\/","title":{"rendered":"Pernambuco inicia imuniza\u00e7\u00e3o de pessoas com comorbidades"},"content":{"rendered":"<p>Pernambuco recebeu, na manh\u00e3 desta quinta-feira (29), mais 212.450 doses de vacinas contra a Covid-19, sendo 208.250 da Astrazeneca\/Fiocruz e 4.200 da Coronavac\/Butantan. Com a nova remessa, ser\u00e1 iniciada a imuniza\u00e7\u00e3o do grupo de pessoas com comorbidades, al\u00e9m de gr\u00e1vidas e pu\u00e9rperas.<\/p>\n<p>O insumo da Astrazeneca tamb\u00e9m ajudar\u00e1 no avan\u00e7o da primeira dose para idosos entre 60 e 64 anos e trabalhadores de for\u00e7as de seguran\u00e7a e salvamento. J\u00e1 o quantitativo de Coronavac recebido nesta quinta ser\u00e1 todo utilizado para aplica\u00e7\u00e3o da segunda dose em idosos que j\u00e1 tomaram a primeira dose da mesma marca. As vacinas come\u00e7aram a ser distribu\u00eddas logo no in\u00edcio da tarde \u00e0s 12 Ger\u00eancias Regionais de Sa\u00fade (Geres), para que os munic\u00edpios possam retirar seus respectivos quantitativos. Na opera\u00e7\u00e3o log\u00edstica montada pela Secretaria Estadual de Sa\u00fade (SES-PE), os envios ocorrem pelas vias terrestre e a\u00e9rea.<\/p>\n<div class=\"wp-block-image\">\n<figure class=\"aligncenter size-large is-resized\"><\/figure>\n<\/div>\n<p>Neste primeiro momento, ser\u00e3o priorizadas no grupo de comorbidades todas as pessoas, entre 18 e 59 anos, com as seguintes condi\u00e7\u00f5es: doen\u00e7a renal cr\u00f4nica em terapia de substitui\u00e7\u00e3o renal (di\u00e1lise); obesidade m\u00f3rbida; S\u00edndrome de Down; transplantados de \u00f3rg\u00e3os s\u00f3lidos ou medula \u00f3ssea; pessoas vivendo com HIV e imunossuprimidos, que s\u00e3o indiv\u00edduos em uso de imunossupressores ou com imunodefici\u00eancias prim\u00e1rias, pacientes oncol\u00f3gicos que realizaram tratamento quimioter\u00e1pico ou radioter\u00e1pico nos \u00faltimos 6 meses e com neoplasias hematol\u00f3gicas.<\/p>\n<p>\u0093A imuniza\u00e7\u00e3o deve seguir crit\u00e9rios epidemiol\u00f3gicos. Precis\u00e1vamos garantir, primeiro, a prote\u00e7\u00e3o dos idosos, grupo mais vulner\u00e1vel e respons\u00e1vel por 75% do total de mortes por Covid-19 no Estado. Agora, ap\u00f3s o in\u00edcio da prote\u00e7\u00e3o para todos acima dos 60 anos, \u00e9 urgente vacinar pessoas com comorbidades, que tamb\u00e9m t\u00eam risco agravado de \u00f3bito. Para se ter ideia, 60% das pessoas que morreram pela Covid-19 em Pernambuco tinham algum tipo de comorbidade\u0094, destacou o secret\u00e1rio estadual de Sa\u00fade, Andr\u00e9 Longo, em coletiva online.<\/p>\n<p>Tamb\u00e9m est\u00e3o inclusos nessa fase pessoas com comorbidades de 55 a 59 anos, pessoas com defici\u00eancia permanente cadastradas no programa de benef\u00edcio de presta\u00e7\u00e3o continuada (BPC) de 55 a 59 anos e gestantes e pu\u00e9rperas com comorbidades, independentemente da idade. Essa popula\u00e7\u00e3o se baseia em recomenda\u00e7\u00f5es do Minist\u00e9rio da Sa\u00fade e pactua\u00e7\u00e3o da Secretaria Estadual de Sa\u00fade junto aos munic\u00edpios na Comiss\u00e3o Intergestores Bipartite. \u0093A inclus\u00e3o das gr\u00e1vidas e pu\u00e9rperas, grupo estimado em 116.450 mulheres no Estado, \u00e9 de extrema import\u00e2ncia porque os estudos apontam que a covid-19 aumenta o risco de morte para as gr\u00e1vidas, al\u00e9m de prematuridade nos beb\u00eas\u0094, explicou Longo.<\/p>\n<p>Para comprova\u00e7\u00e3o das comorbidades, a SES-PE produziu um modelo de atestado para que um profissional de sa\u00fade informe a doen\u00e7a preexistente do paciente. \u00c9 obrigat\u00f3rio o carimbo, matr\u00edcula e\/ou registro do conselho de classe. Em unidade de sa\u00fade da Fam\u00edlia, de natureza p\u00fablica, m\u00e9dico e enfermeiro podem atestar. Nas policl\u00ednicas e unidades de sa\u00fade de natureza privada apenas os m\u00e9dicos podem atestar. Poder\u00e3o ser anexados outros documentos de comprova\u00e7\u00e3o da comorbidade, como receitas, relat\u00f3rio m\u00e9dico, prescri\u00e7\u00e3o m\u00e9dica, e outros que contenham carimbo da unidade com Cadastro Nacional de Estabelecimentos de Sa\u00fade (CNES) e assinatura e carimbo do profissional respons\u00e1vel.<\/p>\n<p>PFIZER \u0096 O quantitativo de doses para o grupo de comorbidades entregue nesta quinta (Astrazeneca e Butantan) n\u00e3o contemplar\u00e1 os munic\u00edpios de Olinda, Jaboat\u00e3o dos Guararapes e Recife, que ir\u00e3o receber vacinas da Pfizer\/BioNTech, como pactuado entre o \u00f3rg\u00e3o federal, Estado e munic\u00edpios. O Minist\u00e9rio da Sa\u00fade afirmou que as doses desse fabricante chegariam ao Brasil na noite desta quinta, seguindo para os Estados entre a sexta (30.04) e o s\u00e1bado (01). Esse imunizante tamb\u00e9m \u00e9 aplicado em duas doses, com intervalo de 21 dias.<\/p>\n<p>Diferente das outras vacinas em uso no Brasil, a da Pfizer precisa ficar armazenada entre -25\u00b0C e -15\u00b0C por at\u00e9 14 dias. O Governo de Pernambuco j\u00e1 possui os equipamentos necess\u00e1rios para garantir a conserva\u00e7\u00e3o das doses e posterior distribui\u00e7\u00e3o \u00e0s cidades. Pelas condi\u00e7\u00f5es restritivas de armazenamento da vacina, as secretarias municipais de sa\u00fade v\u00e3o retirar as doses em pequenas quantidades, para cerca de quatro dias de vacina\u00e7\u00e3o. Nas salas de vacina, o armazenamento poder\u00e1 ser feito entre 2\u00b0C a 8\u00b0C por at\u00e9 5 dias.<\/p>\n<p>\u0093O Brasil contava com apenas duas vacinas para a Covid-19, o que \u00e9 muito pouco para um pa\u00eds de extens\u00e3o continental. A chegada do imunizante da Pfizer \u00e9 muito importante, apesar do quantitativo pequeno, especialmente nessa etapa da vacina\u00e7\u00e3o, para os pacientes com comorbidades e imunodeprimidos\u0094, pontuou o m\u00e9dico Eduardo Jorge, representante da Sociedade Brasileira de Imuniza\u00e7\u00f5es no Comit\u00ea T\u00e9cnico Estadual para Acompanhamento da Vacina\u00e7\u00e3o contra a Covid-19, que participou da coletiva online.<\/p>\n","protected":false},"excerpt":{"rendered":"<p>Pernambuco recebeu, na manh\u00e3 desta quinta-feira (29), mais 212.450 doses de vacinas contra a Covid-19, sendo 208.250 da Astrazeneca\/Fiocruz e 4.200 da Coronavac\/Butantan. Com a nova remessa, ser\u00e1 iniciada a imuniza\u00e7\u00e3o do grupo de pessoas com comorbidades, al\u00e9m de gr\u00e1vidas e pu\u00e9rperas. O insumo da Astrazeneca tamb\u00e9m ajudar\u00e1 no avan\u00e7o da primeira dose para idosos entre 60 e 64 anos e trabalhadores de for\u00e7as de seguran\u00e7a e salvamento. J\u00e1 o quantitativo de Coronavac recebido nesta quinta ser\u00e1 todo utilizado para aplica\u00e7\u00e3o da segunda dose em idosos que j\u00e1 tomaram a primeira dose da mesma marca. As vacinas come\u00e7aram a ser [&hellip;]<\/p>\n","protected":false},"author":2,"featured_media":3760,"comment_status":"open","ping_status":"open","sticky":false,"template":"","format":"standard","meta":{"_jetpack_memberships_contains_paid_content":false,"footnotes":"","jetpack_publicize_message":"","jetpack_publicize_feature_enabled":true,"jetpack_social_post_already_shared":true,"jetpack_social_options":{"image_generator_settings":{"template":"highway","enabled":false},"version":2}},"categories":[2],"tags":[],"class_list":["post-5726","post","type-post","status-publish","format-standard","has-post-thumbnail","hentry","category-noticias"],"jetpack_publicize_connections":[],"yoast_head":"<!-- This site is optimized with the Yoast SEO plugin v24.7 - https:\/\/yoast.com\/wordpress\/plugins\/seo\/ -->\n<title>Pernambuco inicia imuniza\u00e7\u00e3o de pessoas com comorbidades - Serra FM 87,9<\/title>\n<meta name=\"robots\" content=\"index, follow, max-snippet:-1, max-image-preview:large, max-video-preview:-1\" \/>\n<link rel=\"canonical\" href=\"https:\/\/serrafm879.com.br\/serrafm\/2021\/04\/pernambuco-inicia-imunizacao-de-pessoas-com-comorbidades\/\" \/>\n<meta property=\"og:locale\" content=\"pt_BR\" \/>\n<meta property=\"og:type\" content=\"article\" \/>\n<meta property=\"og:title\" content=\"Pernambuco inicia imuniza\u00e7\u00e3o de pessoas com comorbidades - Serra FM 87,9\" \/>\n<meta property=\"og:description\" content=\"Pernambuco recebeu, na manh\u00e3 desta quinta-feira (29), mais 212.450 doses de vacinas contra a Covid-19, sendo 208.250 da Astrazeneca\/Fiocruz e 4.200 da Coronavac\/Butantan. Com a nova remessa, ser\u00e1 iniciada a imuniza\u00e7\u00e3o do grupo de pessoas com comorbidades, al\u00e9m de gr\u00e1vidas e pu\u00e9rperas. O insumo da Astrazeneca tamb\u00e9m ajudar\u00e1 no avan\u00e7o da primeira dose para idosos entre 60 e 64 anos e trabalhadores de for\u00e7as de seguran\u00e7a e salvamento. J\u00e1 o quantitativo de Coronavac recebido nesta quinta ser\u00e1 todo utilizado para aplica\u00e7\u00e3o da segunda dose em idosos que j\u00e1 tomaram a primeira dose da mesma marca. As vacinas come\u00e7aram a ser [&hellip;]\" \/>\n<meta property=\"og:url\" content=\"https:\/\/serrafm879.com.br\/serrafm\/2021\/04\/pernambuco-inicia-imunizacao-de-pessoas-com-comorbidades\/\" \/>\n<meta property=\"og:site_name\" content=\"Serra FM 87,9\" \/>\n<meta property=\"article:published_time\" content=\"2021-04-30T10:14:48+00:00\" \/>\n<meta property=\"og:image\" content=\"https:\/\/serrafm879.com.br\/serrafm\/wp-content\/uploads\/2020\/08\/vacinaCovid.jpg\" \/>\n\t<meta property=\"og:image:width\" content=\"500\" \/>\n\t<meta property=\"og:image:height\" content=\"299\" \/>\n\t<meta property=\"og:image:type\" content=\"image\/jpeg\" \/>\n<meta name=\"author\" content=\"serrafm87\" \/>\n<meta name=\"twitter:card\" content=\"summary_large_image\" \/>\n<meta name=\"twitter:label1\" content=\"Escrito por\" \/>\n\t<meta name=\"twitter:data1\" content=\"serrafm87\" \/>\n\t<meta name=\"twitter:label2\" content=\"Est. tempo de leitura\" \/>\n\t<meta name=\"twitter:data2\" content=\"4 minutos\" \/>\n<script type=\"application\/ld+json\" class=\"yoast-schema-graph\">{\"@context\":\"https:\/\/schema.org\",\"@graph\":[{\"@type\":\"WebPage\",\"@id\":\"https:\/\/serrafm879.com.br\/serrafm\/2021\/04\/pernambuco-inicia-imunizacao-de-pessoas-com-comorbidades\/\",\"url\":\"https:\/\/serrafm879.com.br\/serrafm\/2021\/04\/pernambuco-inicia-imunizacao-de-pessoas-com-comorbidades\/\",\"name\":\"Pernambuco inicia imuniza\u00e7\u00e3o de pessoas com comorbidades - Serra FM 87,9\",\"isPartOf\":{\"@id\":\"https:\/\/serrafm879.com.br\/serrafm\/#website\"},\"primaryImageOfPage\":{\"@id\":\"https:\/\/serrafm879.com.br\/serrafm\/2021\/04\/pernambuco-inicia-imunizacao-de-pessoas-com-comorbidades\/#primaryimage\"},\"image\":{\"@id\":\"https:\/\/serrafm879.com.br\/serrafm\/2021\/04\/pernambuco-inicia-imunizacao-de-pessoas-com-comorbidades\/#primaryimage\"},\"thumbnailUrl\":\"https:\/\/serrafm879.com.br\/serrafm\/wp-content\/uploads\/2020\/08\/vacinaCovid.jpg\",\"datePublished\":\"2021-04-30T10:14:48+00:00\",\"author\":{\"@id\":\"https:\/\/serrafm879.com.br\/serrafm\/#\/schema\/person\/c028a197030ff8b1c03c68dfba4a787a\"},\"breadcrumb\":{\"@id\":\"https:\/\/serrafm879.com.br\/serrafm\/2021\/04\/pernambuco-inicia-imunizacao-de-pessoas-com-comorbidades\/#breadcrumb\"},\"inLanguage\":\"pt-BR\",\"potentialAction\":[{\"@type\":\"ReadAction\",\"target\":[\"https:\/\/serrafm879.com.br\/serrafm\/2021\/04\/pernambuco-inicia-imunizacao-de-pessoas-com-comorbidades\/\"]}]},{\"@type\":\"ImageObject\",\"inLanguage\":\"pt-BR\",\"@id\":\"https:\/\/serrafm879.com.br\/serrafm\/2021\/04\/pernambuco-inicia-imunizacao-de-pessoas-com-comorbidades\/#primaryimage\",\"url\":\"https:\/\/serrafm879.com.br\/serrafm\/wp-content\/uploads\/2020\/08\/vacinaCovid.jpg\",\"contentUrl\":\"https:\/\/serrafm879.com.br\/serrafm\/wp-content\/uploads\/2020\/08\/vacinaCovid.jpg\",\"width\":500,\"height\":299},{\"@type\":\"BreadcrumbList\",\"@id\":\"https:\/\/serrafm879.com.br\/serrafm\/2021\/04\/pernambuco-inicia-imunizacao-de-pessoas-com-comorbidades\/#breadcrumb\",\"itemListElement\":[{\"@type\":\"ListItem\",\"position\":1,\"name\":\"In\u00edcio\",\"item\":\"https:\/\/serrafm879.com.br\/serrafm\/\"},{\"@type\":\"ListItem\",\"position\":2,\"name\":\"Pernambuco inicia imuniza\u00e7\u00e3o de pessoas com comorbidades\"}]},{\"@type\":\"WebSite\",\"@id\":\"https:\/\/serrafm879.com.br\/serrafm\/#website\",\"url\":\"https:\/\/serrafm879.com.br\/serrafm\/\",\"name\":\"Serra FM 87,9\",\"description\":\"O seu novo amor!\",\"potentialAction\":[{\"@type\":\"SearchAction\",\"target\":{\"@type\":\"EntryPoint\",\"urlTemplate\":\"https:\/\/serrafm879.com.br\/serrafm\/?s={search_term_string}\"},\"query-input\":{\"@type\":\"PropertyValueSpecification\",\"valueRequired\":true,\"valueName\":\"search_term_string\"}}],\"inLanguage\":\"pt-BR\"},{\"@type\":\"Person\",\"@id\":\"https:\/\/serrafm879.com.br\/serrafm\/#\/schema\/person\/c028a197030ff8b1c03c68dfba4a787a\",\"name\":\"serrafm87\",\"image\":{\"@type\":\"ImageObject\",\"inLanguage\":\"pt-BR\",\"@id\":\"https:\/\/serrafm879.com.br\/serrafm\/#\/schema\/person\/image\/\",\"url\":\"https:\/\/secure.gravatar.com\/avatar\/a743233f1112d34f48bb3dc9559b76eb930bab8b27175856cba6362608736235?s=96&d=mm&r=g\",\"contentUrl\":\"https:\/\/secure.gravatar.com\/avatar\/a743233f1112d34f48bb3dc9559b76eb930bab8b27175856cba6362608736235?s=96&d=mm&r=g\",\"caption\":\"serrafm87\"},\"sameAs\":[\"http:\/\/serrafm879.com.br\/\"],\"url\":\"https:\/\/serrafm879.com.br\/serrafm\/author\/serrafm87\/\"}]}<\/script>\n<!-- \/ Yoast SEO plugin. -->","yoast_head_json":{"title":"Pernambuco inicia imuniza\u00e7\u00e3o de pessoas com comorbidades - Serra FM 87,9","robots":{"index":"index","follow":"follow","max-snippet":"max-snippet:-1","max-image-preview":"max-image-preview:large","max-video-preview":"max-video-preview:-1"},"canonical":"https:\/\/serrafm879.com.br\/serrafm\/2021\/04\/pernambuco-inicia-imunizacao-de-pessoas-com-comorbidades\/","og_locale":"pt_BR","og_type":"article","og_title":"Pernambuco inicia imuniza\u00e7\u00e3o de pessoas com comorbidades - Serra FM 87,9","og_description":"Pernambuco recebeu, na manh\u00e3 desta quinta-feira (29), mais 212.450 doses de vacinas contra a Covid-19, sendo 208.250 da Astrazeneca\/Fiocruz e 4.200 da Coronavac\/Butantan. Com a nova remessa, ser\u00e1 iniciada a imuniza\u00e7\u00e3o do grupo de pessoas com comorbidades, al\u00e9m de gr\u00e1vidas e pu\u00e9rperas. O insumo da Astrazeneca tamb\u00e9m ajudar\u00e1 no avan\u00e7o da primeira dose para idosos entre 60 e 64 anos e trabalhadores de for\u00e7as de seguran\u00e7a e salvamento. J\u00e1 o quantitativo de Coronavac recebido nesta quinta ser\u00e1 todo utilizado para aplica\u00e7\u00e3o da segunda dose em idosos que j\u00e1 tomaram a primeira dose da mesma marca. As vacinas come\u00e7aram a ser [&hellip;]","og_url":"https:\/\/serrafm879.com.br\/serrafm\/2021\/04\/pernambuco-inicia-imunizacao-de-pessoas-com-comorbidades\/","og_site_name":"Serra FM 87,9","article_published_time":"2021-04-30T10:14:48+00:00","og_image":[{"width":500,"height":299,"url":"https:\/\/serrafm879.com.br\/serrafm\/wp-content\/uploads\/2020\/08\/vacinaCovid.jpg","type":"image\/jpeg"}],"author":"serrafm87","twitter_card":"summary_large_image","twitter_misc":{"Escrito por":"serrafm87","Est. tempo de leitura":"4 minutos"},"schema":{"@context":"https:\/\/schema.org","@graph":[{"@type":"WebPage","@id":"https:\/\/serrafm879.com.br\/serrafm\/2021\/04\/pernambuco-inicia-imunizacao-de-pessoas-com-comorbidades\/","url":"https:\/\/serrafm879.com.br\/serrafm\/2021\/04\/pernambuco-inicia-imunizacao-de-pessoas-com-comorbidades\/","name":"Pernambuco inicia imuniza\u00e7\u00e3o de pessoas com comorbidades - Serra FM 87,9","isPartOf":{"@id":"https:\/\/serrafm879.com.br\/serrafm\/#website"},"primaryImageOfPage":{"@id":"https:\/\/serrafm879.com.br\/serrafm\/2021\/04\/pernambuco-inicia-imunizacao-de-pessoas-com-comorbidades\/#primaryimage"},"image":{"@id":"https:\/\/serrafm879.com.br\/serrafm\/2021\/04\/pernambuco-inicia-imunizacao-de-pessoas-com-comorbidades\/#primaryimage"},"thumbnailUrl":"https:\/\/serrafm879.com.br\/serrafm\/wp-content\/uploads\/2020\/08\/vacinaCovid.jpg","datePublished":"2021-04-30T10:14:48+00:00","author":{"@id":"https:\/\/serrafm879.com.br\/serrafm\/#\/schema\/person\/c028a197030ff8b1c03c68dfba4a787a"},"breadcrumb":{"@id":"https:\/\/serrafm879.com.br\/serrafm\/2021\/04\/pernambuco-inicia-imunizacao-de-pessoas-com-comorbidades\/#breadcrumb"},"inLanguage":"pt-BR","potentialAction":[{"@type":"ReadAction","target":["https:\/\/serrafm879.com.br\/serrafm\/2021\/04\/pernambuco-inicia-imunizacao-de-pessoas-com-comorbidades\/"]}]},{"@type":"ImageObject","inLanguage":"pt-BR","@id":"https:\/\/serrafm879.com.br\/serrafm\/2021\/04\/pernambuco-inicia-imunizacao-de-pessoas-com-comorbidades\/#primaryimage","url":"https:\/\/serrafm879.com.br\/serrafm\/wp-content\/uploads\/2020\/08\/vacinaCovid.jpg","contentUrl":"https:\/\/serrafm879.com.br\/serrafm\/wp-content\/uploads\/2020\/08\/vacinaCovid.jpg","width":500,"height":299},{"@type":"BreadcrumbList","@id":"https:\/\/serrafm879.com.br\/serrafm\/2021\/04\/pernambuco-inicia-imunizacao-de-pessoas-com-comorbidades\/#breadcrumb","itemListElement":[{"@type":"ListItem","position":1,"name":"In\u00edcio","item":"https:\/\/serrafm879.com.br\/serrafm\/"},{"@type":"ListItem","position":2,"name":"Pernambuco inicia imuniza\u00e7\u00e3o de pessoas com comorbidades"}]},{"@type":"WebSite","@id":"https:\/\/serrafm879.com.br\/serrafm\/#website","url":"https:\/\/serrafm879.com.br\/serrafm\/","name":"Serra FM 87,9","description":"O seu novo amor!","potentialAction":[{"@type":"SearchAction","target":{"@type":"EntryPoint","urlTemplate":"https:\/\/serrafm879.com.br\/serrafm\/?s={search_term_string}"},"query-input":{"@type":"PropertyValueSpecification","valueRequired":true,"valueName":"search_term_string"}}],"inLanguage":"pt-BR"},{"@type":"Person","@id":"https:\/\/serrafm879.com.br\/serrafm\/#\/schema\/person\/c028a197030ff8b1c03c68dfba4a787a","name":"serrafm87","image":{"@type":"ImageObject","inLanguage":"pt-BR","@id":"https:\/\/serrafm879.com.br\/serrafm\/#\/schema\/person\/image\/","url":"https:\/\/secure.gravatar.com\/avatar\/a743233f1112d34f48bb3dc9559b76eb930bab8b27175856cba6362608736235?s=96&d=mm&r=g","contentUrl":"https:\/\/secure.gravatar.com\/avatar\/a743233f1112d34f48bb3dc9559b76eb930bab8b27175856cba6362608736235?s=96&d=mm&r=g","caption":"serrafm87"},"sameAs":["http:\/\/serrafm879.com.br\/"],"url":"https:\/\/serrafm879.com.br\/serrafm\/author\/serrafm87\/"}]}},"jetpack_featured_media_url":"https:\/\/serrafm879.com.br\/serrafm\/wp-content\/uploads\/2020\/08\/vacinaCovid.jpg","jetpack_shortlink":"https:\/\/wp.me\/p7HyXg-1um","jetpack_sharing_enabled":true,"_links":{"self":[{"href":"https:\/\/serrafm879.com.br\/serrafm\/wp-json\/wp\/v2\/posts\/5726","targetHints":{"allow":["GET"]}}],"collection":[{"href":"https:\/\/serrafm879.com.br\/serrafm\/wp-json\/wp\/v2\/posts"}],"about":[{"href":"https:\/\/serrafm879.com.br\/serrafm\/wp-json\/wp\/v2\/types\/post"}],"author":[{"embeddable":true,"href":"https:\/\/serrafm879.com.br\/serrafm\/wp-json\/wp\/v2\/users\/2"}],"replies":[{"embeddable":true,"href":"https:\/\/serrafm879.com.br\/serrafm\/wp-json\/wp\/v2\/comments?post=5726"}],"version-history":[{"count":1,"href":"https:\/\/serrafm879.com.br\/serrafm\/wp-json\/wp\/v2\/posts\/5726\/revisions"}],"predecessor-version":[{"id":5727,"href":"https:\/\/serrafm879.com.br\/serrafm\/wp-json\/wp\/v2\/posts\/5726\/revisions\/5727"}],"wp:featuredmedia":[{"embeddable":true,"href":"https:\/\/serrafm879.com.br\/serrafm\/wp-json\/wp\/v2\/media\/3760"}],"wp:attachment":[{"href":"https:\/\/serrafm879.com.br\/serrafm\/wp-json\/wp\/v2\/media?parent=5726"}],"wp:term":[{"taxonomy":"category","embeddable":true,"href":"https:\/\/serrafm879.com.br\/serrafm\/wp-json\/wp\/v2\/categories?post=5726"},{"taxonomy":"post_tag","embeddable":true,"href":"https:\/\/serrafm879.com.br\/serrafm\/wp-json\/wp\/v2\/tags?post=5726"}],"curies":[{"name":"wp","href":"https:\/\/api.w.org\/{rel}","templated":true}]}}