{"id":5735,"date":"2021-04-30T07:21:29","date_gmt":"2021-04-30T10:21:29","guid":{"rendered":"https:\/?p=5735"},"modified":"2021-04-30T07:21:29","modified_gmt":"2021-04-30T10:21:29","slug":"inscritos-no-bolsa-familia-com-nis-final-0-recebem-auxilio-emergencial","status":"publish","type":"post","link":"https:\/\/serrafm879.com.br\/serrafm\/2021\/04\/inscritos-no-bolsa-familia-com-nis-final-0-recebem-auxilio-emergencial\/","title":{"rendered":"Inscritos no Bolsa Fam\u00edlia com NIS final 0 recebem aux\u00edlio emergencial"},"content":{"rendered":"<p>A Caixa Econ\u00f4mica Federa conclui\u00a0hoje\u00a0(30) o pagamento da primeira parcela da nova rodada do aux\u00edlio emergencial 2021. Os benefici\u00e1rios do Bolsa Fam\u00edlia com N\u00famero de Inscri\u00e7\u00e3o Social (NIS) terminado em 0 receber\u00e3o o benef\u00edcio nesta\u00a0sexta-feira.<img decoding=\"async\" src=\"https:\/\/agenciabrasil.ebc.com.br\/ebc.png?id=1408274&amp;o=node\" \/><img decoding=\"async\" src=\"https:\/\/agenciabrasil.ebc.com.br\/ebc.gif?id=1408274&amp;o=node\" \/><\/p>\n<p>Os recursos podem ser movimentados pelo aplicativo Caixa Tem, por quem recebe pela conta poupan\u00e7a social digital, ou sacados por meio do Cart\u00e3o Bolsa Fam\u00edlia ou do Cart\u00e3o Cidad\u00e3o. O recebimento dos recursos segue o calend\u00e1rio normal do Bolsa Fam\u00edlia, pago nos \u00faltimos dez dias \u00fateis de cada m\u00eas. A primeira parcela come\u00e7ou a ser depositada no \u00faltimo dia 16.<\/p>\n<div class=\"dnd-widget-wrapper context-cheio_8colunas type-image\">\n<div class=\"dnd-atom-rendered\">\n<div class=\"shadow overflow-hidden rounded-lg d-block zoom-on-hover-sm shadow-hover w-100\"><img decoding=\"async\" class=\"flex-fill img-cover\" title=\"Arte\/Ag\u00eancia Brasil\" src=\"https:\/\/imagens.ebc.com.br\/C3BYm65pHy6gc_JInbCiAsrz8bE=\/754x0\/smart\/https:\/\/agenciabrasil.ebc.com.br\/sites\/default\/files\/thumbnails\/image\/calendario_auxilio_parcelas_consolidado_bolsa-familia.png?itok=8dSYWK4C\" alt=\"Calend\u00e1rio de pagamento das parcelas do aux\u00edlio emergencial.\" \/><\/div>\n<\/div>\n<div class=\"dnd-caption-wrapper\">\n<div class=\"meta\">Calend\u00e1rio de pagamento das parcelas do aux\u00edlio emergencial para benefici\u00e1rios do Bolsa Fam\u00edlia\u00a0&#8211;\u00a0<strong>Arte\/Ag\u00eancia Brasil<\/strong><\/div>\n<\/div>\n<\/div>\n<h2>Saques<\/h2>\n<p>Tamb\u00e9m\u00a0hoje, os trabalhadores aut\u00f4nomos e inscritos no Cadastro \u00danico para Programas Sociais do Governo Federal (Cad\u00danico) nascidos em janeiro podem sacar a primeira parcela ou transferi-la para uma conta corrente. O dinheiro havia sido depositado na conta poupan\u00e7a social digital em\u00a06 de abril. O benef\u00edcio, desde ent\u00e3o, podia ser movimentado apenas no Caixa Tem.<\/p>\n<p>Em caso de d\u00favidas, a central telef\u00f4nica 111 da Caixa funciona de\u00a0segunda\u00a0a\u00a0domingo, das 7h \u00e0s 22h. Al\u00e9m disso, o benefici\u00e1rio pode consultar o\u00a0<em>site<\/em>\u00a0<a href=\"https:\/\/auxilio.caixa.gov.br\/#\/inicio\" target=\"_blank\" rel=\"noopener noreferrer\">auxilio.caixa.gov.br<\/a>.<\/p>\n<p>O aux\u00edlio emergencial foi criado em abril do ano passado pelo governo federal para atender pessoas vulner\u00e1veis afetadas pela pandemia de covid-19. Ele foi pago em cinco parcelas de R$ 600 ou R$ 1,2 mil para m\u00e3es chefes de fam\u00edlia monoparental e, depois, estendido at\u00e9\u00a031 de dezembro\u00a0de 2020 em at\u00e9 quatro parcelas de R$ 300 ou R$ 600 cada.<\/p>\n<p>Neste ano, a nova rodada de pagamentos, durante quatro meses, prev\u00ea parcelas de R$ 150 a R$ 375, dependendo do perfil: as fam\u00edlias, em geral, recebem R$ 250; a fam\u00edlia monoparental, chefiada por uma mulher, recebe R$ 375; e pessoas que moram sozinhas recebem R$ 150.<\/p>\n<h2>Regras<\/h2>\n<p>Pelas regras estabelecidas, o aux\u00edlio ser\u00e1 pago \u00e0s fam\u00edlias com renda mensal total de at\u00e9 tr\u00eas sal\u00e1rios m\u00ednimos, desde que a renda por pessoa seja inferior a meio sal\u00e1rio m\u00ednimo. \u00c9 necess\u00e1rio que o benefici\u00e1rio j\u00e1 tenha sido considerado eleg\u00edvel at\u00e9 o m\u00eas\u00a0de dezembro\u00a0de 2020, pois n\u00e3o h\u00e1 nova fase de inscri\u00e7\u00f5es. Para quem recebe o Bolsa Fam\u00edlia, continua valendo a regra do valor mais vantajoso, seja a parcela paga no programa social, seja a do aux\u00edlio emergencial.<\/p>\n<p>Quem recebe na poupan\u00e7a social digital, pode movimentar os recursos pelo aplicativo Caixa Tem. Com ele, \u00e9 poss\u00edvel fazer compras na internet e nas maquininhas em diversos estabelecimentos comerciais, por meio do cart\u00e3o de d\u00e9bito virtual e QR Code. O benefici\u00e1rio tamb\u00e9m pode pagar boletos e contas, como \u00e1gua e telefone, pelo pr\u00f3prio aplicativo ou nas casas lot\u00e9ricas. A conta \u00e9 uma poupan\u00e7a simplificada, sem tarifas de manuten\u00e7\u00e3o, com limite mensal de movimenta\u00e7\u00e3o de R$ 5 mil.<\/p>\n","protected":false},"excerpt":{"rendered":"<p>A Caixa Econ\u00f4mica Federa conclui\u00a0hoje\u00a0(30) o pagamento da primeira parcela da nova rodada do aux\u00edlio emergencial 2021. Os benefici\u00e1rios do Bolsa Fam\u00edlia com N\u00famero de Inscri\u00e7\u00e3o Social (NIS) terminado em 0 receber\u00e3o o benef\u00edcio nesta\u00a0sexta-feira. Os recursos podem ser movimentados pelo aplicativo Caixa Tem, por quem recebe pela conta poupan\u00e7a social digital, ou sacados por meio do Cart\u00e3o Bolsa Fam\u00edlia ou do Cart\u00e3o Cidad\u00e3o. O recebimento dos recursos segue o calend\u00e1rio normal do Bolsa Fam\u00edlia, pago nos \u00faltimos dez dias \u00fateis de cada m\u00eas. A primeira parcela come\u00e7ou a ser depositada no \u00faltimo dia 16. Calend\u00e1rio de pagamento das parcelas [&hellip;]<\/p>\n","protected":false},"author":2,"featured_media":2883,"comment_status":"open","ping_status":"open","sticky":false,"template":"","format":"standard","meta":{"_jetpack_memberships_contains_paid_content":false,"footnotes":"","jetpack_publicize_message":"","jetpack_publicize_feature_enabled":true,"jetpack_social_post_already_shared":true,"jetpack_social_options":{"image_generator_settings":{"template":"highway","enabled":false},"version":2}},"categories":[2],"tags":[],"class_list":["post-5735","post","type-post","status-publish","format-standard","has-post-thumbnail","hentry","category-noticias"],"jetpack_publicize_connections":[],"yoast_head":"<!-- This site is optimized with the Yoast SEO plugin v24.7 - https:\/\/yoast.com\/wordpress\/plugins\/seo\/ -->\n<title>Inscritos no Bolsa Fam\u00edlia com NIS final 0 recebem aux\u00edlio emergencial - Serra FM 87,9<\/title>\n<meta name=\"robots\" content=\"index, follow, max-snippet:-1, max-image-preview:large, max-video-preview:-1\" \/>\n<link rel=\"canonical\" href=\"https:\/\/serrafm879.com.br\/serrafm\/2021\/04\/inscritos-no-bolsa-familia-com-nis-final-0-recebem-auxilio-emergencial\/\" \/>\n<meta property=\"og:locale\" content=\"pt_BR\" \/>\n<meta property=\"og:type\" content=\"article\" \/>\n<meta property=\"og:title\" content=\"Inscritos no Bolsa Fam\u00edlia com NIS final 0 recebem aux\u00edlio emergencial - Serra FM 87,9\" \/>\n<meta property=\"og:description\" content=\"A Caixa Econ\u00f4mica Federa conclui\u00a0hoje\u00a0(30) o pagamento da primeira parcela da nova rodada do aux\u00edlio emergencial 2021. Os benefici\u00e1rios do Bolsa Fam\u00edlia com N\u00famero de Inscri\u00e7\u00e3o Social (NIS) terminado em 0 receber\u00e3o o benef\u00edcio nesta\u00a0sexta-feira. Os recursos podem ser movimentados pelo aplicativo Caixa Tem, por quem recebe pela conta poupan\u00e7a social digital, ou sacados por meio do Cart\u00e3o Bolsa Fam\u00edlia ou do Cart\u00e3o Cidad\u00e3o. O recebimento dos recursos segue o calend\u00e1rio normal do Bolsa Fam\u00edlia, pago nos \u00faltimos dez dias \u00fateis de cada m\u00eas. A primeira parcela come\u00e7ou a ser depositada no \u00faltimo dia 16. Calend\u00e1rio de pagamento das parcelas [&hellip;]\" \/>\n<meta property=\"og:url\" content=\"https:\/\/serrafm879.com.br\/serrafm\/2021\/04\/inscritos-no-bolsa-familia-com-nis-final-0-recebem-auxilio-emergencial\/\" \/>\n<meta property=\"og:site_name\" content=\"Serra FM 87,9\" \/>\n<meta property=\"article:published_time\" content=\"2021-04-30T10:21:29+00:00\" \/>\n<meta property=\"og:image\" content=\"https:\/\/serrafm879.com.br\/serrafm\/wp-content\/uploads\/2020\/06\/bolsafamilia.jpg\" \/>\n\t<meta property=\"og:image:width\" content=\"301\" \/>\n\t<meta property=\"og:image:height\" content=\"168\" \/>\n\t<meta property=\"og:image:type\" content=\"image\/jpeg\" \/>\n<meta name=\"author\" content=\"serrafm87\" \/>\n<meta name=\"twitter:card\" content=\"summary_large_image\" \/>\n<meta name=\"twitter:label1\" content=\"Escrito por\" \/>\n\t<meta name=\"twitter:data1\" content=\"serrafm87\" \/>\n\t<meta name=\"twitter:label2\" content=\"Est. tempo de leitura\" \/>\n\t<meta name=\"twitter:data2\" content=\"3 minutos\" \/>\n<script type=\"application\/ld+json\" class=\"yoast-schema-graph\">{\"@context\":\"https:\/\/schema.org\",\"@graph\":[{\"@type\":\"WebPage\",\"@id\":\"https:\/\/serrafm879.com.br\/serrafm\/2021\/04\/inscritos-no-bolsa-familia-com-nis-final-0-recebem-auxilio-emergencial\/\",\"url\":\"https:\/\/serrafm879.com.br\/serrafm\/2021\/04\/inscritos-no-bolsa-familia-com-nis-final-0-recebem-auxilio-emergencial\/\",\"name\":\"Inscritos no Bolsa Fam\u00edlia com NIS final 0 recebem aux\u00edlio emergencial - Serra FM 87,9\",\"isPartOf\":{\"@id\":\"https:\/\/serrafm879.com.br\/serrafm\/#website\"},\"primaryImageOfPage\":{\"@id\":\"https:\/\/serrafm879.com.br\/serrafm\/2021\/04\/inscritos-no-bolsa-familia-com-nis-final-0-recebem-auxilio-emergencial\/#primaryimage\"},\"image\":{\"@id\":\"https:\/\/serrafm879.com.br\/serrafm\/2021\/04\/inscritos-no-bolsa-familia-com-nis-final-0-recebem-auxilio-emergencial\/#primaryimage\"},\"thumbnailUrl\":\"https:\/\/serrafm879.com.br\/serrafm\/wp-content\/uploads\/2020\/06\/bolsafamilia.jpg\",\"datePublished\":\"2021-04-30T10:21:29+00:00\",\"author\":{\"@id\":\"https:\/\/serrafm879.com.br\/serrafm\/#\/schema\/person\/c028a197030ff8b1c03c68dfba4a787a\"},\"breadcrumb\":{\"@id\":\"https:\/\/serrafm879.com.br\/serrafm\/2021\/04\/inscritos-no-bolsa-familia-com-nis-final-0-recebem-auxilio-emergencial\/#breadcrumb\"},\"inLanguage\":\"pt-BR\",\"potentialAction\":[{\"@type\":\"ReadAction\",\"target\":[\"https:\/\/serrafm879.com.br\/serrafm\/2021\/04\/inscritos-no-bolsa-familia-com-nis-final-0-recebem-auxilio-emergencial\/\"]}]},{\"@type\":\"ImageObject\",\"inLanguage\":\"pt-BR\",\"@id\":\"https:\/\/serrafm879.com.br\/serrafm\/2021\/04\/inscritos-no-bolsa-familia-com-nis-final-0-recebem-auxilio-emergencial\/#primaryimage\",\"url\":\"https:\/\/serrafm879.com.br\/serrafm\/wp-content\/uploads\/2020\/06\/bolsafamilia.jpg\",\"contentUrl\":\"https:\/\/serrafm879.com.br\/serrafm\/wp-content\/uploads\/2020\/06\/bolsafamilia.jpg\",\"width\":301,\"height\":168},{\"@type\":\"BreadcrumbList\",\"@id\":\"https:\/\/serrafm879.com.br\/serrafm\/2021\/04\/inscritos-no-bolsa-familia-com-nis-final-0-recebem-auxilio-emergencial\/#breadcrumb\",\"itemListElement\":[{\"@type\":\"ListItem\",\"position\":1,\"name\":\"In\u00edcio\",\"item\":\"https:\/\/serrafm879.com.br\/serrafm\/\"},{\"@type\":\"ListItem\",\"position\":2,\"name\":\"Inscritos no Bolsa Fam\u00edlia com NIS final 0 recebem aux\u00edlio emergencial\"}]},{\"@type\":\"WebSite\",\"@id\":\"https:\/\/serrafm879.com.br\/serrafm\/#website\",\"url\":\"https:\/\/serrafm879.com.br\/serrafm\/\",\"name\":\"Serra FM 87,9\",\"description\":\"O seu novo amor!\",\"potentialAction\":[{\"@type\":\"SearchAction\",\"target\":{\"@type\":\"EntryPoint\",\"urlTemplate\":\"https:\/\/serrafm879.com.br\/serrafm\/?s={search_term_string}\"},\"query-input\":{\"@type\":\"PropertyValueSpecification\",\"valueRequired\":true,\"valueName\":\"search_term_string\"}}],\"inLanguage\":\"pt-BR\"},{\"@type\":\"Person\",\"@id\":\"https:\/\/serrafm879.com.br\/serrafm\/#\/schema\/person\/c028a197030ff8b1c03c68dfba4a787a\",\"name\":\"serrafm87\",\"image\":{\"@type\":\"ImageObject\",\"inLanguage\":\"pt-BR\",\"@id\":\"https:\/\/serrafm879.com.br\/serrafm\/#\/schema\/person\/image\/\",\"url\":\"https:\/\/secure.gravatar.com\/avatar\/a743233f1112d34f48bb3dc9559b76eb930bab8b27175856cba6362608736235?s=96&d=mm&r=g\",\"contentUrl\":\"https:\/\/secure.gravatar.com\/avatar\/a743233f1112d34f48bb3dc9559b76eb930bab8b27175856cba6362608736235?s=96&d=mm&r=g\",\"caption\":\"serrafm87\"},\"sameAs\":[\"http:\/\/serrafm879.com.br\/\"],\"url\":\"https:\/\/serrafm879.com.br\/serrafm\/author\/serrafm87\/\"}]}<\/script>\n<!-- \/ Yoast SEO plugin. -->","yoast_head_json":{"title":"Inscritos no Bolsa Fam\u00edlia com NIS final 0 recebem aux\u00edlio emergencial - Serra FM 87,9","robots":{"index":"index","follow":"follow","max-snippet":"max-snippet:-1","max-image-preview":"max-image-preview:large","max-video-preview":"max-video-preview:-1"},"canonical":"https:\/\/serrafm879.com.br\/serrafm\/2021\/04\/inscritos-no-bolsa-familia-com-nis-final-0-recebem-auxilio-emergencial\/","og_locale":"pt_BR","og_type":"article","og_title":"Inscritos no Bolsa Fam\u00edlia com NIS final 0 recebem aux\u00edlio emergencial - Serra FM 87,9","og_description":"A Caixa Econ\u00f4mica Federa conclui\u00a0hoje\u00a0(30) o pagamento da primeira parcela da nova rodada do aux\u00edlio emergencial 2021. Os benefici\u00e1rios do Bolsa Fam\u00edlia com N\u00famero de Inscri\u00e7\u00e3o Social (NIS) terminado em 0 receber\u00e3o o benef\u00edcio nesta\u00a0sexta-feira. Os recursos podem ser movimentados pelo aplicativo Caixa Tem, por quem recebe pela conta poupan\u00e7a social digital, ou sacados por meio do Cart\u00e3o Bolsa Fam\u00edlia ou do Cart\u00e3o Cidad\u00e3o. O recebimento dos recursos segue o calend\u00e1rio normal do Bolsa Fam\u00edlia, pago nos \u00faltimos dez dias \u00fateis de cada m\u00eas. A primeira parcela come\u00e7ou a ser depositada no \u00faltimo dia 16. Calend\u00e1rio de pagamento das parcelas [&hellip;]","og_url":"https:\/\/serrafm879.com.br\/serrafm\/2021\/04\/inscritos-no-bolsa-familia-com-nis-final-0-recebem-auxilio-emergencial\/","og_site_name":"Serra FM 87,9","article_published_time":"2021-04-30T10:21:29+00:00","og_image":[{"width":301,"height":168,"url":"https:\/\/serrafm879.com.br\/serrafm\/wp-content\/uploads\/2020\/06\/bolsafamilia.jpg","type":"image\/jpeg"}],"author":"serrafm87","twitter_card":"summary_large_image","twitter_misc":{"Escrito por":"serrafm87","Est. tempo de leitura":"3 minutos"},"schema":{"@context":"https:\/\/schema.org","@graph":[{"@type":"WebPage","@id":"https:\/\/serrafm879.com.br\/serrafm\/2021\/04\/inscritos-no-bolsa-familia-com-nis-final-0-recebem-auxilio-emergencial\/","url":"https:\/\/serrafm879.com.br\/serrafm\/2021\/04\/inscritos-no-bolsa-familia-com-nis-final-0-recebem-auxilio-emergencial\/","name":"Inscritos no Bolsa Fam\u00edlia com NIS final 0 recebem aux\u00edlio emergencial - Serra FM 87,9","isPartOf":{"@id":"https:\/\/serrafm879.com.br\/serrafm\/#website"},"primaryImageOfPage":{"@id":"https:\/\/serrafm879.com.br\/serrafm\/2021\/04\/inscritos-no-bolsa-familia-com-nis-final-0-recebem-auxilio-emergencial\/#primaryimage"},"image":{"@id":"https:\/\/serrafm879.com.br\/serrafm\/2021\/04\/inscritos-no-bolsa-familia-com-nis-final-0-recebem-auxilio-emergencial\/#primaryimage"},"thumbnailUrl":"https:\/\/serrafm879.com.br\/serrafm\/wp-content\/uploads\/2020\/06\/bolsafamilia.jpg","datePublished":"2021-04-30T10:21:29+00:00","author":{"@id":"https:\/\/serrafm879.com.br\/serrafm\/#\/schema\/person\/c028a197030ff8b1c03c68dfba4a787a"},"breadcrumb":{"@id":"https:\/\/serrafm879.com.br\/serrafm\/2021\/04\/inscritos-no-bolsa-familia-com-nis-final-0-recebem-auxilio-emergencial\/#breadcrumb"},"inLanguage":"pt-BR","potentialAction":[{"@type":"ReadAction","target":["https:\/\/serrafm879.com.br\/serrafm\/2021\/04\/inscritos-no-bolsa-familia-com-nis-final-0-recebem-auxilio-emergencial\/"]}]},{"@type":"ImageObject","inLanguage":"pt-BR","@id":"https:\/\/serrafm879.com.br\/serrafm\/2021\/04\/inscritos-no-bolsa-familia-com-nis-final-0-recebem-auxilio-emergencial\/#primaryimage","url":"https:\/\/serrafm879.com.br\/serrafm\/wp-content\/uploads\/2020\/06\/bolsafamilia.jpg","contentUrl":"https:\/\/serrafm879.com.br\/serrafm\/wp-content\/uploads\/2020\/06\/bolsafamilia.jpg","width":301,"height":168},{"@type":"BreadcrumbList","@id":"https:\/\/serrafm879.com.br\/serrafm\/2021\/04\/inscritos-no-bolsa-familia-com-nis-final-0-recebem-auxilio-emergencial\/#breadcrumb","itemListElement":[{"@type":"ListItem","position":1,"name":"In\u00edcio","item":"https:\/\/serrafm879.com.br\/serrafm\/"},{"@type":"ListItem","position":2,"name":"Inscritos no Bolsa Fam\u00edlia com NIS final 0 recebem aux\u00edlio emergencial"}]},{"@type":"WebSite","@id":"https:\/\/serrafm879.com.br\/serrafm\/#website","url":"https:\/\/serrafm879.com.br\/serrafm\/","name":"Serra FM 87,9","description":"O seu novo amor!","potentialAction":[{"@type":"SearchAction","target":{"@type":"EntryPoint","urlTemplate":"https:\/\/serrafm879.com.br\/serrafm\/?s={search_term_string}"},"query-input":{"@type":"PropertyValueSpecification","valueRequired":true,"valueName":"search_term_string"}}],"inLanguage":"pt-BR"},{"@type":"Person","@id":"https:\/\/serrafm879.com.br\/serrafm\/#\/schema\/person\/c028a197030ff8b1c03c68dfba4a787a","name":"serrafm87","image":{"@type":"ImageObject","inLanguage":"pt-BR","@id":"https:\/\/serrafm879.com.br\/serrafm\/#\/schema\/person\/image\/","url":"https:\/\/secure.gravatar.com\/avatar\/a743233f1112d34f48bb3dc9559b76eb930bab8b27175856cba6362608736235?s=96&d=mm&r=g","contentUrl":"https:\/\/secure.gravatar.com\/avatar\/a743233f1112d34f48bb3dc9559b76eb930bab8b27175856cba6362608736235?s=96&d=mm&r=g","caption":"serrafm87"},"sameAs":["http:\/\/serrafm879.com.br\/"],"url":"https:\/\/serrafm879.com.br\/serrafm\/author\/serrafm87\/"}]}},"jetpack_featured_media_url":"https:\/\/serrafm879.com.br\/serrafm\/wp-content\/uploads\/2020\/06\/bolsafamilia.jpg","jetpack_shortlink":"https:\/\/wp.me\/p7HyXg-1uv","jetpack_sharing_enabled":true,"_links":{"self":[{"href":"https:\/\/serrafm879.com.br\/serrafm\/wp-json\/wp\/v2\/posts\/5735","targetHints":{"allow":["GET"]}}],"collection":[{"href":"https:\/\/serrafm879.com.br\/serrafm\/wp-json\/wp\/v2\/posts"}],"about":[{"href":"https:\/\/serrafm879.com.br\/serrafm\/wp-json\/wp\/v2\/types\/post"}],"author":[{"embeddable":true,"href":"https:\/\/serrafm879.com.br\/serrafm\/wp-json\/wp\/v2\/users\/2"}],"replies":[{"embeddable":true,"href":"https:\/\/serrafm879.com.br\/serrafm\/wp-json\/wp\/v2\/comments?post=5735"}],"version-history":[{"count":1,"href":"https:\/\/serrafm879.com.br\/serrafm\/wp-json\/wp\/v2\/posts\/5735\/revisions"}],"predecessor-version":[{"id":5736,"href":"https:\/\/serrafm879.com.br\/serrafm\/wp-json\/wp\/v2\/posts\/5735\/revisions\/5736"}],"wp:featuredmedia":[{"embeddable":true,"href":"https:\/\/serrafm879.com.br\/serrafm\/wp-json\/wp\/v2\/media\/2883"}],"wp:attachment":[{"href":"https:\/\/serrafm879.com.br\/serrafm\/wp-json\/wp\/v2\/media?parent=5735"}],"wp:term":[{"taxonomy":"category","embeddable":true,"href":"https:\/\/serrafm879.com.br\/serrafm\/wp-json\/wp\/v2\/categories?post=5735"},{"taxonomy":"post_tag","embeddable":true,"href":"https:\/\/serrafm879.com.br\/serrafm\/wp-json\/wp\/v2\/tags?post=5735"}],"curies":[{"name":"wp","href":"https:\/\/api.w.org\/{rel}","templated":true}]}}