{"id":5740,"date":"2021-04-30T07:27:11","date_gmt":"2021-04-30T10:27:11","guid":{"rendered":"https:\/?p=5740"},"modified":"2021-04-30T07:27:11","modified_gmt":"2021-04-30T10:27:11","slug":"aviao-com-1-milhao-de-doses-da-vacina-da-pfizer-chega-ao-brasil-por-viracopos","status":"publish","type":"post","link":"https:\/\/serrafm879.com.br\/serrafm\/2021\/04\/aviao-com-1-milhao-de-doses-da-vacina-da-pfizer-chega-ao-brasil-por-viracopos\/","title":{"rendered":"Avi\u00e3o com 1 milh\u00e3o de doses da vacina da Pfizer chega ao Brasil por Viracopos"},"content":{"rendered":"<p>A aeronave carregada com 1 milh\u00e3o de doses da vacina da Pfizer\/BioNTech comprada pelo Brasil pousou no Aeroporto Internacional de Viracopos, em Campinas (SP), \u00e0s 19h22 desta quinta-feira (29). O desembarque e entrega do primeiro lote de um contrato para 100 milh\u00f5es de doses feito pelo governo federal foi acompanhado pelo ministro da Sa\u00fade, Marcelo Queiroga.<\/p>\n<p>A cerim\u00f4nia para entrega do imunizante que foi alvo de recusa e pol\u00eamicas dentro do governo federal ocorreu no dia em que o Brasil atingiu 400 mil vidas perdidas para a Covid.<\/p>\n<p>O voo que trouxe 1 milh\u00e3o de doses saiu da B\u00e9lgica, fez escala em Miami, nos Estados Unidos, e chegou a Viracopos com um atraso de 22 minutos da previs\u00e3o inicial. O esquema montado para realizar o desembarque envolve pelo menos 120 profissionais e forte esquema de seguran\u00e7a da Pol\u00edcia Federal.<\/p>\n<p>O desembarque do lote teve in\u00edcio \u00e0s 19h44. De Campinas as doses foram encaminhadas para o centro de distribui\u00e7\u00e3o do governo federal em Guarulhos (SP), onde ficaram armazenadas em c\u00e2maras frias a uma temperatura de -70\u00baC.<\/p>\n<p>Fonte: G1<\/p>\n","protected":false},"excerpt":{"rendered":"<p>A aeronave carregada com 1 milh\u00e3o de doses da vacina da Pfizer\/BioNTech comprada pelo Brasil pousou no Aeroporto Internacional de Viracopos, em Campinas (SP), \u00e0s 19h22 desta quinta-feira (29). O desembarque e entrega do primeiro lote de um contrato para 100 milh\u00f5es de doses feito pelo governo federal foi acompanhado pelo ministro da Sa\u00fade, Marcelo Queiroga. A cerim\u00f4nia para entrega do imunizante que foi alvo de recusa e pol\u00eamicas dentro do governo federal ocorreu no dia em que o Brasil atingiu 400 mil vidas perdidas para a Covid. O voo que trouxe 1 milh\u00e3o de doses saiu da B\u00e9lgica, fez [&hellip;]<\/p>\n","protected":false},"author":2,"featured_media":5741,"comment_status":"open","ping_status":"open","sticky":false,"template":"","format":"standard","meta":{"_jetpack_memberships_contains_paid_content":false,"footnotes":"","jetpack_publicize_message":"","jetpack_publicize_feature_enabled":true,"jetpack_social_post_already_shared":true,"jetpack_social_options":{"image_generator_settings":{"template":"highway","enabled":false},"version":2}},"categories":[2],"tags":[],"class_list":["post-5740","post","type-post","status-publish","format-standard","has-post-thumbnail","hentry","category-noticias"],"jetpack_publicize_connections":[],"yoast_head":"<!-- This site is optimized with the Yoast SEO plugin v24.7 - https:\/\/yoast.com\/wordpress\/plugins\/seo\/ -->\n<title>Avi\u00e3o com 1 milh\u00e3o de doses da vacina da Pfizer chega ao Brasil por Viracopos - Serra FM 87,9<\/title>\n<meta name=\"robots\" content=\"index, follow, max-snippet:-1, max-image-preview:large, max-video-preview:-1\" \/>\n<link rel=\"canonical\" href=\"https:\/\/serrafm879.com.br\/serrafm\/2021\/04\/aviao-com-1-milhao-de-doses-da-vacina-da-pfizer-chega-ao-brasil-por-viracopos\/\" \/>\n<meta property=\"og:locale\" content=\"pt_BR\" \/>\n<meta property=\"og:type\" content=\"article\" \/>\n<meta property=\"og:title\" content=\"Avi\u00e3o com 1 milh\u00e3o de doses da vacina da Pfizer chega ao Brasil por Viracopos - Serra FM 87,9\" \/>\n<meta property=\"og:description\" content=\"A aeronave carregada com 1 milh\u00e3o de doses da vacina da Pfizer\/BioNTech comprada pelo Brasil pousou no Aeroporto Internacional de Viracopos, em Campinas (SP), \u00e0s 19h22 desta quinta-feira (29). O desembarque e entrega do primeiro lote de um contrato para 100 milh\u00f5es de doses feito pelo governo federal foi acompanhado pelo ministro da Sa\u00fade, Marcelo Queiroga. A cerim\u00f4nia para entrega do imunizante que foi alvo de recusa e pol\u00eamicas dentro do governo federal ocorreu no dia em que o Brasil atingiu 400 mil vidas perdidas para a Covid. O voo que trouxe 1 milh\u00e3o de doses saiu da B\u00e9lgica, fez [&hellip;]\" \/>\n<meta property=\"og:url\" content=\"https:\/\/serrafm879.com.br\/serrafm\/2021\/04\/aviao-com-1-milhao-de-doses-da-vacina-da-pfizer-chega-ao-brasil-por-viracopos\/\" \/>\n<meta property=\"og:site_name\" content=\"Serra FM 87,9\" \/>\n<meta property=\"article:published_time\" content=\"2021-04-30T10:27:11+00:00\" \/>\n<meta property=\"og:image\" content=\"https:\/\/serrafm879.com.br\/serrafm\/wp-content\/uploads\/2021\/04\/aviaovavci.jpg\" \/>\n\t<meta property=\"og:image:width\" content=\"984\" \/>\n\t<meta property=\"og:image:height\" content=\"554\" \/>\n\t<meta property=\"og:image:type\" content=\"image\/jpeg\" \/>\n<meta name=\"author\" content=\"serrafm87\" \/>\n<meta name=\"twitter:card\" content=\"summary_large_image\" \/>\n<meta name=\"twitter:label1\" content=\"Escrito por\" \/>\n\t<meta name=\"twitter:data1\" content=\"serrafm87\" \/>\n\t<meta name=\"twitter:label2\" content=\"Est. tempo de leitura\" \/>\n\t<meta name=\"twitter:data2\" content=\"1 minuto\" \/>\n<script type=\"application\/ld+json\" class=\"yoast-schema-graph\">{\"@context\":\"https:\/\/schema.org\",\"@graph\":[{\"@type\":\"WebPage\",\"@id\":\"https:\/\/serrafm879.com.br\/serrafm\/2021\/04\/aviao-com-1-milhao-de-doses-da-vacina-da-pfizer-chega-ao-brasil-por-viracopos\/\",\"url\":\"https:\/\/serrafm879.com.br\/serrafm\/2021\/04\/aviao-com-1-milhao-de-doses-da-vacina-da-pfizer-chega-ao-brasil-por-viracopos\/\",\"name\":\"Avi\u00e3o com 1 milh\u00e3o de doses da vacina da Pfizer chega ao Brasil por Viracopos - Serra FM 87,9\",\"isPartOf\":{\"@id\":\"https:\/\/serrafm879.com.br\/serrafm\/#website\"},\"primaryImageOfPage\":{\"@id\":\"https:\/\/serrafm879.com.br\/serrafm\/2021\/04\/aviao-com-1-milhao-de-doses-da-vacina-da-pfizer-chega-ao-brasil-por-viracopos\/#primaryimage\"},\"image\":{\"@id\":\"https:\/\/serrafm879.com.br\/serrafm\/2021\/04\/aviao-com-1-milhao-de-doses-da-vacina-da-pfizer-chega-ao-brasil-por-viracopos\/#primaryimage\"},\"thumbnailUrl\":\"https:\/\/serrafm879.com.br\/serrafm\/wp-content\/uploads\/2021\/04\/aviaovavci.jpg\",\"datePublished\":\"2021-04-30T10:27:11+00:00\",\"author\":{\"@id\":\"https:\/\/serrafm879.com.br\/serrafm\/#\/schema\/person\/c028a197030ff8b1c03c68dfba4a787a\"},\"breadcrumb\":{\"@id\":\"https:\/\/serrafm879.com.br\/serrafm\/2021\/04\/aviao-com-1-milhao-de-doses-da-vacina-da-pfizer-chega-ao-brasil-por-viracopos\/#breadcrumb\"},\"inLanguage\":\"pt-BR\",\"potentialAction\":[{\"@type\":\"ReadAction\",\"target\":[\"https:\/\/serrafm879.com.br\/serrafm\/2021\/04\/aviao-com-1-milhao-de-doses-da-vacina-da-pfizer-chega-ao-brasil-por-viracopos\/\"]}]},{\"@type\":\"ImageObject\",\"inLanguage\":\"pt-BR\",\"@id\":\"https:\/\/serrafm879.com.br\/serrafm\/2021\/04\/aviao-com-1-milhao-de-doses-da-vacina-da-pfizer-chega-ao-brasil-por-viracopos\/#primaryimage\",\"url\":\"https:\/\/serrafm879.com.br\/serrafm\/wp-content\/uploads\/2021\/04\/aviaovavci.jpg\",\"contentUrl\":\"https:\/\/serrafm879.com.br\/serrafm\/wp-content\/uploads\/2021\/04\/aviaovavci.jpg\",\"width\":984,\"height\":554},{\"@type\":\"BreadcrumbList\",\"@id\":\"https:\/\/serrafm879.com.br\/serrafm\/2021\/04\/aviao-com-1-milhao-de-doses-da-vacina-da-pfizer-chega-ao-brasil-por-viracopos\/#breadcrumb\",\"itemListElement\":[{\"@type\":\"ListItem\",\"position\":1,\"name\":\"In\u00edcio\",\"item\":\"https:\/\/serrafm879.com.br\/serrafm\/\"},{\"@type\":\"ListItem\",\"position\":2,\"name\":\"Avi\u00e3o com 1 milh\u00e3o de doses da vacina da Pfizer chega ao Brasil por Viracopos\"}]},{\"@type\":\"WebSite\",\"@id\":\"https:\/\/serrafm879.com.br\/serrafm\/#website\",\"url\":\"https:\/\/serrafm879.com.br\/serrafm\/\",\"name\":\"Serra FM 87,9\",\"description\":\"O seu novo amor!\",\"potentialAction\":[{\"@type\":\"SearchAction\",\"target\":{\"@type\":\"EntryPoint\",\"urlTemplate\":\"https:\/\/serrafm879.com.br\/serrafm\/?s={search_term_string}\"},\"query-input\":{\"@type\":\"PropertyValueSpecification\",\"valueRequired\":true,\"valueName\":\"search_term_string\"}}],\"inLanguage\":\"pt-BR\"},{\"@type\":\"Person\",\"@id\":\"https:\/\/serrafm879.com.br\/serrafm\/#\/schema\/person\/c028a197030ff8b1c03c68dfba4a787a\",\"name\":\"serrafm87\",\"image\":{\"@type\":\"ImageObject\",\"inLanguage\":\"pt-BR\",\"@id\":\"https:\/\/serrafm879.com.br\/serrafm\/#\/schema\/person\/image\/\",\"url\":\"https:\/\/secure.gravatar.com\/avatar\/a743233f1112d34f48bb3dc9559b76eb930bab8b27175856cba6362608736235?s=96&d=mm&r=g\",\"contentUrl\":\"https:\/\/secure.gravatar.com\/avatar\/a743233f1112d34f48bb3dc9559b76eb930bab8b27175856cba6362608736235?s=96&d=mm&r=g\",\"caption\":\"serrafm87\"},\"sameAs\":[\"http:\/\/serrafm879.com.br\/\"],\"url\":\"https:\/\/serrafm879.com.br\/serrafm\/author\/serrafm87\/\"}]}<\/script>\n<!-- \/ Yoast SEO plugin. -->","yoast_head_json":{"title":"Avi\u00e3o com 1 milh\u00e3o de doses da vacina da Pfizer chega ao Brasil por Viracopos - Serra FM 87,9","robots":{"index":"index","follow":"follow","max-snippet":"max-snippet:-1","max-image-preview":"max-image-preview:large","max-video-preview":"max-video-preview:-1"},"canonical":"https:\/\/serrafm879.com.br\/serrafm\/2021\/04\/aviao-com-1-milhao-de-doses-da-vacina-da-pfizer-chega-ao-brasil-por-viracopos\/","og_locale":"pt_BR","og_type":"article","og_title":"Avi\u00e3o com 1 milh\u00e3o de doses da vacina da Pfizer chega ao Brasil por Viracopos - Serra FM 87,9","og_description":"A aeronave carregada com 1 milh\u00e3o de doses da vacina da Pfizer\/BioNTech comprada pelo Brasil pousou no Aeroporto Internacional de Viracopos, em Campinas (SP), \u00e0s 19h22 desta quinta-feira (29). O desembarque e entrega do primeiro lote de um contrato para 100 milh\u00f5es de doses feito pelo governo federal foi acompanhado pelo ministro da Sa\u00fade, Marcelo Queiroga. A cerim\u00f4nia para entrega do imunizante que foi alvo de recusa e pol\u00eamicas dentro do governo federal ocorreu no dia em que o Brasil atingiu 400 mil vidas perdidas para a Covid. O voo que trouxe 1 milh\u00e3o de doses saiu da B\u00e9lgica, fez [&hellip;]","og_url":"https:\/\/serrafm879.com.br\/serrafm\/2021\/04\/aviao-com-1-milhao-de-doses-da-vacina-da-pfizer-chega-ao-brasil-por-viracopos\/","og_site_name":"Serra FM 87,9","article_published_time":"2021-04-30T10:27:11+00:00","og_image":[{"width":984,"height":554,"url":"https:\/\/serrafm879.com.br\/serrafm\/wp-content\/uploads\/2021\/04\/aviaovavci.jpg","type":"image\/jpeg"}],"author":"serrafm87","twitter_card":"summary_large_image","twitter_misc":{"Escrito por":"serrafm87","Est. tempo de leitura":"1 minuto"},"schema":{"@context":"https:\/\/schema.org","@graph":[{"@type":"WebPage","@id":"https:\/\/serrafm879.com.br\/serrafm\/2021\/04\/aviao-com-1-milhao-de-doses-da-vacina-da-pfizer-chega-ao-brasil-por-viracopos\/","url":"https:\/\/serrafm879.com.br\/serrafm\/2021\/04\/aviao-com-1-milhao-de-doses-da-vacina-da-pfizer-chega-ao-brasil-por-viracopos\/","name":"Avi\u00e3o com 1 milh\u00e3o de doses da vacina da Pfizer chega ao Brasil por Viracopos - Serra FM 87,9","isPartOf":{"@id":"https:\/\/serrafm879.com.br\/serrafm\/#website"},"primaryImageOfPage":{"@id":"https:\/\/serrafm879.com.br\/serrafm\/2021\/04\/aviao-com-1-milhao-de-doses-da-vacina-da-pfizer-chega-ao-brasil-por-viracopos\/#primaryimage"},"image":{"@id":"https:\/\/serrafm879.com.br\/serrafm\/2021\/04\/aviao-com-1-milhao-de-doses-da-vacina-da-pfizer-chega-ao-brasil-por-viracopos\/#primaryimage"},"thumbnailUrl":"https:\/\/serrafm879.com.br\/serrafm\/wp-content\/uploads\/2021\/04\/aviaovavci.jpg","datePublished":"2021-04-30T10:27:11+00:00","author":{"@id":"https:\/\/serrafm879.com.br\/serrafm\/#\/schema\/person\/c028a197030ff8b1c03c68dfba4a787a"},"breadcrumb":{"@id":"https:\/\/serrafm879.com.br\/serrafm\/2021\/04\/aviao-com-1-milhao-de-doses-da-vacina-da-pfizer-chega-ao-brasil-por-viracopos\/#breadcrumb"},"inLanguage":"pt-BR","potentialAction":[{"@type":"ReadAction","target":["https:\/\/serrafm879.com.br\/serrafm\/2021\/04\/aviao-com-1-milhao-de-doses-da-vacina-da-pfizer-chega-ao-brasil-por-viracopos\/"]}]},{"@type":"ImageObject","inLanguage":"pt-BR","@id":"https:\/\/serrafm879.com.br\/serrafm\/2021\/04\/aviao-com-1-milhao-de-doses-da-vacina-da-pfizer-chega-ao-brasil-por-viracopos\/#primaryimage","url":"https:\/\/serrafm879.com.br\/serrafm\/wp-content\/uploads\/2021\/04\/aviaovavci.jpg","contentUrl":"https:\/\/serrafm879.com.br\/serrafm\/wp-content\/uploads\/2021\/04\/aviaovavci.jpg","width":984,"height":554},{"@type":"BreadcrumbList","@id":"https:\/\/serrafm879.com.br\/serrafm\/2021\/04\/aviao-com-1-milhao-de-doses-da-vacina-da-pfizer-chega-ao-brasil-por-viracopos\/#breadcrumb","itemListElement":[{"@type":"ListItem","position":1,"name":"In\u00edcio","item":"https:\/\/serrafm879.com.br\/serrafm\/"},{"@type":"ListItem","position":2,"name":"Avi\u00e3o com 1 milh\u00e3o de doses da vacina da Pfizer chega ao Brasil por Viracopos"}]},{"@type":"WebSite","@id":"https:\/\/serrafm879.com.br\/serrafm\/#website","url":"https:\/\/serrafm879.com.br\/serrafm\/","name":"Serra FM 87,9","description":"O seu novo amor!","potentialAction":[{"@type":"SearchAction","target":{"@type":"EntryPoint","urlTemplate":"https:\/\/serrafm879.com.br\/serrafm\/?s={search_term_string}"},"query-input":{"@type":"PropertyValueSpecification","valueRequired":true,"valueName":"search_term_string"}}],"inLanguage":"pt-BR"},{"@type":"Person","@id":"https:\/\/serrafm879.com.br\/serrafm\/#\/schema\/person\/c028a197030ff8b1c03c68dfba4a787a","name":"serrafm87","image":{"@type":"ImageObject","inLanguage":"pt-BR","@id":"https:\/\/serrafm879.com.br\/serrafm\/#\/schema\/person\/image\/","url":"https:\/\/secure.gravatar.com\/avatar\/a743233f1112d34f48bb3dc9559b76eb930bab8b27175856cba6362608736235?s=96&d=mm&r=g","contentUrl":"https:\/\/secure.gravatar.com\/avatar\/a743233f1112d34f48bb3dc9559b76eb930bab8b27175856cba6362608736235?s=96&d=mm&r=g","caption":"serrafm87"},"sameAs":["http:\/\/serrafm879.com.br\/"],"url":"https:\/\/serrafm879.com.br\/serrafm\/author\/serrafm87\/"}]}},"jetpack_featured_media_url":"https:\/\/serrafm879.com.br\/serrafm\/wp-content\/uploads\/2021\/04\/aviaovavci.jpg","jetpack_shortlink":"https:\/\/wp.me\/p7HyXg-1uA","jetpack_sharing_enabled":true,"_links":{"self":[{"href":"https:\/\/serrafm879.com.br\/serrafm\/wp-json\/wp\/v2\/posts\/5740","targetHints":{"allow":["GET"]}}],"collection":[{"href":"https:\/\/serrafm879.com.br\/serrafm\/wp-json\/wp\/v2\/posts"}],"about":[{"href":"https:\/\/serrafm879.com.br\/serrafm\/wp-json\/wp\/v2\/types\/post"}],"author":[{"embeddable":true,"href":"https:\/\/serrafm879.com.br\/serrafm\/wp-json\/wp\/v2\/users\/2"}],"replies":[{"embeddable":true,"href":"https:\/\/serrafm879.com.br\/serrafm\/wp-json\/wp\/v2\/comments?post=5740"}],"version-history":[{"count":1,"href":"https:\/\/serrafm879.com.br\/serrafm\/wp-json\/wp\/v2\/posts\/5740\/revisions"}],"predecessor-version":[{"id":5742,"href":"https:\/\/serrafm879.com.br\/serrafm\/wp-json\/wp\/v2\/posts\/5740\/revisions\/5742"}],"wp:featuredmedia":[{"embeddable":true,"href":"https:\/\/serrafm879.com.br\/serrafm\/wp-json\/wp\/v2\/media\/5741"}],"wp:attachment":[{"href":"https:\/\/serrafm879.com.br\/serrafm\/wp-json\/wp\/v2\/media?parent=5740"}],"wp:term":[{"taxonomy":"category","embeddable":true,"href":"https:\/\/serrafm879.com.br\/serrafm\/wp-json\/wp\/v2\/categories?post=5740"},{"taxonomy":"post_tag","embeddable":true,"href":"https:\/\/serrafm879.com.br\/serrafm\/wp-json\/wp\/v2\/tags?post=5740"}],"curies":[{"name":"wp","href":"https:\/\/api.w.org\/{rel}","templated":true}]}}