{"id":5743,"date":"2021-05-01T07:41:07","date_gmt":"2021-05-01T10:41:07","guid":{"rendered":"https:\/?p=5743"},"modified":"2021-05-01T07:41:07","modified_gmt":"2021-05-01T10:41:07","slug":"armando-diz-falta-igualdade-na-distribuicao-de-vacinas-em-pe","status":"publish","type":"post","link":"https:\/\/serrafm879.com.br\/serrafm\/2021\/05\/armando-diz-falta-igualdade-na-distribuicao-de-vacinas-em-pe\/","title":{"rendered":"Armando diz falta igualdade na distribui\u00e7\u00e3o de vacinas, em PE"},"content":{"rendered":"<p>Para o ex-senador Armando Monteiro (PSDB) \u00e9 preciso que se apurem as cobran\u00e7as feitas por prefeitos de todas as regi\u00f5es de Pernambuco sobre o que apontam como falta de tratamento igualit\u00e1rio por parte do Governo do Estado na distribui\u00e7\u00e3o de vacinas contra o coronav\u00edrus.<\/p>\n<p>\u201cAo que tudo indica, existe sim um problema na distribui\u00e7\u00e3o, uma falta de crit\u00e9rios que possa conferir um tratamento mais justo, mais igualit\u00e1rio, proporcionalmente ao perfil da popula\u00e7\u00e3o de cada regi\u00e3o\u201d, afirma.<\/p>\n<p>Armando diz que \u00e9 inaceit\u00e1vel haver um desequil\u00edbrio no ritmo das vacina\u00e7\u00f5es porque n\u00e3o existem pernambucanos de duas classes ou uma regi\u00e3o mais importante que a outra. \u201cOs pernambucanos merecem o mesmo tratamento\u201d, defende.<\/p>\n<p>O apoio de Armando aos gestores municipais ocorre em fun\u00e7\u00e3o das queixas de falta de vacina\u00e7\u00e3o suficiente para cumprir as etapas iniciais do Programa Nacional de Imuniza\u00e7\u00e3o (PNI), enquanto o prefeito do Recife, Jo\u00e3o Campos (PSB), anuncia a entrada de novos grupos.<\/p>\n<p>\u201cRespeito a manifesta\u00e7\u00e3o dos prefeitos, porque vejo que muitas vozes est\u00e3o se levantando no sentido de apontar essa distor\u00e7\u00e3o. O que se verifica \u00e9 que h\u00e1 um grande esfor\u00e7o para promover o Recife, no que alguns j\u00e1 est\u00e3o apontando como marketing da vacina. \u00c9 claro que n\u00f3s todos desejamos que exista um ritmo maior, mas que contemple todo o Estado de maneira justa e homog\u00eanea\u201d, conclui Armando.<\/p>\n","protected":false},"excerpt":{"rendered":"<p>Para o ex-senador Armando Monteiro (PSDB) \u00e9 preciso que se apurem as cobran\u00e7as feitas por prefeitos de todas as regi\u00f5es de Pernambuco sobre o que apontam como falta de tratamento igualit\u00e1rio por parte do Governo do Estado na distribui\u00e7\u00e3o de vacinas contra o coronav\u00edrus. \u201cAo que tudo indica, existe sim um problema na distribui\u00e7\u00e3o, uma falta de crit\u00e9rios que possa conferir um tratamento mais justo, mais igualit\u00e1rio, proporcionalmente ao perfil da popula\u00e7\u00e3o de cada regi\u00e3o\u201d, afirma. Armando diz que \u00e9 inaceit\u00e1vel haver um desequil\u00edbrio no ritmo das vacina\u00e7\u00f5es porque n\u00e3o existem pernambucanos de duas classes ou uma regi\u00e3o mais importante [&hellip;]<\/p>\n","protected":false},"author":2,"featured_media":5744,"comment_status":"open","ping_status":"open","sticky":false,"template":"","format":"standard","meta":{"_jetpack_memberships_contains_paid_content":false,"footnotes":"","jetpack_publicize_message":"","jetpack_publicize_feature_enabled":true,"jetpack_social_post_already_shared":true,"jetpack_social_options":{"image_generator_settings":{"template":"highway","enabled":false},"version":2}},"categories":[2],"tags":[],"class_list":["post-5743","post","type-post","status-publish","format-standard","has-post-thumbnail","hentry","category-noticias"],"jetpack_publicize_connections":[],"yoast_head":"<!-- This site is optimized with the Yoast SEO plugin v24.7 - https:\/\/yoast.com\/wordpress\/plugins\/seo\/ -->\n<title>Armando diz falta igualdade na distribui\u00e7\u00e3o de vacinas, em PE - Serra FM 87,9<\/title>\n<meta name=\"robots\" content=\"index, follow, max-snippet:-1, max-image-preview:large, max-video-preview:-1\" \/>\n<link rel=\"canonical\" href=\"https:\/\/serrafm879.com.br\/serrafm\/2021\/05\/armando-diz-falta-igualdade-na-distribuicao-de-vacinas-em-pe\/\" \/>\n<meta property=\"og:locale\" content=\"pt_BR\" \/>\n<meta property=\"og:type\" content=\"article\" \/>\n<meta property=\"og:title\" content=\"Armando diz falta igualdade na distribui\u00e7\u00e3o de vacinas, em PE - Serra FM 87,9\" \/>\n<meta property=\"og:description\" content=\"Para o ex-senador Armando Monteiro (PSDB) \u00e9 preciso que se apurem as cobran\u00e7as feitas por prefeitos de todas as regi\u00f5es de Pernambuco sobre o que apontam como falta de tratamento igualit\u00e1rio por parte do Governo do Estado na distribui\u00e7\u00e3o de vacinas contra o coronav\u00edrus. \u201cAo que tudo indica, existe sim um problema na distribui\u00e7\u00e3o, uma falta de crit\u00e9rios que possa conferir um tratamento mais justo, mais igualit\u00e1rio, proporcionalmente ao perfil da popula\u00e7\u00e3o de cada regi\u00e3o\u201d, afirma. Armando diz que \u00e9 inaceit\u00e1vel haver um desequil\u00edbrio no ritmo das vacina\u00e7\u00f5es porque n\u00e3o existem pernambucanos de duas classes ou uma regi\u00e3o mais importante [&hellip;]\" \/>\n<meta property=\"og:url\" content=\"https:\/\/serrafm879.com.br\/serrafm\/2021\/05\/armando-diz-falta-igualdade-na-distribuicao-de-vacinas-em-pe\/\" \/>\n<meta property=\"og:site_name\" content=\"Serra FM 87,9\" \/>\n<meta property=\"article:published_time\" content=\"2021-05-01T10:41:07+00:00\" \/>\n<meta property=\"og:image\" content=\"https:\/\/serrafm879.com.br\/serrafm\/wp-content\/uploads\/2021\/05\/ARMANDO-MO.jpg\" \/>\n\t<meta property=\"og:image:width\" content=\"620\" \/>\n\t<meta property=\"og:image:height\" content=\"465\" \/>\n\t<meta property=\"og:image:type\" content=\"image\/jpeg\" \/>\n<meta name=\"author\" content=\"serrafm87\" \/>\n<meta name=\"twitter:card\" content=\"summary_large_image\" \/>\n<meta name=\"twitter:label1\" content=\"Escrito por\" \/>\n\t<meta name=\"twitter:data1\" content=\"serrafm87\" \/>\n\t<meta name=\"twitter:label2\" content=\"Est. tempo de leitura\" \/>\n\t<meta name=\"twitter:data2\" content=\"1 minuto\" \/>\n<script type=\"application\/ld+json\" class=\"yoast-schema-graph\">{\"@context\":\"https:\/\/schema.org\",\"@graph\":[{\"@type\":\"WebPage\",\"@id\":\"https:\/\/serrafm879.com.br\/serrafm\/2021\/05\/armando-diz-falta-igualdade-na-distribuicao-de-vacinas-em-pe\/\",\"url\":\"https:\/\/serrafm879.com.br\/serrafm\/2021\/05\/armando-diz-falta-igualdade-na-distribuicao-de-vacinas-em-pe\/\",\"name\":\"Armando diz falta igualdade na distribui\u00e7\u00e3o de vacinas, em PE - Serra FM 87,9\",\"isPartOf\":{\"@id\":\"https:\/\/serrafm879.com.br\/serrafm\/#website\"},\"primaryImageOfPage\":{\"@id\":\"https:\/\/serrafm879.com.br\/serrafm\/2021\/05\/armando-diz-falta-igualdade-na-distribuicao-de-vacinas-em-pe\/#primaryimage\"},\"image\":{\"@id\":\"https:\/\/serrafm879.com.br\/serrafm\/2021\/05\/armando-diz-falta-igualdade-na-distribuicao-de-vacinas-em-pe\/#primaryimage\"},\"thumbnailUrl\":\"https:\/\/serrafm879.com.br\/serrafm\/wp-content\/uploads\/2021\/05\/ARMANDO-MO.jpg\",\"datePublished\":\"2021-05-01T10:41:07+00:00\",\"author\":{\"@id\":\"https:\/\/serrafm879.com.br\/serrafm\/#\/schema\/person\/c028a197030ff8b1c03c68dfba4a787a\"},\"breadcrumb\":{\"@id\":\"https:\/\/serrafm879.com.br\/serrafm\/2021\/05\/armando-diz-falta-igualdade-na-distribuicao-de-vacinas-em-pe\/#breadcrumb\"},\"inLanguage\":\"pt-BR\",\"potentialAction\":[{\"@type\":\"ReadAction\",\"target\":[\"https:\/\/serrafm879.com.br\/serrafm\/2021\/05\/armando-diz-falta-igualdade-na-distribuicao-de-vacinas-em-pe\/\"]}]},{\"@type\":\"ImageObject\",\"inLanguage\":\"pt-BR\",\"@id\":\"https:\/\/serrafm879.com.br\/serrafm\/2021\/05\/armando-diz-falta-igualdade-na-distribuicao-de-vacinas-em-pe\/#primaryimage\",\"url\":\"https:\/\/serrafm879.com.br\/serrafm\/wp-content\/uploads\/2021\/05\/ARMANDO-MO.jpg\",\"contentUrl\":\"https:\/\/serrafm879.com.br\/serrafm\/wp-content\/uploads\/2021\/05\/ARMANDO-MO.jpg\",\"width\":620,\"height\":465},{\"@type\":\"BreadcrumbList\",\"@id\":\"https:\/\/serrafm879.com.br\/serrafm\/2021\/05\/armando-diz-falta-igualdade-na-distribuicao-de-vacinas-em-pe\/#breadcrumb\",\"itemListElement\":[{\"@type\":\"ListItem\",\"position\":1,\"name\":\"In\u00edcio\",\"item\":\"https:\/\/serrafm879.com.br\/serrafm\/\"},{\"@type\":\"ListItem\",\"position\":2,\"name\":\"Armando diz falta igualdade na distribui\u00e7\u00e3o de vacinas, em PE\"}]},{\"@type\":\"WebSite\",\"@id\":\"https:\/\/serrafm879.com.br\/serrafm\/#website\",\"url\":\"https:\/\/serrafm879.com.br\/serrafm\/\",\"name\":\"Serra FM 87,9\",\"description\":\"O seu novo amor!\",\"potentialAction\":[{\"@type\":\"SearchAction\",\"target\":{\"@type\":\"EntryPoint\",\"urlTemplate\":\"https:\/\/serrafm879.com.br\/serrafm\/?s={search_term_string}\"},\"query-input\":{\"@type\":\"PropertyValueSpecification\",\"valueRequired\":true,\"valueName\":\"search_term_string\"}}],\"inLanguage\":\"pt-BR\"},{\"@type\":\"Person\",\"@id\":\"https:\/\/serrafm879.com.br\/serrafm\/#\/schema\/person\/c028a197030ff8b1c03c68dfba4a787a\",\"name\":\"serrafm87\",\"image\":{\"@type\":\"ImageObject\",\"inLanguage\":\"pt-BR\",\"@id\":\"https:\/\/serrafm879.com.br\/serrafm\/#\/schema\/person\/image\/\",\"url\":\"https:\/\/secure.gravatar.com\/avatar\/a743233f1112d34f48bb3dc9559b76eb930bab8b27175856cba6362608736235?s=96&d=mm&r=g\",\"contentUrl\":\"https:\/\/secure.gravatar.com\/avatar\/a743233f1112d34f48bb3dc9559b76eb930bab8b27175856cba6362608736235?s=96&d=mm&r=g\",\"caption\":\"serrafm87\"},\"sameAs\":[\"http:\/\/serrafm879.com.br\/\"],\"url\":\"https:\/\/serrafm879.com.br\/serrafm\/author\/serrafm87\/\"}]}<\/script>\n<!-- \/ Yoast SEO plugin. -->","yoast_head_json":{"title":"Armando diz falta igualdade na distribui\u00e7\u00e3o de vacinas, em PE - Serra FM 87,9","robots":{"index":"index","follow":"follow","max-snippet":"max-snippet:-1","max-image-preview":"max-image-preview:large","max-video-preview":"max-video-preview:-1"},"canonical":"https:\/\/serrafm879.com.br\/serrafm\/2021\/05\/armando-diz-falta-igualdade-na-distribuicao-de-vacinas-em-pe\/","og_locale":"pt_BR","og_type":"article","og_title":"Armando diz falta igualdade na distribui\u00e7\u00e3o de vacinas, em PE - Serra FM 87,9","og_description":"Para o ex-senador Armando Monteiro (PSDB) \u00e9 preciso que se apurem as cobran\u00e7as feitas por prefeitos de todas as regi\u00f5es de Pernambuco sobre o que apontam como falta de tratamento igualit\u00e1rio por parte do Governo do Estado na distribui\u00e7\u00e3o de vacinas contra o coronav\u00edrus. \u201cAo que tudo indica, existe sim um problema na distribui\u00e7\u00e3o, uma falta de crit\u00e9rios que possa conferir um tratamento mais justo, mais igualit\u00e1rio, proporcionalmente ao perfil da popula\u00e7\u00e3o de cada regi\u00e3o\u201d, afirma. Armando diz que \u00e9 inaceit\u00e1vel haver um desequil\u00edbrio no ritmo das vacina\u00e7\u00f5es porque n\u00e3o existem pernambucanos de duas classes ou uma regi\u00e3o mais importante [&hellip;]","og_url":"https:\/\/serrafm879.com.br\/serrafm\/2021\/05\/armando-diz-falta-igualdade-na-distribuicao-de-vacinas-em-pe\/","og_site_name":"Serra FM 87,9","article_published_time":"2021-05-01T10:41:07+00:00","og_image":[{"width":620,"height":465,"url":"https:\/\/serrafm879.com.br\/serrafm\/wp-content\/uploads\/2021\/05\/ARMANDO-MO.jpg","type":"image\/jpeg"}],"author":"serrafm87","twitter_card":"summary_large_image","twitter_misc":{"Escrito por":"serrafm87","Est. tempo de leitura":"1 minuto"},"schema":{"@context":"https:\/\/schema.org","@graph":[{"@type":"WebPage","@id":"https:\/\/serrafm879.com.br\/serrafm\/2021\/05\/armando-diz-falta-igualdade-na-distribuicao-de-vacinas-em-pe\/","url":"https:\/\/serrafm879.com.br\/serrafm\/2021\/05\/armando-diz-falta-igualdade-na-distribuicao-de-vacinas-em-pe\/","name":"Armando diz falta igualdade na distribui\u00e7\u00e3o de vacinas, em PE - Serra FM 87,9","isPartOf":{"@id":"https:\/\/serrafm879.com.br\/serrafm\/#website"},"primaryImageOfPage":{"@id":"https:\/\/serrafm879.com.br\/serrafm\/2021\/05\/armando-diz-falta-igualdade-na-distribuicao-de-vacinas-em-pe\/#primaryimage"},"image":{"@id":"https:\/\/serrafm879.com.br\/serrafm\/2021\/05\/armando-diz-falta-igualdade-na-distribuicao-de-vacinas-em-pe\/#primaryimage"},"thumbnailUrl":"https:\/\/serrafm879.com.br\/serrafm\/wp-content\/uploads\/2021\/05\/ARMANDO-MO.jpg","datePublished":"2021-05-01T10:41:07+00:00","author":{"@id":"https:\/\/serrafm879.com.br\/serrafm\/#\/schema\/person\/c028a197030ff8b1c03c68dfba4a787a"},"breadcrumb":{"@id":"https:\/\/serrafm879.com.br\/serrafm\/2021\/05\/armando-diz-falta-igualdade-na-distribuicao-de-vacinas-em-pe\/#breadcrumb"},"inLanguage":"pt-BR","potentialAction":[{"@type":"ReadAction","target":["https:\/\/serrafm879.com.br\/serrafm\/2021\/05\/armando-diz-falta-igualdade-na-distribuicao-de-vacinas-em-pe\/"]}]},{"@type":"ImageObject","inLanguage":"pt-BR","@id":"https:\/\/serrafm879.com.br\/serrafm\/2021\/05\/armando-diz-falta-igualdade-na-distribuicao-de-vacinas-em-pe\/#primaryimage","url":"https:\/\/serrafm879.com.br\/serrafm\/wp-content\/uploads\/2021\/05\/ARMANDO-MO.jpg","contentUrl":"https:\/\/serrafm879.com.br\/serrafm\/wp-content\/uploads\/2021\/05\/ARMANDO-MO.jpg","width":620,"height":465},{"@type":"BreadcrumbList","@id":"https:\/\/serrafm879.com.br\/serrafm\/2021\/05\/armando-diz-falta-igualdade-na-distribuicao-de-vacinas-em-pe\/#breadcrumb","itemListElement":[{"@type":"ListItem","position":1,"name":"In\u00edcio","item":"https:\/\/serrafm879.com.br\/serrafm\/"},{"@type":"ListItem","position":2,"name":"Armando diz falta igualdade na distribui\u00e7\u00e3o de vacinas, em PE"}]},{"@type":"WebSite","@id":"https:\/\/serrafm879.com.br\/serrafm\/#website","url":"https:\/\/serrafm879.com.br\/serrafm\/","name":"Serra FM 87,9","description":"O seu novo amor!","potentialAction":[{"@type":"SearchAction","target":{"@type":"EntryPoint","urlTemplate":"https:\/\/serrafm879.com.br\/serrafm\/?s={search_term_string}"},"query-input":{"@type":"PropertyValueSpecification","valueRequired":true,"valueName":"search_term_string"}}],"inLanguage":"pt-BR"},{"@type":"Person","@id":"https:\/\/serrafm879.com.br\/serrafm\/#\/schema\/person\/c028a197030ff8b1c03c68dfba4a787a","name":"serrafm87","image":{"@type":"ImageObject","inLanguage":"pt-BR","@id":"https:\/\/serrafm879.com.br\/serrafm\/#\/schema\/person\/image\/","url":"https:\/\/secure.gravatar.com\/avatar\/a743233f1112d34f48bb3dc9559b76eb930bab8b27175856cba6362608736235?s=96&d=mm&r=g","contentUrl":"https:\/\/secure.gravatar.com\/avatar\/a743233f1112d34f48bb3dc9559b76eb930bab8b27175856cba6362608736235?s=96&d=mm&r=g","caption":"serrafm87"},"sameAs":["http:\/\/serrafm879.com.br\/"],"url":"https:\/\/serrafm879.com.br\/serrafm\/author\/serrafm87\/"}]}},"jetpack_featured_media_url":"https:\/\/serrafm879.com.br\/serrafm\/wp-content\/uploads\/2021\/05\/ARMANDO-MO.jpg","jetpack_shortlink":"https:\/\/wp.me\/p7HyXg-1uD","jetpack_sharing_enabled":true,"_links":{"self":[{"href":"https:\/\/serrafm879.com.br\/serrafm\/wp-json\/wp\/v2\/posts\/5743","targetHints":{"allow":["GET"]}}],"collection":[{"href":"https:\/\/serrafm879.com.br\/serrafm\/wp-json\/wp\/v2\/posts"}],"about":[{"href":"https:\/\/serrafm879.com.br\/serrafm\/wp-json\/wp\/v2\/types\/post"}],"author":[{"embeddable":true,"href":"https:\/\/serrafm879.com.br\/serrafm\/wp-json\/wp\/v2\/users\/2"}],"replies":[{"embeddable":true,"href":"https:\/\/serrafm879.com.br\/serrafm\/wp-json\/wp\/v2\/comments?post=5743"}],"version-history":[{"count":1,"href":"https:\/\/serrafm879.com.br\/serrafm\/wp-json\/wp\/v2\/posts\/5743\/revisions"}],"predecessor-version":[{"id":5745,"href":"https:\/\/serrafm879.com.br\/serrafm\/wp-json\/wp\/v2\/posts\/5743\/revisions\/5745"}],"wp:featuredmedia":[{"embeddable":true,"href":"https:\/\/serrafm879.com.br\/serrafm\/wp-json\/wp\/v2\/media\/5744"}],"wp:attachment":[{"href":"https:\/\/serrafm879.com.br\/serrafm\/wp-json\/wp\/v2\/media?parent=5743"}],"wp:term":[{"taxonomy":"category","embeddable":true,"href":"https:\/\/serrafm879.com.br\/serrafm\/wp-json\/wp\/v2\/categories?post=5743"},{"taxonomy":"post_tag","embeddable":true,"href":"https:\/\/serrafm879.com.br\/serrafm\/wp-json\/wp\/v2\/tags?post=5743"}],"curies":[{"name":"wp","href":"https:\/\/api.w.org\/{rel}","templated":true}]}}