{"id":5748,"date":"2021-05-01T07:43:42","date_gmt":"2021-05-01T10:43:42","guid":{"rendered":"https:\/?p=5748"},"modified":"2021-05-01T07:43:42","modified_gmt":"2021-05-01T10:43:42","slug":"pernambuco-prorroga-suspensao-de-cirurgias-eletivas","status":"publish","type":"post","link":"https:\/\/serrafm879.com.br\/serrafm\/2021\/05\/pernambuco-prorroga-suspensao-de-cirurgias-eletivas\/","title":{"rendered":"Pernambuco prorroga suspens\u00e3o de cirurgias eletivas"},"content":{"rendered":"<p>O governo de Pernambuco prorrogou, at\u00e9 o dia 9 de maio, a suspens\u00e3o das cirurgias eletivas que demandam interna\u00e7\u00e3o hospitalar. Esses procedimentos cir\u00fargicos s\u00e3o aqueles que podem ser adiados ou reagendados sem preju\u00edzo \u00e0 sa\u00fade do paciente.<\/p>\n<p>A medida de suspens\u00e3o, que valeria at\u00e9 esta sexta-feira (30), abrange toda a rede de sa\u00fade no estado e foi motivada por causa da alta ocupa\u00e7\u00e3o de leitos de enfermaria e Unidade de Terapia Intensiva (UTI) por pacientes com Covid-19.<\/p>\n<p>Segundo a Secretaria Estadual de Sa\u00fade, permanecem mantidas as cirurgias eletivas consideradas inadi\u00e1veis, como as oncol\u00f3gicas, card\u00edacas, transplantes e procedimentos que possam causar dano permanente ao paciente em caso de adiamento.<\/p>\n<p>Al\u00e9m disso, tamb\u00e9m podem ser realizadas as cirurgias ambulatoriais que n\u00e3o precisam de internamento hospitalar. O governo estadual informou que as consultas ambulatoriais e os servi\u00e7os de urg\u00eancia e emerg\u00eancia continuam mantidos.<\/p>\n<p>Ainda de acordo com a secretaria, os servidores que atuam nessas cirurgias eletivas e foram realocados para outras \u00e1reas da assist\u00eancia hospitalar ou teletrabalho permanecem mantidos nessas fun\u00e7\u00f5es.<\/p>\n<p>Pernambuco confirmou 987 \u00f3bitos nos \u00faltimos 15 dias e, nesta sexta-feira (30), ultrapassou a marca das 14 mil mortes por Covid-19.<\/p>\n<p>Em 24 horas, foram mais 71 \u00f3bitos contabilizados no estado, que totalizou 14.038 pessoas mortas pela doen\u00e7a desde o in\u00edcio da pandemia, em mar\u00e7o de 2020. No dia 15 de abril, duas semanas antes, o total de mortes era de 13.051.<\/p>\n<p>O n\u00famero de casos de Covid-19 confirmados nesta sexta-feira (30) pela Secretaria Estadual de Sa\u00fade \u00e9 de 1.917. S\u00e3o, desde o in\u00edcio da pandemia, 406.585 infectados pelo novo coronav\u00edrus.<\/p>\n","protected":false},"excerpt":{"rendered":"<p>O governo de Pernambuco prorrogou, at\u00e9 o dia 9 de maio, a suspens\u00e3o das cirurgias eletivas que demandam interna\u00e7\u00e3o hospitalar. Esses procedimentos cir\u00fargicos s\u00e3o aqueles que podem ser adiados ou reagendados sem preju\u00edzo \u00e0 sa\u00fade do paciente. A medida de suspens\u00e3o, que valeria at\u00e9 esta sexta-feira (30), abrange toda a rede de sa\u00fade no estado e foi motivada por causa da alta ocupa\u00e7\u00e3o de leitos de enfermaria e Unidade de Terapia Intensiva (UTI) por pacientes com Covid-19. Segundo a Secretaria Estadual de Sa\u00fade, permanecem mantidas as cirurgias eletivas consideradas inadi\u00e1veis, como as oncol\u00f3gicas, card\u00edacas, transplantes e procedimentos que possam causar [&hellip;]<\/p>\n","protected":false},"author":2,"featured_media":5370,"comment_status":"open","ping_status":"open","sticky":false,"template":"","format":"standard","meta":{"_jetpack_memberships_contains_paid_content":false,"footnotes":"","jetpack_publicize_message":"","jetpack_publicize_feature_enabled":true,"jetpack_social_post_already_shared":true,"jetpack_social_options":{"image_generator_settings":{"template":"highway","enabled":false},"version":2}},"categories":[2],"tags":[],"class_list":["post-5748","post","type-post","status-publish","format-standard","has-post-thumbnail","hentry","category-noticias"],"jetpack_publicize_connections":[],"yoast_head":"<!-- This site is optimized with the Yoast SEO plugin v24.7 - https:\/\/yoast.com\/wordpress\/plugins\/seo\/ -->\n<title>Pernambuco prorroga suspens\u00e3o de cirurgias eletivas - Serra FM 87,9<\/title>\n<meta name=\"robots\" content=\"index, follow, max-snippet:-1, max-image-preview:large, max-video-preview:-1\" \/>\n<link rel=\"canonical\" href=\"https:\/\/serrafm879.com.br\/serrafm\/2021\/05\/pernambuco-prorroga-suspensao-de-cirurgias-eletivas\/\" \/>\n<meta property=\"og:locale\" content=\"pt_BR\" \/>\n<meta property=\"og:type\" content=\"article\" \/>\n<meta property=\"og:title\" content=\"Pernambuco prorroga suspens\u00e3o de cirurgias eletivas - Serra FM 87,9\" \/>\n<meta property=\"og:description\" content=\"O governo de Pernambuco prorrogou, at\u00e9 o dia 9 de maio, a suspens\u00e3o das cirurgias eletivas que demandam interna\u00e7\u00e3o hospitalar. Esses procedimentos cir\u00fargicos s\u00e3o aqueles que podem ser adiados ou reagendados sem preju\u00edzo \u00e0 sa\u00fade do paciente. A medida de suspens\u00e3o, que valeria at\u00e9 esta sexta-feira (30), abrange toda a rede de sa\u00fade no estado e foi motivada por causa da alta ocupa\u00e7\u00e3o de leitos de enfermaria e Unidade de Terapia Intensiva (UTI) por pacientes com Covid-19. Segundo a Secretaria Estadual de Sa\u00fade, permanecem mantidas as cirurgias eletivas consideradas inadi\u00e1veis, como as oncol\u00f3gicas, card\u00edacas, transplantes e procedimentos que possam causar [&hellip;]\" \/>\n<meta property=\"og:url\" content=\"https:\/\/serrafm879.com.br\/serrafm\/2021\/05\/pernambuco-prorroga-suspensao-de-cirurgias-eletivas\/\" \/>\n<meta property=\"og:site_name\" content=\"Serra FM 87,9\" \/>\n<meta property=\"article:published_time\" content=\"2021-05-01T10:43:42+00:00\" \/>\n<meta property=\"og:image\" content=\"https:\/\/serrafm879.com.br\/serrafm\/wp-content\/uploads\/2021\/04\/UTIPE.jpeg\" \/>\n\t<meta property=\"og:image:width\" content=\"1100\" \/>\n\t<meta property=\"og:image:height\" content=\"734\" \/>\n\t<meta property=\"og:image:type\" content=\"image\/jpeg\" \/>\n<meta name=\"author\" content=\"serrafm87\" \/>\n<meta name=\"twitter:card\" content=\"summary_large_image\" \/>\n<meta name=\"twitter:label1\" content=\"Escrito por\" \/>\n\t<meta name=\"twitter:data1\" content=\"serrafm87\" \/>\n\t<meta name=\"twitter:label2\" content=\"Est. tempo de leitura\" \/>\n\t<meta name=\"twitter:data2\" content=\"1 minuto\" \/>\n<script type=\"application\/ld+json\" class=\"yoast-schema-graph\">{\"@context\":\"https:\/\/schema.org\",\"@graph\":[{\"@type\":\"WebPage\",\"@id\":\"https:\/\/serrafm879.com.br\/serrafm\/2021\/05\/pernambuco-prorroga-suspensao-de-cirurgias-eletivas\/\",\"url\":\"https:\/\/serrafm879.com.br\/serrafm\/2021\/05\/pernambuco-prorroga-suspensao-de-cirurgias-eletivas\/\",\"name\":\"Pernambuco prorroga suspens\u00e3o de cirurgias eletivas - Serra FM 87,9\",\"isPartOf\":{\"@id\":\"https:\/\/serrafm879.com.br\/serrafm\/#website\"},\"primaryImageOfPage\":{\"@id\":\"https:\/\/serrafm879.com.br\/serrafm\/2021\/05\/pernambuco-prorroga-suspensao-de-cirurgias-eletivas\/#primaryimage\"},\"image\":{\"@id\":\"https:\/\/serrafm879.com.br\/serrafm\/2021\/05\/pernambuco-prorroga-suspensao-de-cirurgias-eletivas\/#primaryimage\"},\"thumbnailUrl\":\"https:\/\/serrafm879.com.br\/serrafm\/wp-content\/uploads\/2021\/04\/UTIPE.jpeg\",\"datePublished\":\"2021-05-01T10:43:42+00:00\",\"author\":{\"@id\":\"https:\/\/serrafm879.com.br\/serrafm\/#\/schema\/person\/c028a197030ff8b1c03c68dfba4a787a\"},\"breadcrumb\":{\"@id\":\"https:\/\/serrafm879.com.br\/serrafm\/2021\/05\/pernambuco-prorroga-suspensao-de-cirurgias-eletivas\/#breadcrumb\"},\"inLanguage\":\"pt-BR\",\"potentialAction\":[{\"@type\":\"ReadAction\",\"target\":[\"https:\/\/serrafm879.com.br\/serrafm\/2021\/05\/pernambuco-prorroga-suspensao-de-cirurgias-eletivas\/\"]}]},{\"@type\":\"ImageObject\",\"inLanguage\":\"pt-BR\",\"@id\":\"https:\/\/serrafm879.com.br\/serrafm\/2021\/05\/pernambuco-prorroga-suspensao-de-cirurgias-eletivas\/#primaryimage\",\"url\":\"https:\/\/serrafm879.com.br\/serrafm\/wp-content\/uploads\/2021\/04\/UTIPE.jpeg\",\"contentUrl\":\"https:\/\/serrafm879.com.br\/serrafm\/wp-content\/uploads\/2021\/04\/UTIPE.jpeg\",\"width\":1100,\"height\":734},{\"@type\":\"BreadcrumbList\",\"@id\":\"https:\/\/serrafm879.com.br\/serrafm\/2021\/05\/pernambuco-prorroga-suspensao-de-cirurgias-eletivas\/#breadcrumb\",\"itemListElement\":[{\"@type\":\"ListItem\",\"position\":1,\"name\":\"In\u00edcio\",\"item\":\"https:\/\/serrafm879.com.br\/serrafm\/\"},{\"@type\":\"ListItem\",\"position\":2,\"name\":\"Pernambuco prorroga suspens\u00e3o de cirurgias eletivas\"}]},{\"@type\":\"WebSite\",\"@id\":\"https:\/\/serrafm879.com.br\/serrafm\/#website\",\"url\":\"https:\/\/serrafm879.com.br\/serrafm\/\",\"name\":\"Serra FM 87,9\",\"description\":\"O seu novo amor!\",\"potentialAction\":[{\"@type\":\"SearchAction\",\"target\":{\"@type\":\"EntryPoint\",\"urlTemplate\":\"https:\/\/serrafm879.com.br\/serrafm\/?s={search_term_string}\"},\"query-input\":{\"@type\":\"PropertyValueSpecification\",\"valueRequired\":true,\"valueName\":\"search_term_string\"}}],\"inLanguage\":\"pt-BR\"},{\"@type\":\"Person\",\"@id\":\"https:\/\/serrafm879.com.br\/serrafm\/#\/schema\/person\/c028a197030ff8b1c03c68dfba4a787a\",\"name\":\"serrafm87\",\"image\":{\"@type\":\"ImageObject\",\"inLanguage\":\"pt-BR\",\"@id\":\"https:\/\/serrafm879.com.br\/serrafm\/#\/schema\/person\/image\/\",\"url\":\"https:\/\/secure.gravatar.com\/avatar\/a743233f1112d34f48bb3dc9559b76eb930bab8b27175856cba6362608736235?s=96&d=mm&r=g\",\"contentUrl\":\"https:\/\/secure.gravatar.com\/avatar\/a743233f1112d34f48bb3dc9559b76eb930bab8b27175856cba6362608736235?s=96&d=mm&r=g\",\"caption\":\"serrafm87\"},\"sameAs\":[\"http:\/\/serrafm879.com.br\/\"],\"url\":\"https:\/\/serrafm879.com.br\/serrafm\/author\/serrafm87\/\"}]}<\/script>\n<!-- \/ Yoast SEO plugin. -->","yoast_head_json":{"title":"Pernambuco prorroga suspens\u00e3o de cirurgias eletivas - Serra FM 87,9","robots":{"index":"index","follow":"follow","max-snippet":"max-snippet:-1","max-image-preview":"max-image-preview:large","max-video-preview":"max-video-preview:-1"},"canonical":"https:\/\/serrafm879.com.br\/serrafm\/2021\/05\/pernambuco-prorroga-suspensao-de-cirurgias-eletivas\/","og_locale":"pt_BR","og_type":"article","og_title":"Pernambuco prorroga suspens\u00e3o de cirurgias eletivas - Serra FM 87,9","og_description":"O governo de Pernambuco prorrogou, at\u00e9 o dia 9 de maio, a suspens\u00e3o das cirurgias eletivas que demandam interna\u00e7\u00e3o hospitalar. Esses procedimentos cir\u00fargicos s\u00e3o aqueles que podem ser adiados ou reagendados sem preju\u00edzo \u00e0 sa\u00fade do paciente. A medida de suspens\u00e3o, que valeria at\u00e9 esta sexta-feira (30), abrange toda a rede de sa\u00fade no estado e foi motivada por causa da alta ocupa\u00e7\u00e3o de leitos de enfermaria e Unidade de Terapia Intensiva (UTI) por pacientes com Covid-19. Segundo a Secretaria Estadual de Sa\u00fade, permanecem mantidas as cirurgias eletivas consideradas inadi\u00e1veis, como as oncol\u00f3gicas, card\u00edacas, transplantes e procedimentos que possam causar [&hellip;]","og_url":"https:\/\/serrafm879.com.br\/serrafm\/2021\/05\/pernambuco-prorroga-suspensao-de-cirurgias-eletivas\/","og_site_name":"Serra FM 87,9","article_published_time":"2021-05-01T10:43:42+00:00","og_image":[{"width":1100,"height":734,"url":"https:\/\/serrafm879.com.br\/serrafm\/wp-content\/uploads\/2021\/04\/UTIPE.jpeg","type":"image\/jpeg"}],"author":"serrafm87","twitter_card":"summary_large_image","twitter_misc":{"Escrito por":"serrafm87","Est. tempo de leitura":"1 minuto"},"schema":{"@context":"https:\/\/schema.org","@graph":[{"@type":"WebPage","@id":"https:\/\/serrafm879.com.br\/serrafm\/2021\/05\/pernambuco-prorroga-suspensao-de-cirurgias-eletivas\/","url":"https:\/\/serrafm879.com.br\/serrafm\/2021\/05\/pernambuco-prorroga-suspensao-de-cirurgias-eletivas\/","name":"Pernambuco prorroga suspens\u00e3o de cirurgias eletivas - Serra FM 87,9","isPartOf":{"@id":"https:\/\/serrafm879.com.br\/serrafm\/#website"},"primaryImageOfPage":{"@id":"https:\/\/serrafm879.com.br\/serrafm\/2021\/05\/pernambuco-prorroga-suspensao-de-cirurgias-eletivas\/#primaryimage"},"image":{"@id":"https:\/\/serrafm879.com.br\/serrafm\/2021\/05\/pernambuco-prorroga-suspensao-de-cirurgias-eletivas\/#primaryimage"},"thumbnailUrl":"https:\/\/serrafm879.com.br\/serrafm\/wp-content\/uploads\/2021\/04\/UTIPE.jpeg","datePublished":"2021-05-01T10:43:42+00:00","author":{"@id":"https:\/\/serrafm879.com.br\/serrafm\/#\/schema\/person\/c028a197030ff8b1c03c68dfba4a787a"},"breadcrumb":{"@id":"https:\/\/serrafm879.com.br\/serrafm\/2021\/05\/pernambuco-prorroga-suspensao-de-cirurgias-eletivas\/#breadcrumb"},"inLanguage":"pt-BR","potentialAction":[{"@type":"ReadAction","target":["https:\/\/serrafm879.com.br\/serrafm\/2021\/05\/pernambuco-prorroga-suspensao-de-cirurgias-eletivas\/"]}]},{"@type":"ImageObject","inLanguage":"pt-BR","@id":"https:\/\/serrafm879.com.br\/serrafm\/2021\/05\/pernambuco-prorroga-suspensao-de-cirurgias-eletivas\/#primaryimage","url":"https:\/\/serrafm879.com.br\/serrafm\/wp-content\/uploads\/2021\/04\/UTIPE.jpeg","contentUrl":"https:\/\/serrafm879.com.br\/serrafm\/wp-content\/uploads\/2021\/04\/UTIPE.jpeg","width":1100,"height":734},{"@type":"BreadcrumbList","@id":"https:\/\/serrafm879.com.br\/serrafm\/2021\/05\/pernambuco-prorroga-suspensao-de-cirurgias-eletivas\/#breadcrumb","itemListElement":[{"@type":"ListItem","position":1,"name":"In\u00edcio","item":"https:\/\/serrafm879.com.br\/serrafm\/"},{"@type":"ListItem","position":2,"name":"Pernambuco prorroga suspens\u00e3o de cirurgias eletivas"}]},{"@type":"WebSite","@id":"https:\/\/serrafm879.com.br\/serrafm\/#website","url":"https:\/\/serrafm879.com.br\/serrafm\/","name":"Serra FM 87,9","description":"O seu novo amor!","potentialAction":[{"@type":"SearchAction","target":{"@type":"EntryPoint","urlTemplate":"https:\/\/serrafm879.com.br\/serrafm\/?s={search_term_string}"},"query-input":{"@type":"PropertyValueSpecification","valueRequired":true,"valueName":"search_term_string"}}],"inLanguage":"pt-BR"},{"@type":"Person","@id":"https:\/\/serrafm879.com.br\/serrafm\/#\/schema\/person\/c028a197030ff8b1c03c68dfba4a787a","name":"serrafm87","image":{"@type":"ImageObject","inLanguage":"pt-BR","@id":"https:\/\/serrafm879.com.br\/serrafm\/#\/schema\/person\/image\/","url":"https:\/\/secure.gravatar.com\/avatar\/a743233f1112d34f48bb3dc9559b76eb930bab8b27175856cba6362608736235?s=96&d=mm&r=g","contentUrl":"https:\/\/secure.gravatar.com\/avatar\/a743233f1112d34f48bb3dc9559b76eb930bab8b27175856cba6362608736235?s=96&d=mm&r=g","caption":"serrafm87"},"sameAs":["http:\/\/serrafm879.com.br\/"],"url":"https:\/\/serrafm879.com.br\/serrafm\/author\/serrafm87\/"}]}},"jetpack_featured_media_url":"https:\/\/serrafm879.com.br\/serrafm\/wp-content\/uploads\/2021\/04\/UTIPE.jpeg","jetpack_shortlink":"https:\/\/wp.me\/p7HyXg-1uI","jetpack_sharing_enabled":true,"_links":{"self":[{"href":"https:\/\/serrafm879.com.br\/serrafm\/wp-json\/wp\/v2\/posts\/5748","targetHints":{"allow":["GET"]}}],"collection":[{"href":"https:\/\/serrafm879.com.br\/serrafm\/wp-json\/wp\/v2\/posts"}],"about":[{"href":"https:\/\/serrafm879.com.br\/serrafm\/wp-json\/wp\/v2\/types\/post"}],"author":[{"embeddable":true,"href":"https:\/\/serrafm879.com.br\/serrafm\/wp-json\/wp\/v2\/users\/2"}],"replies":[{"embeddable":true,"href":"https:\/\/serrafm879.com.br\/serrafm\/wp-json\/wp\/v2\/comments?post=5748"}],"version-history":[{"count":1,"href":"https:\/\/serrafm879.com.br\/serrafm\/wp-json\/wp\/v2\/posts\/5748\/revisions"}],"predecessor-version":[{"id":5749,"href":"https:\/\/serrafm879.com.br\/serrafm\/wp-json\/wp\/v2\/posts\/5748\/revisions\/5749"}],"wp:featuredmedia":[{"embeddable":true,"href":"https:\/\/serrafm879.com.br\/serrafm\/wp-json\/wp\/v2\/media\/5370"}],"wp:attachment":[{"href":"https:\/\/serrafm879.com.br\/serrafm\/wp-json\/wp\/v2\/media?parent=5748"}],"wp:term":[{"taxonomy":"category","embeddable":true,"href":"https:\/\/serrafm879.com.br\/serrafm\/wp-json\/wp\/v2\/categories?post=5748"},{"taxonomy":"post_tag","embeddable":true,"href":"https:\/\/serrafm879.com.br\/serrafm\/wp-json\/wp\/v2\/tags?post=5748"}],"curies":[{"name":"wp","href":"https:\/\/api.w.org\/{rel}","templated":true}]}}