{"id":5750,"date":"2021-05-01T07:45:48","date_gmt":"2021-05-01T10:45:48","guid":{"rendered":"https:\/?p=5750"},"modified":"2021-05-01T07:45:48","modified_gmt":"2021-05-01T10:45:48","slug":"turistas-passam-mal-apos-festival-gastronomico-em-fernando-de-noronha","status":"publish","type":"post","link":"https:\/\/serrafm879.com.br\/serrafm\/2021\/05\/turistas-passam-mal-apos-festival-gastronomico-em-fernando-de-noronha\/","title":{"rendered":"Turistas passam mal ap\u00f3s festival gastron\u00f4mico em Fernando de Noronha"},"content":{"rendered":"<p>Mais de 15 pessoas relataram mal-estar ap\u00f3s participarem do Festival Gastron\u00f4mico na Pousada Z\u00e9 Maria na noite da \u00faltima quarta-feira (28), no arquip\u00e9lago de Fernando de Noronha, em Pernambuco. No variado menu do local, os protagonistas eram os frutos do mar.<\/p>\n<p>A maioria dos clientes informou ter sentido diarreia, n\u00e1useas e febre. Muitos recorreram ao Hospital S\u00e3o Lucas, \u00fanica unidade de sa\u00fade da ilha, enquanto outros optaram por viajar para o Recife.<\/p>\n<p>A equipe de vigil\u00e2ncia sanit\u00e1ria do distrito de Fernando de Noronha foi acionada e recolheu amostras dos produtos servidos na noite da quarta-feira para investigar as poss\u00edveis causas que originaram o surto. O resultado dessas an\u00e1lises devem demorar em torno de cinco dias.<\/p>\n<p>O restaurante da pousada segue funcionando, estando suspensa somente a comercializa\u00e7\u00e3o dos frutos do mar. O festival que seria realizado neste s\u00e1bado (1\u00ba) tamb\u00e9m est\u00e1 suspenso.<\/p>\n<p><strong>Redes sociais<\/strong><br \/>\nAp\u00f3s v\u00e1rios relatos de clientes nas redes sociais do estabelecimento, o restaurante pronunciou, pedindo desculpas a todos os presentes na data do ocorrido.<\/p>\n<p>Disse ainda que h\u00e1 mais de 20 anos preza pela qualidade dos insumos servidos, que utiliza peixes frescos e possui uma horta org\u00e2nica, al\u00e9m de fornecedores de qualidade. \u201cSabemos que problemas podem ocorrer\u201d, frisa a nota.<\/p>\n<p>O estabelecimento tamb\u00e9m afirmou estar aberto para resolver eventuais problemas e pediu para os clientes que tenham se sentido lesados entrarem em contato.<\/p>\n<p><strong>Segue a \u00edntegra da nota do restaurante:<\/strong><\/p>\n<p><em>&#8220;Antes de tudo gostar\u00edamos de pedir desculpas por qualquer inconveniente que possa ter acontecido nas nossas depend\u00eancias. H\u00e1 mais de 20 anos o Restaurante Z\u00e9 Maria preza pela qualidade de todos os insumos que s\u00e3o oferecidos aos visitantes da ilha. Nossos peixes s\u00e3o frescos e pescados pelo nosso anfitri\u00e3o, temos uma horta org\u00e2nica e fornecedores que compactuam da mesma qualidade e valores. Sabemos que problemas podem ocorrer, recebemos a visita da vigil\u00e2ncia sanit\u00e1ria que est\u00e1 investigando o caso e estamos abertos para identificar e resolver eventuais problemas. Pedimos que os visitantes que se sentiram lesados entrem em contato atrav\u00e9s do inbox com nome completo, data da visita e telefone com DDD.<\/em><\/p>\n<p><em>Cientes da sua compreens\u00e3o, agradecemos&#8221;<\/em><\/p>\n<p>Por FolhaPE<\/p>\n","protected":false},"excerpt":{"rendered":"<p>Mais de 15 pessoas relataram mal-estar ap\u00f3s participarem do Festival Gastron\u00f4mico na Pousada Z\u00e9 Maria na noite da \u00faltima quarta-feira (28), no arquip\u00e9lago de Fernando de Noronha, em Pernambuco. No variado menu do local, os protagonistas eram os frutos do mar. A maioria dos clientes informou ter sentido diarreia, n\u00e1useas e febre. Muitos recorreram ao Hospital S\u00e3o Lucas, \u00fanica unidade de sa\u00fade da ilha, enquanto outros optaram por viajar para o Recife. A equipe de vigil\u00e2ncia sanit\u00e1ria do distrito de Fernando de Noronha foi acionada e recolheu amostras dos produtos servidos na noite da quarta-feira para investigar as poss\u00edveis causas [&hellip;]<\/p>\n","protected":false},"author":2,"featured_media":5751,"comment_status":"open","ping_status":"open","sticky":false,"template":"","format":"standard","meta":{"_jetpack_memberships_contains_paid_content":false,"footnotes":"","jetpack_publicize_message":"","jetpack_publicize_feature_enabled":true,"jetpack_social_post_already_shared":true,"jetpack_social_options":{"image_generator_settings":{"template":"highway","enabled":false},"version":2}},"categories":[2],"tags":[],"class_list":["post-5750","post","type-post","status-publish","format-standard","has-post-thumbnail","hentry","category-noticias"],"jetpack_publicize_connections":[],"yoast_head":"<!-- This site is optimized with the Yoast SEO plugin v24.7 - https:\/\/yoast.com\/wordpress\/plugins\/seo\/ -->\n<title>Turistas passam mal ap\u00f3s festival gastron\u00f4mico em Fernando de Noronha - Serra FM 87,9<\/title>\n<meta name=\"robots\" content=\"index, follow, max-snippet:-1, max-image-preview:large, max-video-preview:-1\" \/>\n<link rel=\"canonical\" href=\"https:\/\/serrafm879.com.br\/serrafm\/2021\/05\/turistas-passam-mal-apos-festival-gastronomico-em-fernando-de-noronha\/\" \/>\n<meta property=\"og:locale\" content=\"pt_BR\" \/>\n<meta property=\"og:type\" content=\"article\" \/>\n<meta property=\"og:title\" content=\"Turistas passam mal ap\u00f3s festival gastron\u00f4mico em Fernando de Noronha - Serra FM 87,9\" \/>\n<meta property=\"og:description\" content=\"Mais de 15 pessoas relataram mal-estar ap\u00f3s participarem do Festival Gastron\u00f4mico na Pousada Z\u00e9 Maria na noite da \u00faltima quarta-feira (28), no arquip\u00e9lago de Fernando de Noronha, em Pernambuco. No variado menu do local, os protagonistas eram os frutos do mar. A maioria dos clientes informou ter sentido diarreia, n\u00e1useas e febre. Muitos recorreram ao Hospital S\u00e3o Lucas, \u00fanica unidade de sa\u00fade da ilha, enquanto outros optaram por viajar para o Recife. A equipe de vigil\u00e2ncia sanit\u00e1ria do distrito de Fernando de Noronha foi acionada e recolheu amostras dos produtos servidos na noite da quarta-feira para investigar as poss\u00edveis causas [&hellip;]\" \/>\n<meta property=\"og:url\" content=\"https:\/\/serrafm879.com.br\/serrafm\/2021\/05\/turistas-passam-mal-apos-festival-gastronomico-em-fernando-de-noronha\/\" \/>\n<meta property=\"og:site_name\" content=\"Serra FM 87,9\" \/>\n<meta property=\"article:published_time\" content=\"2021-05-01T10:45:48+00:00\" \/>\n<meta property=\"og:image\" content=\"https:\/\/serrafm879.com.br\/serrafm\/wp-content\/uploads\/2021\/05\/gastronomia.jpeg\" \/>\n\t<meta property=\"og:image:width\" content=\"1024\" \/>\n\t<meta property=\"og:image:height\" content=\"677\" \/>\n\t<meta property=\"og:image:type\" content=\"image\/jpeg\" \/>\n<meta name=\"author\" content=\"serrafm87\" \/>\n<meta name=\"twitter:card\" content=\"summary_large_image\" \/>\n<meta name=\"twitter:label1\" content=\"Escrito por\" \/>\n\t<meta name=\"twitter:data1\" content=\"serrafm87\" \/>\n\t<meta name=\"twitter:label2\" content=\"Est. tempo de leitura\" \/>\n\t<meta name=\"twitter:data2\" content=\"2 minutos\" \/>\n<script type=\"application\/ld+json\" class=\"yoast-schema-graph\">{\"@context\":\"https:\/\/schema.org\",\"@graph\":[{\"@type\":\"WebPage\",\"@id\":\"https:\/\/serrafm879.com.br\/serrafm\/2021\/05\/turistas-passam-mal-apos-festival-gastronomico-em-fernando-de-noronha\/\",\"url\":\"https:\/\/serrafm879.com.br\/serrafm\/2021\/05\/turistas-passam-mal-apos-festival-gastronomico-em-fernando-de-noronha\/\",\"name\":\"Turistas passam mal ap\u00f3s festival gastron\u00f4mico em Fernando de Noronha - Serra FM 87,9\",\"isPartOf\":{\"@id\":\"https:\/\/serrafm879.com.br\/serrafm\/#website\"},\"primaryImageOfPage\":{\"@id\":\"https:\/\/serrafm879.com.br\/serrafm\/2021\/05\/turistas-passam-mal-apos-festival-gastronomico-em-fernando-de-noronha\/#primaryimage\"},\"image\":{\"@id\":\"https:\/\/serrafm879.com.br\/serrafm\/2021\/05\/turistas-passam-mal-apos-festival-gastronomico-em-fernando-de-noronha\/#primaryimage\"},\"thumbnailUrl\":\"https:\/\/serrafm879.com.br\/serrafm\/wp-content\/uploads\/2021\/05\/gastronomia.jpeg\",\"datePublished\":\"2021-05-01T10:45:48+00:00\",\"author\":{\"@id\":\"https:\/\/serrafm879.com.br\/serrafm\/#\/schema\/person\/c028a197030ff8b1c03c68dfba4a787a\"},\"breadcrumb\":{\"@id\":\"https:\/\/serrafm879.com.br\/serrafm\/2021\/05\/turistas-passam-mal-apos-festival-gastronomico-em-fernando-de-noronha\/#breadcrumb\"},\"inLanguage\":\"pt-BR\",\"potentialAction\":[{\"@type\":\"ReadAction\",\"target\":[\"https:\/\/serrafm879.com.br\/serrafm\/2021\/05\/turistas-passam-mal-apos-festival-gastronomico-em-fernando-de-noronha\/\"]}]},{\"@type\":\"ImageObject\",\"inLanguage\":\"pt-BR\",\"@id\":\"https:\/\/serrafm879.com.br\/serrafm\/2021\/05\/turistas-passam-mal-apos-festival-gastronomico-em-fernando-de-noronha\/#primaryimage\",\"url\":\"https:\/\/serrafm879.com.br\/serrafm\/wp-content\/uploads\/2021\/05\/gastronomia.jpeg\",\"contentUrl\":\"https:\/\/serrafm879.com.br\/serrafm\/wp-content\/uploads\/2021\/05\/gastronomia.jpeg\",\"width\":1024,\"height\":677},{\"@type\":\"BreadcrumbList\",\"@id\":\"https:\/\/serrafm879.com.br\/serrafm\/2021\/05\/turistas-passam-mal-apos-festival-gastronomico-em-fernando-de-noronha\/#breadcrumb\",\"itemListElement\":[{\"@type\":\"ListItem\",\"position\":1,\"name\":\"In\u00edcio\",\"item\":\"https:\/\/serrafm879.com.br\/serrafm\/\"},{\"@type\":\"ListItem\",\"position\":2,\"name\":\"Turistas passam mal ap\u00f3s festival gastron\u00f4mico em Fernando de Noronha\"}]},{\"@type\":\"WebSite\",\"@id\":\"https:\/\/serrafm879.com.br\/serrafm\/#website\",\"url\":\"https:\/\/serrafm879.com.br\/serrafm\/\",\"name\":\"Serra FM 87,9\",\"description\":\"O seu novo amor!\",\"potentialAction\":[{\"@type\":\"SearchAction\",\"target\":{\"@type\":\"EntryPoint\",\"urlTemplate\":\"https:\/\/serrafm879.com.br\/serrafm\/?s={search_term_string}\"},\"query-input\":{\"@type\":\"PropertyValueSpecification\",\"valueRequired\":true,\"valueName\":\"search_term_string\"}}],\"inLanguage\":\"pt-BR\"},{\"@type\":\"Person\",\"@id\":\"https:\/\/serrafm879.com.br\/serrafm\/#\/schema\/person\/c028a197030ff8b1c03c68dfba4a787a\",\"name\":\"serrafm87\",\"image\":{\"@type\":\"ImageObject\",\"inLanguage\":\"pt-BR\",\"@id\":\"https:\/\/serrafm879.com.br\/serrafm\/#\/schema\/person\/image\/\",\"url\":\"https:\/\/secure.gravatar.com\/avatar\/a743233f1112d34f48bb3dc9559b76eb930bab8b27175856cba6362608736235?s=96&d=mm&r=g\",\"contentUrl\":\"https:\/\/secure.gravatar.com\/avatar\/a743233f1112d34f48bb3dc9559b76eb930bab8b27175856cba6362608736235?s=96&d=mm&r=g\",\"caption\":\"serrafm87\"},\"sameAs\":[\"http:\/\/serrafm879.com.br\/\"],\"url\":\"https:\/\/serrafm879.com.br\/serrafm\/author\/serrafm87\/\"}]}<\/script>\n<!-- \/ Yoast SEO plugin. -->","yoast_head_json":{"title":"Turistas passam mal ap\u00f3s festival gastron\u00f4mico em Fernando de Noronha - Serra FM 87,9","robots":{"index":"index","follow":"follow","max-snippet":"max-snippet:-1","max-image-preview":"max-image-preview:large","max-video-preview":"max-video-preview:-1"},"canonical":"https:\/\/serrafm879.com.br\/serrafm\/2021\/05\/turistas-passam-mal-apos-festival-gastronomico-em-fernando-de-noronha\/","og_locale":"pt_BR","og_type":"article","og_title":"Turistas passam mal ap\u00f3s festival gastron\u00f4mico em Fernando de Noronha - Serra FM 87,9","og_description":"Mais de 15 pessoas relataram mal-estar ap\u00f3s participarem do Festival Gastron\u00f4mico na Pousada Z\u00e9 Maria na noite da \u00faltima quarta-feira (28), no arquip\u00e9lago de Fernando de Noronha, em Pernambuco. No variado menu do local, os protagonistas eram os frutos do mar. A maioria dos clientes informou ter sentido diarreia, n\u00e1useas e febre. Muitos recorreram ao Hospital S\u00e3o Lucas, \u00fanica unidade de sa\u00fade da ilha, enquanto outros optaram por viajar para o Recife. A equipe de vigil\u00e2ncia sanit\u00e1ria do distrito de Fernando de Noronha foi acionada e recolheu amostras dos produtos servidos na noite da quarta-feira para investigar as poss\u00edveis causas [&hellip;]","og_url":"https:\/\/serrafm879.com.br\/serrafm\/2021\/05\/turistas-passam-mal-apos-festival-gastronomico-em-fernando-de-noronha\/","og_site_name":"Serra FM 87,9","article_published_time":"2021-05-01T10:45:48+00:00","og_image":[{"width":1024,"height":677,"url":"https:\/\/serrafm879.com.br\/serrafm\/wp-content\/uploads\/2021\/05\/gastronomia.jpeg","type":"image\/jpeg"}],"author":"serrafm87","twitter_card":"summary_large_image","twitter_misc":{"Escrito por":"serrafm87","Est. tempo de leitura":"2 minutos"},"schema":{"@context":"https:\/\/schema.org","@graph":[{"@type":"WebPage","@id":"https:\/\/serrafm879.com.br\/serrafm\/2021\/05\/turistas-passam-mal-apos-festival-gastronomico-em-fernando-de-noronha\/","url":"https:\/\/serrafm879.com.br\/serrafm\/2021\/05\/turistas-passam-mal-apos-festival-gastronomico-em-fernando-de-noronha\/","name":"Turistas passam mal ap\u00f3s festival gastron\u00f4mico em Fernando de Noronha - Serra FM 87,9","isPartOf":{"@id":"https:\/\/serrafm879.com.br\/serrafm\/#website"},"primaryImageOfPage":{"@id":"https:\/\/serrafm879.com.br\/serrafm\/2021\/05\/turistas-passam-mal-apos-festival-gastronomico-em-fernando-de-noronha\/#primaryimage"},"image":{"@id":"https:\/\/serrafm879.com.br\/serrafm\/2021\/05\/turistas-passam-mal-apos-festival-gastronomico-em-fernando-de-noronha\/#primaryimage"},"thumbnailUrl":"https:\/\/serrafm879.com.br\/serrafm\/wp-content\/uploads\/2021\/05\/gastronomia.jpeg","datePublished":"2021-05-01T10:45:48+00:00","author":{"@id":"https:\/\/serrafm879.com.br\/serrafm\/#\/schema\/person\/c028a197030ff8b1c03c68dfba4a787a"},"breadcrumb":{"@id":"https:\/\/serrafm879.com.br\/serrafm\/2021\/05\/turistas-passam-mal-apos-festival-gastronomico-em-fernando-de-noronha\/#breadcrumb"},"inLanguage":"pt-BR","potentialAction":[{"@type":"ReadAction","target":["https:\/\/serrafm879.com.br\/serrafm\/2021\/05\/turistas-passam-mal-apos-festival-gastronomico-em-fernando-de-noronha\/"]}]},{"@type":"ImageObject","inLanguage":"pt-BR","@id":"https:\/\/serrafm879.com.br\/serrafm\/2021\/05\/turistas-passam-mal-apos-festival-gastronomico-em-fernando-de-noronha\/#primaryimage","url":"https:\/\/serrafm879.com.br\/serrafm\/wp-content\/uploads\/2021\/05\/gastronomia.jpeg","contentUrl":"https:\/\/serrafm879.com.br\/serrafm\/wp-content\/uploads\/2021\/05\/gastronomia.jpeg","width":1024,"height":677},{"@type":"BreadcrumbList","@id":"https:\/\/serrafm879.com.br\/serrafm\/2021\/05\/turistas-passam-mal-apos-festival-gastronomico-em-fernando-de-noronha\/#breadcrumb","itemListElement":[{"@type":"ListItem","position":1,"name":"In\u00edcio","item":"https:\/\/serrafm879.com.br\/serrafm\/"},{"@type":"ListItem","position":2,"name":"Turistas passam mal ap\u00f3s festival gastron\u00f4mico em Fernando de Noronha"}]},{"@type":"WebSite","@id":"https:\/\/serrafm879.com.br\/serrafm\/#website","url":"https:\/\/serrafm879.com.br\/serrafm\/","name":"Serra FM 87,9","description":"O seu novo amor!","potentialAction":[{"@type":"SearchAction","target":{"@type":"EntryPoint","urlTemplate":"https:\/\/serrafm879.com.br\/serrafm\/?s={search_term_string}"},"query-input":{"@type":"PropertyValueSpecification","valueRequired":true,"valueName":"search_term_string"}}],"inLanguage":"pt-BR"},{"@type":"Person","@id":"https:\/\/serrafm879.com.br\/serrafm\/#\/schema\/person\/c028a197030ff8b1c03c68dfba4a787a","name":"serrafm87","image":{"@type":"ImageObject","inLanguage":"pt-BR","@id":"https:\/\/serrafm879.com.br\/serrafm\/#\/schema\/person\/image\/","url":"https:\/\/secure.gravatar.com\/avatar\/a743233f1112d34f48bb3dc9559b76eb930bab8b27175856cba6362608736235?s=96&d=mm&r=g","contentUrl":"https:\/\/secure.gravatar.com\/avatar\/a743233f1112d34f48bb3dc9559b76eb930bab8b27175856cba6362608736235?s=96&d=mm&r=g","caption":"serrafm87"},"sameAs":["http:\/\/serrafm879.com.br\/"],"url":"https:\/\/serrafm879.com.br\/serrafm\/author\/serrafm87\/"}]}},"jetpack_featured_media_url":"https:\/\/serrafm879.com.br\/serrafm\/wp-content\/uploads\/2021\/05\/gastronomia.jpeg","jetpack_shortlink":"https:\/\/wp.me\/p7HyXg-1uK","jetpack_sharing_enabled":true,"_links":{"self":[{"href":"https:\/\/serrafm879.com.br\/serrafm\/wp-json\/wp\/v2\/posts\/5750","targetHints":{"allow":["GET"]}}],"collection":[{"href":"https:\/\/serrafm879.com.br\/serrafm\/wp-json\/wp\/v2\/posts"}],"about":[{"href":"https:\/\/serrafm879.com.br\/serrafm\/wp-json\/wp\/v2\/types\/post"}],"author":[{"embeddable":true,"href":"https:\/\/serrafm879.com.br\/serrafm\/wp-json\/wp\/v2\/users\/2"}],"replies":[{"embeddable":true,"href":"https:\/\/serrafm879.com.br\/serrafm\/wp-json\/wp\/v2\/comments?post=5750"}],"version-history":[{"count":1,"href":"https:\/\/serrafm879.com.br\/serrafm\/wp-json\/wp\/v2\/posts\/5750\/revisions"}],"predecessor-version":[{"id":5752,"href":"https:\/\/serrafm879.com.br\/serrafm\/wp-json\/wp\/v2\/posts\/5750\/revisions\/5752"}],"wp:featuredmedia":[{"embeddable":true,"href":"https:\/\/serrafm879.com.br\/serrafm\/wp-json\/wp\/v2\/media\/5751"}],"wp:attachment":[{"href":"https:\/\/serrafm879.com.br\/serrafm\/wp-json\/wp\/v2\/media?parent=5750"}],"wp:term":[{"taxonomy":"category","embeddable":true,"href":"https:\/\/serrafm879.com.br\/serrafm\/wp-json\/wp\/v2\/categories?post=5750"},{"taxonomy":"post_tag","embeddable":true,"href":"https:\/\/serrafm879.com.br\/serrafm\/wp-json\/wp\/v2\/tags?post=5750"}],"curies":[{"name":"wp","href":"https:\/\/api.w.org\/{rel}","templated":true}]}}