{"id":5761,"date":"2021-05-01T07:54:28","date_gmt":"2021-05-01T10:54:28","guid":{"rendered":"https:\/?p=5761"},"modified":"2021-05-01T07:54:28","modified_gmt":"2021-05-01T10:54:28","slug":"pente-fino-e-prova-de-vida-do-inss-devem-cortar-r-25-bi-em-beneficios","status":"publish","type":"post","link":"https:\/\/serrafm879.com.br\/serrafm\/2021\/05\/pente-fino-e-prova-de-vida-do-inss-devem-cortar-r-25-bi-em-beneficios\/","title":{"rendered":"Pente-fino e prova de vida do INSS devem cortar R$ 2,5 bi em benef\u00edcios"},"content":{"rendered":"<p>A recomposi\u00e7\u00e3o parcial da verba destinada \u00e0 Previd\u00eancia no Or\u00e7amento de 2021 e a resist\u00eancia de parte do governo em criar um novo pente-fino n\u00e3o v\u00e3o impedir cortes de benef\u00edcios pagos pelo INSS ao longo deste ano.<\/p>\n<p>Para cumprir a sua previs\u00e3o de gastar R$ 707 bilh\u00f5es com a Previd\u00eancia, a gest\u00e3o do presidente Jair Bolsonaro estima cortar R$ 5,7 bilh\u00f5es em despesas do setor em rela\u00e7\u00e3o ao que o pr\u00f3prio governo havia previsto.<\/p>\n<p>Do total economizado, R$ 2,5 bilh\u00f5es vir\u00e3o de cancelamentos de pagamentos a benefici\u00e1rios, segundo a Secretaria Especial de Previd\u00eancia e Trabalho do Minist\u00e9rio da Economia.<\/p>\n<p>A maior parte, quase R$ 1,9 bilh\u00e3o, ser\u00e1 obtida com cortes realizados por meio da prova de vida e do Programa Especial para An\u00e1lise de Benef\u00edcios com Ind\u00edcios de Irregularidade, que \u00e9 o pente-fino cont\u00ednuo que o governo j\u00e1 vinha passando em aposentadorias e pens\u00f5es.<\/p>\n<p>Al\u00e9m disso, o governo tamb\u00e9m prev\u00ea cancelar R$ 591 milh\u00f5es em pagamentos de aux\u00edlios-doen\u00e7a e aposentadorias por invalidez por meio do Programa de Revis\u00e3o de Benef\u00edcios por Incapacidade (PRBI), que tamb\u00e9m \u00e9 um tipo de pente-fino voltado para esses benef\u00edcios.<\/p>\n<p>O \u00f3rg\u00e3o ainda informou que, para chegar ao valor a ser economizado, \u201chouve a revis\u00e3o das proje\u00e7\u00f5es anteriores, a partir da an\u00e1lise do comportamento das concess\u00f5es dos benef\u00edcios previdenci\u00e1rios\u201d.<\/p>\n<p>Apesar de enxugar a sua previs\u00e3o de gastos previdenci\u00e1rios, ao publicar uma vers\u00e3o revisada do Or\u00e7amento, o governo destinou R$ 16,8 bilh\u00f5es a mais para a Previd\u00eancia do que a lei or\u00e7ament\u00e1ria aprovada pelo Congresso.<\/p>\n<p>Considerado inexequ\u00edvel pela equipe do ministro Paulo Guedes (Economia), o Or\u00e7amento aprovado pelo Legislativo ignorava despesas obrigat\u00f3rias, inclusive com benef\u00edcios do INSS.<\/p>\n<p>A necessidade de chegar a um acordo com o Congresso levou a um atraso hist\u00f3rico na publica\u00e7\u00e3o do Or\u00e7amento e atrapalhou a ado\u00e7\u00e3o r\u00e1pida medidas emergenciais para conter a crise ampliada pela nova onda da Covid-19, como a antecipa\u00e7\u00e3o do 13\u00ba sal\u00e1rio do INSS.<\/p>\n<p>Para quem \u00e9 benefici\u00e1rio, alguns cuidados s\u00e3o importantes para evitar o cancelamento do benef\u00edcio, como manter endere\u00e7o e contatos atualizados para que seja poss\u00edvel responder prontamente a eventuais convoca\u00e7\u00f5es ou pedidos feitos pelo INSS.<\/p>\n","protected":false},"excerpt":{"rendered":"<p>A recomposi\u00e7\u00e3o parcial da verba destinada \u00e0 Previd\u00eancia no Or\u00e7amento de 2021 e a resist\u00eancia de parte do governo em criar um novo pente-fino n\u00e3o v\u00e3o impedir cortes de benef\u00edcios pagos pelo INSS ao longo deste ano. Para cumprir a sua previs\u00e3o de gastar R$ 707 bilh\u00f5es com a Previd\u00eancia, a gest\u00e3o do presidente Jair Bolsonaro estima cortar R$ 5,7 bilh\u00f5es em despesas do setor em rela\u00e7\u00e3o ao que o pr\u00f3prio governo havia previsto. Do total economizado, R$ 2,5 bilh\u00f5es vir\u00e3o de cancelamentos de pagamentos a benefici\u00e1rios, segundo a Secretaria Especial de Previd\u00eancia e Trabalho do Minist\u00e9rio da Economia. A [&hellip;]<\/p>\n","protected":false},"author":2,"featured_media":5762,"comment_status":"open","ping_status":"open","sticky":false,"template":"","format":"standard","meta":{"_jetpack_memberships_contains_paid_content":false,"footnotes":"","jetpack_publicize_message":"","jetpack_publicize_feature_enabled":true,"jetpack_social_post_already_shared":true,"jetpack_social_options":{"image_generator_settings":{"template":"highway","enabled":false},"version":2}},"categories":[2],"tags":[],"class_list":["post-5761","post","type-post","status-publish","format-standard","has-post-thumbnail","hentry","category-noticias"],"jetpack_publicize_connections":[],"yoast_head":"<!-- This site is optimized with the Yoast SEO plugin v24.7 - https:\/\/yoast.com\/wordpress\/plugins\/seo\/ -->\n<title>Pente-fino e prova de vida do INSS devem cortar R$ 2,5 bi em benef\u00edcios - Serra FM 87,9<\/title>\n<meta name=\"robots\" content=\"index, follow, max-snippet:-1, max-image-preview:large, max-video-preview:-1\" \/>\n<link rel=\"canonical\" href=\"https:\/\/serrafm879.com.br\/serrafm\/2021\/05\/pente-fino-e-prova-de-vida-do-inss-devem-cortar-r-25-bi-em-beneficios\/\" \/>\n<meta property=\"og:locale\" content=\"pt_BR\" \/>\n<meta property=\"og:type\" content=\"article\" \/>\n<meta property=\"og:title\" content=\"Pente-fino e prova de vida do INSS devem cortar R$ 2,5 bi em benef\u00edcios - Serra FM 87,9\" \/>\n<meta property=\"og:description\" content=\"A recomposi\u00e7\u00e3o parcial da verba destinada \u00e0 Previd\u00eancia no Or\u00e7amento de 2021 e a resist\u00eancia de parte do governo em criar um novo pente-fino n\u00e3o v\u00e3o impedir cortes de benef\u00edcios pagos pelo INSS ao longo deste ano. Para cumprir a sua previs\u00e3o de gastar R$ 707 bilh\u00f5es com a Previd\u00eancia, a gest\u00e3o do presidente Jair Bolsonaro estima cortar R$ 5,7 bilh\u00f5es em despesas do setor em rela\u00e7\u00e3o ao que o pr\u00f3prio governo havia previsto. Do total economizado, R$ 2,5 bilh\u00f5es vir\u00e3o de cancelamentos de pagamentos a benefici\u00e1rios, segundo a Secretaria Especial de Previd\u00eancia e Trabalho do Minist\u00e9rio da Economia. A [&hellip;]\" \/>\n<meta property=\"og:url\" content=\"https:\/\/serrafm879.com.br\/serrafm\/2021\/05\/pente-fino-e-prova-de-vida-do-inss-devem-cortar-r-25-bi-em-beneficios\/\" \/>\n<meta property=\"og:site_name\" content=\"Serra FM 87,9\" \/>\n<meta property=\"article:published_time\" content=\"2021-05-01T10:54:28+00:00\" \/>\n<meta property=\"og:image\" content=\"https:\/\/serrafm879.com.br\/serrafm\/wp-content\/uploads\/2021\/05\/inssprova.jpg\" \/>\n\t<meta property=\"og:image:width\" content=\"611\" \/>\n\t<meta property=\"og:image:height\" content=\"417\" \/>\n\t<meta property=\"og:image:type\" content=\"image\/jpeg\" \/>\n<meta name=\"author\" content=\"serrafm87\" \/>\n<meta name=\"twitter:card\" content=\"summary_large_image\" \/>\n<meta name=\"twitter:label1\" content=\"Escrito por\" \/>\n\t<meta name=\"twitter:data1\" content=\"serrafm87\" \/>\n\t<meta name=\"twitter:label2\" content=\"Est. tempo de leitura\" \/>\n\t<meta name=\"twitter:data2\" content=\"2 minutos\" \/>\n<script type=\"application\/ld+json\" class=\"yoast-schema-graph\">{\"@context\":\"https:\/\/schema.org\",\"@graph\":[{\"@type\":\"WebPage\",\"@id\":\"https:\/\/serrafm879.com.br\/serrafm\/2021\/05\/pente-fino-e-prova-de-vida-do-inss-devem-cortar-r-25-bi-em-beneficios\/\",\"url\":\"https:\/\/serrafm879.com.br\/serrafm\/2021\/05\/pente-fino-e-prova-de-vida-do-inss-devem-cortar-r-25-bi-em-beneficios\/\",\"name\":\"Pente-fino e prova de vida do INSS devem cortar R$ 2,5 bi em benef\u00edcios - Serra FM 87,9\",\"isPartOf\":{\"@id\":\"https:\/\/serrafm879.com.br\/serrafm\/#website\"},\"primaryImageOfPage\":{\"@id\":\"https:\/\/serrafm879.com.br\/serrafm\/2021\/05\/pente-fino-e-prova-de-vida-do-inss-devem-cortar-r-25-bi-em-beneficios\/#primaryimage\"},\"image\":{\"@id\":\"https:\/\/serrafm879.com.br\/serrafm\/2021\/05\/pente-fino-e-prova-de-vida-do-inss-devem-cortar-r-25-bi-em-beneficios\/#primaryimage\"},\"thumbnailUrl\":\"https:\/\/serrafm879.com.br\/serrafm\/wp-content\/uploads\/2021\/05\/inssprova.jpg\",\"datePublished\":\"2021-05-01T10:54:28+00:00\",\"author\":{\"@id\":\"https:\/\/serrafm879.com.br\/serrafm\/#\/schema\/person\/c028a197030ff8b1c03c68dfba4a787a\"},\"breadcrumb\":{\"@id\":\"https:\/\/serrafm879.com.br\/serrafm\/2021\/05\/pente-fino-e-prova-de-vida-do-inss-devem-cortar-r-25-bi-em-beneficios\/#breadcrumb\"},\"inLanguage\":\"pt-BR\",\"potentialAction\":[{\"@type\":\"ReadAction\",\"target\":[\"https:\/\/serrafm879.com.br\/serrafm\/2021\/05\/pente-fino-e-prova-de-vida-do-inss-devem-cortar-r-25-bi-em-beneficios\/\"]}]},{\"@type\":\"ImageObject\",\"inLanguage\":\"pt-BR\",\"@id\":\"https:\/\/serrafm879.com.br\/serrafm\/2021\/05\/pente-fino-e-prova-de-vida-do-inss-devem-cortar-r-25-bi-em-beneficios\/#primaryimage\",\"url\":\"https:\/\/serrafm879.com.br\/serrafm\/wp-content\/uploads\/2021\/05\/inssprova.jpg\",\"contentUrl\":\"https:\/\/serrafm879.com.br\/serrafm\/wp-content\/uploads\/2021\/05\/inssprova.jpg\",\"width\":611,\"height\":417},{\"@type\":\"BreadcrumbList\",\"@id\":\"https:\/\/serrafm879.com.br\/serrafm\/2021\/05\/pente-fino-e-prova-de-vida-do-inss-devem-cortar-r-25-bi-em-beneficios\/#breadcrumb\",\"itemListElement\":[{\"@type\":\"ListItem\",\"position\":1,\"name\":\"In\u00edcio\",\"item\":\"https:\/\/serrafm879.com.br\/serrafm\/\"},{\"@type\":\"ListItem\",\"position\":2,\"name\":\"Pente-fino e prova de vida do INSS devem cortar R$ 2,5 bi em benef\u00edcios\"}]},{\"@type\":\"WebSite\",\"@id\":\"https:\/\/serrafm879.com.br\/serrafm\/#website\",\"url\":\"https:\/\/serrafm879.com.br\/serrafm\/\",\"name\":\"Serra FM 87,9\",\"description\":\"O seu novo amor!\",\"potentialAction\":[{\"@type\":\"SearchAction\",\"target\":{\"@type\":\"EntryPoint\",\"urlTemplate\":\"https:\/\/serrafm879.com.br\/serrafm\/?s={search_term_string}\"},\"query-input\":{\"@type\":\"PropertyValueSpecification\",\"valueRequired\":true,\"valueName\":\"search_term_string\"}}],\"inLanguage\":\"pt-BR\"},{\"@type\":\"Person\",\"@id\":\"https:\/\/serrafm879.com.br\/serrafm\/#\/schema\/person\/c028a197030ff8b1c03c68dfba4a787a\",\"name\":\"serrafm87\",\"image\":{\"@type\":\"ImageObject\",\"inLanguage\":\"pt-BR\",\"@id\":\"https:\/\/serrafm879.com.br\/serrafm\/#\/schema\/person\/image\/\",\"url\":\"https:\/\/secure.gravatar.com\/avatar\/a743233f1112d34f48bb3dc9559b76eb930bab8b27175856cba6362608736235?s=96&d=mm&r=g\",\"contentUrl\":\"https:\/\/secure.gravatar.com\/avatar\/a743233f1112d34f48bb3dc9559b76eb930bab8b27175856cba6362608736235?s=96&d=mm&r=g\",\"caption\":\"serrafm87\"},\"sameAs\":[\"http:\/\/serrafm879.com.br\/\"],\"url\":\"https:\/\/serrafm879.com.br\/serrafm\/author\/serrafm87\/\"}]}<\/script>\n<!-- \/ Yoast SEO plugin. -->","yoast_head_json":{"title":"Pente-fino e prova de vida do INSS devem cortar R$ 2,5 bi em benef\u00edcios - Serra FM 87,9","robots":{"index":"index","follow":"follow","max-snippet":"max-snippet:-1","max-image-preview":"max-image-preview:large","max-video-preview":"max-video-preview:-1"},"canonical":"https:\/\/serrafm879.com.br\/serrafm\/2021\/05\/pente-fino-e-prova-de-vida-do-inss-devem-cortar-r-25-bi-em-beneficios\/","og_locale":"pt_BR","og_type":"article","og_title":"Pente-fino e prova de vida do INSS devem cortar R$ 2,5 bi em benef\u00edcios - Serra FM 87,9","og_description":"A recomposi\u00e7\u00e3o parcial da verba destinada \u00e0 Previd\u00eancia no Or\u00e7amento de 2021 e a resist\u00eancia de parte do governo em criar um novo pente-fino n\u00e3o v\u00e3o impedir cortes de benef\u00edcios pagos pelo INSS ao longo deste ano. Para cumprir a sua previs\u00e3o de gastar R$ 707 bilh\u00f5es com a Previd\u00eancia, a gest\u00e3o do presidente Jair Bolsonaro estima cortar R$ 5,7 bilh\u00f5es em despesas do setor em rela\u00e7\u00e3o ao que o pr\u00f3prio governo havia previsto. Do total economizado, R$ 2,5 bilh\u00f5es vir\u00e3o de cancelamentos de pagamentos a benefici\u00e1rios, segundo a Secretaria Especial de Previd\u00eancia e Trabalho do Minist\u00e9rio da Economia. A [&hellip;]","og_url":"https:\/\/serrafm879.com.br\/serrafm\/2021\/05\/pente-fino-e-prova-de-vida-do-inss-devem-cortar-r-25-bi-em-beneficios\/","og_site_name":"Serra FM 87,9","article_published_time":"2021-05-01T10:54:28+00:00","og_image":[{"width":611,"height":417,"url":"https:\/\/serrafm879.com.br\/serrafm\/wp-content\/uploads\/2021\/05\/inssprova.jpg","type":"image\/jpeg"}],"author":"serrafm87","twitter_card":"summary_large_image","twitter_misc":{"Escrito por":"serrafm87","Est. tempo de leitura":"2 minutos"},"schema":{"@context":"https:\/\/schema.org","@graph":[{"@type":"WebPage","@id":"https:\/\/serrafm879.com.br\/serrafm\/2021\/05\/pente-fino-e-prova-de-vida-do-inss-devem-cortar-r-25-bi-em-beneficios\/","url":"https:\/\/serrafm879.com.br\/serrafm\/2021\/05\/pente-fino-e-prova-de-vida-do-inss-devem-cortar-r-25-bi-em-beneficios\/","name":"Pente-fino e prova de vida do INSS devem cortar R$ 2,5 bi em benef\u00edcios - Serra FM 87,9","isPartOf":{"@id":"https:\/\/serrafm879.com.br\/serrafm\/#website"},"primaryImageOfPage":{"@id":"https:\/\/serrafm879.com.br\/serrafm\/2021\/05\/pente-fino-e-prova-de-vida-do-inss-devem-cortar-r-25-bi-em-beneficios\/#primaryimage"},"image":{"@id":"https:\/\/serrafm879.com.br\/serrafm\/2021\/05\/pente-fino-e-prova-de-vida-do-inss-devem-cortar-r-25-bi-em-beneficios\/#primaryimage"},"thumbnailUrl":"https:\/\/serrafm879.com.br\/serrafm\/wp-content\/uploads\/2021\/05\/inssprova.jpg","datePublished":"2021-05-01T10:54:28+00:00","author":{"@id":"https:\/\/serrafm879.com.br\/serrafm\/#\/schema\/person\/c028a197030ff8b1c03c68dfba4a787a"},"breadcrumb":{"@id":"https:\/\/serrafm879.com.br\/serrafm\/2021\/05\/pente-fino-e-prova-de-vida-do-inss-devem-cortar-r-25-bi-em-beneficios\/#breadcrumb"},"inLanguage":"pt-BR","potentialAction":[{"@type":"ReadAction","target":["https:\/\/serrafm879.com.br\/serrafm\/2021\/05\/pente-fino-e-prova-de-vida-do-inss-devem-cortar-r-25-bi-em-beneficios\/"]}]},{"@type":"ImageObject","inLanguage":"pt-BR","@id":"https:\/\/serrafm879.com.br\/serrafm\/2021\/05\/pente-fino-e-prova-de-vida-do-inss-devem-cortar-r-25-bi-em-beneficios\/#primaryimage","url":"https:\/\/serrafm879.com.br\/serrafm\/wp-content\/uploads\/2021\/05\/inssprova.jpg","contentUrl":"https:\/\/serrafm879.com.br\/serrafm\/wp-content\/uploads\/2021\/05\/inssprova.jpg","width":611,"height":417},{"@type":"BreadcrumbList","@id":"https:\/\/serrafm879.com.br\/serrafm\/2021\/05\/pente-fino-e-prova-de-vida-do-inss-devem-cortar-r-25-bi-em-beneficios\/#breadcrumb","itemListElement":[{"@type":"ListItem","position":1,"name":"In\u00edcio","item":"https:\/\/serrafm879.com.br\/serrafm\/"},{"@type":"ListItem","position":2,"name":"Pente-fino e prova de vida do INSS devem cortar R$ 2,5 bi em benef\u00edcios"}]},{"@type":"WebSite","@id":"https:\/\/serrafm879.com.br\/serrafm\/#website","url":"https:\/\/serrafm879.com.br\/serrafm\/","name":"Serra FM 87,9","description":"O seu novo amor!","potentialAction":[{"@type":"SearchAction","target":{"@type":"EntryPoint","urlTemplate":"https:\/\/serrafm879.com.br\/serrafm\/?s={search_term_string}"},"query-input":{"@type":"PropertyValueSpecification","valueRequired":true,"valueName":"search_term_string"}}],"inLanguage":"pt-BR"},{"@type":"Person","@id":"https:\/\/serrafm879.com.br\/serrafm\/#\/schema\/person\/c028a197030ff8b1c03c68dfba4a787a","name":"serrafm87","image":{"@type":"ImageObject","inLanguage":"pt-BR","@id":"https:\/\/serrafm879.com.br\/serrafm\/#\/schema\/person\/image\/","url":"https:\/\/secure.gravatar.com\/avatar\/a743233f1112d34f48bb3dc9559b76eb930bab8b27175856cba6362608736235?s=96&d=mm&r=g","contentUrl":"https:\/\/secure.gravatar.com\/avatar\/a743233f1112d34f48bb3dc9559b76eb930bab8b27175856cba6362608736235?s=96&d=mm&r=g","caption":"serrafm87"},"sameAs":["http:\/\/serrafm879.com.br\/"],"url":"https:\/\/serrafm879.com.br\/serrafm\/author\/serrafm87\/"}]}},"jetpack_featured_media_url":"https:\/\/serrafm879.com.br\/serrafm\/wp-content\/uploads\/2021\/05\/inssprova.jpg","jetpack_shortlink":"https:\/\/wp.me\/p7HyXg-1uV","jetpack_sharing_enabled":true,"_links":{"self":[{"href":"https:\/\/serrafm879.com.br\/serrafm\/wp-json\/wp\/v2\/posts\/5761","targetHints":{"allow":["GET"]}}],"collection":[{"href":"https:\/\/serrafm879.com.br\/serrafm\/wp-json\/wp\/v2\/posts"}],"about":[{"href":"https:\/\/serrafm879.com.br\/serrafm\/wp-json\/wp\/v2\/types\/post"}],"author":[{"embeddable":true,"href":"https:\/\/serrafm879.com.br\/serrafm\/wp-json\/wp\/v2\/users\/2"}],"replies":[{"embeddable":true,"href":"https:\/\/serrafm879.com.br\/serrafm\/wp-json\/wp\/v2\/comments?post=5761"}],"version-history":[{"count":1,"href":"https:\/\/serrafm879.com.br\/serrafm\/wp-json\/wp\/v2\/posts\/5761\/revisions"}],"predecessor-version":[{"id":5763,"href":"https:\/\/serrafm879.com.br\/serrafm\/wp-json\/wp\/v2\/posts\/5761\/revisions\/5763"}],"wp:featuredmedia":[{"embeddable":true,"href":"https:\/\/serrafm879.com.br\/serrafm\/wp-json\/wp\/v2\/media\/5762"}],"wp:attachment":[{"href":"https:\/\/serrafm879.com.br\/serrafm\/wp-json\/wp\/v2\/media?parent=5761"}],"wp:term":[{"taxonomy":"category","embeddable":true,"href":"https:\/\/serrafm879.com.br\/serrafm\/wp-json\/wp\/v2\/categories?post=5761"},{"taxonomy":"post_tag","embeddable":true,"href":"https:\/\/serrafm879.com.br\/serrafm\/wp-json\/wp\/v2\/tags?post=5761"}],"curies":[{"name":"wp","href":"https:\/\/api.w.org\/{rel}","templated":true}]}}