{"id":5771,"date":"2021-05-04T07:24:19","date_gmt":"2021-05-04T10:24:19","guid":{"rendered":"https:\/?p=5771"},"modified":"2021-05-04T07:24:19","modified_gmt":"2021-05-04T10:24:19","slug":"governo-de-pernambuco-nao-confirma-cursos-de-formacao-das-policias-em-junho","status":"publish","type":"post","link":"https:\/\/serrafm879.com.br\/serrafm\/2021\/05\/governo-de-pernambuco-nao-confirma-cursos-de-formacao-das-policias-em-junho\/","title":{"rendered":"Governo de Pernambuco n\u00e3o confirma cursos de forma\u00e7\u00e3o das pol\u00edcias em junho"},"content":{"rendered":"<p>Durou poucas horas a comemora\u00e7\u00e3o dos aprovados em concursos da seguran\u00e7a p\u00fablica em Pernambuco. Apesar de a deputada estadual Gleide \u00c2ngelo (PSB) afirmar, em uma live, nesta segunda-feira (03), que o governador Paulo C\u00e2mara prometeu a convoca\u00e7\u00e3o neste m\u00eas de maio \u2013 com in\u00edcio dos cursos de forma\u00e7\u00e3o das pol\u00edcias em junho \u2013 o governo do Estado negou a informa\u00e7\u00e3o. Em nota, oficial, por meio da Secretaria de Defesa Social (SDS), o governo diz que o assunto ainda est\u00e1 em an\u00e1lise.<\/p>\n<p>\u201cNeste momento, est\u00e3o sendo adotadas as medidas necess\u00e1rias para possibilitar as convoca\u00e7\u00f5es, visando o in\u00edcio dos cursos de forma\u00e7\u00e3o no menor tempo poss\u00edvel. Est\u00e1 sendo avaliado, dia a dia, o cen\u00e1rio epidemiol\u00f3gico no Estado, de modo que as aulas possam transcorrer com seguran\u00e7a sanit\u00e1ria para alunos, professores, trabalhadores das academias e tamb\u00e9m de pessoas pr\u00f3ximas\u201d, afirma o texto, sem mencionar qualquer previs\u00e3o para o in\u00edcio dos cursos. (A \u00edntegra da nota est\u00e1 no final da mat\u00e9ria).<\/p>\n<p>Os cursos de forma\u00e7\u00e3o para as pol\u00edcias Civil, Militar, Cient\u00edfica e tamb\u00e9m do Corpo de Bombeiros estavam previstos para ter in\u00edcio neste m\u00eas de abril, mas foi adiado sem previs\u00e3o. Na ocasi\u00e3o o governo do Estado alegou que houve aumento dos casos da covid-19 e que, por isso, n\u00e3o era seguro dar in\u00edcio aos cursos \u2013 apesar de ter liberado as aulas em col\u00e9gios e universidades, por exemplo.<\/p>\n<p>PROMESSA<\/p>\n<p>Segundo a previs\u00e3o inicial, 750 aprovados no concurso da Pol\u00edcia Militar come\u00e7ariam o curso de forma\u00e7\u00e3o de soldados, em abril deste ano \u2013 deve durar seis meses. Tamb\u00e9m neste m\u00eas, 60 seriam convocados para curso de oficial. J\u00e1 em janeiro de 2022, est\u00e1 prevista a convoca\u00e7\u00e3o de mais 700 pessoas para a segunda turma de soldados.<\/p>\n<p>No Corpo de Bombeiros, 100 come\u00e7ariam o curso de forma\u00e7\u00e3o em abril. A dura\u00e7\u00e3o ser\u00e1 de sete meses. Vinte tamb\u00e9m seriam convocados para curso de oficial, com dura\u00e7\u00e3o de 12 meses. J\u00e1 em janeiro de 2022, mais 100 ser\u00e3o convocados para curso de forma\u00e7\u00e3o.<\/p>\n<p>Na Pol\u00edcia Civil, 50 aprovados seriam convocados para forma\u00e7\u00e3o em delegado a partir de abril. Dura\u00e7\u00e3o do curso \u00e9 de quatro meses. Em abril de 2022, mais 50 convoca\u00e7\u00f5es.<\/p>\n<p>Por fim, na Pol\u00edcia Cient\u00edfica, seriam 50 aprovados que far\u00e3o curso para m\u00e9dico legista. Dura\u00e7\u00e3o de quatro meses, contados a partir de abril. E 45 pessoas far\u00e3o curso para auxiliar de perito.<\/p>\n<p>NOTA OFICIAL<\/p>\n<p>O Governo de Pernambuco reafirma seu compromisso de convoca\u00e7\u00e3o de 1.925 aprovados em concursos da seguran\u00e7a, incluindo PMPE, PCPE, CBMPE ou Pol\u00edcia Cient\u00edfica. Refor\u00e7ar uma \u00e1rea fundamental para a paz e o bem-estar social, com incremento de efetivo, \u00e9 prioridade da gest\u00e3o, para que a redu\u00e7\u00e3o da criminalidade continue e seja ainda mais acentuada em Pernambuco. Desde 2015, o Governador Paulo C\u00e2mara j\u00e1 nomeou 6,8 mil servidores para a seguran\u00e7a p\u00fablica.<\/p>\n<p>Neste momento, est\u00e3o sendo adotadas as medidas necess\u00e1rias para possibilitar as convoca\u00e7\u00f5es, visando o in\u00edcio dos cursos de forma\u00e7\u00e3o no menor tempo poss\u00edvel. Est\u00e1 sendo avaliado, dia a dia, o cen\u00e1rio epidemiol\u00f3gico no Estado, de modo que as aulas possam transcorrer com seguran\u00e7a sanit\u00e1ria para alunos, professores, trabalhadores das academias e tamb\u00e9m de pessoas pr\u00f3ximas.<\/p>\n","protected":false},"excerpt":{"rendered":"<p>Durou poucas horas a comemora\u00e7\u00e3o dos aprovados em concursos da seguran\u00e7a p\u00fablica em Pernambuco. Apesar de a deputada estadual Gleide \u00c2ngelo (PSB) afirmar, em uma live, nesta segunda-feira (03), que o governador Paulo C\u00e2mara prometeu a convoca\u00e7\u00e3o neste m\u00eas de maio \u2013 com in\u00edcio dos cursos de forma\u00e7\u00e3o das pol\u00edcias em junho \u2013 o governo do Estado negou a informa\u00e7\u00e3o. Em nota, oficial, por meio da Secretaria de Defesa Social (SDS), o governo diz que o assunto ainda est\u00e1 em an\u00e1lise. \u201cNeste momento, est\u00e3o sendo adotadas as medidas necess\u00e1rias para possibilitar as convoca\u00e7\u00f5es, visando o in\u00edcio dos cursos de forma\u00e7\u00e3o [&hellip;]<\/p>\n","protected":false},"author":2,"featured_media":5772,"comment_status":"open","ping_status":"open","sticky":false,"template":"","format":"standard","meta":{"_jetpack_memberships_contains_paid_content":false,"footnotes":"","jetpack_publicize_message":"","jetpack_publicize_feature_enabled":true,"jetpack_social_post_already_shared":true,"jetpack_social_options":{"image_generator_settings":{"template":"highway","enabled":false},"version":2}},"categories":[2],"tags":[],"class_list":["post-5771","post","type-post","status-publish","format-standard","has-post-thumbnail","hentry","category-noticias"],"jetpack_publicize_connections":[],"yoast_head":"<!-- This site is optimized with the Yoast SEO plugin v24.7 - https:\/\/yoast.com\/wordpress\/plugins\/seo\/ -->\n<title>Governo de Pernambuco n\u00e3o confirma cursos de forma\u00e7\u00e3o das pol\u00edcias em junho - Serra FM 87,9<\/title>\n<meta name=\"robots\" content=\"index, follow, max-snippet:-1, max-image-preview:large, max-video-preview:-1\" \/>\n<link rel=\"canonical\" href=\"https:\/\/serrafm879.com.br\/serrafm\/2021\/05\/governo-de-pernambuco-nao-confirma-cursos-de-formacao-das-policias-em-junho\/\" \/>\n<meta property=\"og:locale\" content=\"pt_BR\" \/>\n<meta property=\"og:type\" content=\"article\" \/>\n<meta property=\"og:title\" content=\"Governo de Pernambuco n\u00e3o confirma cursos de forma\u00e7\u00e3o das pol\u00edcias em junho - Serra FM 87,9\" \/>\n<meta property=\"og:description\" content=\"Durou poucas horas a comemora\u00e7\u00e3o dos aprovados em concursos da seguran\u00e7a p\u00fablica em Pernambuco. Apesar de a deputada estadual Gleide \u00c2ngelo (PSB) afirmar, em uma live, nesta segunda-feira (03), que o governador Paulo C\u00e2mara prometeu a convoca\u00e7\u00e3o neste m\u00eas de maio \u2013 com in\u00edcio dos cursos de forma\u00e7\u00e3o das pol\u00edcias em junho \u2013 o governo do Estado negou a informa\u00e7\u00e3o. Em nota, oficial, por meio da Secretaria de Defesa Social (SDS), o governo diz que o assunto ainda est\u00e1 em an\u00e1lise. \u201cNeste momento, est\u00e3o sendo adotadas as medidas necess\u00e1rias para possibilitar as convoca\u00e7\u00f5es, visando o in\u00edcio dos cursos de forma\u00e7\u00e3o [&hellip;]\" \/>\n<meta property=\"og:url\" content=\"https:\/\/serrafm879.com.br\/serrafm\/2021\/05\/governo-de-pernambuco-nao-confirma-cursos-de-formacao-das-policias-em-junho\/\" \/>\n<meta property=\"og:site_name\" content=\"Serra FM 87,9\" \/>\n<meta property=\"article:published_time\" content=\"2021-05-04T10:24:19+00:00\" \/>\n<meta property=\"og:image\" content=\"https:\/\/serrafm879.com.br\/serrafm\/wp-content\/uploads\/2021\/05\/cocursopm.jpg\" \/>\n\t<meta property=\"og:image:width\" content=\"806\" \/>\n\t<meta property=\"og:image:height\" content=\"443\" \/>\n\t<meta property=\"og:image:type\" content=\"image\/jpeg\" \/>\n<meta name=\"author\" content=\"serrafm87\" \/>\n<meta name=\"twitter:card\" content=\"summary_large_image\" \/>\n<meta name=\"twitter:label1\" content=\"Escrito por\" \/>\n\t<meta name=\"twitter:data1\" content=\"serrafm87\" \/>\n\t<meta name=\"twitter:label2\" content=\"Est. tempo de leitura\" \/>\n\t<meta name=\"twitter:data2\" content=\"3 minutos\" \/>\n<script type=\"application\/ld+json\" class=\"yoast-schema-graph\">{\"@context\":\"https:\/\/schema.org\",\"@graph\":[{\"@type\":\"WebPage\",\"@id\":\"https:\/\/serrafm879.com.br\/serrafm\/2021\/05\/governo-de-pernambuco-nao-confirma-cursos-de-formacao-das-policias-em-junho\/\",\"url\":\"https:\/\/serrafm879.com.br\/serrafm\/2021\/05\/governo-de-pernambuco-nao-confirma-cursos-de-formacao-das-policias-em-junho\/\",\"name\":\"Governo de Pernambuco n\u00e3o confirma cursos de forma\u00e7\u00e3o das pol\u00edcias em junho - Serra FM 87,9\",\"isPartOf\":{\"@id\":\"https:\/\/serrafm879.com.br\/serrafm\/#website\"},\"primaryImageOfPage\":{\"@id\":\"https:\/\/serrafm879.com.br\/serrafm\/2021\/05\/governo-de-pernambuco-nao-confirma-cursos-de-formacao-das-policias-em-junho\/#primaryimage\"},\"image\":{\"@id\":\"https:\/\/serrafm879.com.br\/serrafm\/2021\/05\/governo-de-pernambuco-nao-confirma-cursos-de-formacao-das-policias-em-junho\/#primaryimage\"},\"thumbnailUrl\":\"https:\/\/serrafm879.com.br\/serrafm\/wp-content\/uploads\/2021\/05\/cocursopm.jpg\",\"datePublished\":\"2021-05-04T10:24:19+00:00\",\"author\":{\"@id\":\"https:\/\/serrafm879.com.br\/serrafm\/#\/schema\/person\/c028a197030ff8b1c03c68dfba4a787a\"},\"breadcrumb\":{\"@id\":\"https:\/\/serrafm879.com.br\/serrafm\/2021\/05\/governo-de-pernambuco-nao-confirma-cursos-de-formacao-das-policias-em-junho\/#breadcrumb\"},\"inLanguage\":\"pt-BR\",\"potentialAction\":[{\"@type\":\"ReadAction\",\"target\":[\"https:\/\/serrafm879.com.br\/serrafm\/2021\/05\/governo-de-pernambuco-nao-confirma-cursos-de-formacao-das-policias-em-junho\/\"]}]},{\"@type\":\"ImageObject\",\"inLanguage\":\"pt-BR\",\"@id\":\"https:\/\/serrafm879.com.br\/serrafm\/2021\/05\/governo-de-pernambuco-nao-confirma-cursos-de-formacao-das-policias-em-junho\/#primaryimage\",\"url\":\"https:\/\/serrafm879.com.br\/serrafm\/wp-content\/uploads\/2021\/05\/cocursopm.jpg\",\"contentUrl\":\"https:\/\/serrafm879.com.br\/serrafm\/wp-content\/uploads\/2021\/05\/cocursopm.jpg\",\"width\":806,\"height\":443},{\"@type\":\"BreadcrumbList\",\"@id\":\"https:\/\/serrafm879.com.br\/serrafm\/2021\/05\/governo-de-pernambuco-nao-confirma-cursos-de-formacao-das-policias-em-junho\/#breadcrumb\",\"itemListElement\":[{\"@type\":\"ListItem\",\"position\":1,\"name\":\"In\u00edcio\",\"item\":\"https:\/\/serrafm879.com.br\/serrafm\/\"},{\"@type\":\"ListItem\",\"position\":2,\"name\":\"Governo de Pernambuco n\u00e3o confirma cursos de forma\u00e7\u00e3o das pol\u00edcias em junho\"}]},{\"@type\":\"WebSite\",\"@id\":\"https:\/\/serrafm879.com.br\/serrafm\/#website\",\"url\":\"https:\/\/serrafm879.com.br\/serrafm\/\",\"name\":\"Serra FM 87,9\",\"description\":\"O seu novo amor!\",\"potentialAction\":[{\"@type\":\"SearchAction\",\"target\":{\"@type\":\"EntryPoint\",\"urlTemplate\":\"https:\/\/serrafm879.com.br\/serrafm\/?s={search_term_string}\"},\"query-input\":{\"@type\":\"PropertyValueSpecification\",\"valueRequired\":true,\"valueName\":\"search_term_string\"}}],\"inLanguage\":\"pt-BR\"},{\"@type\":\"Person\",\"@id\":\"https:\/\/serrafm879.com.br\/serrafm\/#\/schema\/person\/c028a197030ff8b1c03c68dfba4a787a\",\"name\":\"serrafm87\",\"image\":{\"@type\":\"ImageObject\",\"inLanguage\":\"pt-BR\",\"@id\":\"https:\/\/serrafm879.com.br\/serrafm\/#\/schema\/person\/image\/\",\"url\":\"https:\/\/secure.gravatar.com\/avatar\/a743233f1112d34f48bb3dc9559b76eb930bab8b27175856cba6362608736235?s=96&d=mm&r=g\",\"contentUrl\":\"https:\/\/secure.gravatar.com\/avatar\/a743233f1112d34f48bb3dc9559b76eb930bab8b27175856cba6362608736235?s=96&d=mm&r=g\",\"caption\":\"serrafm87\"},\"sameAs\":[\"http:\/\/serrafm879.com.br\/\"],\"url\":\"https:\/\/serrafm879.com.br\/serrafm\/author\/serrafm87\/\"}]}<\/script>\n<!-- \/ Yoast SEO plugin. -->","yoast_head_json":{"title":"Governo de Pernambuco n\u00e3o confirma cursos de forma\u00e7\u00e3o das pol\u00edcias em junho - Serra FM 87,9","robots":{"index":"index","follow":"follow","max-snippet":"max-snippet:-1","max-image-preview":"max-image-preview:large","max-video-preview":"max-video-preview:-1"},"canonical":"https:\/\/serrafm879.com.br\/serrafm\/2021\/05\/governo-de-pernambuco-nao-confirma-cursos-de-formacao-das-policias-em-junho\/","og_locale":"pt_BR","og_type":"article","og_title":"Governo de Pernambuco n\u00e3o confirma cursos de forma\u00e7\u00e3o das pol\u00edcias em junho - Serra FM 87,9","og_description":"Durou poucas horas a comemora\u00e7\u00e3o dos aprovados em concursos da seguran\u00e7a p\u00fablica em Pernambuco. Apesar de a deputada estadual Gleide \u00c2ngelo (PSB) afirmar, em uma live, nesta segunda-feira (03), que o governador Paulo C\u00e2mara prometeu a convoca\u00e7\u00e3o neste m\u00eas de maio \u2013 com in\u00edcio dos cursos de forma\u00e7\u00e3o das pol\u00edcias em junho \u2013 o governo do Estado negou a informa\u00e7\u00e3o. Em nota, oficial, por meio da Secretaria de Defesa Social (SDS), o governo diz que o assunto ainda est\u00e1 em an\u00e1lise. \u201cNeste momento, est\u00e3o sendo adotadas as medidas necess\u00e1rias para possibilitar as convoca\u00e7\u00f5es, visando o in\u00edcio dos cursos de forma\u00e7\u00e3o [&hellip;]","og_url":"https:\/\/serrafm879.com.br\/serrafm\/2021\/05\/governo-de-pernambuco-nao-confirma-cursos-de-formacao-das-policias-em-junho\/","og_site_name":"Serra FM 87,9","article_published_time":"2021-05-04T10:24:19+00:00","og_image":[{"width":806,"height":443,"url":"https:\/\/serrafm879.com.br\/serrafm\/wp-content\/uploads\/2021\/05\/cocursopm.jpg","type":"image\/jpeg"}],"author":"serrafm87","twitter_card":"summary_large_image","twitter_misc":{"Escrito por":"serrafm87","Est. tempo de leitura":"3 minutos"},"schema":{"@context":"https:\/\/schema.org","@graph":[{"@type":"WebPage","@id":"https:\/\/serrafm879.com.br\/serrafm\/2021\/05\/governo-de-pernambuco-nao-confirma-cursos-de-formacao-das-policias-em-junho\/","url":"https:\/\/serrafm879.com.br\/serrafm\/2021\/05\/governo-de-pernambuco-nao-confirma-cursos-de-formacao-das-policias-em-junho\/","name":"Governo de Pernambuco n\u00e3o confirma cursos de forma\u00e7\u00e3o das pol\u00edcias em junho - Serra FM 87,9","isPartOf":{"@id":"https:\/\/serrafm879.com.br\/serrafm\/#website"},"primaryImageOfPage":{"@id":"https:\/\/serrafm879.com.br\/serrafm\/2021\/05\/governo-de-pernambuco-nao-confirma-cursos-de-formacao-das-policias-em-junho\/#primaryimage"},"image":{"@id":"https:\/\/serrafm879.com.br\/serrafm\/2021\/05\/governo-de-pernambuco-nao-confirma-cursos-de-formacao-das-policias-em-junho\/#primaryimage"},"thumbnailUrl":"https:\/\/serrafm879.com.br\/serrafm\/wp-content\/uploads\/2021\/05\/cocursopm.jpg","datePublished":"2021-05-04T10:24:19+00:00","author":{"@id":"https:\/\/serrafm879.com.br\/serrafm\/#\/schema\/person\/c028a197030ff8b1c03c68dfba4a787a"},"breadcrumb":{"@id":"https:\/\/serrafm879.com.br\/serrafm\/2021\/05\/governo-de-pernambuco-nao-confirma-cursos-de-formacao-das-policias-em-junho\/#breadcrumb"},"inLanguage":"pt-BR","potentialAction":[{"@type":"ReadAction","target":["https:\/\/serrafm879.com.br\/serrafm\/2021\/05\/governo-de-pernambuco-nao-confirma-cursos-de-formacao-das-policias-em-junho\/"]}]},{"@type":"ImageObject","inLanguage":"pt-BR","@id":"https:\/\/serrafm879.com.br\/serrafm\/2021\/05\/governo-de-pernambuco-nao-confirma-cursos-de-formacao-das-policias-em-junho\/#primaryimage","url":"https:\/\/serrafm879.com.br\/serrafm\/wp-content\/uploads\/2021\/05\/cocursopm.jpg","contentUrl":"https:\/\/serrafm879.com.br\/serrafm\/wp-content\/uploads\/2021\/05\/cocursopm.jpg","width":806,"height":443},{"@type":"BreadcrumbList","@id":"https:\/\/serrafm879.com.br\/serrafm\/2021\/05\/governo-de-pernambuco-nao-confirma-cursos-de-formacao-das-policias-em-junho\/#breadcrumb","itemListElement":[{"@type":"ListItem","position":1,"name":"In\u00edcio","item":"https:\/\/serrafm879.com.br\/serrafm\/"},{"@type":"ListItem","position":2,"name":"Governo de Pernambuco n\u00e3o confirma cursos de forma\u00e7\u00e3o das pol\u00edcias em junho"}]},{"@type":"WebSite","@id":"https:\/\/serrafm879.com.br\/serrafm\/#website","url":"https:\/\/serrafm879.com.br\/serrafm\/","name":"Serra FM 87,9","description":"O seu novo amor!","potentialAction":[{"@type":"SearchAction","target":{"@type":"EntryPoint","urlTemplate":"https:\/\/serrafm879.com.br\/serrafm\/?s={search_term_string}"},"query-input":{"@type":"PropertyValueSpecification","valueRequired":true,"valueName":"search_term_string"}}],"inLanguage":"pt-BR"},{"@type":"Person","@id":"https:\/\/serrafm879.com.br\/serrafm\/#\/schema\/person\/c028a197030ff8b1c03c68dfba4a787a","name":"serrafm87","image":{"@type":"ImageObject","inLanguage":"pt-BR","@id":"https:\/\/serrafm879.com.br\/serrafm\/#\/schema\/person\/image\/","url":"https:\/\/secure.gravatar.com\/avatar\/a743233f1112d34f48bb3dc9559b76eb930bab8b27175856cba6362608736235?s=96&d=mm&r=g","contentUrl":"https:\/\/secure.gravatar.com\/avatar\/a743233f1112d34f48bb3dc9559b76eb930bab8b27175856cba6362608736235?s=96&d=mm&r=g","caption":"serrafm87"},"sameAs":["http:\/\/serrafm879.com.br\/"],"url":"https:\/\/serrafm879.com.br\/serrafm\/author\/serrafm87\/"}]}},"jetpack_featured_media_url":"https:\/\/serrafm879.com.br\/serrafm\/wp-content\/uploads\/2021\/05\/cocursopm.jpg","jetpack_shortlink":"https:\/\/wp.me\/p7HyXg-1v5","jetpack_sharing_enabled":true,"_links":{"self":[{"href":"https:\/\/serrafm879.com.br\/serrafm\/wp-json\/wp\/v2\/posts\/5771","targetHints":{"allow":["GET"]}}],"collection":[{"href":"https:\/\/serrafm879.com.br\/serrafm\/wp-json\/wp\/v2\/posts"}],"about":[{"href":"https:\/\/serrafm879.com.br\/serrafm\/wp-json\/wp\/v2\/types\/post"}],"author":[{"embeddable":true,"href":"https:\/\/serrafm879.com.br\/serrafm\/wp-json\/wp\/v2\/users\/2"}],"replies":[{"embeddable":true,"href":"https:\/\/serrafm879.com.br\/serrafm\/wp-json\/wp\/v2\/comments?post=5771"}],"version-history":[{"count":1,"href":"https:\/\/serrafm879.com.br\/serrafm\/wp-json\/wp\/v2\/posts\/5771\/revisions"}],"predecessor-version":[{"id":5773,"href":"https:\/\/serrafm879.com.br\/serrafm\/wp-json\/wp\/v2\/posts\/5771\/revisions\/5773"}],"wp:featuredmedia":[{"embeddable":true,"href":"https:\/\/serrafm879.com.br\/serrafm\/wp-json\/wp\/v2\/media\/5772"}],"wp:attachment":[{"href":"https:\/\/serrafm879.com.br\/serrafm\/wp-json\/wp\/v2\/media?parent=5771"}],"wp:term":[{"taxonomy":"category","embeddable":true,"href":"https:\/\/serrafm879.com.br\/serrafm\/wp-json\/wp\/v2\/categories?post=5771"},{"taxonomy":"post_tag","embeddable":true,"href":"https:\/\/serrafm879.com.br\/serrafm\/wp-json\/wp\/v2\/tags?post=5771"}],"curies":[{"name":"wp","href":"https:\/\/api.w.org\/{rel}","templated":true}]}}