{"id":5778,"date":"2021-05-04T07:28:48","date_gmt":"2021-05-04T10:28:48","guid":{"rendered":"https:\/?p=5778"},"modified":"2021-05-04T07:29:08","modified_gmt":"2021-05-04T10:29:08","slug":"serra-98-da-ocupacao-nas-uti-do-hec-e-hospam-mantem-100","status":"publish","type":"post","link":"https:\/\/serrafm879.com.br\/serrafm\/2021\/05\/serra-98-da-ocupacao-nas-uti-do-hec-e-hospam-mantem-100\/","title":{"rendered":"Serra: 98% da ocupa\u00e7\u00e3o nas UTI do HEC e Hospam mant\u00e9m 100%"},"content":{"rendered":"<p>Na segunda-feira (03), a Secretaria de Sa\u00fade de Serra Talhada realizou uma nova atualiza\u00e7\u00e3o da situa\u00e7\u00e3o dos internamentos causados pela Covid-19, na Capital do Xaxado.<\/p>\n<p>Segundo os dados, a cidade de Serra Talhada tem nesta segunda um total de 86 pacientes internados, incluindo pacientes de Serra Talhada e de outras cidades pernambucanas.<\/p>\n<p>No Hospital Eduardo Campos foi registrado 98% de ocupa\u00e7\u00e3o, com 04 pacientes em leitos cl\u00ednicos e 69 na UTI. Destes, s\u00e3o 09 serra-talhadenses na UTI. J\u00e1 no Hospital Regional Professor Agamenon Magalh\u00e3es est\u00e1 com 100% de ocupa\u00e7\u00e3o, sendo 10 pacientes internados na UTI. Destes pacientes, 02 s\u00e3o de Serra Talhada.<\/p>\n<p>Al\u00e9m disso, nos Leitos de Retaguarda do Hospital S\u00e3o Jos\u00e9 h\u00e1 03 serra-talhadenses internados. \u201cPortanto, temos 14 pacientes serra-talhadenses internados, sendo 11 na UTI\u201d, diz Secretaria de Sa\u00fade.<\/p>\n","protected":false},"excerpt":{"rendered":"<p>Na segunda-feira (03), a Secretaria de Sa\u00fade de Serra Talhada realizou uma nova atualiza\u00e7\u00e3o da situa\u00e7\u00e3o dos internamentos causados pela Covid-19, na Capital do Xaxado. Segundo os dados, a cidade de Serra Talhada tem nesta segunda um total de 86 pacientes internados, incluindo pacientes de Serra Talhada e de outras cidades pernambucanas. No Hospital Eduardo Campos foi registrado 98% de ocupa\u00e7\u00e3o, com 04 pacientes em leitos cl\u00ednicos e 69 na UTI. Destes, s\u00e3o 09 serra-talhadenses na UTI. J\u00e1 no Hospital Regional Professor Agamenon Magalh\u00e3es est\u00e1 com 100% de ocupa\u00e7\u00e3o, sendo 10 pacientes internados na UTI. Destes pacientes, 02 s\u00e3o de [&hellip;]<\/p>\n","protected":false},"author":2,"featured_media":2338,"comment_status":"open","ping_status":"open","sticky":false,"template":"","format":"standard","meta":{"_jetpack_memberships_contains_paid_content":false,"footnotes":"","jetpack_publicize_message":"","jetpack_publicize_feature_enabled":true,"jetpack_social_post_already_shared":true,"jetpack_social_options":{"image_generator_settings":{"template":"highway","enabled":false},"version":2}},"categories":[2],"tags":[],"class_list":["post-5778","post","type-post","status-publish","format-standard","has-post-thumbnail","hentry","category-noticias"],"jetpack_publicize_connections":[],"yoast_head":"<!-- This site is optimized with the Yoast SEO plugin v24.7 - https:\/\/yoast.com\/wordpress\/plugins\/seo\/ -->\n<title>Serra: 98% da ocupa\u00e7\u00e3o nas UTI do HEC e Hospam mant\u00e9m 100% - Serra FM 87,9<\/title>\n<meta name=\"robots\" content=\"index, follow, max-snippet:-1, max-image-preview:large, max-video-preview:-1\" \/>\n<link rel=\"canonical\" href=\"https:\/\/serrafm879.com.br\/serrafm\/2021\/05\/serra-98-da-ocupacao-nas-uti-do-hec-e-hospam-mantem-100\/\" \/>\n<meta property=\"og:locale\" content=\"pt_BR\" \/>\n<meta property=\"og:type\" content=\"article\" \/>\n<meta property=\"og:title\" content=\"Serra: 98% da ocupa\u00e7\u00e3o nas UTI do HEC e Hospam mant\u00e9m 100% - Serra FM 87,9\" \/>\n<meta property=\"og:description\" content=\"Na segunda-feira (03), a Secretaria de Sa\u00fade de Serra Talhada realizou uma nova atualiza\u00e7\u00e3o da situa\u00e7\u00e3o dos internamentos causados pela Covid-19, na Capital do Xaxado. Segundo os dados, a cidade de Serra Talhada tem nesta segunda um total de 86 pacientes internados, incluindo pacientes de Serra Talhada e de outras cidades pernambucanas. No Hospital Eduardo Campos foi registrado 98% de ocupa\u00e7\u00e3o, com 04 pacientes em leitos cl\u00ednicos e 69 na UTI. Destes, s\u00e3o 09 serra-talhadenses na UTI. J\u00e1 no Hospital Regional Professor Agamenon Magalh\u00e3es est\u00e1 com 100% de ocupa\u00e7\u00e3o, sendo 10 pacientes internados na UTI. Destes pacientes, 02 s\u00e3o de [&hellip;]\" \/>\n<meta property=\"og:url\" content=\"https:\/\/serrafm879.com.br\/serrafm\/2021\/05\/serra-98-da-ocupacao-nas-uti-do-hec-e-hospam-mantem-100\/\" \/>\n<meta property=\"og:site_name\" content=\"Serra FM 87,9\" \/>\n<meta property=\"article:published_time\" content=\"2021-05-04T10:28:48+00:00\" \/>\n<meta property=\"article:modified_time\" content=\"2021-05-04T10:29:08+00:00\" \/>\n<meta property=\"og:image\" content=\"https:\/\/serrafm879.com.br\/serrafm\/wp-content\/uploads\/2020\/03\/covid19ne.jpg\" \/>\n\t<meta property=\"og:image:width\" content=\"750\" \/>\n\t<meta property=\"og:image:height\" content=\"498\" \/>\n\t<meta property=\"og:image:type\" content=\"image\/jpeg\" \/>\n<meta name=\"author\" content=\"serrafm87\" \/>\n<meta name=\"twitter:card\" content=\"summary_large_image\" \/>\n<meta name=\"twitter:label1\" content=\"Escrito por\" \/>\n\t<meta name=\"twitter:data1\" content=\"serrafm87\" \/>\n\t<meta name=\"twitter:label2\" content=\"Est. tempo de leitura\" \/>\n\t<meta name=\"twitter:data2\" content=\"1 minuto\" \/>\n<script type=\"application\/ld+json\" class=\"yoast-schema-graph\">{\"@context\":\"https:\/\/schema.org\",\"@graph\":[{\"@type\":\"WebPage\",\"@id\":\"https:\/\/serrafm879.com.br\/serrafm\/2021\/05\/serra-98-da-ocupacao-nas-uti-do-hec-e-hospam-mantem-100\/\",\"url\":\"https:\/\/serrafm879.com.br\/serrafm\/2021\/05\/serra-98-da-ocupacao-nas-uti-do-hec-e-hospam-mantem-100\/\",\"name\":\"Serra: 98% da ocupa\u00e7\u00e3o nas UTI do HEC e Hospam mant\u00e9m 100% - Serra FM 87,9\",\"isPartOf\":{\"@id\":\"https:\/\/serrafm879.com.br\/serrafm\/#website\"},\"primaryImageOfPage\":{\"@id\":\"https:\/\/serrafm879.com.br\/serrafm\/2021\/05\/serra-98-da-ocupacao-nas-uti-do-hec-e-hospam-mantem-100\/#primaryimage\"},\"image\":{\"@id\":\"https:\/\/serrafm879.com.br\/serrafm\/2021\/05\/serra-98-da-ocupacao-nas-uti-do-hec-e-hospam-mantem-100\/#primaryimage\"},\"thumbnailUrl\":\"https:\/\/serrafm879.com.br\/serrafm\/wp-content\/uploads\/2020\/03\/covid19ne.jpg\",\"datePublished\":\"2021-05-04T10:28:48+00:00\",\"dateModified\":\"2021-05-04T10:29:08+00:00\",\"author\":{\"@id\":\"https:\/\/serrafm879.com.br\/serrafm\/#\/schema\/person\/c028a197030ff8b1c03c68dfba4a787a\"},\"breadcrumb\":{\"@id\":\"https:\/\/serrafm879.com.br\/serrafm\/2021\/05\/serra-98-da-ocupacao-nas-uti-do-hec-e-hospam-mantem-100\/#breadcrumb\"},\"inLanguage\":\"pt-BR\",\"potentialAction\":[{\"@type\":\"ReadAction\",\"target\":[\"https:\/\/serrafm879.com.br\/serrafm\/2021\/05\/serra-98-da-ocupacao-nas-uti-do-hec-e-hospam-mantem-100\/\"]}]},{\"@type\":\"ImageObject\",\"inLanguage\":\"pt-BR\",\"@id\":\"https:\/\/serrafm879.com.br\/serrafm\/2021\/05\/serra-98-da-ocupacao-nas-uti-do-hec-e-hospam-mantem-100\/#primaryimage\",\"url\":\"https:\/\/serrafm879.com.br\/serrafm\/wp-content\/uploads\/2020\/03\/covid19ne.jpg\",\"contentUrl\":\"https:\/\/serrafm879.com.br\/serrafm\/wp-content\/uploads\/2020\/03\/covid19ne.jpg\",\"width\":750,\"height\":498},{\"@type\":\"BreadcrumbList\",\"@id\":\"https:\/\/serrafm879.com.br\/serrafm\/2021\/05\/serra-98-da-ocupacao-nas-uti-do-hec-e-hospam-mantem-100\/#breadcrumb\",\"itemListElement\":[{\"@type\":\"ListItem\",\"position\":1,\"name\":\"In\u00edcio\",\"item\":\"https:\/\/serrafm879.com.br\/serrafm\/\"},{\"@type\":\"ListItem\",\"position\":2,\"name\":\"Serra: 98% da ocupa\u00e7\u00e3o nas UTI do HEC e Hospam mant\u00e9m 100%\"}]},{\"@type\":\"WebSite\",\"@id\":\"https:\/\/serrafm879.com.br\/serrafm\/#website\",\"url\":\"https:\/\/serrafm879.com.br\/serrafm\/\",\"name\":\"Serra FM 87,9\",\"description\":\"O seu novo amor!\",\"potentialAction\":[{\"@type\":\"SearchAction\",\"target\":{\"@type\":\"EntryPoint\",\"urlTemplate\":\"https:\/\/serrafm879.com.br\/serrafm\/?s={search_term_string}\"},\"query-input\":{\"@type\":\"PropertyValueSpecification\",\"valueRequired\":true,\"valueName\":\"search_term_string\"}}],\"inLanguage\":\"pt-BR\"},{\"@type\":\"Person\",\"@id\":\"https:\/\/serrafm879.com.br\/serrafm\/#\/schema\/person\/c028a197030ff8b1c03c68dfba4a787a\",\"name\":\"serrafm87\",\"image\":{\"@type\":\"ImageObject\",\"inLanguage\":\"pt-BR\",\"@id\":\"https:\/\/serrafm879.com.br\/serrafm\/#\/schema\/person\/image\/\",\"url\":\"https:\/\/secure.gravatar.com\/avatar\/a743233f1112d34f48bb3dc9559b76eb930bab8b27175856cba6362608736235?s=96&d=mm&r=g\",\"contentUrl\":\"https:\/\/secure.gravatar.com\/avatar\/a743233f1112d34f48bb3dc9559b76eb930bab8b27175856cba6362608736235?s=96&d=mm&r=g\",\"caption\":\"serrafm87\"},\"sameAs\":[\"http:\/\/serrafm879.com.br\/\"],\"url\":\"https:\/\/serrafm879.com.br\/serrafm\/author\/serrafm87\/\"}]}<\/script>\n<!-- \/ Yoast SEO plugin. -->","yoast_head_json":{"title":"Serra: 98% da ocupa\u00e7\u00e3o nas UTI do HEC e Hospam mant\u00e9m 100% - Serra FM 87,9","robots":{"index":"index","follow":"follow","max-snippet":"max-snippet:-1","max-image-preview":"max-image-preview:large","max-video-preview":"max-video-preview:-1"},"canonical":"https:\/\/serrafm879.com.br\/serrafm\/2021\/05\/serra-98-da-ocupacao-nas-uti-do-hec-e-hospam-mantem-100\/","og_locale":"pt_BR","og_type":"article","og_title":"Serra: 98% da ocupa\u00e7\u00e3o nas UTI do HEC e Hospam mant\u00e9m 100% - Serra FM 87,9","og_description":"Na segunda-feira (03), a Secretaria de Sa\u00fade de Serra Talhada realizou uma nova atualiza\u00e7\u00e3o da situa\u00e7\u00e3o dos internamentos causados pela Covid-19, na Capital do Xaxado. Segundo os dados, a cidade de Serra Talhada tem nesta segunda um total de 86 pacientes internados, incluindo pacientes de Serra Talhada e de outras cidades pernambucanas. No Hospital Eduardo Campos foi registrado 98% de ocupa\u00e7\u00e3o, com 04 pacientes em leitos cl\u00ednicos e 69 na UTI. Destes, s\u00e3o 09 serra-talhadenses na UTI. J\u00e1 no Hospital Regional Professor Agamenon Magalh\u00e3es est\u00e1 com 100% de ocupa\u00e7\u00e3o, sendo 10 pacientes internados na UTI. Destes pacientes, 02 s\u00e3o de [&hellip;]","og_url":"https:\/\/serrafm879.com.br\/serrafm\/2021\/05\/serra-98-da-ocupacao-nas-uti-do-hec-e-hospam-mantem-100\/","og_site_name":"Serra FM 87,9","article_published_time":"2021-05-04T10:28:48+00:00","article_modified_time":"2021-05-04T10:29:08+00:00","og_image":[{"width":750,"height":498,"url":"https:\/\/serrafm879.com.br\/serrafm\/wp-content\/uploads\/2020\/03\/covid19ne.jpg","type":"image\/jpeg"}],"author":"serrafm87","twitter_card":"summary_large_image","twitter_misc":{"Escrito por":"serrafm87","Est. tempo de leitura":"1 minuto"},"schema":{"@context":"https:\/\/schema.org","@graph":[{"@type":"WebPage","@id":"https:\/\/serrafm879.com.br\/serrafm\/2021\/05\/serra-98-da-ocupacao-nas-uti-do-hec-e-hospam-mantem-100\/","url":"https:\/\/serrafm879.com.br\/serrafm\/2021\/05\/serra-98-da-ocupacao-nas-uti-do-hec-e-hospam-mantem-100\/","name":"Serra: 98% da ocupa\u00e7\u00e3o nas UTI do HEC e Hospam mant\u00e9m 100% - Serra FM 87,9","isPartOf":{"@id":"https:\/\/serrafm879.com.br\/serrafm\/#website"},"primaryImageOfPage":{"@id":"https:\/\/serrafm879.com.br\/serrafm\/2021\/05\/serra-98-da-ocupacao-nas-uti-do-hec-e-hospam-mantem-100\/#primaryimage"},"image":{"@id":"https:\/\/serrafm879.com.br\/serrafm\/2021\/05\/serra-98-da-ocupacao-nas-uti-do-hec-e-hospam-mantem-100\/#primaryimage"},"thumbnailUrl":"https:\/\/serrafm879.com.br\/serrafm\/wp-content\/uploads\/2020\/03\/covid19ne.jpg","datePublished":"2021-05-04T10:28:48+00:00","dateModified":"2021-05-04T10:29:08+00:00","author":{"@id":"https:\/\/serrafm879.com.br\/serrafm\/#\/schema\/person\/c028a197030ff8b1c03c68dfba4a787a"},"breadcrumb":{"@id":"https:\/\/serrafm879.com.br\/serrafm\/2021\/05\/serra-98-da-ocupacao-nas-uti-do-hec-e-hospam-mantem-100\/#breadcrumb"},"inLanguage":"pt-BR","potentialAction":[{"@type":"ReadAction","target":["https:\/\/serrafm879.com.br\/serrafm\/2021\/05\/serra-98-da-ocupacao-nas-uti-do-hec-e-hospam-mantem-100\/"]}]},{"@type":"ImageObject","inLanguage":"pt-BR","@id":"https:\/\/serrafm879.com.br\/serrafm\/2021\/05\/serra-98-da-ocupacao-nas-uti-do-hec-e-hospam-mantem-100\/#primaryimage","url":"https:\/\/serrafm879.com.br\/serrafm\/wp-content\/uploads\/2020\/03\/covid19ne.jpg","contentUrl":"https:\/\/serrafm879.com.br\/serrafm\/wp-content\/uploads\/2020\/03\/covid19ne.jpg","width":750,"height":498},{"@type":"BreadcrumbList","@id":"https:\/\/serrafm879.com.br\/serrafm\/2021\/05\/serra-98-da-ocupacao-nas-uti-do-hec-e-hospam-mantem-100\/#breadcrumb","itemListElement":[{"@type":"ListItem","position":1,"name":"In\u00edcio","item":"https:\/\/serrafm879.com.br\/serrafm\/"},{"@type":"ListItem","position":2,"name":"Serra: 98% da ocupa\u00e7\u00e3o nas UTI do HEC e Hospam mant\u00e9m 100%"}]},{"@type":"WebSite","@id":"https:\/\/serrafm879.com.br\/serrafm\/#website","url":"https:\/\/serrafm879.com.br\/serrafm\/","name":"Serra FM 87,9","description":"O seu novo amor!","potentialAction":[{"@type":"SearchAction","target":{"@type":"EntryPoint","urlTemplate":"https:\/\/serrafm879.com.br\/serrafm\/?s={search_term_string}"},"query-input":{"@type":"PropertyValueSpecification","valueRequired":true,"valueName":"search_term_string"}}],"inLanguage":"pt-BR"},{"@type":"Person","@id":"https:\/\/serrafm879.com.br\/serrafm\/#\/schema\/person\/c028a197030ff8b1c03c68dfba4a787a","name":"serrafm87","image":{"@type":"ImageObject","inLanguage":"pt-BR","@id":"https:\/\/serrafm879.com.br\/serrafm\/#\/schema\/person\/image\/","url":"https:\/\/secure.gravatar.com\/avatar\/a743233f1112d34f48bb3dc9559b76eb930bab8b27175856cba6362608736235?s=96&d=mm&r=g","contentUrl":"https:\/\/secure.gravatar.com\/avatar\/a743233f1112d34f48bb3dc9559b76eb930bab8b27175856cba6362608736235?s=96&d=mm&r=g","caption":"serrafm87"},"sameAs":["http:\/\/serrafm879.com.br\/"],"url":"https:\/\/serrafm879.com.br\/serrafm\/author\/serrafm87\/"}]}},"jetpack_featured_media_url":"https:\/\/serrafm879.com.br\/serrafm\/wp-content\/uploads\/2020\/03\/covid19ne.jpg","jetpack_shortlink":"https:\/\/wp.me\/p7HyXg-1vc","jetpack_sharing_enabled":true,"_links":{"self":[{"href":"https:\/\/serrafm879.com.br\/serrafm\/wp-json\/wp\/v2\/posts\/5778","targetHints":{"allow":["GET"]}}],"collection":[{"href":"https:\/\/serrafm879.com.br\/serrafm\/wp-json\/wp\/v2\/posts"}],"about":[{"href":"https:\/\/serrafm879.com.br\/serrafm\/wp-json\/wp\/v2\/types\/post"}],"author":[{"embeddable":true,"href":"https:\/\/serrafm879.com.br\/serrafm\/wp-json\/wp\/v2\/users\/2"}],"replies":[{"embeddable":true,"href":"https:\/\/serrafm879.com.br\/serrafm\/wp-json\/wp\/v2\/comments?post=5778"}],"version-history":[{"count":2,"href":"https:\/\/serrafm879.com.br\/serrafm\/wp-json\/wp\/v2\/posts\/5778\/revisions"}],"predecessor-version":[{"id":5780,"href":"https:\/\/serrafm879.com.br\/serrafm\/wp-json\/wp\/v2\/posts\/5778\/revisions\/5780"}],"wp:featuredmedia":[{"embeddable":true,"href":"https:\/\/serrafm879.com.br\/serrafm\/wp-json\/wp\/v2\/media\/2338"}],"wp:attachment":[{"href":"https:\/\/serrafm879.com.br\/serrafm\/wp-json\/wp\/v2\/media?parent=5778"}],"wp:term":[{"taxonomy":"category","embeddable":true,"href":"https:\/\/serrafm879.com.br\/serrafm\/wp-json\/wp\/v2\/categories?post=5778"},{"taxonomy":"post_tag","embeddable":true,"href":"https:\/\/serrafm879.com.br\/serrafm\/wp-json\/wp\/v2\/tags?post=5778"}],"curies":[{"name":"wp","href":"https:\/\/api.w.org\/{rel}","templated":true}]}}