{"id":5787,"date":"2021-05-04T07:34:23","date_gmt":"2021-05-04T10:34:23","guid":{"rendered":"https:\/?p=5787"},"modified":"2021-05-04T07:34:23","modified_gmt":"2021-05-04T10:34:23","slug":"serra-talhada-inicia-vacinacao-de-grupo-com-comorbidades","status":"publish","type":"post","link":"https:\/\/serrafm879.com.br\/serrafm\/2021\/05\/serra-talhada-inicia-vacinacao-de-grupo-com-comorbidades\/","title":{"rendered":"Serra Talhada inicia vacina\u00e7\u00e3o de grupo com comorbidades"},"content":{"rendered":"<p>A Secretaria de Sa\u00fade de Serra Talhada iniciou nesta segunda-feira (03) a vacina\u00e7\u00e3o contra a Covid-19 da popula\u00e7\u00e3o portadora de comorbidades. O lan\u00e7amento da vacina\u00e7\u00e3o aconteceu no Setor do PNI, com a presen\u00e7a da prefeita M\u00e1rcia Conrado, da secret\u00e1ria de Sa\u00fade, Lisbeth Lima, e da coordenadora do PNI, Karla Lima.<\/p>\n<p>Essa primeira etapa da vacina\u00e7\u00e3o no munic\u00edpio contempla pessoas de 18 a 59 anos com S\u00edndrome de Down. Na sequ\u00eancia ser\u00e3o vacinadas as pessoas da mesma faixa et\u00e1ria com doen\u00e7a renal cr\u00f4nica em terapia de substitui\u00e7\u00e3o renal (di\u00e1lise). Os demais grupos ser\u00e3o vacinados de acordo com a chegada de doses do imunizante no munic\u00edpio.<\/p>\n<p>O primeiro serra-talhadense portador de S\u00edndrome de Down vacinado foi Gabriel Souza, de 19 anos. \u201c\u00c9 com muita felicidade que hoje iniciamos a vacina\u00e7\u00e3o das pessoas com comorbidades, e o primeiro grupo a ser vacinado s\u00e3o os portadores de S\u00edndrome de Down. Gabriel Souza foi o primeiro a receber a vacina e aos poucos vamos imunizar os demais grupos com comorbidades\u201d, comentou a prefeita M\u00e1rcia Conrado.<\/p>\n<p>CADASTRAMENTO<br \/>\nA Secretaria de Sa\u00fade refor\u00e7a que todos os grupos priorit\u00e1rios devem se cadastrar no aplicativo VacinaSerra, dispon\u00edvel no site: www.serratalhada.pe.gov.br.<\/p>\n<p>Al\u00e9m do cadastramento no VacinaSerra, as pessoas portadoras de comorbidades devem procurar atendimento m\u00e9dico para preencher a DECLARA\u00c7\u00c3O DE VACINA\u00c7\u00c3O, que est\u00e1 dispon\u00edvel nas Unidades B\u00e1sicas de Sa\u00fade e no site da Prefeitura Municipal de Serra Talhada. Em seguida a pessoa deve aguardar sua convoca\u00e7\u00e3o para a vacina\u00e7\u00e3o.<\/p>\n<p>CONFIRA A ORDEM DAS COMORBIDADES PARA A VACINA\u00c7\u00c3O CONTRA COVID-19<\/p>\n<p>FASE I<br \/>\nPessoas de 18 a 59 anos com as seguintes comorbidades:<br \/>\n1\u00ba S\u00edndrome de Down<br \/>\n2\u00ba Pessoas com doen\u00e7a renal cr\u00f4nica em terapia de substitui\u00e7\u00e3o renal (di\u00e1lise)<br \/>\n3\u00ba Obesidade m\u00f3rbida<br \/>\n4\u00ba Gestantes e pu\u00e9rperas com comorbidades<br \/>\n5\u00ba Transplantados e imunossuprimidos<\/p>\n<p>PESSOAS COM 55 A 59 ANOS<br \/>\n6\u00ba Pessoas com defici\u00eancia permanente cadastradas no Programa de Ben\u00edcio de Presta\u00e7\u00e3o Continuada (BPC)<br \/>\n7\u00ba Pessoas com as seguintes comorbidades:<br \/>\n&#8211; Diabetes Mellitus<br \/>\n&#8211; Pneumopatias cr\u00f4nicas graves<br \/>\n&#8211; Hipertens\u00e3o arterial Resistente e nos est\u00e1gios 1,2 e3 com les\u00e3o em \u00f3rg\u00e3o-alvo e\/ou comorbidade<br \/>\n&#8211; Insufici\u00eancia card\u00edaca (IC)<br \/>\n&#8211; Cor-pulmonale e Hipertens\u00e3o pulmonar<br \/>\n&#8211; Cardiopatia hipertensiva<br \/>\n&#8211; S\u00edndromes coronarianas<br \/>\n&#8211; Valvopatias<br \/>\n&#8211; Miocardiopatias e Pericardiopatias<br \/>\n&#8211; Doen\u00e7as da Aorta, dos Grandes Vasos e F\u00edstulas arteriovenosas<br \/>\n&#8211; Arritmias card\u00edacas<br \/>\n&#8211; Cardiopatias cong\u00eanita no adulto<br \/>\n&#8211; Pr\u00f3teses valvares e Dispositivos card\u00edacos implantados<br \/>\n&#8211; Doen\u00e7a cerebrovascular<br \/>\n&#8211; Doen\u00e7a renal cr\u00f4nica<br \/>\n&#8211; Hemoglobinopatias graves<br \/>\n&#8211; Cirrose hep\u00e1tica<\/p>\n","protected":false},"excerpt":{"rendered":"<p>A Secretaria de Sa\u00fade de Serra Talhada iniciou nesta segunda-feira (03) a vacina\u00e7\u00e3o contra a Covid-19 da popula\u00e7\u00e3o portadora de comorbidades. O lan\u00e7amento da vacina\u00e7\u00e3o aconteceu no Setor do PNI, com a presen\u00e7a da prefeita M\u00e1rcia Conrado, da secret\u00e1ria de Sa\u00fade, Lisbeth Lima, e da coordenadora do PNI, Karla Lima. Essa primeira etapa da vacina\u00e7\u00e3o no munic\u00edpio contempla pessoas de 18 a 59 anos com S\u00edndrome de Down. Na sequ\u00eancia ser\u00e3o vacinadas as pessoas da mesma faixa et\u00e1ria com doen\u00e7a renal cr\u00f4nica em terapia de substitui\u00e7\u00e3o renal (di\u00e1lise). Os demais grupos ser\u00e3o vacinados de acordo com a chegada de doses [&hellip;]<\/p>\n","protected":false},"author":2,"featured_media":5788,"comment_status":"open","ping_status":"open","sticky":false,"template":"","format":"standard","meta":{"_jetpack_memberships_contains_paid_content":false,"footnotes":"","jetpack_publicize_message":"","jetpack_publicize_feature_enabled":true,"jetpack_social_post_already_shared":true,"jetpack_social_options":{"image_generator_settings":{"template":"highway","enabled":false},"version":2}},"categories":[2],"tags":[],"class_list":["post-5787","post","type-post","status-publish","format-standard","has-post-thumbnail","hentry","category-noticias"],"jetpack_publicize_connections":[],"yoast_head":"<!-- This site is optimized with the Yoast SEO plugin v24.7 - https:\/\/yoast.com\/wordpress\/plugins\/seo\/ -->\n<title>Serra Talhada inicia vacina\u00e7\u00e3o de grupo com comorbidades - Serra FM 87,9<\/title>\n<meta name=\"robots\" content=\"index, follow, max-snippet:-1, max-image-preview:large, max-video-preview:-1\" \/>\n<link rel=\"canonical\" href=\"https:\/\/serrafm879.com.br\/serrafm\/2021\/05\/serra-talhada-inicia-vacinacao-de-grupo-com-comorbidades\/\" \/>\n<meta property=\"og:locale\" content=\"pt_BR\" \/>\n<meta property=\"og:type\" content=\"article\" \/>\n<meta property=\"og:title\" content=\"Serra Talhada inicia vacina\u00e7\u00e3o de grupo com comorbidades - Serra FM 87,9\" \/>\n<meta property=\"og:description\" content=\"A Secretaria de Sa\u00fade de Serra Talhada iniciou nesta segunda-feira (03) a vacina\u00e7\u00e3o contra a Covid-19 da popula\u00e7\u00e3o portadora de comorbidades. O lan\u00e7amento da vacina\u00e7\u00e3o aconteceu no Setor do PNI, com a presen\u00e7a da prefeita M\u00e1rcia Conrado, da secret\u00e1ria de Sa\u00fade, Lisbeth Lima, e da coordenadora do PNI, Karla Lima. Essa primeira etapa da vacina\u00e7\u00e3o no munic\u00edpio contempla pessoas de 18 a 59 anos com S\u00edndrome de Down. Na sequ\u00eancia ser\u00e3o vacinadas as pessoas da mesma faixa et\u00e1ria com doen\u00e7a renal cr\u00f4nica em terapia de substitui\u00e7\u00e3o renal (di\u00e1lise). Os demais grupos ser\u00e3o vacinados de acordo com a chegada de doses [&hellip;]\" \/>\n<meta property=\"og:url\" content=\"https:\/\/serrafm879.com.br\/serrafm\/2021\/05\/serra-talhada-inicia-vacinacao-de-grupo-com-comorbidades\/\" \/>\n<meta property=\"og:site_name\" content=\"Serra FM 87,9\" \/>\n<meta property=\"article:published_time\" content=\"2021-05-04T10:34:23+00:00\" \/>\n<meta property=\"og:image\" content=\"https:\/\/serrafm879.com.br\/serrafm\/wp-content\/uploads\/2021\/05\/WhatsApp-Image-2021-05-04-at-07.33.04.jpeg\" \/>\n\t<meta property=\"og:image:width\" content=\"1280\" \/>\n\t<meta property=\"og:image:height\" content=\"853\" \/>\n\t<meta property=\"og:image:type\" content=\"image\/jpeg\" \/>\n<meta name=\"author\" content=\"serrafm87\" \/>\n<meta name=\"twitter:card\" content=\"summary_large_image\" \/>\n<meta name=\"twitter:label1\" content=\"Escrito por\" \/>\n\t<meta name=\"twitter:data1\" content=\"serrafm87\" \/>\n\t<meta name=\"twitter:label2\" content=\"Est. tempo de leitura\" \/>\n\t<meta name=\"twitter:data2\" content=\"2 minutos\" \/>\n<script type=\"application\/ld+json\" class=\"yoast-schema-graph\">{\"@context\":\"https:\/\/schema.org\",\"@graph\":[{\"@type\":\"WebPage\",\"@id\":\"https:\/\/serrafm879.com.br\/serrafm\/2021\/05\/serra-talhada-inicia-vacinacao-de-grupo-com-comorbidades\/\",\"url\":\"https:\/\/serrafm879.com.br\/serrafm\/2021\/05\/serra-talhada-inicia-vacinacao-de-grupo-com-comorbidades\/\",\"name\":\"Serra Talhada inicia vacina\u00e7\u00e3o de grupo com comorbidades - Serra FM 87,9\",\"isPartOf\":{\"@id\":\"https:\/\/serrafm879.com.br\/serrafm\/#website\"},\"primaryImageOfPage\":{\"@id\":\"https:\/\/serrafm879.com.br\/serrafm\/2021\/05\/serra-talhada-inicia-vacinacao-de-grupo-com-comorbidades\/#primaryimage\"},\"image\":{\"@id\":\"https:\/\/serrafm879.com.br\/serrafm\/2021\/05\/serra-talhada-inicia-vacinacao-de-grupo-com-comorbidades\/#primaryimage\"},\"thumbnailUrl\":\"https:\/\/serrafm879.com.br\/serrafm\/wp-content\/uploads\/2021\/05\/WhatsApp-Image-2021-05-04-at-07.33.04.jpeg\",\"datePublished\":\"2021-05-04T10:34:23+00:00\",\"author\":{\"@id\":\"https:\/\/serrafm879.com.br\/serrafm\/#\/schema\/person\/c028a197030ff8b1c03c68dfba4a787a\"},\"breadcrumb\":{\"@id\":\"https:\/\/serrafm879.com.br\/serrafm\/2021\/05\/serra-talhada-inicia-vacinacao-de-grupo-com-comorbidades\/#breadcrumb\"},\"inLanguage\":\"pt-BR\",\"potentialAction\":[{\"@type\":\"ReadAction\",\"target\":[\"https:\/\/serrafm879.com.br\/serrafm\/2021\/05\/serra-talhada-inicia-vacinacao-de-grupo-com-comorbidades\/\"]}]},{\"@type\":\"ImageObject\",\"inLanguage\":\"pt-BR\",\"@id\":\"https:\/\/serrafm879.com.br\/serrafm\/2021\/05\/serra-talhada-inicia-vacinacao-de-grupo-com-comorbidades\/#primaryimage\",\"url\":\"https:\/\/serrafm879.com.br\/serrafm\/wp-content\/uploads\/2021\/05\/WhatsApp-Image-2021-05-04-at-07.33.04.jpeg\",\"contentUrl\":\"https:\/\/serrafm879.com.br\/serrafm\/wp-content\/uploads\/2021\/05\/WhatsApp-Image-2021-05-04-at-07.33.04.jpeg\",\"width\":1280,\"height\":853},{\"@type\":\"BreadcrumbList\",\"@id\":\"https:\/\/serrafm879.com.br\/serrafm\/2021\/05\/serra-talhada-inicia-vacinacao-de-grupo-com-comorbidades\/#breadcrumb\",\"itemListElement\":[{\"@type\":\"ListItem\",\"position\":1,\"name\":\"In\u00edcio\",\"item\":\"https:\/\/serrafm879.com.br\/serrafm\/\"},{\"@type\":\"ListItem\",\"position\":2,\"name\":\"Serra Talhada inicia vacina\u00e7\u00e3o de grupo com comorbidades\"}]},{\"@type\":\"WebSite\",\"@id\":\"https:\/\/serrafm879.com.br\/serrafm\/#website\",\"url\":\"https:\/\/serrafm879.com.br\/serrafm\/\",\"name\":\"Serra FM 87,9\",\"description\":\"O seu novo amor!\",\"potentialAction\":[{\"@type\":\"SearchAction\",\"target\":{\"@type\":\"EntryPoint\",\"urlTemplate\":\"https:\/\/serrafm879.com.br\/serrafm\/?s={search_term_string}\"},\"query-input\":{\"@type\":\"PropertyValueSpecification\",\"valueRequired\":true,\"valueName\":\"search_term_string\"}}],\"inLanguage\":\"pt-BR\"},{\"@type\":\"Person\",\"@id\":\"https:\/\/serrafm879.com.br\/serrafm\/#\/schema\/person\/c028a197030ff8b1c03c68dfba4a787a\",\"name\":\"serrafm87\",\"image\":{\"@type\":\"ImageObject\",\"inLanguage\":\"pt-BR\",\"@id\":\"https:\/\/serrafm879.com.br\/serrafm\/#\/schema\/person\/image\/\",\"url\":\"https:\/\/secure.gravatar.com\/avatar\/a743233f1112d34f48bb3dc9559b76eb930bab8b27175856cba6362608736235?s=96&d=mm&r=g\",\"contentUrl\":\"https:\/\/secure.gravatar.com\/avatar\/a743233f1112d34f48bb3dc9559b76eb930bab8b27175856cba6362608736235?s=96&d=mm&r=g\",\"caption\":\"serrafm87\"},\"sameAs\":[\"http:\/\/serrafm879.com.br\/\"],\"url\":\"https:\/\/serrafm879.com.br\/serrafm\/author\/serrafm87\/\"}]}<\/script>\n<!-- \/ Yoast SEO plugin. -->","yoast_head_json":{"title":"Serra Talhada inicia vacina\u00e7\u00e3o de grupo com comorbidades - Serra FM 87,9","robots":{"index":"index","follow":"follow","max-snippet":"max-snippet:-1","max-image-preview":"max-image-preview:large","max-video-preview":"max-video-preview:-1"},"canonical":"https:\/\/serrafm879.com.br\/serrafm\/2021\/05\/serra-talhada-inicia-vacinacao-de-grupo-com-comorbidades\/","og_locale":"pt_BR","og_type":"article","og_title":"Serra Talhada inicia vacina\u00e7\u00e3o de grupo com comorbidades - Serra FM 87,9","og_description":"A Secretaria de Sa\u00fade de Serra Talhada iniciou nesta segunda-feira (03) a vacina\u00e7\u00e3o contra a Covid-19 da popula\u00e7\u00e3o portadora de comorbidades. O lan\u00e7amento da vacina\u00e7\u00e3o aconteceu no Setor do PNI, com a presen\u00e7a da prefeita M\u00e1rcia Conrado, da secret\u00e1ria de Sa\u00fade, Lisbeth Lima, e da coordenadora do PNI, Karla Lima. Essa primeira etapa da vacina\u00e7\u00e3o no munic\u00edpio contempla pessoas de 18 a 59 anos com S\u00edndrome de Down. Na sequ\u00eancia ser\u00e3o vacinadas as pessoas da mesma faixa et\u00e1ria com doen\u00e7a renal cr\u00f4nica em terapia de substitui\u00e7\u00e3o renal (di\u00e1lise). Os demais grupos ser\u00e3o vacinados de acordo com a chegada de doses [&hellip;]","og_url":"https:\/\/serrafm879.com.br\/serrafm\/2021\/05\/serra-talhada-inicia-vacinacao-de-grupo-com-comorbidades\/","og_site_name":"Serra FM 87,9","article_published_time":"2021-05-04T10:34:23+00:00","og_image":[{"width":1280,"height":853,"url":"https:\/\/serrafm879.com.br\/serrafm\/wp-content\/uploads\/2021\/05\/WhatsApp-Image-2021-05-04-at-07.33.04.jpeg","type":"image\/jpeg"}],"author":"serrafm87","twitter_card":"summary_large_image","twitter_misc":{"Escrito por":"serrafm87","Est. tempo de leitura":"2 minutos"},"schema":{"@context":"https:\/\/schema.org","@graph":[{"@type":"WebPage","@id":"https:\/\/serrafm879.com.br\/serrafm\/2021\/05\/serra-talhada-inicia-vacinacao-de-grupo-com-comorbidades\/","url":"https:\/\/serrafm879.com.br\/serrafm\/2021\/05\/serra-talhada-inicia-vacinacao-de-grupo-com-comorbidades\/","name":"Serra Talhada inicia vacina\u00e7\u00e3o de grupo com comorbidades - Serra FM 87,9","isPartOf":{"@id":"https:\/\/serrafm879.com.br\/serrafm\/#website"},"primaryImageOfPage":{"@id":"https:\/\/serrafm879.com.br\/serrafm\/2021\/05\/serra-talhada-inicia-vacinacao-de-grupo-com-comorbidades\/#primaryimage"},"image":{"@id":"https:\/\/serrafm879.com.br\/serrafm\/2021\/05\/serra-talhada-inicia-vacinacao-de-grupo-com-comorbidades\/#primaryimage"},"thumbnailUrl":"https:\/\/serrafm879.com.br\/serrafm\/wp-content\/uploads\/2021\/05\/WhatsApp-Image-2021-05-04-at-07.33.04.jpeg","datePublished":"2021-05-04T10:34:23+00:00","author":{"@id":"https:\/\/serrafm879.com.br\/serrafm\/#\/schema\/person\/c028a197030ff8b1c03c68dfba4a787a"},"breadcrumb":{"@id":"https:\/\/serrafm879.com.br\/serrafm\/2021\/05\/serra-talhada-inicia-vacinacao-de-grupo-com-comorbidades\/#breadcrumb"},"inLanguage":"pt-BR","potentialAction":[{"@type":"ReadAction","target":["https:\/\/serrafm879.com.br\/serrafm\/2021\/05\/serra-talhada-inicia-vacinacao-de-grupo-com-comorbidades\/"]}]},{"@type":"ImageObject","inLanguage":"pt-BR","@id":"https:\/\/serrafm879.com.br\/serrafm\/2021\/05\/serra-talhada-inicia-vacinacao-de-grupo-com-comorbidades\/#primaryimage","url":"https:\/\/serrafm879.com.br\/serrafm\/wp-content\/uploads\/2021\/05\/WhatsApp-Image-2021-05-04-at-07.33.04.jpeg","contentUrl":"https:\/\/serrafm879.com.br\/serrafm\/wp-content\/uploads\/2021\/05\/WhatsApp-Image-2021-05-04-at-07.33.04.jpeg","width":1280,"height":853},{"@type":"BreadcrumbList","@id":"https:\/\/serrafm879.com.br\/serrafm\/2021\/05\/serra-talhada-inicia-vacinacao-de-grupo-com-comorbidades\/#breadcrumb","itemListElement":[{"@type":"ListItem","position":1,"name":"In\u00edcio","item":"https:\/\/serrafm879.com.br\/serrafm\/"},{"@type":"ListItem","position":2,"name":"Serra Talhada inicia vacina\u00e7\u00e3o de grupo com comorbidades"}]},{"@type":"WebSite","@id":"https:\/\/serrafm879.com.br\/serrafm\/#website","url":"https:\/\/serrafm879.com.br\/serrafm\/","name":"Serra FM 87,9","description":"O seu novo amor!","potentialAction":[{"@type":"SearchAction","target":{"@type":"EntryPoint","urlTemplate":"https:\/\/serrafm879.com.br\/serrafm\/?s={search_term_string}"},"query-input":{"@type":"PropertyValueSpecification","valueRequired":true,"valueName":"search_term_string"}}],"inLanguage":"pt-BR"},{"@type":"Person","@id":"https:\/\/serrafm879.com.br\/serrafm\/#\/schema\/person\/c028a197030ff8b1c03c68dfba4a787a","name":"serrafm87","image":{"@type":"ImageObject","inLanguage":"pt-BR","@id":"https:\/\/serrafm879.com.br\/serrafm\/#\/schema\/person\/image\/","url":"https:\/\/secure.gravatar.com\/avatar\/a743233f1112d34f48bb3dc9559b76eb930bab8b27175856cba6362608736235?s=96&d=mm&r=g","contentUrl":"https:\/\/secure.gravatar.com\/avatar\/a743233f1112d34f48bb3dc9559b76eb930bab8b27175856cba6362608736235?s=96&d=mm&r=g","caption":"serrafm87"},"sameAs":["http:\/\/serrafm879.com.br\/"],"url":"https:\/\/serrafm879.com.br\/serrafm\/author\/serrafm87\/"}]}},"jetpack_featured_media_url":"https:\/\/serrafm879.com.br\/serrafm\/wp-content\/uploads\/2021\/05\/WhatsApp-Image-2021-05-04-at-07.33.04.jpeg","jetpack_shortlink":"https:\/\/wp.me\/p7HyXg-1vl","jetpack_sharing_enabled":true,"_links":{"self":[{"href":"https:\/\/serrafm879.com.br\/serrafm\/wp-json\/wp\/v2\/posts\/5787","targetHints":{"allow":["GET"]}}],"collection":[{"href":"https:\/\/serrafm879.com.br\/serrafm\/wp-json\/wp\/v2\/posts"}],"about":[{"href":"https:\/\/serrafm879.com.br\/serrafm\/wp-json\/wp\/v2\/types\/post"}],"author":[{"embeddable":true,"href":"https:\/\/serrafm879.com.br\/serrafm\/wp-json\/wp\/v2\/users\/2"}],"replies":[{"embeddable":true,"href":"https:\/\/serrafm879.com.br\/serrafm\/wp-json\/wp\/v2\/comments?post=5787"}],"version-history":[{"count":1,"href":"https:\/\/serrafm879.com.br\/serrafm\/wp-json\/wp\/v2\/posts\/5787\/revisions"}],"predecessor-version":[{"id":5789,"href":"https:\/\/serrafm879.com.br\/serrafm\/wp-json\/wp\/v2\/posts\/5787\/revisions\/5789"}],"wp:featuredmedia":[{"embeddable":true,"href":"https:\/\/serrafm879.com.br\/serrafm\/wp-json\/wp\/v2\/media\/5788"}],"wp:attachment":[{"href":"https:\/\/serrafm879.com.br\/serrafm\/wp-json\/wp\/v2\/media?parent=5787"}],"wp:term":[{"taxonomy":"category","embeddable":true,"href":"https:\/\/serrafm879.com.br\/serrafm\/wp-json\/wp\/v2\/categories?post=5787"},{"taxonomy":"post_tag","embeddable":true,"href":"https:\/\/serrafm879.com.br\/serrafm\/wp-json\/wp\/v2\/tags?post=5787"}],"curies":[{"name":"wp","href":"https:\/\/api.w.org\/{rel}","templated":true}]}}