{"id":5790,"date":"2021-05-04T07:36:54","date_gmt":"2021-05-04T10:36:54","guid":{"rendered":"https:\/?p=5790"},"modified":"2021-05-04T07:36:54","modified_gmt":"2021-05-04T10:36:54","slug":"chegada-do-5g-deve-expandir-o-uso-da-internet-das-coisas","status":"publish","type":"post","link":"https:\/\/serrafm879.com.br\/serrafm\/2021\/05\/chegada-do-5g-deve-expandir-o-uso-da-internet-das-coisas\/","title":{"rendered":"Chegada do 5G deve expandir o uso da Internet das Coisas"},"content":{"rendered":"<p>Faz tempo que o homem sonha com um mundo altamente tecnol\u00f3gico. Cl\u00e1ssico dos anos 1980, o filme\u00a0<em>De Volta para o Futuro 2<\/em>\u00a0trazia uma s\u00e9rie de inova\u00e7\u00f5es que j\u00e1 se concretizaram nos dias de hoje: as videochamadas, TVs de tela plana, uso da biometria, al\u00e9m de servi\u00e7os automatizados e acionados pela voz.<strong>\u00a0<\/strong>Antes mesmo disso, na d\u00e9cada de 1960, outro cl\u00e1ssico tamb\u00e9m se passava no futuro: o desenho\u00a0<em>Os Jetsons<\/em>. A anima\u00e7\u00e3o tamb\u00e9m acertou em muitas previs\u00f5es: rob\u00f4s que ajudam a limpar a casa e rel\u00f3gios de pulso inteligentes (<em>smartwatches<\/em>) j\u00e1 s\u00e3o uma realidade\u00a0nos dias de hoje.<img decoding=\"async\" src=\"https:\/\/agenciabrasil.ebc.com.br\/ebc.png?id=1407894&amp;o=node\" \/><img decoding=\"async\" src=\"https:\/\/agenciabrasil.ebc.com.br\/ebc.gif?id=1407894&amp;o=node\" \/><\/p>\n<p>Conectar o mundo f\u00edsico ao tecnol\u00f3gico \u2013\u00a0o\u00a0<em>offline<\/em>\u00a0ao\u00a0<em>online \u2013<\/em>\u00a0para facilitar o nosso dia a dia \u00e9 o objetivo da Internet das Coisas (IdC) \u2013\u00a0tamb\u00e9m tratada pela sigla em ingl\u00eas IoT (Internet of Things). A tecnologia permite que objetos se comuniquem gra\u00e7as \u00e0\u00a0internet.<\/p>\n<p>A expectativa \u00e9 que a Internet das Coisas mude\u00a0o nosso dia a dia. \u201cTeremos a cria\u00e7\u00e3o de um ecossistema digital onde tudo se comunica e a gente vai ganhar mais tempo\u201d, diz o secret\u00e1rio de Telecomunica\u00e7\u00f5es do Minist\u00e9rio das Comunica\u00e7\u00f5es, Jos\u00e9 Afonso Cosmo J\u00fanior. \u201cVai chegar um momento em que minha roupa vai avisar \u00e0\u00a0lavanderia que j\u00e1 est\u00e1 na hora de lavar\u201d. A c<a href=\"https:\/\/agenciabrasil.ebc.com.br\/geral\/noticia\/2021-04\/leilao-do-5g-entenda-o-que-vem-por-ai-e-conheca-novidades\" target=\"_blank\" rel=\"noopener noreferrer\">hegada da internet 5G ao Brasil\u00a0<\/a>deve consolidar esse processo.<\/p>\n<h2>Casa inteligente<\/h2>\n<p>Essa realidade j\u00e1 vem chegando de mansinho ao Brasil. Em Curitiba, o engenheiro William Padilha, por exemplo, tem o que se chama de\u00a0<em>smart home<\/em>\u00a0(casa inteligente, em tradu\u00e7\u00e3o livre). Ele utiliza o Google Nest, um aparelho que comprou quando morava na Alemanha e que, pareado com seu celular, ajuda a fazer liga\u00e7\u00f5es, acessar\u00a0not\u00edcias, checar lembretes, ouvir m\u00fasica e at\u00e9 conferir a previs\u00e3o do tempo. \u201cEle j\u00e1 traz a m\u00fasica de que eu gosto e as not\u00edcias que quero ver. Tudo ap\u00f3s um simples\u00a0<em>good morning,\u00a0<\/em>Google\u00a0[Bom dia, Google]\u201d, revela.<\/p>\n<p>E n\u00e3o para por a\u00ed. Padilha colocou outro aparelho na casa dos pais, que\u00a0ajuda na rotina com os rem\u00e9dios, por exemplo. \u201cEu consigo lembr\u00e1-los da minha pr\u00f3pria casa sem ter a necessidade de estar com eles l\u00e1 ou ter de fazer uma liga\u00e7\u00e3o\u201d, diz.<\/p>\n<p>O editor de imagens Roberto Maia usa o <em>smart home<\/em>\u00a0Alexa para controlar v\u00e1rios equipamentos na sua casa: luzes, ar-condicionado e televis\u00e3o. A casa \u00e9 toda automatizada, e at\u00e9 o filtro da piscina \u00e9 controlado pelo celular. Para ele, essa automa\u00e7\u00e3o traz seguran\u00e7a: \u201cMesmo viajando, eu consigo ligar as luzes de casa pelo celular.\u201d\u00a0A tecnologia tamb\u00e9m ajuda com os cinco cachorros de estima\u00e7\u00e3o quando est\u00e1 de f\u00e9rias: pela c\u00e2mera, ele mata a saudade dos\u00a0<em>pets<\/em>.<\/p>\n<h2>Da cidade ao campo<\/h2>\n<p>Outro exemplo de como a Internet das Coisas pode facilitar o dia a dia \u00e9 o\u00a0<em>smartwatch<\/em>. Conectado ao celular, ele recebe mensagens e liga\u00e7\u00f5es. Mas pode ir muito al\u00e9m: com aplicativos, pode medir o batimento card\u00edaco e o n\u00edvel de atividade f\u00edsica.<\/p>\n<div class=\"dnd-widget-wrapper context-medio_4colunas type-image atom-align-left\">\n<div class=\"dnd-atom-rendered\">\n<div class=\"shadow overflow-hidden rounded-lg d-block zoom-on-hover-sm shadow-hover w-100\"><\/div>\n<\/div>\n<div class=\"dnd-caption-wrapper\">\n<h6 class=\"meta\">Calebe conta com o aux\u00edlio do smartwach para treinar &#8211;\u00a0<strong>Acervo pessoal\/direitos reservados<\/strong><\/h6>\n<\/div>\n<\/div>\n<p>\u00c9 exatamente com esse prop\u00f3sito que o triatleta brasiliense Calebe Nunes da Silva utiliza seu rel\u00f3gio quando pratica nata\u00e7\u00e3o, ciclismo e corrida. \u201c\u00c9 bom para saber como estou evoluindo em cada modalidade. Automaticamente, ele j\u00e1 passa tudo para o meu treinador saber onde estou tendo dificuldade\u201d, diz o triatleta, que comenta que modelos mais avan\u00e7ados medem a oxigena\u00e7\u00e3o sangu\u00ednea e at\u00e9 j\u00e1 salvaram a vida de pessoas em in\u00edcio de infarto.<\/p>\n<p>A Internet das Coisas tamb\u00e9m est\u00e1 presente na medicina, com monitoramento de estoques de sangue e da temperatura de armazenamento de medicamentos e vacinas. Caso os sensores identifiquem falhas na conserva\u00e7\u00e3o, eles acionam as equipes para que tomem provid\u00eancias.<\/p>\n<p>Na ind\u00fastria, um exemplo \u00e9 a utiliza\u00e7\u00e3o de \u00f3culos de realidade aumentada. No campo, a IdC auxilia no aumento da produtividade, redu\u00e7\u00e3o de custos e diminui\u00e7\u00e3o de perdas. Rebanhos monitorados por\u00a0<em>chips<\/em>\u00a0que enviam informa\u00e7\u00f5es sobre a sa\u00fade e o comportamento do animal, al\u00e9m de sua localiza\u00e7\u00e3o pelo GPS.<\/p>\n<p>Na agricultura, \u00e9 poss\u00edvel avaliar a umidade e as condi\u00e7\u00f5es clim\u00e1ticas para programar a irriga\u00e7\u00e3o automatizada. Al\u00e9m disso,\u00a0<em>drones<\/em>\u00a0auxiliam, por exemplo, na verifica\u00e7\u00e3o da exist\u00eancia de pragas.<\/p>\n<h2>Facilita\u00e7\u00e3o<\/h2>\n<p>O governo federal vem tomando algumas medidas para incentivar a expans\u00e3o da Internet das Coisas\u00a0no Brasil. Em 2019, foi sancionado o Plano Nacional de Internet das Coisas e criada a C\u00e2mara IoT, um grupo de trabalho para acompanhar a implanta\u00e7\u00e3o desse plano.<\/p>\n<p>No fim do ano passado, foi sancionada a\u00a0<a href=\"https:\/\/www.google.com\/url?sa=t&amp;rct=j&amp;q=&amp;esrc=s&amp;source=web&amp;cd=&amp;cad=rja&amp;uact=8&amp;ved=2ahUKEwj2-IqDh5_wAhXrLLkGHbsHBvgQFjACegQIAhAD&amp;url=https%3A%2F%2Fwww.in.gov.br%2Fen%2Fweb%2Fdou%2F-%2Flei-n-14.108-de-16-de-dezembro-de-2020-294616158&amp;usg=AOvVaw3fIrouQzaLDFoTWCQBSWzg\" target=\"_blank\" rel=\"noopener noreferrer\">Lei 14.108<\/a>. Por meio dela, itens que fazem parte de sistemas de comunica\u00e7\u00e3o m\u00e1quina a m\u00e1quina tiveram isen\u00e7\u00e3o de alguns tributos. \u201cCom essa desonera\u00e7\u00e3o, a gente abre um grande mercado e abre possibilidade para que esses aplicativos venham para o nosso pa\u00eds\u201d, afirma o secret\u00e1rio de Telecomunica\u00e7\u00f5es.<\/p>\n<p>Segundo ele, de 2019 para 2020, o mercado de IoT cresceu 9%. Nos dois primeiros meses ap\u00f3s a desonera\u00e7\u00e3o, o crescimento foi de 6%. \u201cIsso no meio de uma pandemia e com todas as limita\u00e7\u00f5es\u201d, destaca\u00a0Cosmo J\u00fanior.<\/p>\n<h2>Seguran\u00e7a<\/h2>\n<p>Essas facilidades trazidas pela IdC podem esconder algumas armadilhas. De acordo com o especialista em ciberseguran\u00e7a Lucas Galv\u00e3o, nem todos os fabricantes oferecem garantia em rela\u00e7\u00e3o \u00e0\u00a0prote\u00e7\u00e3o de informa\u00e7\u00f5es pessoais que circulam nos dispositivos. \u201cUm simples rel\u00f3gio inteligente hoje pode saber aonde voc\u00ea foi, qual \u00e9 a sua m\u00e9dia de batimentos \u2013 inclusive seu eletrocardiograma \u2013, ouvir suas conversas e muito mais.\u201d<\/p>\n<p>Segundo ele, os riscos existem em todas as partes, entretanto, hoje o usu\u00e1rio final pode fazer uma an\u00e1lise antes de adquirir um dispositivo IdC, verificando que tipos de informa\u00e7\u00f5es ser\u00e3o processadas e utilizadas. Para Galv\u00e3o, fabricantes, \u00f3rg\u00e3os reguladores e profissionais de seguran\u00e7a da informa\u00e7\u00e3o possuem um papel importante a ser desempenhado na garantia da seguran\u00e7a cibern\u00e9tica desses dispositivos.<\/p>\n<p>Em setembro de 2020,\u00a0<a href=\"https:\/\/agenciabrasil.ebc.com.br\/geral\/noticia\/2020-09\/lei-geral-de-protecao-de-dados-entra-em-vigor\" target=\"_blank\" rel=\"noopener noreferrer\">entrou em vigor<\/a>\u00a0no pa\u00eds a\u00a0<a href=\"http:\/\/www.planalto.gov.br\/ccivil_03\/_ato2015-2018\/2018\/lei\/L13709.htm\" target=\"_blank\" rel=\"noopener noreferrer\">Lei Geral de Prote\u00e7\u00e3o de Dados<\/a>. O texto define direitos de indiv\u00edduos em rela\u00e7\u00e3o \u00e0s suas informa\u00e7\u00f5es pessoais e regras para quem coleta e trata esses registros.<\/p>\n<h2>Semana Nacional das Comunica\u00e7\u00f5es<\/h2>\n<p>De segunda-feira (3) a domingo (9),\u00a0os ve\u00edculos da\u00a0<strong>Empresa Brasil de Comunica\u00e7\u00e3o<\/strong>\u00a0(<strong>EBC<\/strong>) publicam\u00a0o\u00a0<em>Especial Conecta<\/em>, com conte\u00fados sobre a Semana Nacional das Comunica\u00e7\u00f5es. O especial re\u00fane reportagens sobre hist\u00f3ria das telecomunica\u00e7\u00f5es, 5G, Internet das Coisas, o impacto das novas tecnologias na educa\u00e7\u00e3o e no agroneg\u00f3cio, entre outros temas.<\/p>\n","protected":false},"excerpt":{"rendered":"<p>Faz tempo que o homem sonha com um mundo altamente tecnol\u00f3gico. Cl\u00e1ssico dos anos 1980, o filme\u00a0De Volta para o Futuro 2\u00a0trazia uma s\u00e9rie de inova\u00e7\u00f5es que j\u00e1 se concretizaram nos dias de hoje: as videochamadas, TVs de tela plana, uso da biometria, al\u00e9m de servi\u00e7os automatizados e acionados pela voz.\u00a0Antes mesmo disso, na d\u00e9cada de 1960, outro cl\u00e1ssico tamb\u00e9m se passava no futuro: o desenho\u00a0Os Jetsons. A anima\u00e7\u00e3o tamb\u00e9m acertou em muitas previs\u00f5es: rob\u00f4s que ajudam a limpar a casa e rel\u00f3gios de pulso inteligentes (smartwatches) j\u00e1 s\u00e3o uma realidade\u00a0nos dias de hoje. Conectar o mundo f\u00edsico ao tecnol\u00f3gico [&hellip;]<\/p>\n","protected":false},"author":2,"featured_media":3676,"comment_status":"open","ping_status":"open","sticky":false,"template":"","format":"standard","meta":{"_jetpack_memberships_contains_paid_content":false,"footnotes":"","jetpack_publicize_message":"","jetpack_publicize_feature_enabled":true,"jetpack_social_post_already_shared":true,"jetpack_social_options":{"image_generator_settings":{"template":"highway","enabled":false},"version":2}},"categories":[2],"tags":[],"class_list":["post-5790","post","type-post","status-publish","format-standard","has-post-thumbnail","hentry","category-noticias"],"jetpack_publicize_connections":[],"yoast_head":"<!-- This site is optimized with the Yoast SEO plugin v24.7 - https:\/\/yoast.com\/wordpress\/plugins\/seo\/ -->\n<title>Chegada do 5G deve expandir o uso da Internet das Coisas - Serra FM 87,9<\/title>\n<meta name=\"robots\" content=\"index, follow, max-snippet:-1, max-image-preview:large, max-video-preview:-1\" \/>\n<link rel=\"canonical\" href=\"https:\/\/serrafm879.com.br\/serrafm\/2021\/05\/chegada-do-5g-deve-expandir-o-uso-da-internet-das-coisas\/\" \/>\n<meta property=\"og:locale\" content=\"pt_BR\" \/>\n<meta property=\"og:type\" content=\"article\" \/>\n<meta property=\"og:title\" content=\"Chegada do 5G deve expandir o uso da Internet das Coisas - Serra FM 87,9\" \/>\n<meta property=\"og:description\" content=\"Faz tempo que o homem sonha com um mundo altamente tecnol\u00f3gico. Cl\u00e1ssico dos anos 1980, o filme\u00a0De Volta para o Futuro 2\u00a0trazia uma s\u00e9rie de inova\u00e7\u00f5es que j\u00e1 se concretizaram nos dias de hoje: as videochamadas, TVs de tela plana, uso da biometria, al\u00e9m de servi\u00e7os automatizados e acionados pela voz.\u00a0Antes mesmo disso, na d\u00e9cada de 1960, outro cl\u00e1ssico tamb\u00e9m se passava no futuro: o desenho\u00a0Os Jetsons. A anima\u00e7\u00e3o tamb\u00e9m acertou em muitas previs\u00f5es: rob\u00f4s que ajudam a limpar a casa e rel\u00f3gios de pulso inteligentes (smartwatches) j\u00e1 s\u00e3o uma realidade\u00a0nos dias de hoje. Conectar o mundo f\u00edsico ao tecnol\u00f3gico [&hellip;]\" \/>\n<meta property=\"og:url\" content=\"https:\/\/serrafm879.com.br\/serrafm\/2021\/05\/chegada-do-5g-deve-expandir-o-uso-da-internet-das-coisas\/\" \/>\n<meta property=\"og:site_name\" content=\"Serra FM 87,9\" \/>\n<meta property=\"article:published_time\" content=\"2021-05-04T10:36:54+00:00\" \/>\n<meta property=\"og:image\" content=\"https:\/\/serrafm879.com.br\/serrafm\/wp-content\/uploads\/2020\/08\/net.jpg\" \/>\n\t<meta property=\"og:image:width\" content=\"474\" \/>\n\t<meta property=\"og:image:height\" content=\"266\" \/>\n\t<meta property=\"og:image:type\" content=\"image\/jpeg\" \/>\n<meta name=\"author\" content=\"serrafm87\" \/>\n<meta name=\"twitter:card\" content=\"summary_large_image\" \/>\n<meta name=\"twitter:label1\" content=\"Escrito por\" \/>\n\t<meta name=\"twitter:data1\" content=\"serrafm87\" \/>\n\t<meta name=\"twitter:label2\" content=\"Est. tempo de leitura\" \/>\n\t<meta name=\"twitter:data2\" content=\"6 minutos\" \/>\n<script type=\"application\/ld+json\" class=\"yoast-schema-graph\">{\"@context\":\"https:\/\/schema.org\",\"@graph\":[{\"@type\":\"WebPage\",\"@id\":\"https:\/\/serrafm879.com.br\/serrafm\/2021\/05\/chegada-do-5g-deve-expandir-o-uso-da-internet-das-coisas\/\",\"url\":\"https:\/\/serrafm879.com.br\/serrafm\/2021\/05\/chegada-do-5g-deve-expandir-o-uso-da-internet-das-coisas\/\",\"name\":\"Chegada do 5G deve expandir o uso da Internet das Coisas - Serra FM 87,9\",\"isPartOf\":{\"@id\":\"https:\/\/serrafm879.com.br\/serrafm\/#website\"},\"primaryImageOfPage\":{\"@id\":\"https:\/\/serrafm879.com.br\/serrafm\/2021\/05\/chegada-do-5g-deve-expandir-o-uso-da-internet-das-coisas\/#primaryimage\"},\"image\":{\"@id\":\"https:\/\/serrafm879.com.br\/serrafm\/2021\/05\/chegada-do-5g-deve-expandir-o-uso-da-internet-das-coisas\/#primaryimage\"},\"thumbnailUrl\":\"https:\/\/serrafm879.com.br\/serrafm\/wp-content\/uploads\/2020\/08\/net.jpg\",\"datePublished\":\"2021-05-04T10:36:54+00:00\",\"author\":{\"@id\":\"https:\/\/serrafm879.com.br\/serrafm\/#\/schema\/person\/c028a197030ff8b1c03c68dfba4a787a\"},\"breadcrumb\":{\"@id\":\"https:\/\/serrafm879.com.br\/serrafm\/2021\/05\/chegada-do-5g-deve-expandir-o-uso-da-internet-das-coisas\/#breadcrumb\"},\"inLanguage\":\"pt-BR\",\"potentialAction\":[{\"@type\":\"ReadAction\",\"target\":[\"https:\/\/serrafm879.com.br\/serrafm\/2021\/05\/chegada-do-5g-deve-expandir-o-uso-da-internet-das-coisas\/\"]}]},{\"@type\":\"ImageObject\",\"inLanguage\":\"pt-BR\",\"@id\":\"https:\/\/serrafm879.com.br\/serrafm\/2021\/05\/chegada-do-5g-deve-expandir-o-uso-da-internet-das-coisas\/#primaryimage\",\"url\":\"https:\/\/serrafm879.com.br\/serrafm\/wp-content\/uploads\/2020\/08\/net.jpg\",\"contentUrl\":\"https:\/\/serrafm879.com.br\/serrafm\/wp-content\/uploads\/2020\/08\/net.jpg\",\"width\":474,\"height\":266},{\"@type\":\"BreadcrumbList\",\"@id\":\"https:\/\/serrafm879.com.br\/serrafm\/2021\/05\/chegada-do-5g-deve-expandir-o-uso-da-internet-das-coisas\/#breadcrumb\",\"itemListElement\":[{\"@type\":\"ListItem\",\"position\":1,\"name\":\"In\u00edcio\",\"item\":\"https:\/\/serrafm879.com.br\/serrafm\/\"},{\"@type\":\"ListItem\",\"position\":2,\"name\":\"Chegada do 5G deve expandir o uso da Internet das Coisas\"}]},{\"@type\":\"WebSite\",\"@id\":\"https:\/\/serrafm879.com.br\/serrafm\/#website\",\"url\":\"https:\/\/serrafm879.com.br\/serrafm\/\",\"name\":\"Serra FM 87,9\",\"description\":\"O seu novo amor!\",\"potentialAction\":[{\"@type\":\"SearchAction\",\"target\":{\"@type\":\"EntryPoint\",\"urlTemplate\":\"https:\/\/serrafm879.com.br\/serrafm\/?s={search_term_string}\"},\"query-input\":{\"@type\":\"PropertyValueSpecification\",\"valueRequired\":true,\"valueName\":\"search_term_string\"}}],\"inLanguage\":\"pt-BR\"},{\"@type\":\"Person\",\"@id\":\"https:\/\/serrafm879.com.br\/serrafm\/#\/schema\/person\/c028a197030ff8b1c03c68dfba4a787a\",\"name\":\"serrafm87\",\"image\":{\"@type\":\"ImageObject\",\"inLanguage\":\"pt-BR\",\"@id\":\"https:\/\/serrafm879.com.br\/serrafm\/#\/schema\/person\/image\/\",\"url\":\"https:\/\/secure.gravatar.com\/avatar\/a743233f1112d34f48bb3dc9559b76eb930bab8b27175856cba6362608736235?s=96&d=mm&r=g\",\"contentUrl\":\"https:\/\/secure.gravatar.com\/avatar\/a743233f1112d34f48bb3dc9559b76eb930bab8b27175856cba6362608736235?s=96&d=mm&r=g\",\"caption\":\"serrafm87\"},\"sameAs\":[\"http:\/\/serrafm879.com.br\/\"],\"url\":\"https:\/\/serrafm879.com.br\/serrafm\/author\/serrafm87\/\"}]}<\/script>\n<!-- \/ Yoast SEO plugin. -->","yoast_head_json":{"title":"Chegada do 5G deve expandir o uso da Internet das Coisas - Serra FM 87,9","robots":{"index":"index","follow":"follow","max-snippet":"max-snippet:-1","max-image-preview":"max-image-preview:large","max-video-preview":"max-video-preview:-1"},"canonical":"https:\/\/serrafm879.com.br\/serrafm\/2021\/05\/chegada-do-5g-deve-expandir-o-uso-da-internet-das-coisas\/","og_locale":"pt_BR","og_type":"article","og_title":"Chegada do 5G deve expandir o uso da Internet das Coisas - Serra FM 87,9","og_description":"Faz tempo que o homem sonha com um mundo altamente tecnol\u00f3gico. Cl\u00e1ssico dos anos 1980, o filme\u00a0De Volta para o Futuro 2\u00a0trazia uma s\u00e9rie de inova\u00e7\u00f5es que j\u00e1 se concretizaram nos dias de hoje: as videochamadas, TVs de tela plana, uso da biometria, al\u00e9m de servi\u00e7os automatizados e acionados pela voz.\u00a0Antes mesmo disso, na d\u00e9cada de 1960, outro cl\u00e1ssico tamb\u00e9m se passava no futuro: o desenho\u00a0Os Jetsons. A anima\u00e7\u00e3o tamb\u00e9m acertou em muitas previs\u00f5es: rob\u00f4s que ajudam a limpar a casa e rel\u00f3gios de pulso inteligentes (smartwatches) j\u00e1 s\u00e3o uma realidade\u00a0nos dias de hoje. Conectar o mundo f\u00edsico ao tecnol\u00f3gico [&hellip;]","og_url":"https:\/\/serrafm879.com.br\/serrafm\/2021\/05\/chegada-do-5g-deve-expandir-o-uso-da-internet-das-coisas\/","og_site_name":"Serra FM 87,9","article_published_time":"2021-05-04T10:36:54+00:00","og_image":[{"width":474,"height":266,"url":"https:\/\/serrafm879.com.br\/serrafm\/wp-content\/uploads\/2020\/08\/net.jpg","type":"image\/jpeg"}],"author":"serrafm87","twitter_card":"summary_large_image","twitter_misc":{"Escrito por":"serrafm87","Est. tempo de leitura":"6 minutos"},"schema":{"@context":"https:\/\/schema.org","@graph":[{"@type":"WebPage","@id":"https:\/\/serrafm879.com.br\/serrafm\/2021\/05\/chegada-do-5g-deve-expandir-o-uso-da-internet-das-coisas\/","url":"https:\/\/serrafm879.com.br\/serrafm\/2021\/05\/chegada-do-5g-deve-expandir-o-uso-da-internet-das-coisas\/","name":"Chegada do 5G deve expandir o uso da Internet das Coisas - Serra FM 87,9","isPartOf":{"@id":"https:\/\/serrafm879.com.br\/serrafm\/#website"},"primaryImageOfPage":{"@id":"https:\/\/serrafm879.com.br\/serrafm\/2021\/05\/chegada-do-5g-deve-expandir-o-uso-da-internet-das-coisas\/#primaryimage"},"image":{"@id":"https:\/\/serrafm879.com.br\/serrafm\/2021\/05\/chegada-do-5g-deve-expandir-o-uso-da-internet-das-coisas\/#primaryimage"},"thumbnailUrl":"https:\/\/serrafm879.com.br\/serrafm\/wp-content\/uploads\/2020\/08\/net.jpg","datePublished":"2021-05-04T10:36:54+00:00","author":{"@id":"https:\/\/serrafm879.com.br\/serrafm\/#\/schema\/person\/c028a197030ff8b1c03c68dfba4a787a"},"breadcrumb":{"@id":"https:\/\/serrafm879.com.br\/serrafm\/2021\/05\/chegada-do-5g-deve-expandir-o-uso-da-internet-das-coisas\/#breadcrumb"},"inLanguage":"pt-BR","potentialAction":[{"@type":"ReadAction","target":["https:\/\/serrafm879.com.br\/serrafm\/2021\/05\/chegada-do-5g-deve-expandir-o-uso-da-internet-das-coisas\/"]}]},{"@type":"ImageObject","inLanguage":"pt-BR","@id":"https:\/\/serrafm879.com.br\/serrafm\/2021\/05\/chegada-do-5g-deve-expandir-o-uso-da-internet-das-coisas\/#primaryimage","url":"https:\/\/serrafm879.com.br\/serrafm\/wp-content\/uploads\/2020\/08\/net.jpg","contentUrl":"https:\/\/serrafm879.com.br\/serrafm\/wp-content\/uploads\/2020\/08\/net.jpg","width":474,"height":266},{"@type":"BreadcrumbList","@id":"https:\/\/serrafm879.com.br\/serrafm\/2021\/05\/chegada-do-5g-deve-expandir-o-uso-da-internet-das-coisas\/#breadcrumb","itemListElement":[{"@type":"ListItem","position":1,"name":"In\u00edcio","item":"https:\/\/serrafm879.com.br\/serrafm\/"},{"@type":"ListItem","position":2,"name":"Chegada do 5G deve expandir o uso da Internet das Coisas"}]},{"@type":"WebSite","@id":"https:\/\/serrafm879.com.br\/serrafm\/#website","url":"https:\/\/serrafm879.com.br\/serrafm\/","name":"Serra FM 87,9","description":"O seu novo amor!","potentialAction":[{"@type":"SearchAction","target":{"@type":"EntryPoint","urlTemplate":"https:\/\/serrafm879.com.br\/serrafm\/?s={search_term_string}"},"query-input":{"@type":"PropertyValueSpecification","valueRequired":true,"valueName":"search_term_string"}}],"inLanguage":"pt-BR"},{"@type":"Person","@id":"https:\/\/serrafm879.com.br\/serrafm\/#\/schema\/person\/c028a197030ff8b1c03c68dfba4a787a","name":"serrafm87","image":{"@type":"ImageObject","inLanguage":"pt-BR","@id":"https:\/\/serrafm879.com.br\/serrafm\/#\/schema\/person\/image\/","url":"https:\/\/secure.gravatar.com\/avatar\/a743233f1112d34f48bb3dc9559b76eb930bab8b27175856cba6362608736235?s=96&d=mm&r=g","contentUrl":"https:\/\/secure.gravatar.com\/avatar\/a743233f1112d34f48bb3dc9559b76eb930bab8b27175856cba6362608736235?s=96&d=mm&r=g","caption":"serrafm87"},"sameAs":["http:\/\/serrafm879.com.br\/"],"url":"https:\/\/serrafm879.com.br\/serrafm\/author\/serrafm87\/"}]}},"jetpack_featured_media_url":"https:\/\/serrafm879.com.br\/serrafm\/wp-content\/uploads\/2020\/08\/net.jpg","jetpack_shortlink":"https:\/\/wp.me\/p7HyXg-1vo","jetpack_sharing_enabled":true,"_links":{"self":[{"href":"https:\/\/serrafm879.com.br\/serrafm\/wp-json\/wp\/v2\/posts\/5790","targetHints":{"allow":["GET"]}}],"collection":[{"href":"https:\/\/serrafm879.com.br\/serrafm\/wp-json\/wp\/v2\/posts"}],"about":[{"href":"https:\/\/serrafm879.com.br\/serrafm\/wp-json\/wp\/v2\/types\/post"}],"author":[{"embeddable":true,"href":"https:\/\/serrafm879.com.br\/serrafm\/wp-json\/wp\/v2\/users\/2"}],"replies":[{"embeddable":true,"href":"https:\/\/serrafm879.com.br\/serrafm\/wp-json\/wp\/v2\/comments?post=5790"}],"version-history":[{"count":1,"href":"https:\/\/serrafm879.com.br\/serrafm\/wp-json\/wp\/v2\/posts\/5790\/revisions"}],"predecessor-version":[{"id":5791,"href":"https:\/\/serrafm879.com.br\/serrafm\/wp-json\/wp\/v2\/posts\/5790\/revisions\/5791"}],"wp:featuredmedia":[{"embeddable":true,"href":"https:\/\/serrafm879.com.br\/serrafm\/wp-json\/wp\/v2\/media\/3676"}],"wp:attachment":[{"href":"https:\/\/serrafm879.com.br\/serrafm\/wp-json\/wp\/v2\/media?parent=5790"}],"wp:term":[{"taxonomy":"category","embeddable":true,"href":"https:\/\/serrafm879.com.br\/serrafm\/wp-json\/wp\/v2\/categories?post=5790"},{"taxonomy":"post_tag","embeddable":true,"href":"https:\/\/serrafm879.com.br\/serrafm\/wp-json\/wp\/v2\/tags?post=5790"}],"curies":[{"name":"wp","href":"https:\/\/api.w.org\/{rel}","templated":true}]}}