{"id":5804,"date":"2021-05-05T04:52:08","date_gmt":"2021-05-05T07:52:08","guid":{"rendered":"https:\/?p=5804"},"modified":"2021-05-05T04:52:08","modified_gmt":"2021-05-05T07:52:08","slug":"mandetta-impoe-desgaste-bolsonaro-na-cpi-da-covid-19-mas-e-teich-quem-pode-emparedar-planalto","status":"publish","type":"post","link":"https:\/\/serrafm879.com.br\/serrafm\/2021\/05\/mandetta-impoe-desgaste-bolsonaro-na-cpi-da-covid-19-mas-e-teich-quem-pode-emparedar-planalto\/","title":{"rendered":"Mandetta imp\u00f5e desgaste a Bolsonaro na CPI da Covid-19, mas \u00e9 Teich quem pode emparedar Planalto"},"content":{"rendered":"<p>A estreia dos depoimentos dos ex-ministros da Sa\u00fade na CPI da covid-19 provocou um impacto negativo ao Governo Bolsonaro j\u00e1 esperado, mas n\u00e3o trouxe novos trunfos apresentados pelo primeiro a ser ouvido pelos senadores, Luiz Henrique Mandetta. O m\u00e9dico, que tenta construir uma candidatura ao Planalto e foi demitido por discord\u00e2ncias com o presidente sobre o isolamento social, blindou-se com uma carta na qual cobrava, em mar\u00e7o de 2020, que o presidente mudasse sua conduta no enfrentamento da pandemia sob o risco de \u201cgerar colapso do sistema de sa\u00fade e grav\u00edssimas consequ\u00eancias \u00e0 sa\u00fade da popula\u00e7\u00e3o brasileira\u201d. Afirmou que Bolsonaro n\u00e3o seguia as orienta\u00e7\u00f5es t\u00e9cnicas do minist\u00e9rio e tinha uma \u201cassessoria paralela\u201d, da qual participava seu filho e estrategista digital Carlos Bolsonaro. Exp\u00f4s ainda ter visto uma minuta para incluir a covid-19 na bula da cloroquina \u2015um medicamento sem efic\u00e1cia\u2015 por uma canetada via decreto presidencial, mas disse desconhecer de quem foi \u00e0 autoria e que a proposta n\u00e3o prosperou.<\/p>\n<p>Ao desgaste provocado por Mandetta ao refor\u00e7ar a postura negacionista de Bolsonaro durante a maior crise sanit\u00e1ria dos \u00faltimos 100 anos, soma-se o adiamento do aguardado depoimento do ex-ministro e general Eduardo Pazuello desta quarta-feira (05) para o pr\u00f3ximo dia 19 de maio. Se, num primeiro momento, a posterga\u00e7\u00e3o poderia aliviar o Planalto de uma semana de embates na CPI, a oposi\u00e7\u00e3o espera com isso ganhar tempo para fazer acarea\u00e7\u00f5es e sabatinar o ex-ministro.<\/p>\n<p>O general Pazuello cancelou sua ida \u00e0 CPI porque teria tido contato com dois militares diagnosticados com covid-19 no fim de semana. Espera-se que ele preste esclarecimentos sobre veias centrais da investiga\u00e7\u00e3o do Senado: a demora do Governo para comprar vacinas e a suposta omiss\u00e3o na crise de oxig\u00eanio em Manaus. Pazuello foi o ministro que passou mais tempo \u00e0 frente da Sa\u00fade durante a pandemia e tem sido orientado pelo Planalto sobre como depor aos senadores. Deu como op\u00e7\u00f5es ser indagado por videochamada ou adiar o depoimento, mas o presidente da comiss\u00e3o, Omar Aziz, optou pelo adiamento. A an\u00e1lise do Planalto, por\u00e9m, pendia para a participa\u00e7\u00e3o remota ap\u00f3s a inje\u00e7\u00e3o de \u00e2nimo dada pelas manifesta\u00e7\u00f5es bolsonaristas no fim de semana. A participa\u00e7\u00e3o do ex-ministro Nelson Teich, adiada desta ter\u00e7a para a manh\u00e3 de quarta-feira (05), tamb\u00e9m preocupa o Governo. Ele dever\u00e1 esclarecer se as primeiras ofertas de imunizantes por laborat\u00f3rios ocorreram durante a sua gest\u00e3o rel\u00e2mpago de um m\u00eas na pasta. Teich teria deixado o cargo por discord\u00e2ncia sobre o protocolo da cloroquina. Especialistas t\u00eam avaliado que o Brasil perdeu o timing para efetivar contratos, e a vacina\u00e7\u00e3o \u00e9 a principal demanda da sociedade, do mercado e da classe pol\u00edtica neste momento.<\/p>\n<p>Durante mais de sete horas, Mandetta falou a senadores e disse ter a impress\u00e3o de que o Governo Bolsonaro apostava na teoria da imunidade de rebanho \u2015que sup\u00f5e a prote\u00e7\u00e3o de uma comunidade quando um percentual da popula\u00e7\u00e3o j\u00e1 tem anticorpos\u2015 para superar a pandemia. Enfrentou questionamentos mais agressivos dos governistas, que adotaram a estrat\u00e9gia de tentar responsabiliz\u00e1-lo por n\u00e3o ter cancelado o Carnaval de 2020 e pela orienta\u00e7\u00e3o de que as pessoas s\u00f3 buscassem os hospitais somente ap\u00f3s apresentar sintomas respirat\u00f3rios como falta de ar, o que ex-ministro chamou de \u201cguerra de narrativas\u201d. Apoiadores do presidente tamb\u00e9m tentavam descolar a imagem de Bolsonaro de temas mais pol\u00eamicos, como o est\u00edmulo ao uso da cloroquina. Tentavam colocar o medicamento como outro qualquer e defender que m\u00e9dicos ao redor do mundo usavam medicamentos sem a indica\u00e7\u00e3o em bula contra a covid-19. Equilibravam-se em uma linha t\u00eanue entre a tentativa de responsabilizar o ex-ministro e o papel de livrar Bolsonaro. Do outro lado, Mandetta defendia-se como podia. Sem apresentar novos trunfos, ofereceu um discurso limitado diante do risco de ele mesmo se comprometer. Evitou subir o tom, mas n\u00e3o poupou cr\u00edticas. E afirmou reiteradas vezes que sempre seguiu a ci\u00eancia e as orienta\u00e7\u00f5es da OMS.<\/p>\n","protected":false},"excerpt":{"rendered":"<p>A estreia dos depoimentos dos ex-ministros da Sa\u00fade na CPI da covid-19 provocou um impacto negativo ao Governo Bolsonaro j\u00e1 esperado, mas n\u00e3o trouxe novos trunfos apresentados pelo primeiro a ser ouvido pelos senadores, Luiz Henrique Mandetta. O m\u00e9dico, que tenta construir uma candidatura ao Planalto e foi demitido por discord\u00e2ncias com o presidente sobre o isolamento social, blindou-se com uma carta na qual cobrava, em mar\u00e7o de 2020, que o presidente mudasse sua conduta no enfrentamento da pandemia sob o risco de \u201cgerar colapso do sistema de sa\u00fade e grav\u00edssimas consequ\u00eancias \u00e0 sa\u00fade da popula\u00e7\u00e3o brasileira\u201d. Afirmou que Bolsonaro [&hellip;]<\/p>\n","protected":false},"author":2,"featured_media":2444,"comment_status":"open","ping_status":"open","sticky":false,"template":"","format":"standard","meta":{"_jetpack_memberships_contains_paid_content":false,"footnotes":"","jetpack_publicize_message":"","jetpack_publicize_feature_enabled":true,"jetpack_social_post_already_shared":true,"jetpack_social_options":{"image_generator_settings":{"template":"highway","enabled":false},"version":2}},"categories":[2],"tags":[],"class_list":["post-5804","post","type-post","status-publish","format-standard","has-post-thumbnail","hentry","category-noticias"],"jetpack_publicize_connections":[],"yoast_head":"<!-- This site is optimized with the Yoast SEO plugin v24.7 - https:\/\/yoast.com\/wordpress\/plugins\/seo\/ -->\n<title>Mandetta imp\u00f5e desgaste a Bolsonaro na CPI da Covid-19, mas \u00e9 Teich quem pode emparedar Planalto - Serra FM 87,9<\/title>\n<meta name=\"robots\" content=\"index, follow, max-snippet:-1, max-image-preview:large, max-video-preview:-1\" \/>\n<link rel=\"canonical\" href=\"https:\/\/serrafm879.com.br\/serrafm\/2021\/05\/mandetta-impoe-desgaste-bolsonaro-na-cpi-da-covid-19-mas-e-teich-quem-pode-emparedar-planalto\/\" \/>\n<meta property=\"og:locale\" content=\"pt_BR\" \/>\n<meta property=\"og:type\" content=\"article\" \/>\n<meta property=\"og:title\" content=\"Mandetta imp\u00f5e desgaste a Bolsonaro na CPI da Covid-19, mas \u00e9 Teich quem pode emparedar Planalto - Serra FM 87,9\" \/>\n<meta property=\"og:description\" content=\"A estreia dos depoimentos dos ex-ministros da Sa\u00fade na CPI da covid-19 provocou um impacto negativo ao Governo Bolsonaro j\u00e1 esperado, mas n\u00e3o trouxe novos trunfos apresentados pelo primeiro a ser ouvido pelos senadores, Luiz Henrique Mandetta. O m\u00e9dico, que tenta construir uma candidatura ao Planalto e foi demitido por discord\u00e2ncias com o presidente sobre o isolamento social, blindou-se com uma carta na qual cobrava, em mar\u00e7o de 2020, que o presidente mudasse sua conduta no enfrentamento da pandemia sob o risco de \u201cgerar colapso do sistema de sa\u00fade e grav\u00edssimas consequ\u00eancias \u00e0 sa\u00fade da popula\u00e7\u00e3o brasileira\u201d. Afirmou que Bolsonaro [&hellip;]\" \/>\n<meta property=\"og:url\" content=\"https:\/\/serrafm879.com.br\/serrafm\/2021\/05\/mandetta-impoe-desgaste-bolsonaro-na-cpi-da-covid-19-mas-e-teich-quem-pode-emparedar-planalto\/\" \/>\n<meta property=\"og:site_name\" content=\"Serra FM 87,9\" \/>\n<meta property=\"article:published_time\" content=\"2021-05-05T07:52:08+00:00\" \/>\n<meta property=\"og:image\" content=\"https:\/\/serrafm879.com.br\/serrafm\/wp-content\/uploads\/2020\/04\/mandeta.jpg\" \/>\n\t<meta property=\"og:image:width\" content=\"840\" \/>\n\t<meta property=\"og:image:height\" content=\"480\" \/>\n\t<meta property=\"og:image:type\" content=\"image\/jpeg\" \/>\n<meta name=\"author\" content=\"serrafm87\" \/>\n<meta name=\"twitter:card\" content=\"summary_large_image\" \/>\n<meta name=\"twitter:label1\" content=\"Escrito por\" \/>\n\t<meta name=\"twitter:data1\" content=\"serrafm87\" \/>\n\t<meta name=\"twitter:label2\" content=\"Est. tempo de leitura\" \/>\n\t<meta name=\"twitter:data2\" content=\"3 minutos\" \/>\n<script type=\"application\/ld+json\" class=\"yoast-schema-graph\">{\"@context\":\"https:\/\/schema.org\",\"@graph\":[{\"@type\":\"WebPage\",\"@id\":\"https:\/\/serrafm879.com.br\/serrafm\/2021\/05\/mandetta-impoe-desgaste-bolsonaro-na-cpi-da-covid-19-mas-e-teich-quem-pode-emparedar-planalto\/\",\"url\":\"https:\/\/serrafm879.com.br\/serrafm\/2021\/05\/mandetta-impoe-desgaste-bolsonaro-na-cpi-da-covid-19-mas-e-teich-quem-pode-emparedar-planalto\/\",\"name\":\"Mandetta imp\u00f5e desgaste a Bolsonaro na CPI da Covid-19, mas \u00e9 Teich quem pode emparedar Planalto - Serra FM 87,9\",\"isPartOf\":{\"@id\":\"https:\/\/serrafm879.com.br\/serrafm\/#website\"},\"primaryImageOfPage\":{\"@id\":\"https:\/\/serrafm879.com.br\/serrafm\/2021\/05\/mandetta-impoe-desgaste-bolsonaro-na-cpi-da-covid-19-mas-e-teich-quem-pode-emparedar-planalto\/#primaryimage\"},\"image\":{\"@id\":\"https:\/\/serrafm879.com.br\/serrafm\/2021\/05\/mandetta-impoe-desgaste-bolsonaro-na-cpi-da-covid-19-mas-e-teich-quem-pode-emparedar-planalto\/#primaryimage\"},\"thumbnailUrl\":\"https:\/\/serrafm879.com.br\/serrafm\/wp-content\/uploads\/2020\/04\/mandeta.jpg\",\"datePublished\":\"2021-05-05T07:52:08+00:00\",\"author\":{\"@id\":\"https:\/\/serrafm879.com.br\/serrafm\/#\/schema\/person\/c028a197030ff8b1c03c68dfba4a787a\"},\"breadcrumb\":{\"@id\":\"https:\/\/serrafm879.com.br\/serrafm\/2021\/05\/mandetta-impoe-desgaste-bolsonaro-na-cpi-da-covid-19-mas-e-teich-quem-pode-emparedar-planalto\/#breadcrumb\"},\"inLanguage\":\"pt-BR\",\"potentialAction\":[{\"@type\":\"ReadAction\",\"target\":[\"https:\/\/serrafm879.com.br\/serrafm\/2021\/05\/mandetta-impoe-desgaste-bolsonaro-na-cpi-da-covid-19-mas-e-teich-quem-pode-emparedar-planalto\/\"]}]},{\"@type\":\"ImageObject\",\"inLanguage\":\"pt-BR\",\"@id\":\"https:\/\/serrafm879.com.br\/serrafm\/2021\/05\/mandetta-impoe-desgaste-bolsonaro-na-cpi-da-covid-19-mas-e-teich-quem-pode-emparedar-planalto\/#primaryimage\",\"url\":\"https:\/\/serrafm879.com.br\/serrafm\/wp-content\/uploads\/2020\/04\/mandeta.jpg\",\"contentUrl\":\"https:\/\/serrafm879.com.br\/serrafm\/wp-content\/uploads\/2020\/04\/mandeta.jpg\",\"width\":840,\"height\":480},{\"@type\":\"BreadcrumbList\",\"@id\":\"https:\/\/serrafm879.com.br\/serrafm\/2021\/05\/mandetta-impoe-desgaste-bolsonaro-na-cpi-da-covid-19-mas-e-teich-quem-pode-emparedar-planalto\/#breadcrumb\",\"itemListElement\":[{\"@type\":\"ListItem\",\"position\":1,\"name\":\"In\u00edcio\",\"item\":\"https:\/\/serrafm879.com.br\/serrafm\/\"},{\"@type\":\"ListItem\",\"position\":2,\"name\":\"Mandetta imp\u00f5e desgaste a Bolsonaro na CPI da Covid-19, mas \u00e9 Teich quem pode emparedar Planalto\"}]},{\"@type\":\"WebSite\",\"@id\":\"https:\/\/serrafm879.com.br\/serrafm\/#website\",\"url\":\"https:\/\/serrafm879.com.br\/serrafm\/\",\"name\":\"Serra FM 87,9\",\"description\":\"O seu novo amor!\",\"potentialAction\":[{\"@type\":\"SearchAction\",\"target\":{\"@type\":\"EntryPoint\",\"urlTemplate\":\"https:\/\/serrafm879.com.br\/serrafm\/?s={search_term_string}\"},\"query-input\":{\"@type\":\"PropertyValueSpecification\",\"valueRequired\":true,\"valueName\":\"search_term_string\"}}],\"inLanguage\":\"pt-BR\"},{\"@type\":\"Person\",\"@id\":\"https:\/\/serrafm879.com.br\/serrafm\/#\/schema\/person\/c028a197030ff8b1c03c68dfba4a787a\",\"name\":\"serrafm87\",\"image\":{\"@type\":\"ImageObject\",\"inLanguage\":\"pt-BR\",\"@id\":\"https:\/\/serrafm879.com.br\/serrafm\/#\/schema\/person\/image\/\",\"url\":\"https:\/\/secure.gravatar.com\/avatar\/a743233f1112d34f48bb3dc9559b76eb930bab8b27175856cba6362608736235?s=96&d=mm&r=g\",\"contentUrl\":\"https:\/\/secure.gravatar.com\/avatar\/a743233f1112d34f48bb3dc9559b76eb930bab8b27175856cba6362608736235?s=96&d=mm&r=g\",\"caption\":\"serrafm87\"},\"sameAs\":[\"http:\/\/serrafm879.com.br\/\"],\"url\":\"https:\/\/serrafm879.com.br\/serrafm\/author\/serrafm87\/\"}]}<\/script>\n<!-- \/ Yoast SEO plugin. -->","yoast_head_json":{"title":"Mandetta imp\u00f5e desgaste a Bolsonaro na CPI da Covid-19, mas \u00e9 Teich quem pode emparedar Planalto - Serra FM 87,9","robots":{"index":"index","follow":"follow","max-snippet":"max-snippet:-1","max-image-preview":"max-image-preview:large","max-video-preview":"max-video-preview:-1"},"canonical":"https:\/\/serrafm879.com.br\/serrafm\/2021\/05\/mandetta-impoe-desgaste-bolsonaro-na-cpi-da-covid-19-mas-e-teich-quem-pode-emparedar-planalto\/","og_locale":"pt_BR","og_type":"article","og_title":"Mandetta imp\u00f5e desgaste a Bolsonaro na CPI da Covid-19, mas \u00e9 Teich quem pode emparedar Planalto - Serra FM 87,9","og_description":"A estreia dos depoimentos dos ex-ministros da Sa\u00fade na CPI da covid-19 provocou um impacto negativo ao Governo Bolsonaro j\u00e1 esperado, mas n\u00e3o trouxe novos trunfos apresentados pelo primeiro a ser ouvido pelos senadores, Luiz Henrique Mandetta. O m\u00e9dico, que tenta construir uma candidatura ao Planalto e foi demitido por discord\u00e2ncias com o presidente sobre o isolamento social, blindou-se com uma carta na qual cobrava, em mar\u00e7o de 2020, que o presidente mudasse sua conduta no enfrentamento da pandemia sob o risco de \u201cgerar colapso do sistema de sa\u00fade e grav\u00edssimas consequ\u00eancias \u00e0 sa\u00fade da popula\u00e7\u00e3o brasileira\u201d. Afirmou que Bolsonaro [&hellip;]","og_url":"https:\/\/serrafm879.com.br\/serrafm\/2021\/05\/mandetta-impoe-desgaste-bolsonaro-na-cpi-da-covid-19-mas-e-teich-quem-pode-emparedar-planalto\/","og_site_name":"Serra FM 87,9","article_published_time":"2021-05-05T07:52:08+00:00","og_image":[{"width":840,"height":480,"url":"https:\/\/serrafm879.com.br\/serrafm\/wp-content\/uploads\/2020\/04\/mandeta.jpg","type":"image\/jpeg"}],"author":"serrafm87","twitter_card":"summary_large_image","twitter_misc":{"Escrito por":"serrafm87","Est. tempo de leitura":"3 minutos"},"schema":{"@context":"https:\/\/schema.org","@graph":[{"@type":"WebPage","@id":"https:\/\/serrafm879.com.br\/serrafm\/2021\/05\/mandetta-impoe-desgaste-bolsonaro-na-cpi-da-covid-19-mas-e-teich-quem-pode-emparedar-planalto\/","url":"https:\/\/serrafm879.com.br\/serrafm\/2021\/05\/mandetta-impoe-desgaste-bolsonaro-na-cpi-da-covid-19-mas-e-teich-quem-pode-emparedar-planalto\/","name":"Mandetta imp\u00f5e desgaste a Bolsonaro na CPI da Covid-19, mas \u00e9 Teich quem pode emparedar Planalto - Serra FM 87,9","isPartOf":{"@id":"https:\/\/serrafm879.com.br\/serrafm\/#website"},"primaryImageOfPage":{"@id":"https:\/\/serrafm879.com.br\/serrafm\/2021\/05\/mandetta-impoe-desgaste-bolsonaro-na-cpi-da-covid-19-mas-e-teich-quem-pode-emparedar-planalto\/#primaryimage"},"image":{"@id":"https:\/\/serrafm879.com.br\/serrafm\/2021\/05\/mandetta-impoe-desgaste-bolsonaro-na-cpi-da-covid-19-mas-e-teich-quem-pode-emparedar-planalto\/#primaryimage"},"thumbnailUrl":"https:\/\/serrafm879.com.br\/serrafm\/wp-content\/uploads\/2020\/04\/mandeta.jpg","datePublished":"2021-05-05T07:52:08+00:00","author":{"@id":"https:\/\/serrafm879.com.br\/serrafm\/#\/schema\/person\/c028a197030ff8b1c03c68dfba4a787a"},"breadcrumb":{"@id":"https:\/\/serrafm879.com.br\/serrafm\/2021\/05\/mandetta-impoe-desgaste-bolsonaro-na-cpi-da-covid-19-mas-e-teich-quem-pode-emparedar-planalto\/#breadcrumb"},"inLanguage":"pt-BR","potentialAction":[{"@type":"ReadAction","target":["https:\/\/serrafm879.com.br\/serrafm\/2021\/05\/mandetta-impoe-desgaste-bolsonaro-na-cpi-da-covid-19-mas-e-teich-quem-pode-emparedar-planalto\/"]}]},{"@type":"ImageObject","inLanguage":"pt-BR","@id":"https:\/\/serrafm879.com.br\/serrafm\/2021\/05\/mandetta-impoe-desgaste-bolsonaro-na-cpi-da-covid-19-mas-e-teich-quem-pode-emparedar-planalto\/#primaryimage","url":"https:\/\/serrafm879.com.br\/serrafm\/wp-content\/uploads\/2020\/04\/mandeta.jpg","contentUrl":"https:\/\/serrafm879.com.br\/serrafm\/wp-content\/uploads\/2020\/04\/mandeta.jpg","width":840,"height":480},{"@type":"BreadcrumbList","@id":"https:\/\/serrafm879.com.br\/serrafm\/2021\/05\/mandetta-impoe-desgaste-bolsonaro-na-cpi-da-covid-19-mas-e-teich-quem-pode-emparedar-planalto\/#breadcrumb","itemListElement":[{"@type":"ListItem","position":1,"name":"In\u00edcio","item":"https:\/\/serrafm879.com.br\/serrafm\/"},{"@type":"ListItem","position":2,"name":"Mandetta imp\u00f5e desgaste a Bolsonaro na CPI da Covid-19, mas \u00e9 Teich quem pode emparedar Planalto"}]},{"@type":"WebSite","@id":"https:\/\/serrafm879.com.br\/serrafm\/#website","url":"https:\/\/serrafm879.com.br\/serrafm\/","name":"Serra FM 87,9","description":"O seu novo amor!","potentialAction":[{"@type":"SearchAction","target":{"@type":"EntryPoint","urlTemplate":"https:\/\/serrafm879.com.br\/serrafm\/?s={search_term_string}"},"query-input":{"@type":"PropertyValueSpecification","valueRequired":true,"valueName":"search_term_string"}}],"inLanguage":"pt-BR"},{"@type":"Person","@id":"https:\/\/serrafm879.com.br\/serrafm\/#\/schema\/person\/c028a197030ff8b1c03c68dfba4a787a","name":"serrafm87","image":{"@type":"ImageObject","inLanguage":"pt-BR","@id":"https:\/\/serrafm879.com.br\/serrafm\/#\/schema\/person\/image\/","url":"https:\/\/secure.gravatar.com\/avatar\/a743233f1112d34f48bb3dc9559b76eb930bab8b27175856cba6362608736235?s=96&d=mm&r=g","contentUrl":"https:\/\/secure.gravatar.com\/avatar\/a743233f1112d34f48bb3dc9559b76eb930bab8b27175856cba6362608736235?s=96&d=mm&r=g","caption":"serrafm87"},"sameAs":["http:\/\/serrafm879.com.br\/"],"url":"https:\/\/serrafm879.com.br\/serrafm\/author\/serrafm87\/"}]}},"jetpack_featured_media_url":"https:\/\/serrafm879.com.br\/serrafm\/wp-content\/uploads\/2020\/04\/mandeta.jpg","jetpack_shortlink":"https:\/\/wp.me\/p7HyXg-1vC","jetpack_sharing_enabled":true,"_links":{"self":[{"href":"https:\/\/serrafm879.com.br\/serrafm\/wp-json\/wp\/v2\/posts\/5804","targetHints":{"allow":["GET"]}}],"collection":[{"href":"https:\/\/serrafm879.com.br\/serrafm\/wp-json\/wp\/v2\/posts"}],"about":[{"href":"https:\/\/serrafm879.com.br\/serrafm\/wp-json\/wp\/v2\/types\/post"}],"author":[{"embeddable":true,"href":"https:\/\/serrafm879.com.br\/serrafm\/wp-json\/wp\/v2\/users\/2"}],"replies":[{"embeddable":true,"href":"https:\/\/serrafm879.com.br\/serrafm\/wp-json\/wp\/v2\/comments?post=5804"}],"version-history":[{"count":1,"href":"https:\/\/serrafm879.com.br\/serrafm\/wp-json\/wp\/v2\/posts\/5804\/revisions"}],"predecessor-version":[{"id":5805,"href":"https:\/\/serrafm879.com.br\/serrafm\/wp-json\/wp\/v2\/posts\/5804\/revisions\/5805"}],"wp:featuredmedia":[{"embeddable":true,"href":"https:\/\/serrafm879.com.br\/serrafm\/wp-json\/wp\/v2\/media\/2444"}],"wp:attachment":[{"href":"https:\/\/serrafm879.com.br\/serrafm\/wp-json\/wp\/v2\/media?parent=5804"}],"wp:term":[{"taxonomy":"category","embeddable":true,"href":"https:\/\/serrafm879.com.br\/serrafm\/wp-json\/wp\/v2\/categories?post=5804"},{"taxonomy":"post_tag","embeddable":true,"href":"https:\/\/serrafm879.com.br\/serrafm\/wp-json\/wp\/v2\/tags?post=5804"}],"curies":[{"name":"wp","href":"https:\/\/api.w.org\/{rel}","templated":true}]}}