{"id":5810,"date":"2021-05-05T04:57:05","date_gmt":"2021-05-05T07:57:05","guid":{"rendered":"https:\/?p=5810"},"modified":"2021-05-05T04:57:05","modified_gmt":"2021-05-05T07:57:05","slug":"pazuello-tinha-como-alvo-o-stf-em-depoimento-cpi-que-foi-adiado","status":"publish","type":"post","link":"https:\/\/serrafm879.com.br\/serrafm\/2021\/05\/pazuello-tinha-como-alvo-o-stf-em-depoimento-cpi-que-foi-adiado\/","title":{"rendered":"Pazuello tinha como alvo o STF em depoimento a CPI que foi adiado"},"content":{"rendered":"<p>No depoimento que faria nesta quarta-feira (05), na CPI da Covid, Eduardo Pazuello tinha como um dos principais alvos o Supremo Tribunal Federal (STF). Nos treinamentos que fez durante o fim de semana, o ex-ministro calibrou suas respostas para retirar a responsabilidade do governo Bolsonaro pelas mais de 400 mil mortes e jogar sobre a corte.<\/p>\n<p>Um dos argumentos que o general pretendia usar em sua fala \u00e9 repetido \u00e0 exaust\u00e3o pelo presidente Bolsonaro. A tese \u00e9 de que a decis\u00e3o do STF de conferir a Estados e munic\u00edpios autonomia para deliberar sobre as medidas de isolamento social teria impossibilitado que o governo federal tivesse um plano centralizado para combater a pandemia.<\/p>\n<p>Outro argumento de defesa de Pazuello mirava, especificamente, um integrante do Supremo, o ministro Lu\u00eds Roberto Barroso. Sua hist\u00f3ria \u00e9 a seguinte: Barroso, que \u00e9 presidente do Tribunal Superior Eleitoral (TSE), deveria ter atuado para impedir a realiza\u00e7\u00e3o das elei\u00e7\u00f5es municipais de 2020, porque o pleito teria sido um dos fatores que impulsionaram a segunda onda da pandemia. Barroso \u00e9 o mesmo ministro que determinou que o Senado instaurasse a CPI da Covid, ap\u00f3s acatar pedido de parlamentares.<\/p>\n<p>Integrantes do governo acreditam que esse roteiro deve ser mantido, mesmo com o adiamento do depoimento de Pazuello para o dia 19. Senadores governistas solicitaram que a fala de Pazuello ocorresse por meio de videoconfer\u00eancia, ap\u00f3s o general alegar que teve contato com infectados pela Covid-19, embora n\u00e3o tenha se furtado em circular por shopping sem o uso da m\u00e1scara. O depoimento presencial, por\u00e9m, foi remarcado, para a infelicidade do Pal\u00e1cio, que n\u00e3o tem boas expectativas sobre a ida do ex-ministro.<\/p>\n","protected":false},"excerpt":{"rendered":"<p>No depoimento que faria nesta quarta-feira (05), na CPI da Covid, Eduardo Pazuello tinha como um dos principais alvos o Supremo Tribunal Federal (STF). Nos treinamentos que fez durante o fim de semana, o ex-ministro calibrou suas respostas para retirar a responsabilidade do governo Bolsonaro pelas mais de 400 mil mortes e jogar sobre a corte. Um dos argumentos que o general pretendia usar em sua fala \u00e9 repetido \u00e0 exaust\u00e3o pelo presidente Bolsonaro. A tese \u00e9 de que a decis\u00e3o do STF de conferir a Estados e munic\u00edpios autonomia para deliberar sobre as medidas de isolamento social teria impossibilitado [&hellip;]<\/p>\n","protected":false},"author":2,"featured_media":5167,"comment_status":"open","ping_status":"open","sticky":false,"template":"","format":"standard","meta":{"_jetpack_memberships_contains_paid_content":false,"footnotes":"","jetpack_publicize_message":"","jetpack_publicize_feature_enabled":true,"jetpack_social_post_already_shared":true,"jetpack_social_options":{"image_generator_settings":{"template":"highway","enabled":false},"version":2}},"categories":[2],"tags":[],"class_list":["post-5810","post","type-post","status-publish","format-standard","has-post-thumbnail","hentry","category-noticias"],"jetpack_publicize_connections":[],"yoast_head":"<!-- This site is optimized with the Yoast SEO plugin v24.7 - https:\/\/yoast.com\/wordpress\/plugins\/seo\/ -->\n<title>Pazuello tinha como alvo o STF em depoimento a CPI que foi adiado - Serra FM 87,9<\/title>\n<meta name=\"robots\" content=\"index, follow, max-snippet:-1, max-image-preview:large, max-video-preview:-1\" \/>\n<link rel=\"canonical\" href=\"https:\/\/serrafm879.com.br\/serrafm\/2021\/05\/pazuello-tinha-como-alvo-o-stf-em-depoimento-cpi-que-foi-adiado\/\" \/>\n<meta property=\"og:locale\" content=\"pt_BR\" \/>\n<meta property=\"og:type\" content=\"article\" \/>\n<meta property=\"og:title\" content=\"Pazuello tinha como alvo o STF em depoimento a CPI que foi adiado - Serra FM 87,9\" \/>\n<meta property=\"og:description\" content=\"No depoimento que faria nesta quarta-feira (05), na CPI da Covid, Eduardo Pazuello tinha como um dos principais alvos o Supremo Tribunal Federal (STF). Nos treinamentos que fez durante o fim de semana, o ex-ministro calibrou suas respostas para retirar a responsabilidade do governo Bolsonaro pelas mais de 400 mil mortes e jogar sobre a corte. Um dos argumentos que o general pretendia usar em sua fala \u00e9 repetido \u00e0 exaust\u00e3o pelo presidente Bolsonaro. A tese \u00e9 de que a decis\u00e3o do STF de conferir a Estados e munic\u00edpios autonomia para deliberar sobre as medidas de isolamento social teria impossibilitado [&hellip;]\" \/>\n<meta property=\"og:url\" content=\"https:\/\/serrafm879.com.br\/serrafm\/2021\/05\/pazuello-tinha-como-alvo-o-stf-em-depoimento-cpi-que-foi-adiado\/\" \/>\n<meta property=\"og:site_name\" content=\"Serra FM 87,9\" \/>\n<meta property=\"article:published_time\" content=\"2021-05-05T07:57:05+00:00\" \/>\n<meta property=\"og:image\" content=\"https:\/\/serrafm879.com.br\/serrafm\/wp-content\/uploads\/2021\/03\/serrafm.jpg\" \/>\n\t<meta property=\"og:image:width\" content=\"800\" \/>\n\t<meta property=\"og:image:height\" content=\"400\" \/>\n\t<meta property=\"og:image:type\" content=\"image\/jpeg\" \/>\n<meta name=\"author\" content=\"serrafm87\" \/>\n<meta name=\"twitter:card\" content=\"summary_large_image\" \/>\n<meta name=\"twitter:label1\" content=\"Escrito por\" \/>\n\t<meta name=\"twitter:data1\" content=\"serrafm87\" \/>\n\t<meta name=\"twitter:label2\" content=\"Est. tempo de leitura\" \/>\n\t<meta name=\"twitter:data2\" content=\"1 minuto\" \/>\n<script type=\"application\/ld+json\" class=\"yoast-schema-graph\">{\"@context\":\"https:\/\/schema.org\",\"@graph\":[{\"@type\":\"WebPage\",\"@id\":\"https:\/\/serrafm879.com.br\/serrafm\/2021\/05\/pazuello-tinha-como-alvo-o-stf-em-depoimento-cpi-que-foi-adiado\/\",\"url\":\"https:\/\/serrafm879.com.br\/serrafm\/2021\/05\/pazuello-tinha-como-alvo-o-stf-em-depoimento-cpi-que-foi-adiado\/\",\"name\":\"Pazuello tinha como alvo o STF em depoimento a CPI que foi adiado - Serra FM 87,9\",\"isPartOf\":{\"@id\":\"https:\/\/serrafm879.com.br\/serrafm\/#website\"},\"primaryImageOfPage\":{\"@id\":\"https:\/\/serrafm879.com.br\/serrafm\/2021\/05\/pazuello-tinha-como-alvo-o-stf-em-depoimento-cpi-que-foi-adiado\/#primaryimage\"},\"image\":{\"@id\":\"https:\/\/serrafm879.com.br\/serrafm\/2021\/05\/pazuello-tinha-como-alvo-o-stf-em-depoimento-cpi-que-foi-adiado\/#primaryimage\"},\"thumbnailUrl\":\"https:\/\/serrafm879.com.br\/serrafm\/wp-content\/uploads\/2021\/03\/serrafm.jpg\",\"datePublished\":\"2021-05-05T07:57:05+00:00\",\"author\":{\"@id\":\"https:\/\/serrafm879.com.br\/serrafm\/#\/schema\/person\/c028a197030ff8b1c03c68dfba4a787a\"},\"breadcrumb\":{\"@id\":\"https:\/\/serrafm879.com.br\/serrafm\/2021\/05\/pazuello-tinha-como-alvo-o-stf-em-depoimento-cpi-que-foi-adiado\/#breadcrumb\"},\"inLanguage\":\"pt-BR\",\"potentialAction\":[{\"@type\":\"ReadAction\",\"target\":[\"https:\/\/serrafm879.com.br\/serrafm\/2021\/05\/pazuello-tinha-como-alvo-o-stf-em-depoimento-cpi-que-foi-adiado\/\"]}]},{\"@type\":\"ImageObject\",\"inLanguage\":\"pt-BR\",\"@id\":\"https:\/\/serrafm879.com.br\/serrafm\/2021\/05\/pazuello-tinha-como-alvo-o-stf-em-depoimento-cpi-que-foi-adiado\/#primaryimage\",\"url\":\"https:\/\/serrafm879.com.br\/serrafm\/wp-content\/uploads\/2021\/03\/serrafm.jpg\",\"contentUrl\":\"https:\/\/serrafm879.com.br\/serrafm\/wp-content\/uploads\/2021\/03\/serrafm.jpg\",\"width\":800,\"height\":400},{\"@type\":\"BreadcrumbList\",\"@id\":\"https:\/\/serrafm879.com.br\/serrafm\/2021\/05\/pazuello-tinha-como-alvo-o-stf-em-depoimento-cpi-que-foi-adiado\/#breadcrumb\",\"itemListElement\":[{\"@type\":\"ListItem\",\"position\":1,\"name\":\"In\u00edcio\",\"item\":\"https:\/\/serrafm879.com.br\/serrafm\/\"},{\"@type\":\"ListItem\",\"position\":2,\"name\":\"Pazuello tinha como alvo o STF em depoimento a CPI que foi adiado\"}]},{\"@type\":\"WebSite\",\"@id\":\"https:\/\/serrafm879.com.br\/serrafm\/#website\",\"url\":\"https:\/\/serrafm879.com.br\/serrafm\/\",\"name\":\"Serra FM 87,9\",\"description\":\"O seu novo amor!\",\"potentialAction\":[{\"@type\":\"SearchAction\",\"target\":{\"@type\":\"EntryPoint\",\"urlTemplate\":\"https:\/\/serrafm879.com.br\/serrafm\/?s={search_term_string}\"},\"query-input\":{\"@type\":\"PropertyValueSpecification\",\"valueRequired\":true,\"valueName\":\"search_term_string\"}}],\"inLanguage\":\"pt-BR\"},{\"@type\":\"Person\",\"@id\":\"https:\/\/serrafm879.com.br\/serrafm\/#\/schema\/person\/c028a197030ff8b1c03c68dfba4a787a\",\"name\":\"serrafm87\",\"image\":{\"@type\":\"ImageObject\",\"inLanguage\":\"pt-BR\",\"@id\":\"https:\/\/serrafm879.com.br\/serrafm\/#\/schema\/person\/image\/\",\"url\":\"https:\/\/secure.gravatar.com\/avatar\/a743233f1112d34f48bb3dc9559b76eb930bab8b27175856cba6362608736235?s=96&d=mm&r=g\",\"contentUrl\":\"https:\/\/secure.gravatar.com\/avatar\/a743233f1112d34f48bb3dc9559b76eb930bab8b27175856cba6362608736235?s=96&d=mm&r=g\",\"caption\":\"serrafm87\"},\"sameAs\":[\"http:\/\/serrafm879.com.br\/\"],\"url\":\"https:\/\/serrafm879.com.br\/serrafm\/author\/serrafm87\/\"}]}<\/script>\n<!-- \/ Yoast SEO plugin. -->","yoast_head_json":{"title":"Pazuello tinha como alvo o STF em depoimento a CPI que foi adiado - Serra FM 87,9","robots":{"index":"index","follow":"follow","max-snippet":"max-snippet:-1","max-image-preview":"max-image-preview:large","max-video-preview":"max-video-preview:-1"},"canonical":"https:\/\/serrafm879.com.br\/serrafm\/2021\/05\/pazuello-tinha-como-alvo-o-stf-em-depoimento-cpi-que-foi-adiado\/","og_locale":"pt_BR","og_type":"article","og_title":"Pazuello tinha como alvo o STF em depoimento a CPI que foi adiado - Serra FM 87,9","og_description":"No depoimento que faria nesta quarta-feira (05), na CPI da Covid, Eduardo Pazuello tinha como um dos principais alvos o Supremo Tribunal Federal (STF). Nos treinamentos que fez durante o fim de semana, o ex-ministro calibrou suas respostas para retirar a responsabilidade do governo Bolsonaro pelas mais de 400 mil mortes e jogar sobre a corte. Um dos argumentos que o general pretendia usar em sua fala \u00e9 repetido \u00e0 exaust\u00e3o pelo presidente Bolsonaro. A tese \u00e9 de que a decis\u00e3o do STF de conferir a Estados e munic\u00edpios autonomia para deliberar sobre as medidas de isolamento social teria impossibilitado [&hellip;]","og_url":"https:\/\/serrafm879.com.br\/serrafm\/2021\/05\/pazuello-tinha-como-alvo-o-stf-em-depoimento-cpi-que-foi-adiado\/","og_site_name":"Serra FM 87,9","article_published_time":"2021-05-05T07:57:05+00:00","og_image":[{"width":800,"height":400,"url":"https:\/\/serrafm879.com.br\/serrafm\/wp-content\/uploads\/2021\/03\/serrafm.jpg","type":"image\/jpeg"}],"author":"serrafm87","twitter_card":"summary_large_image","twitter_misc":{"Escrito por":"serrafm87","Est. tempo de leitura":"1 minuto"},"schema":{"@context":"https:\/\/schema.org","@graph":[{"@type":"WebPage","@id":"https:\/\/serrafm879.com.br\/serrafm\/2021\/05\/pazuello-tinha-como-alvo-o-stf-em-depoimento-cpi-que-foi-adiado\/","url":"https:\/\/serrafm879.com.br\/serrafm\/2021\/05\/pazuello-tinha-como-alvo-o-stf-em-depoimento-cpi-que-foi-adiado\/","name":"Pazuello tinha como alvo o STF em depoimento a CPI que foi adiado - Serra FM 87,9","isPartOf":{"@id":"https:\/\/serrafm879.com.br\/serrafm\/#website"},"primaryImageOfPage":{"@id":"https:\/\/serrafm879.com.br\/serrafm\/2021\/05\/pazuello-tinha-como-alvo-o-stf-em-depoimento-cpi-que-foi-adiado\/#primaryimage"},"image":{"@id":"https:\/\/serrafm879.com.br\/serrafm\/2021\/05\/pazuello-tinha-como-alvo-o-stf-em-depoimento-cpi-que-foi-adiado\/#primaryimage"},"thumbnailUrl":"https:\/\/serrafm879.com.br\/serrafm\/wp-content\/uploads\/2021\/03\/serrafm.jpg","datePublished":"2021-05-05T07:57:05+00:00","author":{"@id":"https:\/\/serrafm879.com.br\/serrafm\/#\/schema\/person\/c028a197030ff8b1c03c68dfba4a787a"},"breadcrumb":{"@id":"https:\/\/serrafm879.com.br\/serrafm\/2021\/05\/pazuello-tinha-como-alvo-o-stf-em-depoimento-cpi-que-foi-adiado\/#breadcrumb"},"inLanguage":"pt-BR","potentialAction":[{"@type":"ReadAction","target":["https:\/\/serrafm879.com.br\/serrafm\/2021\/05\/pazuello-tinha-como-alvo-o-stf-em-depoimento-cpi-que-foi-adiado\/"]}]},{"@type":"ImageObject","inLanguage":"pt-BR","@id":"https:\/\/serrafm879.com.br\/serrafm\/2021\/05\/pazuello-tinha-como-alvo-o-stf-em-depoimento-cpi-que-foi-adiado\/#primaryimage","url":"https:\/\/serrafm879.com.br\/serrafm\/wp-content\/uploads\/2021\/03\/serrafm.jpg","contentUrl":"https:\/\/serrafm879.com.br\/serrafm\/wp-content\/uploads\/2021\/03\/serrafm.jpg","width":800,"height":400},{"@type":"BreadcrumbList","@id":"https:\/\/serrafm879.com.br\/serrafm\/2021\/05\/pazuello-tinha-como-alvo-o-stf-em-depoimento-cpi-que-foi-adiado\/#breadcrumb","itemListElement":[{"@type":"ListItem","position":1,"name":"In\u00edcio","item":"https:\/\/serrafm879.com.br\/serrafm\/"},{"@type":"ListItem","position":2,"name":"Pazuello tinha como alvo o STF em depoimento a CPI que foi adiado"}]},{"@type":"WebSite","@id":"https:\/\/serrafm879.com.br\/serrafm\/#website","url":"https:\/\/serrafm879.com.br\/serrafm\/","name":"Serra FM 87,9","description":"O seu novo amor!","potentialAction":[{"@type":"SearchAction","target":{"@type":"EntryPoint","urlTemplate":"https:\/\/serrafm879.com.br\/serrafm\/?s={search_term_string}"},"query-input":{"@type":"PropertyValueSpecification","valueRequired":true,"valueName":"search_term_string"}}],"inLanguage":"pt-BR"},{"@type":"Person","@id":"https:\/\/serrafm879.com.br\/serrafm\/#\/schema\/person\/c028a197030ff8b1c03c68dfba4a787a","name":"serrafm87","image":{"@type":"ImageObject","inLanguage":"pt-BR","@id":"https:\/\/serrafm879.com.br\/serrafm\/#\/schema\/person\/image\/","url":"https:\/\/secure.gravatar.com\/avatar\/a743233f1112d34f48bb3dc9559b76eb930bab8b27175856cba6362608736235?s=96&d=mm&r=g","contentUrl":"https:\/\/secure.gravatar.com\/avatar\/a743233f1112d34f48bb3dc9559b76eb930bab8b27175856cba6362608736235?s=96&d=mm&r=g","caption":"serrafm87"},"sameAs":["http:\/\/serrafm879.com.br\/"],"url":"https:\/\/serrafm879.com.br\/serrafm\/author\/serrafm87\/"}]}},"jetpack_featured_media_url":"https:\/\/serrafm879.com.br\/serrafm\/wp-content\/uploads\/2021\/03\/serrafm.jpg","jetpack_shortlink":"https:\/\/wp.me\/p7HyXg-1vI","jetpack_sharing_enabled":true,"_links":{"self":[{"href":"https:\/\/serrafm879.com.br\/serrafm\/wp-json\/wp\/v2\/posts\/5810","targetHints":{"allow":["GET"]}}],"collection":[{"href":"https:\/\/serrafm879.com.br\/serrafm\/wp-json\/wp\/v2\/posts"}],"about":[{"href":"https:\/\/serrafm879.com.br\/serrafm\/wp-json\/wp\/v2\/types\/post"}],"author":[{"embeddable":true,"href":"https:\/\/serrafm879.com.br\/serrafm\/wp-json\/wp\/v2\/users\/2"}],"replies":[{"embeddable":true,"href":"https:\/\/serrafm879.com.br\/serrafm\/wp-json\/wp\/v2\/comments?post=5810"}],"version-history":[{"count":1,"href":"https:\/\/serrafm879.com.br\/serrafm\/wp-json\/wp\/v2\/posts\/5810\/revisions"}],"predecessor-version":[{"id":5811,"href":"https:\/\/serrafm879.com.br\/serrafm\/wp-json\/wp\/v2\/posts\/5810\/revisions\/5811"}],"wp:featuredmedia":[{"embeddable":true,"href":"https:\/\/serrafm879.com.br\/serrafm\/wp-json\/wp\/v2\/media\/5167"}],"wp:attachment":[{"href":"https:\/\/serrafm879.com.br\/serrafm\/wp-json\/wp\/v2\/media?parent=5810"}],"wp:term":[{"taxonomy":"category","embeddable":true,"href":"https:\/\/serrafm879.com.br\/serrafm\/wp-json\/wp\/v2\/categories?post=5810"},{"taxonomy":"post_tag","embeddable":true,"href":"https:\/\/serrafm879.com.br\/serrafm\/wp-json\/wp\/v2\/tags?post=5810"}],"curies":[{"name":"wp","href":"https:\/\/api.w.org\/{rel}","templated":true}]}}