{"id":5822,"date":"2021-05-08T05:16:19","date_gmt":"2021-05-08T08:16:19","guid":{"rendered":"https:\/?p=5822"},"modified":"2021-05-08T05:16:19","modified_gmt":"2021-05-08T08:16:19","slug":"doencas-associadas-sindrome-pos-covid-19-vao-ampliar-busca-por-saude-publica","status":"publish","type":"post","link":"https:\/\/serrafm879.com.br\/serrafm\/2021\/05\/doencas-associadas-sindrome-pos-covid-19-vao-ampliar-busca-por-saude-publica\/","title":{"rendered":"Doen\u00e7as associadas \u00e0 s\u00edndrome p\u00f3s-Covid-19 v\u00e3o ampliar busca por sa\u00fade p\u00fablica"},"content":{"rendered":"<p>As v\u00e1rias\u00a0sequelas neurol\u00f3gicas, card\u00edacas, pulmonares, renais e metab\u00f3licas observadas em pessoas diagnosticadas com Covid-19, o que cientistas est\u00e3o chamando de\u00a0Covid longa ou s\u00edndrome p\u00f3s-Covid, devem se tornar um desafio para os sistemas de sa\u00fade de todo o mundo.<\/p>\n<p>Isso porque a s\u00edndrome caracterizada por um conjunto de sinais e sintomas que\u00a0podem persistir\u00a0por mais de tr\u00eas meses ap\u00f3s o diagn\u00f3stico da Covid-19 leva \u00e0 necessidade de tratamentos e reabilita\u00e7\u00e3o \u2013 tempor\u00e1rios ou vital\u00edcios.<\/p>\n<p>Uma pesquisa publicada na\u00a0revista Nature\u00a0em abril indica que a Covid longa dever\u00e1 ter um grande impacto no sistema de sa\u00fade dos\u00a0Estados Unidos\u00a0(EUA) nos pr\u00f3ximos anos. O levantamento realizado pela Universidade de Washington, nos EUA, com 87 mil pessoas infectadas pelo novo coronav\u00edrus, confirmou que, apesar de ser inicialmente um v\u00edrus respirat\u00f3rio, as sequelas do Sars-CoV-2 podem afetar quase todos os sistemas org\u00e2nicos do corpo.<\/p>\n<p>Os autores avaliaram 379 diagn\u00f3sticos de doen\u00e7as possivelmente relacionadas \u00e0 Covid-19 nos EUA. Para esses pacientes, foram prescritas 380 classes de medicamentos e realizados 62 tipos de exames laboratoriais. Diante de tal propor\u00e7\u00e3o, o coordenador do estudo, Ziyad Al-Aly, escreveu que \u201cn\u00e3o \u00e9 exagero dizer que as consequ\u00eancias de longo prazo da Covid-19 para a sa\u00fade ser\u00e3o a pr\u00f3xima grande crise de sa\u00fade dos Estados Unidos\u201d.<\/p>\n<p>Outro estudo sobre Covid longa feito com 47 mil pacientes do NHS, o sistema p\u00fablico de sa\u00fade do Reino Unido, mostrou que quase um ter\u00e7o dos pacientes com Covid-19 que haviam sido internados com a doen\u00e7a foram readmitidos ao hospital, e um em cada dez morreu em virtude de sequelas causadas pela infec\u00e7\u00e3o.<\/p>\n<p>A pesquisa ressaltou a necessidade de\u00a0tratamentos multidisciplinares. \u201cO diagn\u00f3stico, o tratamento e a preven\u00e7\u00e3o da s\u00edndrome p\u00f3s-Covid requerem abordagens integradas em vez de abordagens espec\u00edficas de \u00f3rg\u00e3os ou doen\u00e7as\u201d, destacou o documento assinado por Daniel Ayoubkhani, estat\u00edstico do Escrit\u00f3rio de Estat\u00edsticas Nacionais (ONS) do Reino Unido.<\/p>\n<p><strong>Impactos no Brasil<\/strong><\/p>\n<p>Ainda n\u00e3o h\u00e1 dados sobre as consequ\u00eancias da s\u00edndrome p\u00f3s-Covid no Brasil, mas especialistas consultados pela CNN acreditam que ela pode sobrecarregar ainda mais o Sistema \u00danico de Sa\u00fade (SUS), \u201cque j\u00e1 sofre com falta de leitos, de profissionais e de equipamentos\u201d, afirma a epidemiologista Gulnar Azevedo e Silva, presidente da Associa\u00e7\u00e3o Brasileira de Sa\u00fade Coletiva (Abrasco).<\/p>\n<p>Fonte: CNN<\/p>\n","protected":false},"excerpt":{"rendered":"<p>As v\u00e1rias\u00a0sequelas neurol\u00f3gicas, card\u00edacas, pulmonares, renais e metab\u00f3licas observadas em pessoas diagnosticadas com Covid-19, o que cientistas est\u00e3o chamando de\u00a0Covid longa ou s\u00edndrome p\u00f3s-Covid, devem se tornar um desafio para os sistemas de sa\u00fade de todo o mundo. Isso porque a s\u00edndrome caracterizada por um conjunto de sinais e sintomas que\u00a0podem persistir\u00a0por mais de tr\u00eas meses ap\u00f3s o diagn\u00f3stico da Covid-19 leva \u00e0 necessidade de tratamentos e reabilita\u00e7\u00e3o \u2013 tempor\u00e1rios ou vital\u00edcios. Uma pesquisa publicada na\u00a0revista Nature\u00a0em abril indica que a Covid longa dever\u00e1 ter um grande impacto no sistema de sa\u00fade dos\u00a0Estados Unidos\u00a0(EUA) nos pr\u00f3ximos anos. O levantamento realizado [&hellip;]<\/p>\n","protected":false},"author":2,"featured_media":2338,"comment_status":"open","ping_status":"open","sticky":false,"template":"","format":"standard","meta":{"_jetpack_memberships_contains_paid_content":false,"footnotes":"","jetpack_publicize_message":"","jetpack_publicize_feature_enabled":true,"jetpack_social_post_already_shared":true,"jetpack_social_options":{"image_generator_settings":{"template":"highway","enabled":false},"version":2}},"categories":[2],"tags":[],"class_list":["post-5822","post","type-post","status-publish","format-standard","has-post-thumbnail","hentry","category-noticias"],"jetpack_publicize_connections":[],"yoast_head":"<!-- This site is optimized with the Yoast SEO plugin v24.7 - https:\/\/yoast.com\/wordpress\/plugins\/seo\/ -->\n<title>Doen\u00e7as associadas \u00e0 s\u00edndrome p\u00f3s-Covid-19 v\u00e3o ampliar busca por sa\u00fade p\u00fablica - Serra FM 87,9<\/title>\n<meta name=\"robots\" content=\"index, follow, max-snippet:-1, max-image-preview:large, max-video-preview:-1\" \/>\n<link rel=\"canonical\" href=\"https:\/\/serrafm879.com.br\/serrafm\/2021\/05\/doencas-associadas-sindrome-pos-covid-19-vao-ampliar-busca-por-saude-publica\/\" \/>\n<meta property=\"og:locale\" content=\"pt_BR\" \/>\n<meta property=\"og:type\" content=\"article\" \/>\n<meta property=\"og:title\" content=\"Doen\u00e7as associadas \u00e0 s\u00edndrome p\u00f3s-Covid-19 v\u00e3o ampliar busca por sa\u00fade p\u00fablica - Serra FM 87,9\" \/>\n<meta property=\"og:description\" content=\"As v\u00e1rias\u00a0sequelas neurol\u00f3gicas, card\u00edacas, pulmonares, renais e metab\u00f3licas observadas em pessoas diagnosticadas com Covid-19, o que cientistas est\u00e3o chamando de\u00a0Covid longa ou s\u00edndrome p\u00f3s-Covid, devem se tornar um desafio para os sistemas de sa\u00fade de todo o mundo. Isso porque a s\u00edndrome caracterizada por um conjunto de sinais e sintomas que\u00a0podem persistir\u00a0por mais de tr\u00eas meses ap\u00f3s o diagn\u00f3stico da Covid-19 leva \u00e0 necessidade de tratamentos e reabilita\u00e7\u00e3o \u2013 tempor\u00e1rios ou vital\u00edcios. Uma pesquisa publicada na\u00a0revista Nature\u00a0em abril indica que a Covid longa dever\u00e1 ter um grande impacto no sistema de sa\u00fade dos\u00a0Estados Unidos\u00a0(EUA) nos pr\u00f3ximos anos. O levantamento realizado [&hellip;]\" \/>\n<meta property=\"og:url\" content=\"https:\/\/serrafm879.com.br\/serrafm\/2021\/05\/doencas-associadas-sindrome-pos-covid-19-vao-ampliar-busca-por-saude-publica\/\" \/>\n<meta property=\"og:site_name\" content=\"Serra FM 87,9\" \/>\n<meta property=\"article:published_time\" content=\"2021-05-08T08:16:19+00:00\" \/>\n<meta property=\"og:image\" content=\"https:\/\/serrafm879.com.br\/serrafm\/wp-content\/uploads\/2020\/03\/covid19ne.jpg\" \/>\n\t<meta property=\"og:image:width\" content=\"750\" \/>\n\t<meta property=\"og:image:height\" content=\"498\" \/>\n\t<meta property=\"og:image:type\" content=\"image\/jpeg\" \/>\n<meta name=\"author\" content=\"serrafm87\" \/>\n<meta name=\"twitter:card\" content=\"summary_large_image\" \/>\n<meta name=\"twitter:label1\" content=\"Escrito por\" \/>\n\t<meta name=\"twitter:data1\" content=\"serrafm87\" \/>\n\t<meta name=\"twitter:label2\" content=\"Est. tempo de leitura\" \/>\n\t<meta name=\"twitter:data2\" content=\"2 minutos\" \/>\n<script type=\"application\/ld+json\" class=\"yoast-schema-graph\">{\"@context\":\"https:\/\/schema.org\",\"@graph\":[{\"@type\":\"WebPage\",\"@id\":\"https:\/\/serrafm879.com.br\/serrafm\/2021\/05\/doencas-associadas-sindrome-pos-covid-19-vao-ampliar-busca-por-saude-publica\/\",\"url\":\"https:\/\/serrafm879.com.br\/serrafm\/2021\/05\/doencas-associadas-sindrome-pos-covid-19-vao-ampliar-busca-por-saude-publica\/\",\"name\":\"Doen\u00e7as associadas \u00e0 s\u00edndrome p\u00f3s-Covid-19 v\u00e3o ampliar busca por sa\u00fade p\u00fablica - Serra FM 87,9\",\"isPartOf\":{\"@id\":\"https:\/\/serrafm879.com.br\/serrafm\/#website\"},\"primaryImageOfPage\":{\"@id\":\"https:\/\/serrafm879.com.br\/serrafm\/2021\/05\/doencas-associadas-sindrome-pos-covid-19-vao-ampliar-busca-por-saude-publica\/#primaryimage\"},\"image\":{\"@id\":\"https:\/\/serrafm879.com.br\/serrafm\/2021\/05\/doencas-associadas-sindrome-pos-covid-19-vao-ampliar-busca-por-saude-publica\/#primaryimage\"},\"thumbnailUrl\":\"https:\/\/serrafm879.com.br\/serrafm\/wp-content\/uploads\/2020\/03\/covid19ne.jpg\",\"datePublished\":\"2021-05-08T08:16:19+00:00\",\"author\":{\"@id\":\"https:\/\/serrafm879.com.br\/serrafm\/#\/schema\/person\/c028a197030ff8b1c03c68dfba4a787a\"},\"breadcrumb\":{\"@id\":\"https:\/\/serrafm879.com.br\/serrafm\/2021\/05\/doencas-associadas-sindrome-pos-covid-19-vao-ampliar-busca-por-saude-publica\/#breadcrumb\"},\"inLanguage\":\"pt-BR\",\"potentialAction\":[{\"@type\":\"ReadAction\",\"target\":[\"https:\/\/serrafm879.com.br\/serrafm\/2021\/05\/doencas-associadas-sindrome-pos-covid-19-vao-ampliar-busca-por-saude-publica\/\"]}]},{\"@type\":\"ImageObject\",\"inLanguage\":\"pt-BR\",\"@id\":\"https:\/\/serrafm879.com.br\/serrafm\/2021\/05\/doencas-associadas-sindrome-pos-covid-19-vao-ampliar-busca-por-saude-publica\/#primaryimage\",\"url\":\"https:\/\/serrafm879.com.br\/serrafm\/wp-content\/uploads\/2020\/03\/covid19ne.jpg\",\"contentUrl\":\"https:\/\/serrafm879.com.br\/serrafm\/wp-content\/uploads\/2020\/03\/covid19ne.jpg\",\"width\":750,\"height\":498},{\"@type\":\"BreadcrumbList\",\"@id\":\"https:\/\/serrafm879.com.br\/serrafm\/2021\/05\/doencas-associadas-sindrome-pos-covid-19-vao-ampliar-busca-por-saude-publica\/#breadcrumb\",\"itemListElement\":[{\"@type\":\"ListItem\",\"position\":1,\"name\":\"In\u00edcio\",\"item\":\"https:\/\/serrafm879.com.br\/serrafm\/\"},{\"@type\":\"ListItem\",\"position\":2,\"name\":\"Doen\u00e7as associadas \u00e0 s\u00edndrome p\u00f3s-Covid-19 v\u00e3o ampliar busca por sa\u00fade p\u00fablica\"}]},{\"@type\":\"WebSite\",\"@id\":\"https:\/\/serrafm879.com.br\/serrafm\/#website\",\"url\":\"https:\/\/serrafm879.com.br\/serrafm\/\",\"name\":\"Serra FM 87,9\",\"description\":\"O seu novo amor!\",\"potentialAction\":[{\"@type\":\"SearchAction\",\"target\":{\"@type\":\"EntryPoint\",\"urlTemplate\":\"https:\/\/serrafm879.com.br\/serrafm\/?s={search_term_string}\"},\"query-input\":{\"@type\":\"PropertyValueSpecification\",\"valueRequired\":true,\"valueName\":\"search_term_string\"}}],\"inLanguage\":\"pt-BR\"},{\"@type\":\"Person\",\"@id\":\"https:\/\/serrafm879.com.br\/serrafm\/#\/schema\/person\/c028a197030ff8b1c03c68dfba4a787a\",\"name\":\"serrafm87\",\"image\":{\"@type\":\"ImageObject\",\"inLanguage\":\"pt-BR\",\"@id\":\"https:\/\/serrafm879.com.br\/serrafm\/#\/schema\/person\/image\/\",\"url\":\"https:\/\/secure.gravatar.com\/avatar\/a743233f1112d34f48bb3dc9559b76eb930bab8b27175856cba6362608736235?s=96&d=mm&r=g\",\"contentUrl\":\"https:\/\/secure.gravatar.com\/avatar\/a743233f1112d34f48bb3dc9559b76eb930bab8b27175856cba6362608736235?s=96&d=mm&r=g\",\"caption\":\"serrafm87\"},\"sameAs\":[\"http:\/\/serrafm879.com.br\/\"],\"url\":\"https:\/\/serrafm879.com.br\/serrafm\/author\/serrafm87\/\"}]}<\/script>\n<!-- \/ Yoast SEO plugin. -->","yoast_head_json":{"title":"Doen\u00e7as associadas \u00e0 s\u00edndrome p\u00f3s-Covid-19 v\u00e3o ampliar busca por sa\u00fade p\u00fablica - Serra FM 87,9","robots":{"index":"index","follow":"follow","max-snippet":"max-snippet:-1","max-image-preview":"max-image-preview:large","max-video-preview":"max-video-preview:-1"},"canonical":"https:\/\/serrafm879.com.br\/serrafm\/2021\/05\/doencas-associadas-sindrome-pos-covid-19-vao-ampliar-busca-por-saude-publica\/","og_locale":"pt_BR","og_type":"article","og_title":"Doen\u00e7as associadas \u00e0 s\u00edndrome p\u00f3s-Covid-19 v\u00e3o ampliar busca por sa\u00fade p\u00fablica - Serra FM 87,9","og_description":"As v\u00e1rias\u00a0sequelas neurol\u00f3gicas, card\u00edacas, pulmonares, renais e metab\u00f3licas observadas em pessoas diagnosticadas com Covid-19, o que cientistas est\u00e3o chamando de\u00a0Covid longa ou s\u00edndrome p\u00f3s-Covid, devem se tornar um desafio para os sistemas de sa\u00fade de todo o mundo. Isso porque a s\u00edndrome caracterizada por um conjunto de sinais e sintomas que\u00a0podem persistir\u00a0por mais de tr\u00eas meses ap\u00f3s o diagn\u00f3stico da Covid-19 leva \u00e0 necessidade de tratamentos e reabilita\u00e7\u00e3o \u2013 tempor\u00e1rios ou vital\u00edcios. Uma pesquisa publicada na\u00a0revista Nature\u00a0em abril indica que a Covid longa dever\u00e1 ter um grande impacto no sistema de sa\u00fade dos\u00a0Estados Unidos\u00a0(EUA) nos pr\u00f3ximos anos. O levantamento realizado [&hellip;]","og_url":"https:\/\/serrafm879.com.br\/serrafm\/2021\/05\/doencas-associadas-sindrome-pos-covid-19-vao-ampliar-busca-por-saude-publica\/","og_site_name":"Serra FM 87,9","article_published_time":"2021-05-08T08:16:19+00:00","og_image":[{"width":750,"height":498,"url":"https:\/\/serrafm879.com.br\/serrafm\/wp-content\/uploads\/2020\/03\/covid19ne.jpg","type":"image\/jpeg"}],"author":"serrafm87","twitter_card":"summary_large_image","twitter_misc":{"Escrito por":"serrafm87","Est. tempo de leitura":"2 minutos"},"schema":{"@context":"https:\/\/schema.org","@graph":[{"@type":"WebPage","@id":"https:\/\/serrafm879.com.br\/serrafm\/2021\/05\/doencas-associadas-sindrome-pos-covid-19-vao-ampliar-busca-por-saude-publica\/","url":"https:\/\/serrafm879.com.br\/serrafm\/2021\/05\/doencas-associadas-sindrome-pos-covid-19-vao-ampliar-busca-por-saude-publica\/","name":"Doen\u00e7as associadas \u00e0 s\u00edndrome p\u00f3s-Covid-19 v\u00e3o ampliar busca por sa\u00fade p\u00fablica - Serra FM 87,9","isPartOf":{"@id":"https:\/\/serrafm879.com.br\/serrafm\/#website"},"primaryImageOfPage":{"@id":"https:\/\/serrafm879.com.br\/serrafm\/2021\/05\/doencas-associadas-sindrome-pos-covid-19-vao-ampliar-busca-por-saude-publica\/#primaryimage"},"image":{"@id":"https:\/\/serrafm879.com.br\/serrafm\/2021\/05\/doencas-associadas-sindrome-pos-covid-19-vao-ampliar-busca-por-saude-publica\/#primaryimage"},"thumbnailUrl":"https:\/\/serrafm879.com.br\/serrafm\/wp-content\/uploads\/2020\/03\/covid19ne.jpg","datePublished":"2021-05-08T08:16:19+00:00","author":{"@id":"https:\/\/serrafm879.com.br\/serrafm\/#\/schema\/person\/c028a197030ff8b1c03c68dfba4a787a"},"breadcrumb":{"@id":"https:\/\/serrafm879.com.br\/serrafm\/2021\/05\/doencas-associadas-sindrome-pos-covid-19-vao-ampliar-busca-por-saude-publica\/#breadcrumb"},"inLanguage":"pt-BR","potentialAction":[{"@type":"ReadAction","target":["https:\/\/serrafm879.com.br\/serrafm\/2021\/05\/doencas-associadas-sindrome-pos-covid-19-vao-ampliar-busca-por-saude-publica\/"]}]},{"@type":"ImageObject","inLanguage":"pt-BR","@id":"https:\/\/serrafm879.com.br\/serrafm\/2021\/05\/doencas-associadas-sindrome-pos-covid-19-vao-ampliar-busca-por-saude-publica\/#primaryimage","url":"https:\/\/serrafm879.com.br\/serrafm\/wp-content\/uploads\/2020\/03\/covid19ne.jpg","contentUrl":"https:\/\/serrafm879.com.br\/serrafm\/wp-content\/uploads\/2020\/03\/covid19ne.jpg","width":750,"height":498},{"@type":"BreadcrumbList","@id":"https:\/\/serrafm879.com.br\/serrafm\/2021\/05\/doencas-associadas-sindrome-pos-covid-19-vao-ampliar-busca-por-saude-publica\/#breadcrumb","itemListElement":[{"@type":"ListItem","position":1,"name":"In\u00edcio","item":"https:\/\/serrafm879.com.br\/serrafm\/"},{"@type":"ListItem","position":2,"name":"Doen\u00e7as associadas \u00e0 s\u00edndrome p\u00f3s-Covid-19 v\u00e3o ampliar busca por sa\u00fade p\u00fablica"}]},{"@type":"WebSite","@id":"https:\/\/serrafm879.com.br\/serrafm\/#website","url":"https:\/\/serrafm879.com.br\/serrafm\/","name":"Serra FM 87,9","description":"O seu novo amor!","potentialAction":[{"@type":"SearchAction","target":{"@type":"EntryPoint","urlTemplate":"https:\/\/serrafm879.com.br\/serrafm\/?s={search_term_string}"},"query-input":{"@type":"PropertyValueSpecification","valueRequired":true,"valueName":"search_term_string"}}],"inLanguage":"pt-BR"},{"@type":"Person","@id":"https:\/\/serrafm879.com.br\/serrafm\/#\/schema\/person\/c028a197030ff8b1c03c68dfba4a787a","name":"serrafm87","image":{"@type":"ImageObject","inLanguage":"pt-BR","@id":"https:\/\/serrafm879.com.br\/serrafm\/#\/schema\/person\/image\/","url":"https:\/\/secure.gravatar.com\/avatar\/a743233f1112d34f48bb3dc9559b76eb930bab8b27175856cba6362608736235?s=96&d=mm&r=g","contentUrl":"https:\/\/secure.gravatar.com\/avatar\/a743233f1112d34f48bb3dc9559b76eb930bab8b27175856cba6362608736235?s=96&d=mm&r=g","caption":"serrafm87"},"sameAs":["http:\/\/serrafm879.com.br\/"],"url":"https:\/\/serrafm879.com.br\/serrafm\/author\/serrafm87\/"}]}},"jetpack_featured_media_url":"https:\/\/serrafm879.com.br\/serrafm\/wp-content\/uploads\/2020\/03\/covid19ne.jpg","jetpack_shortlink":"https:\/\/wp.me\/p7HyXg-1vU","jetpack_sharing_enabled":true,"_links":{"self":[{"href":"https:\/\/serrafm879.com.br\/serrafm\/wp-json\/wp\/v2\/posts\/5822","targetHints":{"allow":["GET"]}}],"collection":[{"href":"https:\/\/serrafm879.com.br\/serrafm\/wp-json\/wp\/v2\/posts"}],"about":[{"href":"https:\/\/serrafm879.com.br\/serrafm\/wp-json\/wp\/v2\/types\/post"}],"author":[{"embeddable":true,"href":"https:\/\/serrafm879.com.br\/serrafm\/wp-json\/wp\/v2\/users\/2"}],"replies":[{"embeddable":true,"href":"https:\/\/serrafm879.com.br\/serrafm\/wp-json\/wp\/v2\/comments?post=5822"}],"version-history":[{"count":1,"href":"https:\/\/serrafm879.com.br\/serrafm\/wp-json\/wp\/v2\/posts\/5822\/revisions"}],"predecessor-version":[{"id":5823,"href":"https:\/\/serrafm879.com.br\/serrafm\/wp-json\/wp\/v2\/posts\/5822\/revisions\/5823"}],"wp:featuredmedia":[{"embeddable":true,"href":"https:\/\/serrafm879.com.br\/serrafm\/wp-json\/wp\/v2\/media\/2338"}],"wp:attachment":[{"href":"https:\/\/serrafm879.com.br\/serrafm\/wp-json\/wp\/v2\/media?parent=5822"}],"wp:term":[{"taxonomy":"category","embeddable":true,"href":"https:\/\/serrafm879.com.br\/serrafm\/wp-json\/wp\/v2\/categories?post=5822"},{"taxonomy":"post_tag","embeddable":true,"href":"https:\/\/serrafm879.com.br\/serrafm\/wp-json\/wp\/v2\/tags?post=5822"}],"curies":[{"name":"wp","href":"https:\/\/api.w.org\/{rel}","templated":true}]}}