{"id":5828,"date":"2021-05-08T07:04:28","date_gmt":"2021-05-08T10:04:28","guid":{"rendered":"https:\/?p=5828"},"modified":"2021-05-08T07:04:28","modified_gmt":"2021-05-08T10:04:28","slug":"camara-de-vereadores-de-solidao-suspende-sessoes-ordinarias-por-10-dias","status":"publish","type":"post","link":"https:\/\/serrafm879.com.br\/serrafm\/2021\/05\/camara-de-vereadores-de-solidao-suspende-sessoes-ordinarias-por-10-dias\/","title":{"rendered":"C\u00e2mara de Vereadores de Solid\u00e3o suspende sess\u00f5es ordin\u00e1rias por 10 dias"},"content":{"rendered":"<p>A presidente da C\u00e2mara de Vereadores de Solid\u00e3o, Adriana de Lima, suspendeu a realiza\u00e7\u00e3o de sess\u00f5es ordin\u00e1rias pelo per\u00edodo de 10 dias.<\/p>\n<p>De acordo com Adriana, a suspens\u00e3o das sess\u00f5es ocorre devido o aumento significativo no n\u00famero de casos positivos da Cavid-19 no munic\u00edpio. \u201cAgradecemos a compreens\u00e3o de todos e refor\u00e7amos a popula\u00e7\u00e3o que mantenha todos os cuidados necess\u00e1rios contra o coronav\u00edrus\u201d, ressaltou.<\/p>\n<p>Durante o per\u00edodo de suspens\u00e3o das sess\u00f5es, os servidores da casa desempenhar\u00e3o as fun\u00e7\u00f5es remotamente.<\/p>\n","protected":false},"excerpt":{"rendered":"<p>A presidente da C\u00e2mara de Vereadores de Solid\u00e3o, Adriana de Lima, suspendeu a realiza\u00e7\u00e3o de sess\u00f5es ordin\u00e1rias pelo per\u00edodo de 10 dias. De acordo com Adriana, a suspens\u00e3o das sess\u00f5es ocorre devido o aumento significativo no n\u00famero de casos positivos da Cavid-19 no munic\u00edpio. \u201cAgradecemos a compreens\u00e3o de todos e refor\u00e7amos a popula\u00e7\u00e3o que mantenha todos os cuidados necess\u00e1rios contra o coronav\u00edrus\u201d, ressaltou. Durante o per\u00edodo de suspens\u00e3o das sess\u00f5es, os servidores da casa desempenhar\u00e3o as fun\u00e7\u00f5es remotamente.<\/p>\n","protected":false},"author":2,"featured_media":5829,"comment_status":"open","ping_status":"open","sticky":false,"template":"","format":"standard","meta":{"_jetpack_memberships_contains_paid_content":false,"footnotes":"","jetpack_publicize_message":"","jetpack_publicize_feature_enabled":true,"jetpack_social_post_already_shared":true,"jetpack_social_options":{"image_generator_settings":{"template":"highway","enabled":false},"version":2}},"categories":[2],"tags":[],"class_list":["post-5828","post","type-post","status-publish","format-standard","has-post-thumbnail","hentry","category-noticias"],"jetpack_publicize_connections":[],"yoast_head":"<!-- This site is optimized with the Yoast SEO plugin v24.7 - https:\/\/yoast.com\/wordpress\/plugins\/seo\/ -->\n<title>C\u00e2mara de Vereadores de Solid\u00e3o suspende sess\u00f5es ordin\u00e1rias por 10 dias - Serra FM 87,9<\/title>\n<meta name=\"robots\" content=\"index, follow, max-snippet:-1, max-image-preview:large, max-video-preview:-1\" \/>\n<link rel=\"canonical\" href=\"https:\/\/serrafm879.com.br\/serrafm\/2021\/05\/camara-de-vereadores-de-solidao-suspende-sessoes-ordinarias-por-10-dias\/\" \/>\n<meta property=\"og:locale\" content=\"pt_BR\" \/>\n<meta property=\"og:type\" content=\"article\" \/>\n<meta property=\"og:title\" content=\"C\u00e2mara de Vereadores de Solid\u00e3o suspende sess\u00f5es ordin\u00e1rias por 10 dias - Serra FM 87,9\" \/>\n<meta property=\"og:description\" content=\"A presidente da C\u00e2mara de Vereadores de Solid\u00e3o, Adriana de Lima, suspendeu a realiza\u00e7\u00e3o de sess\u00f5es ordin\u00e1rias pelo per\u00edodo de 10 dias. De acordo com Adriana, a suspens\u00e3o das sess\u00f5es ocorre devido o aumento significativo no n\u00famero de casos positivos da Cavid-19 no munic\u00edpio. \u201cAgradecemos a compreens\u00e3o de todos e refor\u00e7amos a popula\u00e7\u00e3o que mantenha todos os cuidados necess\u00e1rios contra o coronav\u00edrus\u201d, ressaltou. Durante o per\u00edodo de suspens\u00e3o das sess\u00f5es, os servidores da casa desempenhar\u00e3o as fun\u00e7\u00f5es remotamente.\" \/>\n<meta property=\"og:url\" content=\"https:\/\/serrafm879.com.br\/serrafm\/2021\/05\/camara-de-vereadores-de-solidao-suspende-sessoes-ordinarias-por-10-dias\/\" \/>\n<meta property=\"og:site_name\" content=\"Serra FM 87,9\" \/>\n<meta property=\"article:published_time\" content=\"2021-05-08T10:04:28+00:00\" \/>\n<meta property=\"og:image\" content=\"https:\/\/serrafm879.com.br\/serrafm\/wp-content\/uploads\/2021\/05\/Solid\u00e3o_Pernambuco-1.jpg\" \/>\n\t<meta property=\"og:image:width\" content=\"692\" \/>\n\t<meta property=\"og:image:height\" content=\"519\" \/>\n\t<meta property=\"og:image:type\" content=\"image\/jpeg\" \/>\n<meta name=\"author\" content=\"serrafm87\" \/>\n<meta name=\"twitter:card\" content=\"summary_large_image\" \/>\n<meta name=\"twitter:label1\" content=\"Escrito por\" \/>\n\t<meta name=\"twitter:data1\" content=\"serrafm87\" \/>\n<script type=\"application\/ld+json\" class=\"yoast-schema-graph\">{\"@context\":\"https:\/\/schema.org\",\"@graph\":[{\"@type\":\"WebPage\",\"@id\":\"https:\/\/serrafm879.com.br\/serrafm\/2021\/05\/camara-de-vereadores-de-solidao-suspende-sessoes-ordinarias-por-10-dias\/\",\"url\":\"https:\/\/serrafm879.com.br\/serrafm\/2021\/05\/camara-de-vereadores-de-solidao-suspende-sessoes-ordinarias-por-10-dias\/\",\"name\":\"C\u00e2mara de Vereadores de Solid\u00e3o suspende sess\u00f5es ordin\u00e1rias por 10 dias - Serra FM 87,9\",\"isPartOf\":{\"@id\":\"https:\/\/serrafm879.com.br\/serrafm\/#website\"},\"primaryImageOfPage\":{\"@id\":\"https:\/\/serrafm879.com.br\/serrafm\/2021\/05\/camara-de-vereadores-de-solidao-suspende-sessoes-ordinarias-por-10-dias\/#primaryimage\"},\"image\":{\"@id\":\"https:\/\/serrafm879.com.br\/serrafm\/2021\/05\/camara-de-vereadores-de-solidao-suspende-sessoes-ordinarias-por-10-dias\/#primaryimage\"},\"thumbnailUrl\":\"https:\/\/serrafm879.com.br\/serrafm\/wp-content\/uploads\/2021\/05\/Solid\u00e3o_Pernambuco-1.jpg\",\"datePublished\":\"2021-05-08T10:04:28+00:00\",\"author\":{\"@id\":\"https:\/\/serrafm879.com.br\/serrafm\/#\/schema\/person\/c028a197030ff8b1c03c68dfba4a787a\"},\"breadcrumb\":{\"@id\":\"https:\/\/serrafm879.com.br\/serrafm\/2021\/05\/camara-de-vereadores-de-solidao-suspende-sessoes-ordinarias-por-10-dias\/#breadcrumb\"},\"inLanguage\":\"pt-BR\",\"potentialAction\":[{\"@type\":\"ReadAction\",\"target\":[\"https:\/\/serrafm879.com.br\/serrafm\/2021\/05\/camara-de-vereadores-de-solidao-suspende-sessoes-ordinarias-por-10-dias\/\"]}]},{\"@type\":\"ImageObject\",\"inLanguage\":\"pt-BR\",\"@id\":\"https:\/\/serrafm879.com.br\/serrafm\/2021\/05\/camara-de-vereadores-de-solidao-suspende-sessoes-ordinarias-por-10-dias\/#primaryimage\",\"url\":\"https:\/\/serrafm879.com.br\/serrafm\/wp-content\/uploads\/2021\/05\/Solid\u00e3o_Pernambuco-1.jpg\",\"contentUrl\":\"https:\/\/serrafm879.com.br\/serrafm\/wp-content\/uploads\/2021\/05\/Solid\u00e3o_Pernambuco-1.jpg\",\"width\":692,\"height\":519},{\"@type\":\"BreadcrumbList\",\"@id\":\"https:\/\/serrafm879.com.br\/serrafm\/2021\/05\/camara-de-vereadores-de-solidao-suspende-sessoes-ordinarias-por-10-dias\/#breadcrumb\",\"itemListElement\":[{\"@type\":\"ListItem\",\"position\":1,\"name\":\"In\u00edcio\",\"item\":\"https:\/\/serrafm879.com.br\/serrafm\/\"},{\"@type\":\"ListItem\",\"position\":2,\"name\":\"C\u00e2mara de Vereadores de Solid\u00e3o suspende sess\u00f5es ordin\u00e1rias por 10 dias\"}]},{\"@type\":\"WebSite\",\"@id\":\"https:\/\/serrafm879.com.br\/serrafm\/#website\",\"url\":\"https:\/\/serrafm879.com.br\/serrafm\/\",\"name\":\"Serra FM 87,9\",\"description\":\"O seu novo amor!\",\"potentialAction\":[{\"@type\":\"SearchAction\",\"target\":{\"@type\":\"EntryPoint\",\"urlTemplate\":\"https:\/\/serrafm879.com.br\/serrafm\/?s={search_term_string}\"},\"query-input\":{\"@type\":\"PropertyValueSpecification\",\"valueRequired\":true,\"valueName\":\"search_term_string\"}}],\"inLanguage\":\"pt-BR\"},{\"@type\":\"Person\",\"@id\":\"https:\/\/serrafm879.com.br\/serrafm\/#\/schema\/person\/c028a197030ff8b1c03c68dfba4a787a\",\"name\":\"serrafm87\",\"image\":{\"@type\":\"ImageObject\",\"inLanguage\":\"pt-BR\",\"@id\":\"https:\/\/serrafm879.com.br\/serrafm\/#\/schema\/person\/image\/\",\"url\":\"https:\/\/secure.gravatar.com\/avatar\/a743233f1112d34f48bb3dc9559b76eb930bab8b27175856cba6362608736235?s=96&d=mm&r=g\",\"contentUrl\":\"https:\/\/secure.gravatar.com\/avatar\/a743233f1112d34f48bb3dc9559b76eb930bab8b27175856cba6362608736235?s=96&d=mm&r=g\",\"caption\":\"serrafm87\"},\"sameAs\":[\"http:\/\/serrafm879.com.br\/\"],\"url\":\"https:\/\/serrafm879.com.br\/serrafm\/author\/serrafm87\/\"}]}<\/script>\n<!-- \/ Yoast SEO plugin. -->","yoast_head_json":{"title":"C\u00e2mara de Vereadores de Solid\u00e3o suspende sess\u00f5es ordin\u00e1rias por 10 dias - Serra FM 87,9","robots":{"index":"index","follow":"follow","max-snippet":"max-snippet:-1","max-image-preview":"max-image-preview:large","max-video-preview":"max-video-preview:-1"},"canonical":"https:\/\/serrafm879.com.br\/serrafm\/2021\/05\/camara-de-vereadores-de-solidao-suspende-sessoes-ordinarias-por-10-dias\/","og_locale":"pt_BR","og_type":"article","og_title":"C\u00e2mara de Vereadores de Solid\u00e3o suspende sess\u00f5es ordin\u00e1rias por 10 dias - Serra FM 87,9","og_description":"A presidente da C\u00e2mara de Vereadores de Solid\u00e3o, Adriana de Lima, suspendeu a realiza\u00e7\u00e3o de sess\u00f5es ordin\u00e1rias pelo per\u00edodo de 10 dias. De acordo com Adriana, a suspens\u00e3o das sess\u00f5es ocorre devido o aumento significativo no n\u00famero de casos positivos da Cavid-19 no munic\u00edpio. \u201cAgradecemos a compreens\u00e3o de todos e refor\u00e7amos a popula\u00e7\u00e3o que mantenha todos os cuidados necess\u00e1rios contra o coronav\u00edrus\u201d, ressaltou. Durante o per\u00edodo de suspens\u00e3o das sess\u00f5es, os servidores da casa desempenhar\u00e3o as fun\u00e7\u00f5es remotamente.","og_url":"https:\/\/serrafm879.com.br\/serrafm\/2021\/05\/camara-de-vereadores-de-solidao-suspende-sessoes-ordinarias-por-10-dias\/","og_site_name":"Serra FM 87,9","article_published_time":"2021-05-08T10:04:28+00:00","og_image":[{"width":692,"height":519,"url":"https:\/\/serrafm879.com.br\/serrafm\/wp-content\/uploads\/2021\/05\/Solid\u00e3o_Pernambuco-1.jpg","type":"image\/jpeg"}],"author":"serrafm87","twitter_card":"summary_large_image","twitter_misc":{"Escrito por":"serrafm87"},"schema":{"@context":"https:\/\/schema.org","@graph":[{"@type":"WebPage","@id":"https:\/\/serrafm879.com.br\/serrafm\/2021\/05\/camara-de-vereadores-de-solidao-suspende-sessoes-ordinarias-por-10-dias\/","url":"https:\/\/serrafm879.com.br\/serrafm\/2021\/05\/camara-de-vereadores-de-solidao-suspende-sessoes-ordinarias-por-10-dias\/","name":"C\u00e2mara de Vereadores de Solid\u00e3o suspende sess\u00f5es ordin\u00e1rias por 10 dias - Serra FM 87,9","isPartOf":{"@id":"https:\/\/serrafm879.com.br\/serrafm\/#website"},"primaryImageOfPage":{"@id":"https:\/\/serrafm879.com.br\/serrafm\/2021\/05\/camara-de-vereadores-de-solidao-suspende-sessoes-ordinarias-por-10-dias\/#primaryimage"},"image":{"@id":"https:\/\/serrafm879.com.br\/serrafm\/2021\/05\/camara-de-vereadores-de-solidao-suspende-sessoes-ordinarias-por-10-dias\/#primaryimage"},"thumbnailUrl":"https:\/\/serrafm879.com.br\/serrafm\/wp-content\/uploads\/2021\/05\/Solid\u00e3o_Pernambuco-1.jpg","datePublished":"2021-05-08T10:04:28+00:00","author":{"@id":"https:\/\/serrafm879.com.br\/serrafm\/#\/schema\/person\/c028a197030ff8b1c03c68dfba4a787a"},"breadcrumb":{"@id":"https:\/\/serrafm879.com.br\/serrafm\/2021\/05\/camara-de-vereadores-de-solidao-suspende-sessoes-ordinarias-por-10-dias\/#breadcrumb"},"inLanguage":"pt-BR","potentialAction":[{"@type":"ReadAction","target":["https:\/\/serrafm879.com.br\/serrafm\/2021\/05\/camara-de-vereadores-de-solidao-suspende-sessoes-ordinarias-por-10-dias\/"]}]},{"@type":"ImageObject","inLanguage":"pt-BR","@id":"https:\/\/serrafm879.com.br\/serrafm\/2021\/05\/camara-de-vereadores-de-solidao-suspende-sessoes-ordinarias-por-10-dias\/#primaryimage","url":"https:\/\/serrafm879.com.br\/serrafm\/wp-content\/uploads\/2021\/05\/Solid\u00e3o_Pernambuco-1.jpg","contentUrl":"https:\/\/serrafm879.com.br\/serrafm\/wp-content\/uploads\/2021\/05\/Solid\u00e3o_Pernambuco-1.jpg","width":692,"height":519},{"@type":"BreadcrumbList","@id":"https:\/\/serrafm879.com.br\/serrafm\/2021\/05\/camara-de-vereadores-de-solidao-suspende-sessoes-ordinarias-por-10-dias\/#breadcrumb","itemListElement":[{"@type":"ListItem","position":1,"name":"In\u00edcio","item":"https:\/\/serrafm879.com.br\/serrafm\/"},{"@type":"ListItem","position":2,"name":"C\u00e2mara de Vereadores de Solid\u00e3o suspende sess\u00f5es ordin\u00e1rias por 10 dias"}]},{"@type":"WebSite","@id":"https:\/\/serrafm879.com.br\/serrafm\/#website","url":"https:\/\/serrafm879.com.br\/serrafm\/","name":"Serra FM 87,9","description":"O seu novo amor!","potentialAction":[{"@type":"SearchAction","target":{"@type":"EntryPoint","urlTemplate":"https:\/\/serrafm879.com.br\/serrafm\/?s={search_term_string}"},"query-input":{"@type":"PropertyValueSpecification","valueRequired":true,"valueName":"search_term_string"}}],"inLanguage":"pt-BR"},{"@type":"Person","@id":"https:\/\/serrafm879.com.br\/serrafm\/#\/schema\/person\/c028a197030ff8b1c03c68dfba4a787a","name":"serrafm87","image":{"@type":"ImageObject","inLanguage":"pt-BR","@id":"https:\/\/serrafm879.com.br\/serrafm\/#\/schema\/person\/image\/","url":"https:\/\/secure.gravatar.com\/avatar\/a743233f1112d34f48bb3dc9559b76eb930bab8b27175856cba6362608736235?s=96&d=mm&r=g","contentUrl":"https:\/\/secure.gravatar.com\/avatar\/a743233f1112d34f48bb3dc9559b76eb930bab8b27175856cba6362608736235?s=96&d=mm&r=g","caption":"serrafm87"},"sameAs":["http:\/\/serrafm879.com.br\/"],"url":"https:\/\/serrafm879.com.br\/serrafm\/author\/serrafm87\/"}]}},"jetpack_featured_media_url":"https:\/\/serrafm879.com.br\/serrafm\/wp-content\/uploads\/2021\/05\/Solid\u00e3o_Pernambuco-1.jpg","jetpack_shortlink":"https:\/\/wp.me\/p7HyXg-1w0","jetpack_sharing_enabled":true,"_links":{"self":[{"href":"https:\/\/serrafm879.com.br\/serrafm\/wp-json\/wp\/v2\/posts\/5828","targetHints":{"allow":["GET"]}}],"collection":[{"href":"https:\/\/serrafm879.com.br\/serrafm\/wp-json\/wp\/v2\/posts"}],"about":[{"href":"https:\/\/serrafm879.com.br\/serrafm\/wp-json\/wp\/v2\/types\/post"}],"author":[{"embeddable":true,"href":"https:\/\/serrafm879.com.br\/serrafm\/wp-json\/wp\/v2\/users\/2"}],"replies":[{"embeddable":true,"href":"https:\/\/serrafm879.com.br\/serrafm\/wp-json\/wp\/v2\/comments?post=5828"}],"version-history":[{"count":1,"href":"https:\/\/serrafm879.com.br\/serrafm\/wp-json\/wp\/v2\/posts\/5828\/revisions"}],"predecessor-version":[{"id":5830,"href":"https:\/\/serrafm879.com.br\/serrafm\/wp-json\/wp\/v2\/posts\/5828\/revisions\/5830"}],"wp:featuredmedia":[{"embeddable":true,"href":"https:\/\/serrafm879.com.br\/serrafm\/wp-json\/wp\/v2\/media\/5829"}],"wp:attachment":[{"href":"https:\/\/serrafm879.com.br\/serrafm\/wp-json\/wp\/v2\/media?parent=5828"}],"wp:term":[{"taxonomy":"category","embeddable":true,"href":"https:\/\/serrafm879.com.br\/serrafm\/wp-json\/wp\/v2\/categories?post=5828"},{"taxonomy":"post_tag","embeddable":true,"href":"https:\/\/serrafm879.com.br\/serrafm\/wp-json\/wp\/v2\/tags?post=5828"}],"curies":[{"name":"wp","href":"https:\/\/api.w.org\/{rel}","templated":true}]}}