{"id":5833,"date":"2021-05-08T07:13:43","date_gmt":"2021-05-08T10:13:43","guid":{"rendered":"https:\/?p=5833"},"modified":"2021-05-08T07:13:43","modified_gmt":"2021-05-08T10:13:43","slug":"fiocruz-alerta-que-covid-19-faz-vitimas-cada-vez-mais-jovens-no-brasil","status":"publish","type":"post","link":"https:\/\/serrafm879.com.br\/serrafm\/2021\/05\/fiocruz-alerta-que-covid-19-faz-vitimas-cada-vez-mais-jovens-no-brasil\/","title":{"rendered":"Fiocruz alerta que Covid-19 faz v\u00edtimas cada vez mais jovens no Brasil"},"content":{"rendered":"<p>A pandemia da Covid-19 no Brasil est\u00e1 se espalhando cada vez mais pelas camadas jovens da popula\u00e7\u00e3o. A constata\u00e7\u00e3o faz parte do Boletim do Observat\u00f3rio Covid-19, editado pela Funda\u00e7\u00e3o Oswaldo Cruz (Fiocruz), divulgado nesta sexta-feira (7).<\/p>\n<p>Os dados apresentados nesta edi\u00e7\u00e3o confirmam o processo de rejuvenescimento da pandemia, com uma clara mudan\u00e7a demogr\u00e1fica: adultos jovens e de meia-idade representam uma parcela cada vez maior dos pacientes em enfermarias e unidades de terapia intensiva (UTI).<\/p>\n<p>Referente \u00e0s semanas epidemiol\u00f3gicas 16 e 17 de 2021, entre 18 de abril e 1\u00ba de maio, a an\u00e1lise destaca as oscila\u00e7\u00f5es dos indicadores nos estados, a alta propor\u00e7\u00e3o de testes com resultados positivos, bem como a manuten\u00e7\u00e3o da sobrecarga de todo o sistema de sa\u00fade.<\/p>\n<p>Esses ind\u00edcios revelam que a pandemia se mant\u00e9m em patamar cr\u00edtico de transmiss\u00e3o, com valores altos de incid\u00eancia e mortalidade.<\/p>\n<div class=\"dn_noticiasRelacionadas\">\n<div class=\"spacer30\"><span style=\"font-size: 1.21429rem;\">\u201cA ligeira redu\u00e7\u00e3o de casos e \u00f3bitos por Covid-19 n\u00e3o significa que o Pa\u00eds tenha sa\u00eddo de uma situa\u00e7\u00e3o cr\u00edtica, pois as m\u00e9dias di\u00e1rias de 59 mil casos e de 2,5 mil \u00f3bitos nestas duas semanas epidemiol\u00f3gicas se encontram em patamares muito elevados. Somente com a redu\u00e7\u00e3o sustentada por algumas semanas, associada \u00e0 acelera\u00e7\u00e3o da campanha de vacina\u00e7\u00e3o e \u00e0 intensifica\u00e7\u00e3o de a\u00e7\u00f5es de distanciamento f\u00edsico e social, combinadas com prote\u00e7\u00e3o social, ser\u00e1 poss\u00edvel alcan\u00e7ar a queda sustentada da transmiss\u00e3o e a redu\u00e7\u00e3o da demanda pelos servi\u00e7os de sa\u00fade\u201d, alertaram os pesquisadores do Observat\u00f3rio, respons\u00e1veis pelo boletim.<\/span><\/div>\n<\/div>\n<p><strong>Rejuvenescimento<\/strong><\/p>\n<p>O processo de rejuvenescimento da pandemia no Brasil \u00e9 confirmado por meio dos novos dados apresentados no boletim. A semana epidemiol\u00f3gica 16 apresenta idade m\u00e9dia dos casos internados de 57 anos, versus idade m\u00e9dia de 63 anos na semana epidemiol\u00f3gica 1.<\/p>\n<p>Para \u00f3bito, os valores m\u00e9dios foram 71 anos, na semana epidemiol\u00f3gica 1, e 64 anos nesta \u00faltima. Segundo a Fiocruz, h\u00e1 deslocamento da curva em dire\u00e7\u00e3o a faixas et\u00e1rias mais jovens.<\/p>\n<p>Quanto ao n\u00famero de leitos, ap\u00f3s muitas semanas em situa\u00e7\u00e3o muito cr\u00edtica, as taxas de ocupa\u00e7\u00e3o de leitos de unidade de terapia intensiva (UTI) para Covid-19 no Pa\u00eds come\u00e7am a dar sinais de melhora, embora ainda longe de indicar um quadro tranquilo.<\/p>\n<p>Entre 26 de abril e 3 de maio, as taxas de ocupa\u00e7\u00e3o de leitos de UTI Covid-19 para adultos mantiveram a tend\u00eancia lenta de queda em quase todo o Pa\u00eds.<\/p>\n","protected":false},"excerpt":{"rendered":"<p>A pandemia da Covid-19 no Brasil est\u00e1 se espalhando cada vez mais pelas camadas jovens da popula\u00e7\u00e3o. A constata\u00e7\u00e3o faz parte do Boletim do Observat\u00f3rio Covid-19, editado pela Funda\u00e7\u00e3o Oswaldo Cruz (Fiocruz), divulgado nesta sexta-feira (7). Os dados apresentados nesta edi\u00e7\u00e3o confirmam o processo de rejuvenescimento da pandemia, com uma clara mudan\u00e7a demogr\u00e1fica: adultos jovens e de meia-idade representam uma parcela cada vez maior dos pacientes em enfermarias e unidades de terapia intensiva (UTI). Referente \u00e0s semanas epidemiol\u00f3gicas 16 e 17 de 2021, entre 18 de abril e 1\u00ba de maio, a an\u00e1lise destaca as oscila\u00e7\u00f5es dos indicadores nos estados, [&hellip;]<\/p>\n","protected":false},"author":2,"featured_media":2394,"comment_status":"open","ping_status":"open","sticky":false,"template":"","format":"standard","meta":{"_jetpack_memberships_contains_paid_content":false,"footnotes":"","jetpack_publicize_message":"","jetpack_publicize_feature_enabled":true,"jetpack_social_post_already_shared":true,"jetpack_social_options":{"image_generator_settings":{"template":"highway","enabled":false},"version":2}},"categories":[2],"tags":[],"class_list":["post-5833","post","type-post","status-publish","format-standard","has-post-thumbnail","hentry","category-noticias"],"jetpack_publicize_connections":[],"yoast_head":"<!-- This site is optimized with the Yoast SEO plugin v24.7 - https:\/\/yoast.com\/wordpress\/plugins\/seo\/ -->\n<title>Fiocruz alerta que Covid-19 faz v\u00edtimas cada vez mais jovens no Brasil - Serra FM 87,9<\/title>\n<meta name=\"robots\" content=\"index, follow, max-snippet:-1, max-image-preview:large, max-video-preview:-1\" \/>\n<link rel=\"canonical\" href=\"https:\/\/serrafm879.com.br\/serrafm\/2021\/05\/fiocruz-alerta-que-covid-19-faz-vitimas-cada-vez-mais-jovens-no-brasil\/\" \/>\n<meta property=\"og:locale\" content=\"pt_BR\" \/>\n<meta property=\"og:type\" content=\"article\" \/>\n<meta property=\"og:title\" content=\"Fiocruz alerta que Covid-19 faz v\u00edtimas cada vez mais jovens no Brasil - Serra FM 87,9\" \/>\n<meta property=\"og:description\" content=\"A pandemia da Covid-19 no Brasil est\u00e1 se espalhando cada vez mais pelas camadas jovens da popula\u00e7\u00e3o. A constata\u00e7\u00e3o faz parte do Boletim do Observat\u00f3rio Covid-19, editado pela Funda\u00e7\u00e3o Oswaldo Cruz (Fiocruz), divulgado nesta sexta-feira (7). Os dados apresentados nesta edi\u00e7\u00e3o confirmam o processo de rejuvenescimento da pandemia, com uma clara mudan\u00e7a demogr\u00e1fica: adultos jovens e de meia-idade representam uma parcela cada vez maior dos pacientes em enfermarias e unidades de terapia intensiva (UTI). Referente \u00e0s semanas epidemiol\u00f3gicas 16 e 17 de 2021, entre 18 de abril e 1\u00ba de maio, a an\u00e1lise destaca as oscila\u00e7\u00f5es dos indicadores nos estados, [&hellip;]\" \/>\n<meta property=\"og:url\" content=\"https:\/\/serrafm879.com.br\/serrafm\/2021\/05\/fiocruz-alerta-que-covid-19-faz-vitimas-cada-vez-mais-jovens-no-brasil\/\" \/>\n<meta property=\"og:site_name\" content=\"Serra FM 87,9\" \/>\n<meta property=\"article:published_time\" content=\"2021-05-08T10:13:43+00:00\" \/>\n<meta property=\"og:image\" content=\"https:\/\/serrafm879.com.br\/serrafm\/wp-content\/uploads\/2020\/04\/20200401122940918558i.jpg\" \/>\n\t<meta property=\"og:image:width\" content=\"700\" \/>\n\t<meta property=\"og:image:height\" content=\"450\" \/>\n\t<meta property=\"og:image:type\" content=\"image\/jpeg\" \/>\n<meta name=\"author\" content=\"serrafm87\" \/>\n<meta name=\"twitter:card\" content=\"summary_large_image\" \/>\n<meta name=\"twitter:label1\" content=\"Escrito por\" \/>\n\t<meta name=\"twitter:data1\" content=\"serrafm87\" \/>\n\t<meta name=\"twitter:label2\" content=\"Est. tempo de leitura\" \/>\n\t<meta name=\"twitter:data2\" content=\"2 minutos\" \/>\n<script type=\"application\/ld+json\" class=\"yoast-schema-graph\">{\"@context\":\"https:\/\/schema.org\",\"@graph\":[{\"@type\":\"WebPage\",\"@id\":\"https:\/\/serrafm879.com.br\/serrafm\/2021\/05\/fiocruz-alerta-que-covid-19-faz-vitimas-cada-vez-mais-jovens-no-brasil\/\",\"url\":\"https:\/\/serrafm879.com.br\/serrafm\/2021\/05\/fiocruz-alerta-que-covid-19-faz-vitimas-cada-vez-mais-jovens-no-brasil\/\",\"name\":\"Fiocruz alerta que Covid-19 faz v\u00edtimas cada vez mais jovens no Brasil - Serra FM 87,9\",\"isPartOf\":{\"@id\":\"https:\/\/serrafm879.com.br\/serrafm\/#website\"},\"primaryImageOfPage\":{\"@id\":\"https:\/\/serrafm879.com.br\/serrafm\/2021\/05\/fiocruz-alerta-que-covid-19-faz-vitimas-cada-vez-mais-jovens-no-brasil\/#primaryimage\"},\"image\":{\"@id\":\"https:\/\/serrafm879.com.br\/serrafm\/2021\/05\/fiocruz-alerta-que-covid-19-faz-vitimas-cada-vez-mais-jovens-no-brasil\/#primaryimage\"},\"thumbnailUrl\":\"https:\/\/serrafm879.com.br\/serrafm\/wp-content\/uploads\/2020\/04\/20200401122940918558i.jpg\",\"datePublished\":\"2021-05-08T10:13:43+00:00\",\"author\":{\"@id\":\"https:\/\/serrafm879.com.br\/serrafm\/#\/schema\/person\/c028a197030ff8b1c03c68dfba4a787a\"},\"breadcrumb\":{\"@id\":\"https:\/\/serrafm879.com.br\/serrafm\/2021\/05\/fiocruz-alerta-que-covid-19-faz-vitimas-cada-vez-mais-jovens-no-brasil\/#breadcrumb\"},\"inLanguage\":\"pt-BR\",\"potentialAction\":[{\"@type\":\"ReadAction\",\"target\":[\"https:\/\/serrafm879.com.br\/serrafm\/2021\/05\/fiocruz-alerta-que-covid-19-faz-vitimas-cada-vez-mais-jovens-no-brasil\/\"]}]},{\"@type\":\"ImageObject\",\"inLanguage\":\"pt-BR\",\"@id\":\"https:\/\/serrafm879.com.br\/serrafm\/2021\/05\/fiocruz-alerta-que-covid-19-faz-vitimas-cada-vez-mais-jovens-no-brasil\/#primaryimage\",\"url\":\"https:\/\/serrafm879.com.br\/serrafm\/wp-content\/uploads\/2020\/04\/20200401122940918558i.jpg\",\"contentUrl\":\"https:\/\/serrafm879.com.br\/serrafm\/wp-content\/uploads\/2020\/04\/20200401122940918558i.jpg\",\"width\":700,\"height\":450,\"caption\":\"Samples are tested for respiratory viruses, which procedure will be used to test the novel coronavirus COVID-19, during a visit by Britain's Chancellor of the Exchequer Rishi Sunak to the pathology labs at Leeds General Infirmary to highlight the record infrastructure spend after yesterday's budget, in Leeds, Yorkshire on March 12, 2020. (Photo by Danny Lawson \/ POOL \/ AFP)\"},{\"@type\":\"BreadcrumbList\",\"@id\":\"https:\/\/serrafm879.com.br\/serrafm\/2021\/05\/fiocruz-alerta-que-covid-19-faz-vitimas-cada-vez-mais-jovens-no-brasil\/#breadcrumb\",\"itemListElement\":[{\"@type\":\"ListItem\",\"position\":1,\"name\":\"In\u00edcio\",\"item\":\"https:\/\/serrafm879.com.br\/serrafm\/\"},{\"@type\":\"ListItem\",\"position\":2,\"name\":\"Fiocruz alerta que Covid-19 faz v\u00edtimas cada vez mais jovens no Brasil\"}]},{\"@type\":\"WebSite\",\"@id\":\"https:\/\/serrafm879.com.br\/serrafm\/#website\",\"url\":\"https:\/\/serrafm879.com.br\/serrafm\/\",\"name\":\"Serra FM 87,9\",\"description\":\"O seu novo amor!\",\"potentialAction\":[{\"@type\":\"SearchAction\",\"target\":{\"@type\":\"EntryPoint\",\"urlTemplate\":\"https:\/\/serrafm879.com.br\/serrafm\/?s={search_term_string}\"},\"query-input\":{\"@type\":\"PropertyValueSpecification\",\"valueRequired\":true,\"valueName\":\"search_term_string\"}}],\"inLanguage\":\"pt-BR\"},{\"@type\":\"Person\",\"@id\":\"https:\/\/serrafm879.com.br\/serrafm\/#\/schema\/person\/c028a197030ff8b1c03c68dfba4a787a\",\"name\":\"serrafm87\",\"image\":{\"@type\":\"ImageObject\",\"inLanguage\":\"pt-BR\",\"@id\":\"https:\/\/serrafm879.com.br\/serrafm\/#\/schema\/person\/image\/\",\"url\":\"https:\/\/secure.gravatar.com\/avatar\/a743233f1112d34f48bb3dc9559b76eb930bab8b27175856cba6362608736235?s=96&d=mm&r=g\",\"contentUrl\":\"https:\/\/secure.gravatar.com\/avatar\/a743233f1112d34f48bb3dc9559b76eb930bab8b27175856cba6362608736235?s=96&d=mm&r=g\",\"caption\":\"serrafm87\"},\"sameAs\":[\"http:\/\/serrafm879.com.br\/\"],\"url\":\"https:\/\/serrafm879.com.br\/serrafm\/author\/serrafm87\/\"}]}<\/script>\n<!-- \/ Yoast SEO plugin. -->","yoast_head_json":{"title":"Fiocruz alerta que Covid-19 faz v\u00edtimas cada vez mais jovens no Brasil - Serra FM 87,9","robots":{"index":"index","follow":"follow","max-snippet":"max-snippet:-1","max-image-preview":"max-image-preview:large","max-video-preview":"max-video-preview:-1"},"canonical":"https:\/\/serrafm879.com.br\/serrafm\/2021\/05\/fiocruz-alerta-que-covid-19-faz-vitimas-cada-vez-mais-jovens-no-brasil\/","og_locale":"pt_BR","og_type":"article","og_title":"Fiocruz alerta que Covid-19 faz v\u00edtimas cada vez mais jovens no Brasil - Serra FM 87,9","og_description":"A pandemia da Covid-19 no Brasil est\u00e1 se espalhando cada vez mais pelas camadas jovens da popula\u00e7\u00e3o. A constata\u00e7\u00e3o faz parte do Boletim do Observat\u00f3rio Covid-19, editado pela Funda\u00e7\u00e3o Oswaldo Cruz (Fiocruz), divulgado nesta sexta-feira (7). Os dados apresentados nesta edi\u00e7\u00e3o confirmam o processo de rejuvenescimento da pandemia, com uma clara mudan\u00e7a demogr\u00e1fica: adultos jovens e de meia-idade representam uma parcela cada vez maior dos pacientes em enfermarias e unidades de terapia intensiva (UTI). Referente \u00e0s semanas epidemiol\u00f3gicas 16 e 17 de 2021, entre 18 de abril e 1\u00ba de maio, a an\u00e1lise destaca as oscila\u00e7\u00f5es dos indicadores nos estados, [&hellip;]","og_url":"https:\/\/serrafm879.com.br\/serrafm\/2021\/05\/fiocruz-alerta-que-covid-19-faz-vitimas-cada-vez-mais-jovens-no-brasil\/","og_site_name":"Serra FM 87,9","article_published_time":"2021-05-08T10:13:43+00:00","og_image":[{"width":700,"height":450,"url":"https:\/\/serrafm879.com.br\/serrafm\/wp-content\/uploads\/2020\/04\/20200401122940918558i.jpg","type":"image\/jpeg"}],"author":"serrafm87","twitter_card":"summary_large_image","twitter_misc":{"Escrito por":"serrafm87","Est. tempo de leitura":"2 minutos"},"schema":{"@context":"https:\/\/schema.org","@graph":[{"@type":"WebPage","@id":"https:\/\/serrafm879.com.br\/serrafm\/2021\/05\/fiocruz-alerta-que-covid-19-faz-vitimas-cada-vez-mais-jovens-no-brasil\/","url":"https:\/\/serrafm879.com.br\/serrafm\/2021\/05\/fiocruz-alerta-que-covid-19-faz-vitimas-cada-vez-mais-jovens-no-brasil\/","name":"Fiocruz alerta que Covid-19 faz v\u00edtimas cada vez mais jovens no Brasil - Serra FM 87,9","isPartOf":{"@id":"https:\/\/serrafm879.com.br\/serrafm\/#website"},"primaryImageOfPage":{"@id":"https:\/\/serrafm879.com.br\/serrafm\/2021\/05\/fiocruz-alerta-que-covid-19-faz-vitimas-cada-vez-mais-jovens-no-brasil\/#primaryimage"},"image":{"@id":"https:\/\/serrafm879.com.br\/serrafm\/2021\/05\/fiocruz-alerta-que-covid-19-faz-vitimas-cada-vez-mais-jovens-no-brasil\/#primaryimage"},"thumbnailUrl":"https:\/\/serrafm879.com.br\/serrafm\/wp-content\/uploads\/2020\/04\/20200401122940918558i.jpg","datePublished":"2021-05-08T10:13:43+00:00","author":{"@id":"https:\/\/serrafm879.com.br\/serrafm\/#\/schema\/person\/c028a197030ff8b1c03c68dfba4a787a"},"breadcrumb":{"@id":"https:\/\/serrafm879.com.br\/serrafm\/2021\/05\/fiocruz-alerta-que-covid-19-faz-vitimas-cada-vez-mais-jovens-no-brasil\/#breadcrumb"},"inLanguage":"pt-BR","potentialAction":[{"@type":"ReadAction","target":["https:\/\/serrafm879.com.br\/serrafm\/2021\/05\/fiocruz-alerta-que-covid-19-faz-vitimas-cada-vez-mais-jovens-no-brasil\/"]}]},{"@type":"ImageObject","inLanguage":"pt-BR","@id":"https:\/\/serrafm879.com.br\/serrafm\/2021\/05\/fiocruz-alerta-que-covid-19-faz-vitimas-cada-vez-mais-jovens-no-brasil\/#primaryimage","url":"https:\/\/serrafm879.com.br\/serrafm\/wp-content\/uploads\/2020\/04\/20200401122940918558i.jpg","contentUrl":"https:\/\/serrafm879.com.br\/serrafm\/wp-content\/uploads\/2020\/04\/20200401122940918558i.jpg","width":700,"height":450,"caption":"Samples are tested for respiratory viruses, which procedure will be used to test the novel coronavirus COVID-19, during a visit by Britain's Chancellor of the Exchequer Rishi Sunak to the pathology labs at Leeds General Infirmary to highlight the record infrastructure spend after yesterday's budget, in Leeds, Yorkshire on March 12, 2020. (Photo by Danny Lawson \/ POOL \/ AFP)"},{"@type":"BreadcrumbList","@id":"https:\/\/serrafm879.com.br\/serrafm\/2021\/05\/fiocruz-alerta-que-covid-19-faz-vitimas-cada-vez-mais-jovens-no-brasil\/#breadcrumb","itemListElement":[{"@type":"ListItem","position":1,"name":"In\u00edcio","item":"https:\/\/serrafm879.com.br\/serrafm\/"},{"@type":"ListItem","position":2,"name":"Fiocruz alerta que Covid-19 faz v\u00edtimas cada vez mais jovens no Brasil"}]},{"@type":"WebSite","@id":"https:\/\/serrafm879.com.br\/serrafm\/#website","url":"https:\/\/serrafm879.com.br\/serrafm\/","name":"Serra FM 87,9","description":"O seu novo amor!","potentialAction":[{"@type":"SearchAction","target":{"@type":"EntryPoint","urlTemplate":"https:\/\/serrafm879.com.br\/serrafm\/?s={search_term_string}"},"query-input":{"@type":"PropertyValueSpecification","valueRequired":true,"valueName":"search_term_string"}}],"inLanguage":"pt-BR"},{"@type":"Person","@id":"https:\/\/serrafm879.com.br\/serrafm\/#\/schema\/person\/c028a197030ff8b1c03c68dfba4a787a","name":"serrafm87","image":{"@type":"ImageObject","inLanguage":"pt-BR","@id":"https:\/\/serrafm879.com.br\/serrafm\/#\/schema\/person\/image\/","url":"https:\/\/secure.gravatar.com\/avatar\/a743233f1112d34f48bb3dc9559b76eb930bab8b27175856cba6362608736235?s=96&d=mm&r=g","contentUrl":"https:\/\/secure.gravatar.com\/avatar\/a743233f1112d34f48bb3dc9559b76eb930bab8b27175856cba6362608736235?s=96&d=mm&r=g","caption":"serrafm87"},"sameAs":["http:\/\/serrafm879.com.br\/"],"url":"https:\/\/serrafm879.com.br\/serrafm\/author\/serrafm87\/"}]}},"jetpack_featured_media_url":"https:\/\/serrafm879.com.br\/serrafm\/wp-content\/uploads\/2020\/04\/20200401122940918558i.jpg","jetpack_shortlink":"https:\/\/wp.me\/p7HyXg-1w5","jetpack_sharing_enabled":true,"_links":{"self":[{"href":"https:\/\/serrafm879.com.br\/serrafm\/wp-json\/wp\/v2\/posts\/5833","targetHints":{"allow":["GET"]}}],"collection":[{"href":"https:\/\/serrafm879.com.br\/serrafm\/wp-json\/wp\/v2\/posts"}],"about":[{"href":"https:\/\/serrafm879.com.br\/serrafm\/wp-json\/wp\/v2\/types\/post"}],"author":[{"embeddable":true,"href":"https:\/\/serrafm879.com.br\/serrafm\/wp-json\/wp\/v2\/users\/2"}],"replies":[{"embeddable":true,"href":"https:\/\/serrafm879.com.br\/serrafm\/wp-json\/wp\/v2\/comments?post=5833"}],"version-history":[{"count":1,"href":"https:\/\/serrafm879.com.br\/serrafm\/wp-json\/wp\/v2\/posts\/5833\/revisions"}],"predecessor-version":[{"id":5834,"href":"https:\/\/serrafm879.com.br\/serrafm\/wp-json\/wp\/v2\/posts\/5833\/revisions\/5834"}],"wp:featuredmedia":[{"embeddable":true,"href":"https:\/\/serrafm879.com.br\/serrafm\/wp-json\/wp\/v2\/media\/2394"}],"wp:attachment":[{"href":"https:\/\/serrafm879.com.br\/serrafm\/wp-json\/wp\/v2\/media?parent=5833"}],"wp:term":[{"taxonomy":"category","embeddable":true,"href":"https:\/\/serrafm879.com.br\/serrafm\/wp-json\/wp\/v2\/categories?post=5833"},{"taxonomy":"post_tag","embeddable":true,"href":"https:\/\/serrafm879.com.br\/serrafm\/wp-json\/wp\/v2\/tags?post=5833"}],"curies":[{"name":"wp","href":"https:\/\/api.w.org\/{rel}","templated":true}]}}