{"id":5835,"date":"2021-05-08T07:16:10","date_gmt":"2021-05-08T10:16:10","guid":{"rendered":"https:\/?p=5835"},"modified":"2021-05-08T07:16:10","modified_gmt":"2021-05-08T10:16:10","slug":"marinha-tres-navios-sao-suspeitos-por-manchas-de-oleo-no-litoral-do-nordeste-em-2019","status":"publish","type":"post","link":"https:\/\/serrafm879.com.br\/serrafm\/2021\/05\/marinha-tres-navios-sao-suspeitos-por-manchas-de-oleo-no-litoral-do-nordeste-em-2019\/","title":{"rendered":"Marinha: tr\u00eas navios s\u00e3o suspeitos por manchas de \u00f3leo no litoral do Nordeste em 2019"},"content":{"rendered":"<p>A Marinha informou, nestas sexta-feira\u00a0(7), que tr\u00eas navios s\u00e3o suspeitos pelo derramamento de \u00f3leo no litoral brasileiro em 2019.<\/p>\n<p>As informa\u00e7\u00f5es foram divulgadas ap\u00f3s a retirada do sigilo do relat\u00f3rio da investiga\u00e7\u00e3o, que foi entregue \u00e0 Pol\u00edcia Federal (PF) e ao Minist\u00e9rio P\u00fablico Federal (MPF) em agosto do ano passado. As conclus\u00f5es s\u00e3o utilizadas pela PF em um inqu\u00e9rito criminal sobre o caso.<\/p>\n<p>\u201cCom o apoio de institui\u00e7\u00f5es t\u00e9cnicas e cient\u00edficas, p\u00fablicas e privadas, brasileiras e estrangeiras, tr\u00eas navios foram apontados como principais suspeitos: Navio-Tanque (NT) BOUBOULINA; NT VL NICHIOH (em maio de 2020, o navio alterou seu nome para NT CITY OF TOKYO); e NT AMORE MIO (em mar\u00e7o de 2020, o navio alterou seu nome para NT GODAM)\u201d, informou a Marinha.<\/p>\n<p>Na \u00e9poca dos fatos, as manchas iniciais de \u00f3leo apareceram a 700 km da costa brasileira (em \u00e1guas internacionais) e atingiram mais de 250 praias do Nordeste.<\/p>\n<div class=\"dn_noticiasRelacionadas\">\n<div class=\"spacer30\"><span style=\"font-size: 1.21429rem;\">No comunicado, a Marinha tamb\u00e9m defendeu investimentos no monitoramento de navios. \u201cEsse evento, in\u00e9dito e sem precedentes na nossa hist\u00f3ria, traz ensinamentos, como a necessidade de se investir no aprimoramento do monitoramento dos navios que transitam nas \u00e1guas jurisdicionais brasileiras e nas suas proximidades, destacando o Sistema de Gerenciamento da Amaz\u00f4nia Azul (SisGAAz)\u201d.\u00a0<\/span><\/div>\n<\/div>\n","protected":false},"excerpt":{"rendered":"<p>A Marinha informou, nestas sexta-feira\u00a0(7), que tr\u00eas navios s\u00e3o suspeitos pelo derramamento de \u00f3leo no litoral brasileiro em 2019. As informa\u00e7\u00f5es foram divulgadas ap\u00f3s a retirada do sigilo do relat\u00f3rio da investiga\u00e7\u00e3o, que foi entregue \u00e0 Pol\u00edcia Federal (PF) e ao Minist\u00e9rio P\u00fablico Federal (MPF) em agosto do ano passado. As conclus\u00f5es s\u00e3o utilizadas pela PF em um inqu\u00e9rito criminal sobre o caso. \u201cCom o apoio de institui\u00e7\u00f5es t\u00e9cnicas e cient\u00edficas, p\u00fablicas e privadas, brasileiras e estrangeiras, tr\u00eas navios foram apontados como principais suspeitos: Navio-Tanque (NT) BOUBOULINA; NT VL NICHIOH (em maio de 2020, o navio alterou seu nome para [&hellip;]<\/p>\n","protected":false},"author":2,"featured_media":5836,"comment_status":"open","ping_status":"open","sticky":false,"template":"","format":"standard","meta":{"_jetpack_memberships_contains_paid_content":false,"footnotes":"","jetpack_publicize_message":"","jetpack_publicize_feature_enabled":true,"jetpack_social_post_already_shared":true,"jetpack_social_options":{"image_generator_settings":{"template":"highway","enabled":false},"version":2}},"categories":[2],"tags":[],"class_list":["post-5835","post","type-post","status-publish","format-standard","has-post-thumbnail","hentry","category-noticias"],"jetpack_publicize_connections":[],"yoast_head":"<!-- This site is optimized with the Yoast SEO plugin v24.7 - https:\/\/yoast.com\/wordpress\/plugins\/seo\/ -->\n<title>Marinha: tr\u00eas navios s\u00e3o suspeitos por manchas de \u00f3leo no litoral do Nordeste em 2019 - Serra FM 87,9<\/title>\n<meta name=\"robots\" content=\"index, follow, max-snippet:-1, max-image-preview:large, max-video-preview:-1\" \/>\n<link rel=\"canonical\" href=\"https:\/\/serrafm879.com.br\/serrafm\/2021\/05\/marinha-tres-navios-sao-suspeitos-por-manchas-de-oleo-no-litoral-do-nordeste-em-2019\/\" \/>\n<meta property=\"og:locale\" content=\"pt_BR\" \/>\n<meta property=\"og:type\" content=\"article\" \/>\n<meta property=\"og:title\" content=\"Marinha: tr\u00eas navios s\u00e3o suspeitos por manchas de \u00f3leo no litoral do Nordeste em 2019 - Serra FM 87,9\" \/>\n<meta property=\"og:description\" content=\"A Marinha informou, nestas sexta-feira\u00a0(7), que tr\u00eas navios s\u00e3o suspeitos pelo derramamento de \u00f3leo no litoral brasileiro em 2019. As informa\u00e7\u00f5es foram divulgadas ap\u00f3s a retirada do sigilo do relat\u00f3rio da investiga\u00e7\u00e3o, que foi entregue \u00e0 Pol\u00edcia Federal (PF) e ao Minist\u00e9rio P\u00fablico Federal (MPF) em agosto do ano passado. As conclus\u00f5es s\u00e3o utilizadas pela PF em um inqu\u00e9rito criminal sobre o caso. \u201cCom o apoio de institui\u00e7\u00f5es t\u00e9cnicas e cient\u00edficas, p\u00fablicas e privadas, brasileiras e estrangeiras, tr\u00eas navios foram apontados como principais suspeitos: Navio-Tanque (NT) BOUBOULINA; NT VL NICHIOH (em maio de 2020, o navio alterou seu nome para [&hellip;]\" \/>\n<meta property=\"og:url\" content=\"https:\/\/serrafm879.com.br\/serrafm\/2021\/05\/marinha-tres-navios-sao-suspeitos-por-manchas-de-oleo-no-litoral-do-nordeste-em-2019\/\" \/>\n<meta property=\"og:site_name\" content=\"Serra FM 87,9\" \/>\n<meta property=\"article:published_time\" content=\"2021-05-08T10:16:10+00:00\" \/>\n<meta property=\"og:image\" content=\"https:\/\/serrafm879.com.br\/serrafm\/wp-content\/uploads\/2021\/05\/oleo.jpg\" \/>\n\t<meta property=\"og:image:width\" content=\"610\" \/>\n\t<meta property=\"og:image:height\" content=\"365\" \/>\n\t<meta property=\"og:image:type\" content=\"image\/jpeg\" \/>\n<meta name=\"author\" content=\"serrafm87\" \/>\n<meta name=\"twitter:card\" content=\"summary_large_image\" \/>\n<meta name=\"twitter:label1\" content=\"Escrito por\" \/>\n\t<meta name=\"twitter:data1\" content=\"serrafm87\" \/>\n\t<meta name=\"twitter:label2\" content=\"Est. tempo de leitura\" \/>\n\t<meta name=\"twitter:data2\" content=\"1 minuto\" \/>\n<script type=\"application\/ld+json\" class=\"yoast-schema-graph\">{\"@context\":\"https:\/\/schema.org\",\"@graph\":[{\"@type\":\"WebPage\",\"@id\":\"https:\/\/serrafm879.com.br\/serrafm\/2021\/05\/marinha-tres-navios-sao-suspeitos-por-manchas-de-oleo-no-litoral-do-nordeste-em-2019\/\",\"url\":\"https:\/\/serrafm879.com.br\/serrafm\/2021\/05\/marinha-tres-navios-sao-suspeitos-por-manchas-de-oleo-no-litoral-do-nordeste-em-2019\/\",\"name\":\"Marinha: tr\u00eas navios s\u00e3o suspeitos por manchas de \u00f3leo no litoral do Nordeste em 2019 - Serra FM 87,9\",\"isPartOf\":{\"@id\":\"https:\/\/serrafm879.com.br\/serrafm\/#website\"},\"primaryImageOfPage\":{\"@id\":\"https:\/\/serrafm879.com.br\/serrafm\/2021\/05\/marinha-tres-navios-sao-suspeitos-por-manchas-de-oleo-no-litoral-do-nordeste-em-2019\/#primaryimage\"},\"image\":{\"@id\":\"https:\/\/serrafm879.com.br\/serrafm\/2021\/05\/marinha-tres-navios-sao-suspeitos-por-manchas-de-oleo-no-litoral-do-nordeste-em-2019\/#primaryimage\"},\"thumbnailUrl\":\"https:\/\/serrafm879.com.br\/serrafm\/wp-content\/uploads\/2021\/05\/oleo.jpg\",\"datePublished\":\"2021-05-08T10:16:10+00:00\",\"author\":{\"@id\":\"https:\/\/serrafm879.com.br\/serrafm\/#\/schema\/person\/c028a197030ff8b1c03c68dfba4a787a\"},\"breadcrumb\":{\"@id\":\"https:\/\/serrafm879.com.br\/serrafm\/2021\/05\/marinha-tres-navios-sao-suspeitos-por-manchas-de-oleo-no-litoral-do-nordeste-em-2019\/#breadcrumb\"},\"inLanguage\":\"pt-BR\",\"potentialAction\":[{\"@type\":\"ReadAction\",\"target\":[\"https:\/\/serrafm879.com.br\/serrafm\/2021\/05\/marinha-tres-navios-sao-suspeitos-por-manchas-de-oleo-no-litoral-do-nordeste-em-2019\/\"]}]},{\"@type\":\"ImageObject\",\"inLanguage\":\"pt-BR\",\"@id\":\"https:\/\/serrafm879.com.br\/serrafm\/2021\/05\/marinha-tres-navios-sao-suspeitos-por-manchas-de-oleo-no-litoral-do-nordeste-em-2019\/#primaryimage\",\"url\":\"https:\/\/serrafm879.com.br\/serrafm\/wp-content\/uploads\/2021\/05\/oleo.jpg\",\"contentUrl\":\"https:\/\/serrafm879.com.br\/serrafm\/wp-content\/uploads\/2021\/05\/oleo.jpg\",\"width\":610,\"height\":365},{\"@type\":\"BreadcrumbList\",\"@id\":\"https:\/\/serrafm879.com.br\/serrafm\/2021\/05\/marinha-tres-navios-sao-suspeitos-por-manchas-de-oleo-no-litoral-do-nordeste-em-2019\/#breadcrumb\",\"itemListElement\":[{\"@type\":\"ListItem\",\"position\":1,\"name\":\"In\u00edcio\",\"item\":\"https:\/\/serrafm879.com.br\/serrafm\/\"},{\"@type\":\"ListItem\",\"position\":2,\"name\":\"Marinha: tr\u00eas navios s\u00e3o suspeitos por manchas de \u00f3leo no litoral do Nordeste em 2019\"}]},{\"@type\":\"WebSite\",\"@id\":\"https:\/\/serrafm879.com.br\/serrafm\/#website\",\"url\":\"https:\/\/serrafm879.com.br\/serrafm\/\",\"name\":\"Serra FM 87,9\",\"description\":\"O seu novo amor!\",\"potentialAction\":[{\"@type\":\"SearchAction\",\"target\":{\"@type\":\"EntryPoint\",\"urlTemplate\":\"https:\/\/serrafm879.com.br\/serrafm\/?s={search_term_string}\"},\"query-input\":{\"@type\":\"PropertyValueSpecification\",\"valueRequired\":true,\"valueName\":\"search_term_string\"}}],\"inLanguage\":\"pt-BR\"},{\"@type\":\"Person\",\"@id\":\"https:\/\/serrafm879.com.br\/serrafm\/#\/schema\/person\/c028a197030ff8b1c03c68dfba4a787a\",\"name\":\"serrafm87\",\"image\":{\"@type\":\"ImageObject\",\"inLanguage\":\"pt-BR\",\"@id\":\"https:\/\/serrafm879.com.br\/serrafm\/#\/schema\/person\/image\/\",\"url\":\"https:\/\/secure.gravatar.com\/avatar\/a743233f1112d34f48bb3dc9559b76eb930bab8b27175856cba6362608736235?s=96&d=mm&r=g\",\"contentUrl\":\"https:\/\/secure.gravatar.com\/avatar\/a743233f1112d34f48bb3dc9559b76eb930bab8b27175856cba6362608736235?s=96&d=mm&r=g\",\"caption\":\"serrafm87\"},\"sameAs\":[\"http:\/\/serrafm879.com.br\/\"],\"url\":\"https:\/\/serrafm879.com.br\/serrafm\/author\/serrafm87\/\"}]}<\/script>\n<!-- \/ Yoast SEO plugin. -->","yoast_head_json":{"title":"Marinha: tr\u00eas navios s\u00e3o suspeitos por manchas de \u00f3leo no litoral do Nordeste em 2019 - Serra FM 87,9","robots":{"index":"index","follow":"follow","max-snippet":"max-snippet:-1","max-image-preview":"max-image-preview:large","max-video-preview":"max-video-preview:-1"},"canonical":"https:\/\/serrafm879.com.br\/serrafm\/2021\/05\/marinha-tres-navios-sao-suspeitos-por-manchas-de-oleo-no-litoral-do-nordeste-em-2019\/","og_locale":"pt_BR","og_type":"article","og_title":"Marinha: tr\u00eas navios s\u00e3o suspeitos por manchas de \u00f3leo no litoral do Nordeste em 2019 - Serra FM 87,9","og_description":"A Marinha informou, nestas sexta-feira\u00a0(7), que tr\u00eas navios s\u00e3o suspeitos pelo derramamento de \u00f3leo no litoral brasileiro em 2019. As informa\u00e7\u00f5es foram divulgadas ap\u00f3s a retirada do sigilo do relat\u00f3rio da investiga\u00e7\u00e3o, que foi entregue \u00e0 Pol\u00edcia Federal (PF) e ao Minist\u00e9rio P\u00fablico Federal (MPF) em agosto do ano passado. As conclus\u00f5es s\u00e3o utilizadas pela PF em um inqu\u00e9rito criminal sobre o caso. \u201cCom o apoio de institui\u00e7\u00f5es t\u00e9cnicas e cient\u00edficas, p\u00fablicas e privadas, brasileiras e estrangeiras, tr\u00eas navios foram apontados como principais suspeitos: Navio-Tanque (NT) BOUBOULINA; NT VL NICHIOH (em maio de 2020, o navio alterou seu nome para [&hellip;]","og_url":"https:\/\/serrafm879.com.br\/serrafm\/2021\/05\/marinha-tres-navios-sao-suspeitos-por-manchas-de-oleo-no-litoral-do-nordeste-em-2019\/","og_site_name":"Serra FM 87,9","article_published_time":"2021-05-08T10:16:10+00:00","og_image":[{"width":610,"height":365,"url":"https:\/\/serrafm879.com.br\/serrafm\/wp-content\/uploads\/2021\/05\/oleo.jpg","type":"image\/jpeg"}],"author":"serrafm87","twitter_card":"summary_large_image","twitter_misc":{"Escrito por":"serrafm87","Est. tempo de leitura":"1 minuto"},"schema":{"@context":"https:\/\/schema.org","@graph":[{"@type":"WebPage","@id":"https:\/\/serrafm879.com.br\/serrafm\/2021\/05\/marinha-tres-navios-sao-suspeitos-por-manchas-de-oleo-no-litoral-do-nordeste-em-2019\/","url":"https:\/\/serrafm879.com.br\/serrafm\/2021\/05\/marinha-tres-navios-sao-suspeitos-por-manchas-de-oleo-no-litoral-do-nordeste-em-2019\/","name":"Marinha: tr\u00eas navios s\u00e3o suspeitos por manchas de \u00f3leo no litoral do Nordeste em 2019 - Serra FM 87,9","isPartOf":{"@id":"https:\/\/serrafm879.com.br\/serrafm\/#website"},"primaryImageOfPage":{"@id":"https:\/\/serrafm879.com.br\/serrafm\/2021\/05\/marinha-tres-navios-sao-suspeitos-por-manchas-de-oleo-no-litoral-do-nordeste-em-2019\/#primaryimage"},"image":{"@id":"https:\/\/serrafm879.com.br\/serrafm\/2021\/05\/marinha-tres-navios-sao-suspeitos-por-manchas-de-oleo-no-litoral-do-nordeste-em-2019\/#primaryimage"},"thumbnailUrl":"https:\/\/serrafm879.com.br\/serrafm\/wp-content\/uploads\/2021\/05\/oleo.jpg","datePublished":"2021-05-08T10:16:10+00:00","author":{"@id":"https:\/\/serrafm879.com.br\/serrafm\/#\/schema\/person\/c028a197030ff8b1c03c68dfba4a787a"},"breadcrumb":{"@id":"https:\/\/serrafm879.com.br\/serrafm\/2021\/05\/marinha-tres-navios-sao-suspeitos-por-manchas-de-oleo-no-litoral-do-nordeste-em-2019\/#breadcrumb"},"inLanguage":"pt-BR","potentialAction":[{"@type":"ReadAction","target":["https:\/\/serrafm879.com.br\/serrafm\/2021\/05\/marinha-tres-navios-sao-suspeitos-por-manchas-de-oleo-no-litoral-do-nordeste-em-2019\/"]}]},{"@type":"ImageObject","inLanguage":"pt-BR","@id":"https:\/\/serrafm879.com.br\/serrafm\/2021\/05\/marinha-tres-navios-sao-suspeitos-por-manchas-de-oleo-no-litoral-do-nordeste-em-2019\/#primaryimage","url":"https:\/\/serrafm879.com.br\/serrafm\/wp-content\/uploads\/2021\/05\/oleo.jpg","contentUrl":"https:\/\/serrafm879.com.br\/serrafm\/wp-content\/uploads\/2021\/05\/oleo.jpg","width":610,"height":365},{"@type":"BreadcrumbList","@id":"https:\/\/serrafm879.com.br\/serrafm\/2021\/05\/marinha-tres-navios-sao-suspeitos-por-manchas-de-oleo-no-litoral-do-nordeste-em-2019\/#breadcrumb","itemListElement":[{"@type":"ListItem","position":1,"name":"In\u00edcio","item":"https:\/\/serrafm879.com.br\/serrafm\/"},{"@type":"ListItem","position":2,"name":"Marinha: tr\u00eas navios s\u00e3o suspeitos por manchas de \u00f3leo no litoral do Nordeste em 2019"}]},{"@type":"WebSite","@id":"https:\/\/serrafm879.com.br\/serrafm\/#website","url":"https:\/\/serrafm879.com.br\/serrafm\/","name":"Serra FM 87,9","description":"O seu novo amor!","potentialAction":[{"@type":"SearchAction","target":{"@type":"EntryPoint","urlTemplate":"https:\/\/serrafm879.com.br\/serrafm\/?s={search_term_string}"},"query-input":{"@type":"PropertyValueSpecification","valueRequired":true,"valueName":"search_term_string"}}],"inLanguage":"pt-BR"},{"@type":"Person","@id":"https:\/\/serrafm879.com.br\/serrafm\/#\/schema\/person\/c028a197030ff8b1c03c68dfba4a787a","name":"serrafm87","image":{"@type":"ImageObject","inLanguage":"pt-BR","@id":"https:\/\/serrafm879.com.br\/serrafm\/#\/schema\/person\/image\/","url":"https:\/\/secure.gravatar.com\/avatar\/a743233f1112d34f48bb3dc9559b76eb930bab8b27175856cba6362608736235?s=96&d=mm&r=g","contentUrl":"https:\/\/secure.gravatar.com\/avatar\/a743233f1112d34f48bb3dc9559b76eb930bab8b27175856cba6362608736235?s=96&d=mm&r=g","caption":"serrafm87"},"sameAs":["http:\/\/serrafm879.com.br\/"],"url":"https:\/\/serrafm879.com.br\/serrafm\/author\/serrafm87\/"}]}},"jetpack_featured_media_url":"https:\/\/serrafm879.com.br\/serrafm\/wp-content\/uploads\/2021\/05\/oleo.jpg","jetpack_shortlink":"https:\/\/wp.me\/p7HyXg-1w7","jetpack_sharing_enabled":true,"_links":{"self":[{"href":"https:\/\/serrafm879.com.br\/serrafm\/wp-json\/wp\/v2\/posts\/5835","targetHints":{"allow":["GET"]}}],"collection":[{"href":"https:\/\/serrafm879.com.br\/serrafm\/wp-json\/wp\/v2\/posts"}],"about":[{"href":"https:\/\/serrafm879.com.br\/serrafm\/wp-json\/wp\/v2\/types\/post"}],"author":[{"embeddable":true,"href":"https:\/\/serrafm879.com.br\/serrafm\/wp-json\/wp\/v2\/users\/2"}],"replies":[{"embeddable":true,"href":"https:\/\/serrafm879.com.br\/serrafm\/wp-json\/wp\/v2\/comments?post=5835"}],"version-history":[{"count":1,"href":"https:\/\/serrafm879.com.br\/serrafm\/wp-json\/wp\/v2\/posts\/5835\/revisions"}],"predecessor-version":[{"id":5837,"href":"https:\/\/serrafm879.com.br\/serrafm\/wp-json\/wp\/v2\/posts\/5835\/revisions\/5837"}],"wp:featuredmedia":[{"embeddable":true,"href":"https:\/\/serrafm879.com.br\/serrafm\/wp-json\/wp\/v2\/media\/5836"}],"wp:attachment":[{"href":"https:\/\/serrafm879.com.br\/serrafm\/wp-json\/wp\/v2\/media?parent=5835"}],"wp:term":[{"taxonomy":"category","embeddable":true,"href":"https:\/\/serrafm879.com.br\/serrafm\/wp-json\/wp\/v2\/categories?post=5835"},{"taxonomy":"post_tag","embeddable":true,"href":"https:\/\/serrafm879.com.br\/serrafm\/wp-json\/wp\/v2\/tags?post=5835"}],"curies":[{"name":"wp","href":"https:\/\/api.w.org\/{rel}","templated":true}]}}