{"id":5844,"date":"2021-05-08T07:41:54","date_gmt":"2021-05-08T10:41:54","guid":{"rendered":"https:\/?p=5844"},"modified":"2021-05-08T07:41:54","modified_gmt":"2021-05-08T10:41:54","slug":"mesmo-com-vacina-prevencao-contra-o-coronavirus-segue-necessaria","status":"publish","type":"post","link":"https:\/\/serrafm879.com.br\/serrafm\/2021\/05\/mesmo-com-vacina-prevencao-contra-o-coronavirus-segue-necessaria\/","title":{"rendered":"Mesmo com a vacina, preven\u00e7\u00e3o contra o coronav\u00edrus segue necess\u00e1ria"},"content":{"rendered":"<p>A vacina\u00e7\u00e3o contra a Covid-19 trouxe junto com ela a esperan\u00e7a de um futuro melhor. De um mundo no qual poderemos voltar a nos abra\u00e7ar sem o medo da transmiss\u00e3o do coronav\u00edrus. \u00c0 medida que mais pessoas s\u00e3o imunizadas, os benef\u00edcios j\u00e1 podem ser percebidos em todo o mundo, inclusive no Brasil. Dados divulgados por Estados e munic\u00edpios mostram evid\u00eancias de que a vacina vem reduzindo casos de infec\u00e7\u00e3o e mortes entre os grupos atendidos. Ainda assim, alguns pa\u00edses ainda enfrentam problemas em suas campanhas de imuniza\u00e7\u00e3o, entre eles a escassez de vacinas.<\/p>\n<p>Entre avan\u00e7os e imbr\u00f3glios algumas pessoas que j\u00e1 tomaram as duas doses da vacina t\u00eam relaxado com as medidas preventivas recomendadas pelas autoridades sanit\u00e1rias. M\u00e1scaras s\u00e3o deixadas de lado, o isolamento social \u00e9 ignorado, a higieniza\u00e7\u00e3o das m\u00e3os \u00e9 esquecida. Por\u00e9m, h\u00e1 quem n\u00e3o se descuida, como \u00e9 o caso da aposentada Maria Cristina de Farias, de 65 anos, moradora do munic\u00edpio de Vit\u00f3ria de Santo Ant\u00e3o, na Zona da Mata do Estado. Ela tomou a segunda dose da CoronaVac na \u00faltima segunda-feira, mas afirma que continuar\u00e1 adotando outras a\u00e7\u00f5es de prote\u00e7\u00e3o contra o coronav\u00edrus.<\/p>\n<div class=\"dn_noticiasRelacionadas\">\n<div class=\"spacer30\"><span style=\"font-size: 1.21429rem;\">Consciente das pr\u00f3prias atitudes ela explica o motivo. \u201cO mundo todo ainda n\u00e3o est\u00e1 vacinado, ent\u00e3o temos que nos prevenir. Estou sempre usando m\u00e1scara, \u00e1lcool em gel\u201d, comenta. Ela conta ainda que desde o come\u00e7o da pandemia se mant\u00e9m isolada em casa. \u201cPassei meses sem ter contato com meus filhos e netos. Vinham me visitar, mas ficavam me vendo de dentro do carro. Foi um per\u00edodo muito triste. Agora, estamos um pouco mais aliviados porque tomei as duas doses da vacina. Me sinto protegida e estou na torcida para que o mundo todo receba a vacina para que a gente volte \u00e0 nossa vida normal\u201d, afirma.\u00a0<\/span><\/div>\n<\/div>\n<p>Atuando na linha de frente do atendimento a pacientes com Covid-19 em dois hospitais p\u00fablicos do Estado, o enfermeiro Felipe Gomes dos Santos, 32, j\u00e1 concluiu o esquema vacinal contra a doen\u00e7a, mas afirma que mant\u00e9m os cuidados, sobretudo por conta das filhas, Liliane, 3, e L\u00edvia, 12. \u201cEu continuo mantendo o distanciamento social, evito contatos prolongados com os parentes que n\u00e3o moram comigo. Sempre fa\u00e7o quest\u00e3o de tomar banho antes de sair do trabalho e ao chegar em casa n\u00e3o tenho contato com minhas filhas antes de tomar outro banho, higienizar as m\u00e3os\u201d, detalha.<\/p>\n<p>Em 2011, Felipe participou com o Ex\u00e9rcito brasileiro da Miss\u00e3o das Na\u00e7\u00f5es Unidas para a Estabiliza\u00e7\u00e3o no Haiti e teve uma experi\u00eancia semelhante \u00e0 pandemia. \u201cQuando fui tinha acontecido um terremoto e um surto de c\u00f3lera, por isso t\u00ednhamos muitos desses cuidados que temos hoje\u201d, relembra. Ap\u00f3s ver de perto duas crises sanit\u00e1rias, ele ressalta a import\u00e2ncia da vacina e dos cuidados que cada um deve tomar. \u201cQuem for privilegiado e puder se vacinar n\u00e3o pense duas vezes porque a ci\u00eancia n\u00e3o \u00e9 por acaso. A gente conseguiu erradicar v\u00e1rias doen\u00e7as no Brasil atrav\u00e9s da vacina\u201d, fala.<\/p>\n<p><strong>PREVEN\u00c7\u00c3O<\/strong><br \/>\nEspecialistas s\u00e3o taxativos e garantem: mesmo com a vacina\u00e7\u00e3o, medidas de preven\u00e7\u00e3o contra a Covid-19 seguem necess\u00e1rias para oferecer prote\u00e7\u00e3o segura contra o v\u00edrus. O pesquisador da Fiocruz Pernambuco e doutor em biologia molecular, Rafael Dh\u00e1lia, explica que n\u00e3o existe nenhum imunizante capaz de proteger o indiv\u00edduo em 100%. Sendo assim, ainda de acordo com o especialista, pessoas vacinadas podem transmitir o v\u00edrus e ter complica\u00e7\u00f5es em rela\u00e7\u00e3o \u00e0 infec\u00e7\u00e3o, mesmo que este risco seja considerado mais reduzido.<\/p>\n<p>\u201cN\u00f3s s\u00f3 poderemos come\u00e7ar a vislumbrar uma flexibiliza\u00e7\u00e3o das medidas de prote\u00e7\u00e3o, alguns meses depois de atingirmos a imunidade de rebanho (quando aproximadamente 70% da popula\u00e7\u00e3o brasileira estiver imunizada, com as duas doses). O relaxamento ter\u00e1 de ser de forma consciente e gradual, inclusive adotando medidas de testagem, rastreamento de contato e manuten\u00e7\u00e3o da cobertura vacinal\u201d, disse Dh\u00e1lia. Ele afirma que somente depois de haver uma redu\u00e7\u00e3o dr\u00e1stica da circula\u00e7\u00e3o do v\u00edrus, ser\u00e1 poss\u00edvel come\u00e7ar a voltar a conviver de forma segura.<\/p>\n<p>O pesquisador informa que as vacinas da Sinovac, AstraZeneca e da Pfizer, em uso no Brasil, apresentam 50.65%, 76% e 91.3% de efic\u00e1cia, respectivamente. Esses n\u00fameros se referem \u00e0 taxa de prote\u00e7\u00e3o, em rela\u00e7\u00e3o \u00e0 infec\u00e7\u00e3o por Sars-Cov-2, ou seja, mesmo recebendo o imunizante ainda \u00e9 poss\u00edvel contrair \u00e0 Covid-19. \u201cAs pessoas vacinadas, quando s\u00e3o infectadas pelo v\u00edrus, apresentam na sua grande maioria uma prote\u00e7\u00e3o contra as formas graves da doen\u00e7a. Portanto, estes imunizantes nos protegem no sentido de reduzirem os casos de interna\u00e7\u00f5es e evolu\u00e7\u00f5es para as formas graves da doen\u00e7a\u201d, diz.<\/p>\n<p>Diante deste cen\u00e1rio, a infectologista Helo\u00edsa Ramos Lacerda orienta que o uso da m\u00e1scara, distanciamento social, higieniza\u00e7\u00e3o das m\u00e3os e demais medidas de prote\u00e7\u00e3o contra a doen\u00e7a continuam v\u00e1lidas. \u201cEstando ou n\u00e3o com sintomas de Covid evite aglomera\u00e7\u00f5es, n\u00e3o se re\u00fana com outras pessoas se n\u00e3o for realmente necess\u00e1rio, lave as m\u00e3os com frequ\u00eancia. O n\u00famero de pessoas que se encontram est\u00e1 proporcionalmente associado ao risco de adquirir uma infec\u00e7\u00e3o\u201d, acrescenta. Al\u00e9m disso, vale lembrar que leva alguns dias para as vacinas fazerem efeito e durante este per\u00edodo \u00e9 poss\u00edvel contrair a doen\u00e7a e acabar desenvolvendo a forma grave, antes de desenvolver a prote\u00e7\u00e3o.<\/p>\n<p>\u201cAlgu\u00e9m que foi vacinado com as duas doses tem boas chances de ao ser infectado desenvolver forma leve ou moderada da doen\u00e7a, n\u00e3o precisar de internamento em UTI e at\u00e9 mesmo evitar a morte. No entanto, pode transmitir o v\u00edrus para algu\u00e9m da sua casa que ainda n\u00e3o foi imunizado e esta pessoa ter a forma grave. Por isso, a import\u00e2ncia de continuar seguindo as medidas de preven\u00e7\u00e3o\u201d, acrescenta Helo\u00edsa Ramos Lacerda, que tamb\u00e9m \u00e9 professora dos cursos de medicina da Universidade de Pernambuco (UPE) e Universidade Federal de Pernambuco (UFPE).<\/p>\n<p><strong>CAMPANHAS<\/strong><br \/>\nA diretora da Organiza\u00e7\u00e3o Pan-Americana de Sa\u00fade (Opas), Carissa Etienne, ressaltou, em coletiva de imprensa realizada nesta semana, a necessidade de os governos promoverem campanhas de comunica\u00e7\u00e3o abrangentes de modo a convencer que as pessoas cumpram as medidas de preven\u00e7\u00e3o e se vacinem. Entre as a\u00e7\u00f5es, devem tentar dialogar sobretudo com quem duvida da efic\u00e1cia da imuniza\u00e7\u00e3o. Na ocasi\u00e3o ela enfatizou que neste momento \u00e9 preciso manter as medidas de preven\u00e7\u00e3o contra a Covid-19, como uso de m\u00e1scaras e distanciamento social.<\/p>\n<p>A diretora argumentou que a vacina\u00e7\u00e3o \u00e9 fundamental para o combate \u00e0 pandemia, mas que at\u00e9 agora os pa\u00edses da Am\u00e9rica Latina e Caribe ainda n\u00e3o receberam doses suficientes para uma imuniza\u00e7\u00e3o mais abrangente contra o coronav\u00edrus. \u201cEmbora as pessoas estejam sendo vacinadas, n\u00e3o podemos confiar nas vacinas para reduzir as infec\u00e7\u00f5es quando n\u00e3o h\u00e1 vacinas para todos. Elas s\u00e3o uma parte das respostas abrangentes que inclui a preven\u00e7\u00e3o por meio de medidas de sa\u00fade. \u00c9 por isso que precisamos fazer tudo para dobrar a curva e reduzir as infec\u00e7\u00f5es\u201d, destacou Etienne.<\/p>\n<p>De acordo com o secret\u00e1rio estadual de Sa\u00fade, Andr\u00e9 Longo, no momento da vacina\u00e7\u00e3o os profissionais de sa\u00fade orientam a popula\u00e7\u00e3o sobre a import\u00e2ncia de manter as medidas preventivas. Ele destaca tamb\u00e9m que no cart\u00e3o de vacina que as pessoas recebem h\u00e1 um pedido para que a\u00e7\u00f5es continuem sendo seguidas. Ainda segundo Longo, o uso de m\u00e1scara, distanciamento e higieniza\u00e7\u00e3o s\u00e3o regras de educa\u00e7\u00e3o sanit\u00e1ria que precisamos incorpor\u00e1-las ao nosso cotidiano. \u201cS\u00f3 quando atingirmos um n\u00edvel de imunidade coletiva \u00e9 que poderemos, como outros pa\u00edses come\u00e7am a fazer, pensar em abolir seu uso de forma sistem\u00e1tica, mas n\u00e3o h\u00e1 ainda nenhuma previs\u00e3o que a gente possa dar para que isso venha a ocorrer\u201d, falou durante coletiva remota na \u00faltima quinta-feira.<\/p>\n<p><img decoding=\"async\" src=\"https:\/\/cdn.folhape.com.br\/upload\/dn_arquivo\/2021\/05\/0805-balanco-vacinacao-web.jpg\" alt=\"Balan\u00e7o da vacina\u00e7\u00e3o no Brasil e em Pernambuco\" \/><\/p>\n","protected":false},"excerpt":{"rendered":"<p>A vacina\u00e7\u00e3o contra a Covid-19 trouxe junto com ela a esperan\u00e7a de um futuro melhor. De um mundo no qual poderemos voltar a nos abra\u00e7ar sem o medo da transmiss\u00e3o do coronav\u00edrus. \u00c0 medida que mais pessoas s\u00e3o imunizadas, os benef\u00edcios j\u00e1 podem ser percebidos em todo o mundo, inclusive no Brasil. Dados divulgados por Estados e munic\u00edpios mostram evid\u00eancias de que a vacina vem reduzindo casos de infec\u00e7\u00e3o e mortes entre os grupos atendidos. Ainda assim, alguns pa\u00edses ainda enfrentam problemas em suas campanhas de imuniza\u00e7\u00e3o, entre eles a escassez de vacinas. Entre avan\u00e7os e imbr\u00f3glios algumas pessoas que [&hellip;]<\/p>\n","protected":false},"author":2,"featured_media":5167,"comment_status":"open","ping_status":"open","sticky":false,"template":"","format":"standard","meta":{"_jetpack_memberships_contains_paid_content":false,"footnotes":"","jetpack_publicize_message":"","jetpack_publicize_feature_enabled":true,"jetpack_social_post_already_shared":true,"jetpack_social_options":{"image_generator_settings":{"template":"highway","enabled":false},"version":2}},"categories":[2],"tags":[],"class_list":["post-5844","post","type-post","status-publish","format-standard","has-post-thumbnail","hentry","category-noticias"],"jetpack_publicize_connections":[],"yoast_head":"<!-- This site is optimized with the Yoast SEO plugin v24.7 - https:\/\/yoast.com\/wordpress\/plugins\/seo\/ -->\n<title>Mesmo com a vacina, preven\u00e7\u00e3o contra o coronav\u00edrus segue necess\u00e1ria - Serra FM 87,9<\/title>\n<meta name=\"robots\" content=\"index, follow, max-snippet:-1, max-image-preview:large, max-video-preview:-1\" \/>\n<link rel=\"canonical\" href=\"https:\/\/serrafm879.com.br\/serrafm\/2021\/05\/mesmo-com-vacina-prevencao-contra-o-coronavirus-segue-necessaria\/\" \/>\n<meta property=\"og:locale\" content=\"pt_BR\" \/>\n<meta property=\"og:type\" content=\"article\" \/>\n<meta property=\"og:title\" content=\"Mesmo com a vacina, preven\u00e7\u00e3o contra o coronav\u00edrus segue necess\u00e1ria - Serra FM 87,9\" \/>\n<meta property=\"og:description\" content=\"A vacina\u00e7\u00e3o contra a Covid-19 trouxe junto com ela a esperan\u00e7a de um futuro melhor. De um mundo no qual poderemos voltar a nos abra\u00e7ar sem o medo da transmiss\u00e3o do coronav\u00edrus. \u00c0 medida que mais pessoas s\u00e3o imunizadas, os benef\u00edcios j\u00e1 podem ser percebidos em todo o mundo, inclusive no Brasil. Dados divulgados por Estados e munic\u00edpios mostram evid\u00eancias de que a vacina vem reduzindo casos de infec\u00e7\u00e3o e mortes entre os grupos atendidos. Ainda assim, alguns pa\u00edses ainda enfrentam problemas em suas campanhas de imuniza\u00e7\u00e3o, entre eles a escassez de vacinas. Entre avan\u00e7os e imbr\u00f3glios algumas pessoas que [&hellip;]\" \/>\n<meta property=\"og:url\" content=\"https:\/\/serrafm879.com.br\/serrafm\/2021\/05\/mesmo-com-vacina-prevencao-contra-o-coronavirus-segue-necessaria\/\" \/>\n<meta property=\"og:site_name\" content=\"Serra FM 87,9\" \/>\n<meta property=\"article:published_time\" content=\"2021-05-08T10:41:54+00:00\" \/>\n<meta property=\"og:image\" content=\"https:\/\/serrafm879.com.br\/serrafm\/wp-content\/uploads\/2021\/03\/serrafm.jpg\" \/>\n\t<meta property=\"og:image:width\" content=\"800\" \/>\n\t<meta property=\"og:image:height\" content=\"400\" \/>\n\t<meta property=\"og:image:type\" content=\"image\/jpeg\" \/>\n<meta name=\"author\" content=\"serrafm87\" \/>\n<meta name=\"twitter:card\" content=\"summary_large_image\" \/>\n<meta name=\"twitter:label1\" content=\"Escrito por\" \/>\n\t<meta name=\"twitter:data1\" content=\"serrafm87\" \/>\n\t<meta name=\"twitter:label2\" content=\"Est. tempo de leitura\" \/>\n\t<meta name=\"twitter:data2\" content=\"7 minutos\" \/>\n<script type=\"application\/ld+json\" class=\"yoast-schema-graph\">{\"@context\":\"https:\/\/schema.org\",\"@graph\":[{\"@type\":\"WebPage\",\"@id\":\"https:\/\/serrafm879.com.br\/serrafm\/2021\/05\/mesmo-com-vacina-prevencao-contra-o-coronavirus-segue-necessaria\/\",\"url\":\"https:\/\/serrafm879.com.br\/serrafm\/2021\/05\/mesmo-com-vacina-prevencao-contra-o-coronavirus-segue-necessaria\/\",\"name\":\"Mesmo com a vacina, preven\u00e7\u00e3o contra o coronav\u00edrus segue necess\u00e1ria - Serra FM 87,9\",\"isPartOf\":{\"@id\":\"https:\/\/serrafm879.com.br\/serrafm\/#website\"},\"primaryImageOfPage\":{\"@id\":\"https:\/\/serrafm879.com.br\/serrafm\/2021\/05\/mesmo-com-vacina-prevencao-contra-o-coronavirus-segue-necessaria\/#primaryimage\"},\"image\":{\"@id\":\"https:\/\/serrafm879.com.br\/serrafm\/2021\/05\/mesmo-com-vacina-prevencao-contra-o-coronavirus-segue-necessaria\/#primaryimage\"},\"thumbnailUrl\":\"https:\/\/serrafm879.com.br\/serrafm\/wp-content\/uploads\/2021\/03\/serrafm.jpg\",\"datePublished\":\"2021-05-08T10:41:54+00:00\",\"author\":{\"@id\":\"https:\/\/serrafm879.com.br\/serrafm\/#\/schema\/person\/c028a197030ff8b1c03c68dfba4a787a\"},\"breadcrumb\":{\"@id\":\"https:\/\/serrafm879.com.br\/serrafm\/2021\/05\/mesmo-com-vacina-prevencao-contra-o-coronavirus-segue-necessaria\/#breadcrumb\"},\"inLanguage\":\"pt-BR\",\"potentialAction\":[{\"@type\":\"ReadAction\",\"target\":[\"https:\/\/serrafm879.com.br\/serrafm\/2021\/05\/mesmo-com-vacina-prevencao-contra-o-coronavirus-segue-necessaria\/\"]}]},{\"@type\":\"ImageObject\",\"inLanguage\":\"pt-BR\",\"@id\":\"https:\/\/serrafm879.com.br\/serrafm\/2021\/05\/mesmo-com-vacina-prevencao-contra-o-coronavirus-segue-necessaria\/#primaryimage\",\"url\":\"https:\/\/serrafm879.com.br\/serrafm\/wp-content\/uploads\/2021\/03\/serrafm.jpg\",\"contentUrl\":\"https:\/\/serrafm879.com.br\/serrafm\/wp-content\/uploads\/2021\/03\/serrafm.jpg\",\"width\":800,\"height\":400},{\"@type\":\"BreadcrumbList\",\"@id\":\"https:\/\/serrafm879.com.br\/serrafm\/2021\/05\/mesmo-com-vacina-prevencao-contra-o-coronavirus-segue-necessaria\/#breadcrumb\",\"itemListElement\":[{\"@type\":\"ListItem\",\"position\":1,\"name\":\"In\u00edcio\",\"item\":\"https:\/\/serrafm879.com.br\/serrafm\/\"},{\"@type\":\"ListItem\",\"position\":2,\"name\":\"Mesmo com a vacina, preven\u00e7\u00e3o contra o coronav\u00edrus segue necess\u00e1ria\"}]},{\"@type\":\"WebSite\",\"@id\":\"https:\/\/serrafm879.com.br\/serrafm\/#website\",\"url\":\"https:\/\/serrafm879.com.br\/serrafm\/\",\"name\":\"Serra FM 87,9\",\"description\":\"O seu novo amor!\",\"potentialAction\":[{\"@type\":\"SearchAction\",\"target\":{\"@type\":\"EntryPoint\",\"urlTemplate\":\"https:\/\/serrafm879.com.br\/serrafm\/?s={search_term_string}\"},\"query-input\":{\"@type\":\"PropertyValueSpecification\",\"valueRequired\":true,\"valueName\":\"search_term_string\"}}],\"inLanguage\":\"pt-BR\"},{\"@type\":\"Person\",\"@id\":\"https:\/\/serrafm879.com.br\/serrafm\/#\/schema\/person\/c028a197030ff8b1c03c68dfba4a787a\",\"name\":\"serrafm87\",\"image\":{\"@type\":\"ImageObject\",\"inLanguage\":\"pt-BR\",\"@id\":\"https:\/\/serrafm879.com.br\/serrafm\/#\/schema\/person\/image\/\",\"url\":\"https:\/\/secure.gravatar.com\/avatar\/a743233f1112d34f48bb3dc9559b76eb930bab8b27175856cba6362608736235?s=96&d=mm&r=g\",\"contentUrl\":\"https:\/\/secure.gravatar.com\/avatar\/a743233f1112d34f48bb3dc9559b76eb930bab8b27175856cba6362608736235?s=96&d=mm&r=g\",\"caption\":\"serrafm87\"},\"sameAs\":[\"http:\/\/serrafm879.com.br\/\"],\"url\":\"https:\/\/serrafm879.com.br\/serrafm\/author\/serrafm87\/\"}]}<\/script>\n<!-- \/ Yoast SEO plugin. -->","yoast_head_json":{"title":"Mesmo com a vacina, preven\u00e7\u00e3o contra o coronav\u00edrus segue necess\u00e1ria - Serra FM 87,9","robots":{"index":"index","follow":"follow","max-snippet":"max-snippet:-1","max-image-preview":"max-image-preview:large","max-video-preview":"max-video-preview:-1"},"canonical":"https:\/\/serrafm879.com.br\/serrafm\/2021\/05\/mesmo-com-vacina-prevencao-contra-o-coronavirus-segue-necessaria\/","og_locale":"pt_BR","og_type":"article","og_title":"Mesmo com a vacina, preven\u00e7\u00e3o contra o coronav\u00edrus segue necess\u00e1ria - Serra FM 87,9","og_description":"A vacina\u00e7\u00e3o contra a Covid-19 trouxe junto com ela a esperan\u00e7a de um futuro melhor. De um mundo no qual poderemos voltar a nos abra\u00e7ar sem o medo da transmiss\u00e3o do coronav\u00edrus. \u00c0 medida que mais pessoas s\u00e3o imunizadas, os benef\u00edcios j\u00e1 podem ser percebidos em todo o mundo, inclusive no Brasil. Dados divulgados por Estados e munic\u00edpios mostram evid\u00eancias de que a vacina vem reduzindo casos de infec\u00e7\u00e3o e mortes entre os grupos atendidos. Ainda assim, alguns pa\u00edses ainda enfrentam problemas em suas campanhas de imuniza\u00e7\u00e3o, entre eles a escassez de vacinas. Entre avan\u00e7os e imbr\u00f3glios algumas pessoas que [&hellip;]","og_url":"https:\/\/serrafm879.com.br\/serrafm\/2021\/05\/mesmo-com-vacina-prevencao-contra-o-coronavirus-segue-necessaria\/","og_site_name":"Serra FM 87,9","article_published_time":"2021-05-08T10:41:54+00:00","og_image":[{"width":800,"height":400,"url":"https:\/\/serrafm879.com.br\/serrafm\/wp-content\/uploads\/2021\/03\/serrafm.jpg","type":"image\/jpeg"}],"author":"serrafm87","twitter_card":"summary_large_image","twitter_misc":{"Escrito por":"serrafm87","Est. tempo de leitura":"7 minutos"},"schema":{"@context":"https:\/\/schema.org","@graph":[{"@type":"WebPage","@id":"https:\/\/serrafm879.com.br\/serrafm\/2021\/05\/mesmo-com-vacina-prevencao-contra-o-coronavirus-segue-necessaria\/","url":"https:\/\/serrafm879.com.br\/serrafm\/2021\/05\/mesmo-com-vacina-prevencao-contra-o-coronavirus-segue-necessaria\/","name":"Mesmo com a vacina, preven\u00e7\u00e3o contra o coronav\u00edrus segue necess\u00e1ria - Serra FM 87,9","isPartOf":{"@id":"https:\/\/serrafm879.com.br\/serrafm\/#website"},"primaryImageOfPage":{"@id":"https:\/\/serrafm879.com.br\/serrafm\/2021\/05\/mesmo-com-vacina-prevencao-contra-o-coronavirus-segue-necessaria\/#primaryimage"},"image":{"@id":"https:\/\/serrafm879.com.br\/serrafm\/2021\/05\/mesmo-com-vacina-prevencao-contra-o-coronavirus-segue-necessaria\/#primaryimage"},"thumbnailUrl":"https:\/\/serrafm879.com.br\/serrafm\/wp-content\/uploads\/2021\/03\/serrafm.jpg","datePublished":"2021-05-08T10:41:54+00:00","author":{"@id":"https:\/\/serrafm879.com.br\/serrafm\/#\/schema\/person\/c028a197030ff8b1c03c68dfba4a787a"},"breadcrumb":{"@id":"https:\/\/serrafm879.com.br\/serrafm\/2021\/05\/mesmo-com-vacina-prevencao-contra-o-coronavirus-segue-necessaria\/#breadcrumb"},"inLanguage":"pt-BR","potentialAction":[{"@type":"ReadAction","target":["https:\/\/serrafm879.com.br\/serrafm\/2021\/05\/mesmo-com-vacina-prevencao-contra-o-coronavirus-segue-necessaria\/"]}]},{"@type":"ImageObject","inLanguage":"pt-BR","@id":"https:\/\/serrafm879.com.br\/serrafm\/2021\/05\/mesmo-com-vacina-prevencao-contra-o-coronavirus-segue-necessaria\/#primaryimage","url":"https:\/\/serrafm879.com.br\/serrafm\/wp-content\/uploads\/2021\/03\/serrafm.jpg","contentUrl":"https:\/\/serrafm879.com.br\/serrafm\/wp-content\/uploads\/2021\/03\/serrafm.jpg","width":800,"height":400},{"@type":"BreadcrumbList","@id":"https:\/\/serrafm879.com.br\/serrafm\/2021\/05\/mesmo-com-vacina-prevencao-contra-o-coronavirus-segue-necessaria\/#breadcrumb","itemListElement":[{"@type":"ListItem","position":1,"name":"In\u00edcio","item":"https:\/\/serrafm879.com.br\/serrafm\/"},{"@type":"ListItem","position":2,"name":"Mesmo com a vacina, preven\u00e7\u00e3o contra o coronav\u00edrus segue necess\u00e1ria"}]},{"@type":"WebSite","@id":"https:\/\/serrafm879.com.br\/serrafm\/#website","url":"https:\/\/serrafm879.com.br\/serrafm\/","name":"Serra FM 87,9","description":"O seu novo amor!","potentialAction":[{"@type":"SearchAction","target":{"@type":"EntryPoint","urlTemplate":"https:\/\/serrafm879.com.br\/serrafm\/?s={search_term_string}"},"query-input":{"@type":"PropertyValueSpecification","valueRequired":true,"valueName":"search_term_string"}}],"inLanguage":"pt-BR"},{"@type":"Person","@id":"https:\/\/serrafm879.com.br\/serrafm\/#\/schema\/person\/c028a197030ff8b1c03c68dfba4a787a","name":"serrafm87","image":{"@type":"ImageObject","inLanguage":"pt-BR","@id":"https:\/\/serrafm879.com.br\/serrafm\/#\/schema\/person\/image\/","url":"https:\/\/secure.gravatar.com\/avatar\/a743233f1112d34f48bb3dc9559b76eb930bab8b27175856cba6362608736235?s=96&d=mm&r=g","contentUrl":"https:\/\/secure.gravatar.com\/avatar\/a743233f1112d34f48bb3dc9559b76eb930bab8b27175856cba6362608736235?s=96&d=mm&r=g","caption":"serrafm87"},"sameAs":["http:\/\/serrafm879.com.br\/"],"url":"https:\/\/serrafm879.com.br\/serrafm\/author\/serrafm87\/"}]}},"jetpack_featured_media_url":"https:\/\/serrafm879.com.br\/serrafm\/wp-content\/uploads\/2021\/03\/serrafm.jpg","jetpack_shortlink":"https:\/\/wp.me\/p7HyXg-1wg","jetpack_sharing_enabled":true,"_links":{"self":[{"href":"https:\/\/serrafm879.com.br\/serrafm\/wp-json\/wp\/v2\/posts\/5844","targetHints":{"allow":["GET"]}}],"collection":[{"href":"https:\/\/serrafm879.com.br\/serrafm\/wp-json\/wp\/v2\/posts"}],"about":[{"href":"https:\/\/serrafm879.com.br\/serrafm\/wp-json\/wp\/v2\/types\/post"}],"author":[{"embeddable":true,"href":"https:\/\/serrafm879.com.br\/serrafm\/wp-json\/wp\/v2\/users\/2"}],"replies":[{"embeddable":true,"href":"https:\/\/serrafm879.com.br\/serrafm\/wp-json\/wp\/v2\/comments?post=5844"}],"version-history":[{"count":1,"href":"https:\/\/serrafm879.com.br\/serrafm\/wp-json\/wp\/v2\/posts\/5844\/revisions"}],"predecessor-version":[{"id":5845,"href":"https:\/\/serrafm879.com.br\/serrafm\/wp-json\/wp\/v2\/posts\/5844\/revisions\/5845"}],"wp:featuredmedia":[{"embeddable":true,"href":"https:\/\/serrafm879.com.br\/serrafm\/wp-json\/wp\/v2\/media\/5167"}],"wp:attachment":[{"href":"https:\/\/serrafm879.com.br\/serrafm\/wp-json\/wp\/v2\/media?parent=5844"}],"wp:term":[{"taxonomy":"category","embeddable":true,"href":"https:\/\/serrafm879.com.br\/serrafm\/wp-json\/wp\/v2\/categories?post=5844"},{"taxonomy":"post_tag","embeddable":true,"href":"https:\/\/serrafm879.com.br\/serrafm\/wp-json\/wp\/v2\/tags?post=5844"}],"curies":[{"name":"wp","href":"https:\/\/api.w.org\/{rel}","templated":true}]}}