{"id":5847,"date":"2021-05-10T07:51:33","date_gmt":"2021-05-10T10:51:33","guid":{"rendered":"https:\/?p=5847"},"modified":"2021-05-10T07:51:33","modified_gmt":"2021-05-10T10:51:33","slug":"deputado-licenciado-rodrigo-novaes-anuncia-liberacao-de-recursos-de-emenda-destinada-serra-talhada","status":"publish","type":"post","link":"https:\/\/serrafm879.com.br\/serrafm\/2021\/05\/deputado-licenciado-rodrigo-novaes-anuncia-liberacao-de-recursos-de-emenda-destinada-serra-talhada\/","title":{"rendered":"Deputado licenciado Rodrigo Novaes anuncia libera\u00e7\u00e3o de recursos de emenda destinada \u00e0 Serra Talhada"},"content":{"rendered":"<p>Atualmente exercendo a fun\u00e7\u00e3o de secret\u00e1rio estadual do Turismo, o deputado estadual licenciado Rodrigo Novaes informou que foi liberada a primeira parcela de uma emenda de R$ 400 mil que destinou para o munic\u00edpio de Serra Talhada. A verba ser\u00e1 usada pela prefeita M\u00e1rcia Conrado em melhorias nas pra\u00e7as do bairro S\u00e3o Crist\u00f3v\u00e3o e do distrito de Bernardo Vieira, bem como no cal\u00e7ad\u00e3o da pra\u00e7a S\u00e9rgio Magalh\u00e3es.<\/p>\n<p>\u201cNa semana de anivers\u00e1rio da cidade, conseguimos liberar a primeira parcela da emenda para o munic\u00edpio. Tudo isso feito em parceria com o governador Paulo C\u00e2mara, meu l\u00edder, e com a prefeita M\u00e1rcia Conrado. \u00c9 com muita alegria que fa\u00e7o esse an\u00fancio\u201d, destacou Novaes, comunicando que a primeira parcela saiu no valor de R$ 130 mil.<\/p>\n<p>Ele ainda parabenizou o atual governo do munic\u00edpio. \u201cCom pouco tempo de governo, a prefeita M\u00e1rcia j\u00e1 demonstrou uma capacidade de trabalho e uma efici\u00eancia que, certamente, trar\u00e3o muitos benef\u00edcios ao povo de Serra\u201d, disse.<\/p>\n<p>por Alvinho patriota<\/p>\n<p>&nbsp;<\/p>\n","protected":false},"excerpt":{"rendered":"<p>Atualmente exercendo a fun\u00e7\u00e3o de secret\u00e1rio estadual do Turismo, o deputado estadual licenciado Rodrigo Novaes informou que foi liberada a primeira parcela de uma emenda de R$ 400 mil que destinou para o munic\u00edpio de Serra Talhada. A verba ser\u00e1 usada pela prefeita M\u00e1rcia Conrado em melhorias nas pra\u00e7as do bairro S\u00e3o Crist\u00f3v\u00e3o e do distrito de Bernardo Vieira, bem como no cal\u00e7ad\u00e3o da pra\u00e7a S\u00e9rgio Magalh\u00e3es. \u201cNa semana de anivers\u00e1rio da cidade, conseguimos liberar a primeira parcela da emenda para o munic\u00edpio. Tudo isso feito em parceria com o governador Paulo C\u00e2mara, meu l\u00edder, e com a prefeita M\u00e1rcia [&hellip;]<\/p>\n","protected":false},"author":2,"featured_media":4027,"comment_status":"open","ping_status":"open","sticky":false,"template":"","format":"standard","meta":{"_jetpack_memberships_contains_paid_content":false,"footnotes":"","jetpack_publicize_message":"","jetpack_publicize_feature_enabled":true,"jetpack_social_post_already_shared":true,"jetpack_social_options":{"image_generator_settings":{"template":"highway","enabled":false},"version":2}},"categories":[2],"tags":[],"class_list":["post-5847","post","type-post","status-publish","format-standard","has-post-thumbnail","hentry","category-noticias"],"jetpack_publicize_connections":[],"yoast_head":"<!-- This site is optimized with the Yoast SEO plugin v24.7 - https:\/\/yoast.com\/wordpress\/plugins\/seo\/ -->\n<title>Deputado licenciado Rodrigo Novaes anuncia libera\u00e7\u00e3o de recursos de emenda destinada \u00e0 Serra Talhada - Serra FM 87,9<\/title>\n<meta name=\"robots\" content=\"index, follow, max-snippet:-1, max-image-preview:large, max-video-preview:-1\" \/>\n<link rel=\"canonical\" href=\"https:\/\/serrafm879.com.br\/serrafm\/2021\/05\/deputado-licenciado-rodrigo-novaes-anuncia-liberacao-de-recursos-de-emenda-destinada-serra-talhada\/\" \/>\n<meta property=\"og:locale\" content=\"pt_BR\" \/>\n<meta property=\"og:type\" content=\"article\" \/>\n<meta property=\"og:title\" content=\"Deputado licenciado Rodrigo Novaes anuncia libera\u00e7\u00e3o de recursos de emenda destinada \u00e0 Serra Talhada - Serra FM 87,9\" \/>\n<meta property=\"og:description\" content=\"Atualmente exercendo a fun\u00e7\u00e3o de secret\u00e1rio estadual do Turismo, o deputado estadual licenciado Rodrigo Novaes informou que foi liberada a primeira parcela de uma emenda de R$ 400 mil que destinou para o munic\u00edpio de Serra Talhada. A verba ser\u00e1 usada pela prefeita M\u00e1rcia Conrado em melhorias nas pra\u00e7as do bairro S\u00e3o Crist\u00f3v\u00e3o e do distrito de Bernardo Vieira, bem como no cal\u00e7ad\u00e3o da pra\u00e7a S\u00e9rgio Magalh\u00e3es. \u201cNa semana de anivers\u00e1rio da cidade, conseguimos liberar a primeira parcela da emenda para o munic\u00edpio. Tudo isso feito em parceria com o governador Paulo C\u00e2mara, meu l\u00edder, e com a prefeita M\u00e1rcia [&hellip;]\" \/>\n<meta property=\"og:url\" content=\"https:\/\/serrafm879.com.br\/serrafm\/2021\/05\/deputado-licenciado-rodrigo-novaes-anuncia-liberacao-de-recursos-de-emenda-destinada-serra-talhada\/\" \/>\n<meta property=\"og:site_name\" content=\"Serra FM 87,9\" \/>\n<meta property=\"article:published_time\" content=\"2021-05-10T10:51:33+00:00\" \/>\n<meta property=\"og:image\" content=\"https:\/\/serrafm879.com.br\/serrafm\/wp-content\/uploads\/2020\/11\/Serra-Talhada.jpg\" \/>\n\t<meta property=\"og:image:width\" content=\"730\" \/>\n\t<meta property=\"og:image:height\" content=\"411\" \/>\n\t<meta property=\"og:image:type\" content=\"image\/jpeg\" \/>\n<meta name=\"author\" content=\"serrafm87\" \/>\n<meta name=\"twitter:card\" content=\"summary_large_image\" \/>\n<meta name=\"twitter:label1\" content=\"Escrito por\" \/>\n\t<meta name=\"twitter:data1\" content=\"serrafm87\" \/>\n\t<meta name=\"twitter:label2\" content=\"Est. tempo de leitura\" \/>\n\t<meta name=\"twitter:data2\" content=\"1 minuto\" \/>\n<script type=\"application\/ld+json\" class=\"yoast-schema-graph\">{\"@context\":\"https:\/\/schema.org\",\"@graph\":[{\"@type\":\"WebPage\",\"@id\":\"https:\/\/serrafm879.com.br\/serrafm\/2021\/05\/deputado-licenciado-rodrigo-novaes-anuncia-liberacao-de-recursos-de-emenda-destinada-serra-talhada\/\",\"url\":\"https:\/\/serrafm879.com.br\/serrafm\/2021\/05\/deputado-licenciado-rodrigo-novaes-anuncia-liberacao-de-recursos-de-emenda-destinada-serra-talhada\/\",\"name\":\"Deputado licenciado Rodrigo Novaes anuncia libera\u00e7\u00e3o de recursos de emenda destinada \u00e0 Serra Talhada - Serra FM 87,9\",\"isPartOf\":{\"@id\":\"https:\/\/serrafm879.com.br\/serrafm\/#website\"},\"primaryImageOfPage\":{\"@id\":\"https:\/\/serrafm879.com.br\/serrafm\/2021\/05\/deputado-licenciado-rodrigo-novaes-anuncia-liberacao-de-recursos-de-emenda-destinada-serra-talhada\/#primaryimage\"},\"image\":{\"@id\":\"https:\/\/serrafm879.com.br\/serrafm\/2021\/05\/deputado-licenciado-rodrigo-novaes-anuncia-liberacao-de-recursos-de-emenda-destinada-serra-talhada\/#primaryimage\"},\"thumbnailUrl\":\"https:\/\/serrafm879.com.br\/serrafm\/wp-content\/uploads\/2020\/11\/Serra-Talhada.jpg\",\"datePublished\":\"2021-05-10T10:51:33+00:00\",\"author\":{\"@id\":\"https:\/\/serrafm879.com.br\/serrafm\/#\/schema\/person\/c028a197030ff8b1c03c68dfba4a787a\"},\"breadcrumb\":{\"@id\":\"https:\/\/serrafm879.com.br\/serrafm\/2021\/05\/deputado-licenciado-rodrigo-novaes-anuncia-liberacao-de-recursos-de-emenda-destinada-serra-talhada\/#breadcrumb\"},\"inLanguage\":\"pt-BR\",\"potentialAction\":[{\"@type\":\"ReadAction\",\"target\":[\"https:\/\/serrafm879.com.br\/serrafm\/2021\/05\/deputado-licenciado-rodrigo-novaes-anuncia-liberacao-de-recursos-de-emenda-destinada-serra-talhada\/\"]}]},{\"@type\":\"ImageObject\",\"inLanguage\":\"pt-BR\",\"@id\":\"https:\/\/serrafm879.com.br\/serrafm\/2021\/05\/deputado-licenciado-rodrigo-novaes-anuncia-liberacao-de-recursos-de-emenda-destinada-serra-talhada\/#primaryimage\",\"url\":\"https:\/\/serrafm879.com.br\/serrafm\/wp-content\/uploads\/2020\/11\/Serra-Talhada.jpg\",\"contentUrl\":\"https:\/\/serrafm879.com.br\/serrafm\/wp-content\/uploads\/2020\/11\/Serra-Talhada.jpg\",\"width\":730,\"height\":411},{\"@type\":\"BreadcrumbList\",\"@id\":\"https:\/\/serrafm879.com.br\/serrafm\/2021\/05\/deputado-licenciado-rodrigo-novaes-anuncia-liberacao-de-recursos-de-emenda-destinada-serra-talhada\/#breadcrumb\",\"itemListElement\":[{\"@type\":\"ListItem\",\"position\":1,\"name\":\"In\u00edcio\",\"item\":\"https:\/\/serrafm879.com.br\/serrafm\/\"},{\"@type\":\"ListItem\",\"position\":2,\"name\":\"Deputado licenciado Rodrigo Novaes anuncia libera\u00e7\u00e3o de recursos de emenda destinada \u00e0 Serra Talhada\"}]},{\"@type\":\"WebSite\",\"@id\":\"https:\/\/serrafm879.com.br\/serrafm\/#website\",\"url\":\"https:\/\/serrafm879.com.br\/serrafm\/\",\"name\":\"Serra FM 87,9\",\"description\":\"O seu novo amor!\",\"potentialAction\":[{\"@type\":\"SearchAction\",\"target\":{\"@type\":\"EntryPoint\",\"urlTemplate\":\"https:\/\/serrafm879.com.br\/serrafm\/?s={search_term_string}\"},\"query-input\":{\"@type\":\"PropertyValueSpecification\",\"valueRequired\":true,\"valueName\":\"search_term_string\"}}],\"inLanguage\":\"pt-BR\"},{\"@type\":\"Person\",\"@id\":\"https:\/\/serrafm879.com.br\/serrafm\/#\/schema\/person\/c028a197030ff8b1c03c68dfba4a787a\",\"name\":\"serrafm87\",\"image\":{\"@type\":\"ImageObject\",\"inLanguage\":\"pt-BR\",\"@id\":\"https:\/\/serrafm879.com.br\/serrafm\/#\/schema\/person\/image\/\",\"url\":\"https:\/\/secure.gravatar.com\/avatar\/a743233f1112d34f48bb3dc9559b76eb930bab8b27175856cba6362608736235?s=96&d=mm&r=g\",\"contentUrl\":\"https:\/\/secure.gravatar.com\/avatar\/a743233f1112d34f48bb3dc9559b76eb930bab8b27175856cba6362608736235?s=96&d=mm&r=g\",\"caption\":\"serrafm87\"},\"sameAs\":[\"http:\/\/serrafm879.com.br\/\"],\"url\":\"https:\/\/serrafm879.com.br\/serrafm\/author\/serrafm87\/\"}]}<\/script>\n<!-- \/ Yoast SEO plugin. -->","yoast_head_json":{"title":"Deputado licenciado Rodrigo Novaes anuncia libera\u00e7\u00e3o de recursos de emenda destinada \u00e0 Serra Talhada - Serra FM 87,9","robots":{"index":"index","follow":"follow","max-snippet":"max-snippet:-1","max-image-preview":"max-image-preview:large","max-video-preview":"max-video-preview:-1"},"canonical":"https:\/\/serrafm879.com.br\/serrafm\/2021\/05\/deputado-licenciado-rodrigo-novaes-anuncia-liberacao-de-recursos-de-emenda-destinada-serra-talhada\/","og_locale":"pt_BR","og_type":"article","og_title":"Deputado licenciado Rodrigo Novaes anuncia libera\u00e7\u00e3o de recursos de emenda destinada \u00e0 Serra Talhada - Serra FM 87,9","og_description":"Atualmente exercendo a fun\u00e7\u00e3o de secret\u00e1rio estadual do Turismo, o deputado estadual licenciado Rodrigo Novaes informou que foi liberada a primeira parcela de uma emenda de R$ 400 mil que destinou para o munic\u00edpio de Serra Talhada. A verba ser\u00e1 usada pela prefeita M\u00e1rcia Conrado em melhorias nas pra\u00e7as do bairro S\u00e3o Crist\u00f3v\u00e3o e do distrito de Bernardo Vieira, bem como no cal\u00e7ad\u00e3o da pra\u00e7a S\u00e9rgio Magalh\u00e3es. \u201cNa semana de anivers\u00e1rio da cidade, conseguimos liberar a primeira parcela da emenda para o munic\u00edpio. Tudo isso feito em parceria com o governador Paulo C\u00e2mara, meu l\u00edder, e com a prefeita M\u00e1rcia [&hellip;]","og_url":"https:\/\/serrafm879.com.br\/serrafm\/2021\/05\/deputado-licenciado-rodrigo-novaes-anuncia-liberacao-de-recursos-de-emenda-destinada-serra-talhada\/","og_site_name":"Serra FM 87,9","article_published_time":"2021-05-10T10:51:33+00:00","og_image":[{"width":730,"height":411,"url":"https:\/\/serrafm879.com.br\/serrafm\/wp-content\/uploads\/2020\/11\/Serra-Talhada.jpg","type":"image\/jpeg"}],"author":"serrafm87","twitter_card":"summary_large_image","twitter_misc":{"Escrito por":"serrafm87","Est. tempo de leitura":"1 minuto"},"schema":{"@context":"https:\/\/schema.org","@graph":[{"@type":"WebPage","@id":"https:\/\/serrafm879.com.br\/serrafm\/2021\/05\/deputado-licenciado-rodrigo-novaes-anuncia-liberacao-de-recursos-de-emenda-destinada-serra-talhada\/","url":"https:\/\/serrafm879.com.br\/serrafm\/2021\/05\/deputado-licenciado-rodrigo-novaes-anuncia-liberacao-de-recursos-de-emenda-destinada-serra-talhada\/","name":"Deputado licenciado Rodrigo Novaes anuncia libera\u00e7\u00e3o de recursos de emenda destinada \u00e0 Serra Talhada - Serra FM 87,9","isPartOf":{"@id":"https:\/\/serrafm879.com.br\/serrafm\/#website"},"primaryImageOfPage":{"@id":"https:\/\/serrafm879.com.br\/serrafm\/2021\/05\/deputado-licenciado-rodrigo-novaes-anuncia-liberacao-de-recursos-de-emenda-destinada-serra-talhada\/#primaryimage"},"image":{"@id":"https:\/\/serrafm879.com.br\/serrafm\/2021\/05\/deputado-licenciado-rodrigo-novaes-anuncia-liberacao-de-recursos-de-emenda-destinada-serra-talhada\/#primaryimage"},"thumbnailUrl":"https:\/\/serrafm879.com.br\/serrafm\/wp-content\/uploads\/2020\/11\/Serra-Talhada.jpg","datePublished":"2021-05-10T10:51:33+00:00","author":{"@id":"https:\/\/serrafm879.com.br\/serrafm\/#\/schema\/person\/c028a197030ff8b1c03c68dfba4a787a"},"breadcrumb":{"@id":"https:\/\/serrafm879.com.br\/serrafm\/2021\/05\/deputado-licenciado-rodrigo-novaes-anuncia-liberacao-de-recursos-de-emenda-destinada-serra-talhada\/#breadcrumb"},"inLanguage":"pt-BR","potentialAction":[{"@type":"ReadAction","target":["https:\/\/serrafm879.com.br\/serrafm\/2021\/05\/deputado-licenciado-rodrigo-novaes-anuncia-liberacao-de-recursos-de-emenda-destinada-serra-talhada\/"]}]},{"@type":"ImageObject","inLanguage":"pt-BR","@id":"https:\/\/serrafm879.com.br\/serrafm\/2021\/05\/deputado-licenciado-rodrigo-novaes-anuncia-liberacao-de-recursos-de-emenda-destinada-serra-talhada\/#primaryimage","url":"https:\/\/serrafm879.com.br\/serrafm\/wp-content\/uploads\/2020\/11\/Serra-Talhada.jpg","contentUrl":"https:\/\/serrafm879.com.br\/serrafm\/wp-content\/uploads\/2020\/11\/Serra-Talhada.jpg","width":730,"height":411},{"@type":"BreadcrumbList","@id":"https:\/\/serrafm879.com.br\/serrafm\/2021\/05\/deputado-licenciado-rodrigo-novaes-anuncia-liberacao-de-recursos-de-emenda-destinada-serra-talhada\/#breadcrumb","itemListElement":[{"@type":"ListItem","position":1,"name":"In\u00edcio","item":"https:\/\/serrafm879.com.br\/serrafm\/"},{"@type":"ListItem","position":2,"name":"Deputado licenciado Rodrigo Novaes anuncia libera\u00e7\u00e3o de recursos de emenda destinada \u00e0 Serra Talhada"}]},{"@type":"WebSite","@id":"https:\/\/serrafm879.com.br\/serrafm\/#website","url":"https:\/\/serrafm879.com.br\/serrafm\/","name":"Serra FM 87,9","description":"O seu novo amor!","potentialAction":[{"@type":"SearchAction","target":{"@type":"EntryPoint","urlTemplate":"https:\/\/serrafm879.com.br\/serrafm\/?s={search_term_string}"},"query-input":{"@type":"PropertyValueSpecification","valueRequired":true,"valueName":"search_term_string"}}],"inLanguage":"pt-BR"},{"@type":"Person","@id":"https:\/\/serrafm879.com.br\/serrafm\/#\/schema\/person\/c028a197030ff8b1c03c68dfba4a787a","name":"serrafm87","image":{"@type":"ImageObject","inLanguage":"pt-BR","@id":"https:\/\/serrafm879.com.br\/serrafm\/#\/schema\/person\/image\/","url":"https:\/\/secure.gravatar.com\/avatar\/a743233f1112d34f48bb3dc9559b76eb930bab8b27175856cba6362608736235?s=96&d=mm&r=g","contentUrl":"https:\/\/secure.gravatar.com\/avatar\/a743233f1112d34f48bb3dc9559b76eb930bab8b27175856cba6362608736235?s=96&d=mm&r=g","caption":"serrafm87"},"sameAs":["http:\/\/serrafm879.com.br\/"],"url":"https:\/\/serrafm879.com.br\/serrafm\/author\/serrafm87\/"}]}},"jetpack_featured_media_url":"https:\/\/serrafm879.com.br\/serrafm\/wp-content\/uploads\/2020\/11\/Serra-Talhada.jpg","jetpack_shortlink":"https:\/\/wp.me\/p7HyXg-1wj","jetpack_sharing_enabled":true,"_links":{"self":[{"href":"https:\/\/serrafm879.com.br\/serrafm\/wp-json\/wp\/v2\/posts\/5847","targetHints":{"allow":["GET"]}}],"collection":[{"href":"https:\/\/serrafm879.com.br\/serrafm\/wp-json\/wp\/v2\/posts"}],"about":[{"href":"https:\/\/serrafm879.com.br\/serrafm\/wp-json\/wp\/v2\/types\/post"}],"author":[{"embeddable":true,"href":"https:\/\/serrafm879.com.br\/serrafm\/wp-json\/wp\/v2\/users\/2"}],"replies":[{"embeddable":true,"href":"https:\/\/serrafm879.com.br\/serrafm\/wp-json\/wp\/v2\/comments?post=5847"}],"version-history":[{"count":1,"href":"https:\/\/serrafm879.com.br\/serrafm\/wp-json\/wp\/v2\/posts\/5847\/revisions"}],"predecessor-version":[{"id":5848,"href":"https:\/\/serrafm879.com.br\/serrafm\/wp-json\/wp\/v2\/posts\/5847\/revisions\/5848"}],"wp:featuredmedia":[{"embeddable":true,"href":"https:\/\/serrafm879.com.br\/serrafm\/wp-json\/wp\/v2\/media\/4027"}],"wp:attachment":[{"href":"https:\/\/serrafm879.com.br\/serrafm\/wp-json\/wp\/v2\/media?parent=5847"}],"wp:term":[{"taxonomy":"category","embeddable":true,"href":"https:\/\/serrafm879.com.br\/serrafm\/wp-json\/wp\/v2\/categories?post=5847"},{"taxonomy":"post_tag","embeddable":true,"href":"https:\/\/serrafm879.com.br\/serrafm\/wp-json\/wp\/v2\/tags?post=5847"}],"curies":[{"name":"wp","href":"https:\/\/api.w.org\/{rel}","templated":true}]}}