{"id":5861,"date":"2021-05-10T09:06:59","date_gmt":"2021-05-10T12:06:59","guid":{"rendered":"https:\/?p=5861"},"modified":"2021-05-10T09:07:53","modified_gmt":"2021-05-10T12:07:53","slug":"cef-de-betania-tomaram-conta-da-cidade-diz-prefeito","status":"publish","type":"post","link":"https:\/\/serrafm879.com.br\/serrafm\/2021\/05\/cef-de-betania-tomaram-conta-da-cidade-diz-prefeito\/","title":{"rendered":"CEF de Bet\u00e2nia. \u201cTomaram conta da cidade\u201d, diz prefeito"},"content":{"rendered":"<p>Criminosos explodiram essa madrugada a ag\u00eancia da Caixa Econ\u00f4mica do munic\u00edpio de Bet\u00e2nia. A popula\u00e7\u00e3o acordou assustada com as explos\u00f5es e tiros. As imagens e v\u00eddeos mostram o banco totalmente destru\u00eddo. \u00c9 a terceira a\u00e7\u00e3o contra o banco, a mais violenta.<\/p>\n<p><img loading=\"lazy\" decoding=\"async\" data-attachment-id=\"5863\" data-permalink=\"https:\/\/serrafm879.com.br\/serrafm\/2021\/05\/cef-de-betania-tomaram-conta-da-cidade-diz-prefeito\/betania\/\" data-orig-file=\"https:\/\/serrafm879.com.br\/serrafm\/wp-content\/uploads\/2021\/05\/betania.jpg\" data-orig-size=\"373,317\" data-comments-opened=\"1\" data-image-meta=\"{&quot;aperture&quot;:&quot;0&quot;,&quot;credit&quot;:&quot;&quot;,&quot;camera&quot;:&quot;&quot;,&quot;caption&quot;:&quot;&quot;,&quot;created_timestamp&quot;:&quot;0&quot;,&quot;copyright&quot;:&quot;&quot;,&quot;focal_length&quot;:&quot;0&quot;,&quot;iso&quot;:&quot;0&quot;,&quot;shutter_speed&quot;:&quot;0&quot;,&quot;title&quot;:&quot;&quot;,&quot;orientation&quot;:&quot;1&quot;}\" data-image-title=\"betania\" data-image-description=\"\" data-image-caption=\"\" data-medium-file=\"https:\/\/serrafm879.com.br\/serrafm\/wp-content\/uploads\/2021\/05\/betania-300x255.jpg\" data-large-file=\"https:\/\/serrafm879.com.br\/serrafm\/wp-content\/uploads\/2021\/05\/betania.jpg\" class=\"alignleft size-medium wp-image-5863\" src=\"http:\/\/serrafm879.com.br\/wp-content\/uploads\/2021\/05\/betania-300x255.jpg\" alt=\"\" width=\"300\" height=\"255\" srcset=\"https:\/\/serrafm879.com.br\/serrafm\/wp-content\/uploads\/2021\/05\/betania-300x255.jpg 300w, https:\/\/serrafm879.com.br\/serrafm\/wp-content\/uploads\/2021\/05\/betania.jpg 373w\" sizes=\"auto, (max-width: 300px) 100vw, 300px\" \/><\/p>\n<p>Segundo informa\u00e7\u00f5es preliminares de leitores do blog na cidade, ap\u00f3s a explos\u00e3o, a estrutura do pavimento superior veio abaixo, caindo sobre os caixas eletr\u00f4nicos. Na cidade, como costuma acontecer em a\u00e7\u00f5es desse tipo, foram muitos disparos ouvidos na cidade.<\/p>\n<p>A \u00e1rea \u00e9 a que pertence ao\u00a014\u00ba BPM, sediado em Serra Talhada. Os policiais fazem dilig\u00eancias na busca pelos criminosos. Como a estrutura do pr\u00e9dio cedeu, n\u00e3o se sabe se houve \u00eaxito na opera\u00e7\u00e3o por parte dos bandidos. O pr\u00e9dio \u00e9 o mesmo onde fica a Prefeitura e a C\u00e2mara de Vereadores.<\/p>\n<p>Em entrevista ao programa Manh\u00e3 Total, o prefeito M\u00e1rio Gomes Flor Filho, o M\u00e1rio Flor, do Republicanos, comentou a a\u00e7\u00e3o. \u201cRealmente foi uma madrugada de p\u00e2nico. \u00c0 meia, noite, eu ainda estava acordado, a gente escutou os primeiros tiros e j\u00e1 imaginou que era isso\u201d.<\/p>\n<p>Segundo o gestor, eles encurralaram a\u00a0 policia no destacamento. \u201cS\u00e3o apenas tr\u00eas policiais por escala. Tomaram conta da cidade. Foram cerca de 25 minutos. L\u00e1 ainda tem explosivos\u201d. O prefeito confirmou o que as imagens mostram.<\/p>\n<p>\u201cS\u00e3o uns 25 metros de laje. Ficou\u00a0totalmente destru\u00eddo\u201d. O prefeito estranhou o fato de lamentou o fato de que\u00a0n\u00e3o era per\u00edodo de pagamento. Ele disse que a Caixa deve arcar com o preju\u00edzo. \u201cNa parte de cima a prefeitura funciona. A Caixa tem um contrato de cess\u00e3o do im\u00f3vel. Da outra vez recuperou\u00a0o pr\u00e9dio. Deve fazer o mesmo agora\u201d, afirmou.<\/p>\n","protected":false},"excerpt":{"rendered":"<p>Criminosos explodiram essa madrugada a ag\u00eancia da Caixa Econ\u00f4mica do munic\u00edpio de Bet\u00e2nia. A popula\u00e7\u00e3o acordou assustada com as explos\u00f5es e tiros. As imagens e v\u00eddeos mostram o banco totalmente destru\u00eddo. \u00c9 a terceira a\u00e7\u00e3o contra o banco, a mais violenta. Segundo informa\u00e7\u00f5es preliminares de leitores do blog na cidade, ap\u00f3s a explos\u00e3o, a estrutura do pavimento superior veio abaixo, caindo sobre os caixas eletr\u00f4nicos. Na cidade, como costuma acontecer em a\u00e7\u00f5es desse tipo, foram muitos disparos ouvidos na cidade. A \u00e1rea \u00e9 a que pertence ao\u00a014\u00ba BPM, sediado em Serra Talhada. Os policiais fazem dilig\u00eancias na busca pelos criminosos. [&hellip;]<\/p>\n","protected":false},"author":2,"featured_media":5167,"comment_status":"open","ping_status":"open","sticky":false,"template":"","format":"standard","meta":{"_jetpack_memberships_contains_paid_content":false,"footnotes":"","jetpack_publicize_message":"","jetpack_publicize_feature_enabled":true,"jetpack_social_post_already_shared":true,"jetpack_social_options":{"image_generator_settings":{"template":"highway","enabled":false},"version":2}},"categories":[2],"tags":[],"class_list":["post-5861","post","type-post","status-publish","format-standard","has-post-thumbnail","hentry","category-noticias"],"jetpack_publicize_connections":[],"yoast_head":"<!-- This site is optimized with the Yoast SEO plugin v24.7 - https:\/\/yoast.com\/wordpress\/plugins\/seo\/ -->\n<title>CEF de Bet\u00e2nia. \u201cTomaram conta da cidade\u201d, diz prefeito - Serra FM 87,9<\/title>\n<meta name=\"robots\" content=\"index, follow, max-snippet:-1, max-image-preview:large, max-video-preview:-1\" \/>\n<link rel=\"canonical\" href=\"https:\/\/serrafm879.com.br\/serrafm\/2021\/05\/cef-de-betania-tomaram-conta-da-cidade-diz-prefeito\/\" \/>\n<meta property=\"og:locale\" content=\"pt_BR\" \/>\n<meta property=\"og:type\" content=\"article\" \/>\n<meta property=\"og:title\" content=\"CEF de Bet\u00e2nia. \u201cTomaram conta da cidade\u201d, diz prefeito - Serra FM 87,9\" \/>\n<meta property=\"og:description\" content=\"Criminosos explodiram essa madrugada a ag\u00eancia da Caixa Econ\u00f4mica do munic\u00edpio de Bet\u00e2nia. A popula\u00e7\u00e3o acordou assustada com as explos\u00f5es e tiros. As imagens e v\u00eddeos mostram o banco totalmente destru\u00eddo. \u00c9 a terceira a\u00e7\u00e3o contra o banco, a mais violenta. Segundo informa\u00e7\u00f5es preliminares de leitores do blog na cidade, ap\u00f3s a explos\u00e3o, a estrutura do pavimento superior veio abaixo, caindo sobre os caixas eletr\u00f4nicos. Na cidade, como costuma acontecer em a\u00e7\u00f5es desse tipo, foram muitos disparos ouvidos na cidade. A \u00e1rea \u00e9 a que pertence ao\u00a014\u00ba BPM, sediado em Serra Talhada. Os policiais fazem dilig\u00eancias na busca pelos criminosos. [&hellip;]\" \/>\n<meta property=\"og:url\" content=\"https:\/\/serrafm879.com.br\/serrafm\/2021\/05\/cef-de-betania-tomaram-conta-da-cidade-diz-prefeito\/\" \/>\n<meta property=\"og:site_name\" content=\"Serra FM 87,9\" \/>\n<meta property=\"article:published_time\" content=\"2021-05-10T12:06:59+00:00\" \/>\n<meta property=\"article:modified_time\" content=\"2021-05-10T12:07:53+00:00\" \/>\n<meta property=\"og:image\" content=\"https:\/\/serrafm879.com.br\/serrafm\/wp-content\/uploads\/2021\/03\/serrafm.jpg\" \/>\n\t<meta property=\"og:image:width\" content=\"800\" \/>\n\t<meta property=\"og:image:height\" content=\"400\" \/>\n\t<meta property=\"og:image:type\" content=\"image\/jpeg\" \/>\n<meta name=\"author\" content=\"serrafm87\" \/>\n<meta name=\"twitter:card\" content=\"summary_large_image\" \/>\n<meta name=\"twitter:label1\" content=\"Escrito por\" \/>\n\t<meta name=\"twitter:data1\" content=\"serrafm87\" \/>\n\t<meta name=\"twitter:label2\" content=\"Est. tempo de leitura\" \/>\n\t<meta name=\"twitter:data2\" content=\"2 minutos\" \/>\n<script type=\"application\/ld+json\" class=\"yoast-schema-graph\">{\"@context\":\"https:\/\/schema.org\",\"@graph\":[{\"@type\":\"WebPage\",\"@id\":\"https:\/\/serrafm879.com.br\/serrafm\/2021\/05\/cef-de-betania-tomaram-conta-da-cidade-diz-prefeito\/\",\"url\":\"https:\/\/serrafm879.com.br\/serrafm\/2021\/05\/cef-de-betania-tomaram-conta-da-cidade-diz-prefeito\/\",\"name\":\"CEF de Bet\u00e2nia. \u201cTomaram conta da cidade\u201d, diz prefeito - Serra FM 87,9\",\"isPartOf\":{\"@id\":\"https:\/\/serrafm879.com.br\/serrafm\/#website\"},\"primaryImageOfPage\":{\"@id\":\"https:\/\/serrafm879.com.br\/serrafm\/2021\/05\/cef-de-betania-tomaram-conta-da-cidade-diz-prefeito\/#primaryimage\"},\"image\":{\"@id\":\"https:\/\/serrafm879.com.br\/serrafm\/2021\/05\/cef-de-betania-tomaram-conta-da-cidade-diz-prefeito\/#primaryimage\"},\"thumbnailUrl\":\"https:\/\/serrafm879.com.br\/serrafm\/wp-content\/uploads\/2021\/03\/serrafm.jpg\",\"datePublished\":\"2021-05-10T12:06:59+00:00\",\"dateModified\":\"2021-05-10T12:07:53+00:00\",\"author\":{\"@id\":\"https:\/\/serrafm879.com.br\/serrafm\/#\/schema\/person\/c028a197030ff8b1c03c68dfba4a787a\"},\"breadcrumb\":{\"@id\":\"https:\/\/serrafm879.com.br\/serrafm\/2021\/05\/cef-de-betania-tomaram-conta-da-cidade-diz-prefeito\/#breadcrumb\"},\"inLanguage\":\"pt-BR\",\"potentialAction\":[{\"@type\":\"ReadAction\",\"target\":[\"https:\/\/serrafm879.com.br\/serrafm\/2021\/05\/cef-de-betania-tomaram-conta-da-cidade-diz-prefeito\/\"]}]},{\"@type\":\"ImageObject\",\"inLanguage\":\"pt-BR\",\"@id\":\"https:\/\/serrafm879.com.br\/serrafm\/2021\/05\/cef-de-betania-tomaram-conta-da-cidade-diz-prefeito\/#primaryimage\",\"url\":\"https:\/\/serrafm879.com.br\/serrafm\/wp-content\/uploads\/2021\/03\/serrafm.jpg\",\"contentUrl\":\"https:\/\/serrafm879.com.br\/serrafm\/wp-content\/uploads\/2021\/03\/serrafm.jpg\",\"width\":800,\"height\":400},{\"@type\":\"BreadcrumbList\",\"@id\":\"https:\/\/serrafm879.com.br\/serrafm\/2021\/05\/cef-de-betania-tomaram-conta-da-cidade-diz-prefeito\/#breadcrumb\",\"itemListElement\":[{\"@type\":\"ListItem\",\"position\":1,\"name\":\"In\u00edcio\",\"item\":\"https:\/\/serrafm879.com.br\/serrafm\/\"},{\"@type\":\"ListItem\",\"position\":2,\"name\":\"CEF de Bet\u00e2nia. \u201cTomaram conta da cidade\u201d, diz prefeito\"}]},{\"@type\":\"WebSite\",\"@id\":\"https:\/\/serrafm879.com.br\/serrafm\/#website\",\"url\":\"https:\/\/serrafm879.com.br\/serrafm\/\",\"name\":\"Serra FM 87,9\",\"description\":\"O seu novo amor!\",\"potentialAction\":[{\"@type\":\"SearchAction\",\"target\":{\"@type\":\"EntryPoint\",\"urlTemplate\":\"https:\/\/serrafm879.com.br\/serrafm\/?s={search_term_string}\"},\"query-input\":{\"@type\":\"PropertyValueSpecification\",\"valueRequired\":true,\"valueName\":\"search_term_string\"}}],\"inLanguage\":\"pt-BR\"},{\"@type\":\"Person\",\"@id\":\"https:\/\/serrafm879.com.br\/serrafm\/#\/schema\/person\/c028a197030ff8b1c03c68dfba4a787a\",\"name\":\"serrafm87\",\"image\":{\"@type\":\"ImageObject\",\"inLanguage\":\"pt-BR\",\"@id\":\"https:\/\/serrafm879.com.br\/serrafm\/#\/schema\/person\/image\/\",\"url\":\"https:\/\/secure.gravatar.com\/avatar\/a743233f1112d34f48bb3dc9559b76eb930bab8b27175856cba6362608736235?s=96&d=mm&r=g\",\"contentUrl\":\"https:\/\/secure.gravatar.com\/avatar\/a743233f1112d34f48bb3dc9559b76eb930bab8b27175856cba6362608736235?s=96&d=mm&r=g\",\"caption\":\"serrafm87\"},\"sameAs\":[\"http:\/\/serrafm879.com.br\/\"],\"url\":\"https:\/\/serrafm879.com.br\/serrafm\/author\/serrafm87\/\"}]}<\/script>\n<!-- \/ Yoast SEO plugin. -->","yoast_head_json":{"title":"CEF de Bet\u00e2nia. \u201cTomaram conta da cidade\u201d, diz prefeito - Serra FM 87,9","robots":{"index":"index","follow":"follow","max-snippet":"max-snippet:-1","max-image-preview":"max-image-preview:large","max-video-preview":"max-video-preview:-1"},"canonical":"https:\/\/serrafm879.com.br\/serrafm\/2021\/05\/cef-de-betania-tomaram-conta-da-cidade-diz-prefeito\/","og_locale":"pt_BR","og_type":"article","og_title":"CEF de Bet\u00e2nia. \u201cTomaram conta da cidade\u201d, diz prefeito - Serra FM 87,9","og_description":"Criminosos explodiram essa madrugada a ag\u00eancia da Caixa Econ\u00f4mica do munic\u00edpio de Bet\u00e2nia. A popula\u00e7\u00e3o acordou assustada com as explos\u00f5es e tiros. As imagens e v\u00eddeos mostram o banco totalmente destru\u00eddo. \u00c9 a terceira a\u00e7\u00e3o contra o banco, a mais violenta. Segundo informa\u00e7\u00f5es preliminares de leitores do blog na cidade, ap\u00f3s a explos\u00e3o, a estrutura do pavimento superior veio abaixo, caindo sobre os caixas eletr\u00f4nicos. Na cidade, como costuma acontecer em a\u00e7\u00f5es desse tipo, foram muitos disparos ouvidos na cidade. A \u00e1rea \u00e9 a que pertence ao\u00a014\u00ba BPM, sediado em Serra Talhada. Os policiais fazem dilig\u00eancias na busca pelos criminosos. [&hellip;]","og_url":"https:\/\/serrafm879.com.br\/serrafm\/2021\/05\/cef-de-betania-tomaram-conta-da-cidade-diz-prefeito\/","og_site_name":"Serra FM 87,9","article_published_time":"2021-05-10T12:06:59+00:00","article_modified_time":"2021-05-10T12:07:53+00:00","og_image":[{"width":800,"height":400,"url":"https:\/\/serrafm879.com.br\/serrafm\/wp-content\/uploads\/2021\/03\/serrafm.jpg","type":"image\/jpeg"}],"author":"serrafm87","twitter_card":"summary_large_image","twitter_misc":{"Escrito por":"serrafm87","Est. tempo de leitura":"2 minutos"},"schema":{"@context":"https:\/\/schema.org","@graph":[{"@type":"WebPage","@id":"https:\/\/serrafm879.com.br\/serrafm\/2021\/05\/cef-de-betania-tomaram-conta-da-cidade-diz-prefeito\/","url":"https:\/\/serrafm879.com.br\/serrafm\/2021\/05\/cef-de-betania-tomaram-conta-da-cidade-diz-prefeito\/","name":"CEF de Bet\u00e2nia. \u201cTomaram conta da cidade\u201d, diz prefeito - Serra FM 87,9","isPartOf":{"@id":"https:\/\/serrafm879.com.br\/serrafm\/#website"},"primaryImageOfPage":{"@id":"https:\/\/serrafm879.com.br\/serrafm\/2021\/05\/cef-de-betania-tomaram-conta-da-cidade-diz-prefeito\/#primaryimage"},"image":{"@id":"https:\/\/serrafm879.com.br\/serrafm\/2021\/05\/cef-de-betania-tomaram-conta-da-cidade-diz-prefeito\/#primaryimage"},"thumbnailUrl":"https:\/\/serrafm879.com.br\/serrafm\/wp-content\/uploads\/2021\/03\/serrafm.jpg","datePublished":"2021-05-10T12:06:59+00:00","dateModified":"2021-05-10T12:07:53+00:00","author":{"@id":"https:\/\/serrafm879.com.br\/serrafm\/#\/schema\/person\/c028a197030ff8b1c03c68dfba4a787a"},"breadcrumb":{"@id":"https:\/\/serrafm879.com.br\/serrafm\/2021\/05\/cef-de-betania-tomaram-conta-da-cidade-diz-prefeito\/#breadcrumb"},"inLanguage":"pt-BR","potentialAction":[{"@type":"ReadAction","target":["https:\/\/serrafm879.com.br\/serrafm\/2021\/05\/cef-de-betania-tomaram-conta-da-cidade-diz-prefeito\/"]}]},{"@type":"ImageObject","inLanguage":"pt-BR","@id":"https:\/\/serrafm879.com.br\/serrafm\/2021\/05\/cef-de-betania-tomaram-conta-da-cidade-diz-prefeito\/#primaryimage","url":"https:\/\/serrafm879.com.br\/serrafm\/wp-content\/uploads\/2021\/03\/serrafm.jpg","contentUrl":"https:\/\/serrafm879.com.br\/serrafm\/wp-content\/uploads\/2021\/03\/serrafm.jpg","width":800,"height":400},{"@type":"BreadcrumbList","@id":"https:\/\/serrafm879.com.br\/serrafm\/2021\/05\/cef-de-betania-tomaram-conta-da-cidade-diz-prefeito\/#breadcrumb","itemListElement":[{"@type":"ListItem","position":1,"name":"In\u00edcio","item":"https:\/\/serrafm879.com.br\/serrafm\/"},{"@type":"ListItem","position":2,"name":"CEF de Bet\u00e2nia. \u201cTomaram conta da cidade\u201d, diz prefeito"}]},{"@type":"WebSite","@id":"https:\/\/serrafm879.com.br\/serrafm\/#website","url":"https:\/\/serrafm879.com.br\/serrafm\/","name":"Serra FM 87,9","description":"O seu novo amor!","potentialAction":[{"@type":"SearchAction","target":{"@type":"EntryPoint","urlTemplate":"https:\/\/serrafm879.com.br\/serrafm\/?s={search_term_string}"},"query-input":{"@type":"PropertyValueSpecification","valueRequired":true,"valueName":"search_term_string"}}],"inLanguage":"pt-BR"},{"@type":"Person","@id":"https:\/\/serrafm879.com.br\/serrafm\/#\/schema\/person\/c028a197030ff8b1c03c68dfba4a787a","name":"serrafm87","image":{"@type":"ImageObject","inLanguage":"pt-BR","@id":"https:\/\/serrafm879.com.br\/serrafm\/#\/schema\/person\/image\/","url":"https:\/\/secure.gravatar.com\/avatar\/a743233f1112d34f48bb3dc9559b76eb930bab8b27175856cba6362608736235?s=96&d=mm&r=g","contentUrl":"https:\/\/secure.gravatar.com\/avatar\/a743233f1112d34f48bb3dc9559b76eb930bab8b27175856cba6362608736235?s=96&d=mm&r=g","caption":"serrafm87"},"sameAs":["http:\/\/serrafm879.com.br\/"],"url":"https:\/\/serrafm879.com.br\/serrafm\/author\/serrafm87\/"}]}},"jetpack_featured_media_url":"https:\/\/serrafm879.com.br\/serrafm\/wp-content\/uploads\/2021\/03\/serrafm.jpg","jetpack_shortlink":"https:\/\/wp.me\/p7HyXg-1wx","jetpack_sharing_enabled":true,"_links":{"self":[{"href":"https:\/\/serrafm879.com.br\/serrafm\/wp-json\/wp\/v2\/posts\/5861","targetHints":{"allow":["GET"]}}],"collection":[{"href":"https:\/\/serrafm879.com.br\/serrafm\/wp-json\/wp\/v2\/posts"}],"about":[{"href":"https:\/\/serrafm879.com.br\/serrafm\/wp-json\/wp\/v2\/types\/post"}],"author":[{"embeddable":true,"href":"https:\/\/serrafm879.com.br\/serrafm\/wp-json\/wp\/v2\/users\/2"}],"replies":[{"embeddable":true,"href":"https:\/\/serrafm879.com.br\/serrafm\/wp-json\/wp\/v2\/comments?post=5861"}],"version-history":[{"count":2,"href":"https:\/\/serrafm879.com.br\/serrafm\/wp-json\/wp\/v2\/posts\/5861\/revisions"}],"predecessor-version":[{"id":5864,"href":"https:\/\/serrafm879.com.br\/serrafm\/wp-json\/wp\/v2\/posts\/5861\/revisions\/5864"}],"wp:featuredmedia":[{"embeddable":true,"href":"https:\/\/serrafm879.com.br\/serrafm\/wp-json\/wp\/v2\/media\/5167"}],"wp:attachment":[{"href":"https:\/\/serrafm879.com.br\/serrafm\/wp-json\/wp\/v2\/media?parent=5861"}],"wp:term":[{"taxonomy":"category","embeddable":true,"href":"https:\/\/serrafm879.com.br\/serrafm\/wp-json\/wp\/v2\/categories?post=5861"},{"taxonomy":"post_tag","embeddable":true,"href":"https:\/\/serrafm879.com.br\/serrafm\/wp-json\/wp\/v2\/tags?post=5861"}],"curies":[{"name":"wp","href":"https:\/\/api.w.org\/{rel}","templated":true}]}}