{"id":5871,"date":"2021-05-12T07:39:26","date_gmt":"2021-05-12T10:39:26","guid":{"rendered":"https:\/?p=5871"},"modified":"2021-05-12T07:39:26","modified_gmt":"2021-05-12T10:39:26","slug":"quatro-bebes-e-21-criancas-com-doencas-respiratorias-graves-esperam-por-vaga-de-uti-em-pernambuco","status":"publish","type":"post","link":"https:\/\/serrafm879.com.br\/serrafm\/2021\/05\/quatro-bebes-e-21-criancas-com-doencas-respiratorias-graves-esperam-por-vaga-de-uti-em-pernambuco\/","title":{"rendered":"Quatro beb\u00eas e 21 crian\u00e7as com doen\u00e7as respirat\u00f3rias graves esperam por vaga de UTI em Pernambuco"},"content":{"rendered":"<p>Quatro beb\u00eas e 21 crian\u00e7as com S\u00edndrome Respirat\u00f3ria Aguda Grave (SRAG) aguardavam na fila de espera por leitos de Unidade de Terapia Intensiva (UTI), nesta ter\u00e7a-feira (11), em Pernambuco. Segundo o Minist\u00e9rio P\u00fablico (MPPE), a informa\u00e7\u00e3o foi repassada pela Central de Regula\u00e7\u00e3o de Leitos, durante uma reuni\u00e3o com representantes da Secretaria Estadual de Sa\u00fade (SES).<\/p>\n<p>A lista mostra, ainda, que outros seis beb\u00eas esperam por leito comum de UTI neonatal e cinco crian\u00e7as por vaga em UTI infantil cl\u00ednica.<\/p>\n<p>De acordo com a promotora de Justi\u00e7a de Defesa da Sa\u00fade, Helena Capela, o governo de Pernambuco foi notificado pelo MPPE sobre a superlota\u00e7\u00e3o de UTIs para beb\u00eas e crian\u00e7as.<\/p>\n<p>Ela disse tamb\u00e9m que o estado informou que abrir\u00e1, at\u00e9 o fim de junho, 50 novos leitos para esse p\u00fablico.<\/p>\n<p>Um dos beb\u00eas na fila de espera por leito de UTI \u00e9 Jos\u00e9 Gabriel, de um m\u00eas e 17 dias. De acordo a m\u00e3e dele, a dona de casa Jacqueline Vieira, ele espera desde o domingo (09) no Hospital Bar\u00e3o de Lucena, na Iputinga, Zona Oeste do Recife.<\/p>\n<p>\u201cQuando cheguei, j\u00e1 disseram que tem outras crian\u00e7as na frente. E ele est\u00e1 intubado, respirando por aparelho e sem saber o que vai acontecer. \u00c9 uma agonia, um sufoco estar aqui dentro\u201d, desabafou.<\/p>\n<p>O filho de Jacqueline n\u00e3o \u00e9 o \u00fanico nessa situa\u00e7\u00e3o. \u201cTinham oito aqui esperando por vaga de UTI. Tudo beb\u00ea. Tem um de dias de vida, que cabe na palma da m\u00e3o. Alguns conseguiram vaga, outros continuam esperando\u201d, contou.<\/p>\n","protected":false},"excerpt":{"rendered":"<p>Quatro beb\u00eas e 21 crian\u00e7as com S\u00edndrome Respirat\u00f3ria Aguda Grave (SRAG) aguardavam na fila de espera por leitos de Unidade de Terapia Intensiva (UTI), nesta ter\u00e7a-feira (11), em Pernambuco. Segundo o Minist\u00e9rio P\u00fablico (MPPE), a informa\u00e7\u00e3o foi repassada pela Central de Regula\u00e7\u00e3o de Leitos, durante uma reuni\u00e3o com representantes da Secretaria Estadual de Sa\u00fade (SES). A lista mostra, ainda, que outros seis beb\u00eas esperam por leito comum de UTI neonatal e cinco crian\u00e7as por vaga em UTI infantil cl\u00ednica. De acordo com a promotora de Justi\u00e7a de Defesa da Sa\u00fade, Helena Capela, o governo de Pernambuco foi notificado pelo MPPE [&hellip;]<\/p>\n","protected":false},"author":2,"featured_media":5370,"comment_status":"open","ping_status":"open","sticky":false,"template":"","format":"standard","meta":{"_jetpack_memberships_contains_paid_content":false,"footnotes":"","jetpack_publicize_message":"","jetpack_publicize_feature_enabled":true,"jetpack_social_post_already_shared":true,"jetpack_social_options":{"image_generator_settings":{"template":"highway","enabled":false},"version":2}},"categories":[2],"tags":[],"class_list":["post-5871","post","type-post","status-publish","format-standard","has-post-thumbnail","hentry","category-noticias"],"jetpack_publicize_connections":[],"yoast_head":"<!-- This site is optimized with the Yoast SEO plugin v24.7 - https:\/\/yoast.com\/wordpress\/plugins\/seo\/ -->\n<title>Quatro beb\u00eas e 21 crian\u00e7as com doen\u00e7as respirat\u00f3rias graves esperam por vaga de UTI em Pernambuco - Serra FM 87,9<\/title>\n<meta name=\"robots\" content=\"index, follow, max-snippet:-1, max-image-preview:large, max-video-preview:-1\" \/>\n<link rel=\"canonical\" href=\"https:\/\/serrafm879.com.br\/serrafm\/2021\/05\/quatro-bebes-e-21-criancas-com-doencas-respiratorias-graves-esperam-por-vaga-de-uti-em-pernambuco\/\" \/>\n<meta property=\"og:locale\" content=\"pt_BR\" \/>\n<meta property=\"og:type\" content=\"article\" \/>\n<meta property=\"og:title\" content=\"Quatro beb\u00eas e 21 crian\u00e7as com doen\u00e7as respirat\u00f3rias graves esperam por vaga de UTI em Pernambuco - Serra FM 87,9\" \/>\n<meta property=\"og:description\" content=\"Quatro beb\u00eas e 21 crian\u00e7as com S\u00edndrome Respirat\u00f3ria Aguda Grave (SRAG) aguardavam na fila de espera por leitos de Unidade de Terapia Intensiva (UTI), nesta ter\u00e7a-feira (11), em Pernambuco. Segundo o Minist\u00e9rio P\u00fablico (MPPE), a informa\u00e7\u00e3o foi repassada pela Central de Regula\u00e7\u00e3o de Leitos, durante uma reuni\u00e3o com representantes da Secretaria Estadual de Sa\u00fade (SES). A lista mostra, ainda, que outros seis beb\u00eas esperam por leito comum de UTI neonatal e cinco crian\u00e7as por vaga em UTI infantil cl\u00ednica. De acordo com a promotora de Justi\u00e7a de Defesa da Sa\u00fade, Helena Capela, o governo de Pernambuco foi notificado pelo MPPE [&hellip;]\" \/>\n<meta property=\"og:url\" content=\"https:\/\/serrafm879.com.br\/serrafm\/2021\/05\/quatro-bebes-e-21-criancas-com-doencas-respiratorias-graves-esperam-por-vaga-de-uti-em-pernambuco\/\" \/>\n<meta property=\"og:site_name\" content=\"Serra FM 87,9\" \/>\n<meta property=\"article:published_time\" content=\"2021-05-12T10:39:26+00:00\" \/>\n<meta property=\"og:image\" content=\"https:\/\/serrafm879.com.br\/serrafm\/wp-content\/uploads\/2021\/04\/UTIPE.jpeg\" \/>\n\t<meta property=\"og:image:width\" content=\"1100\" \/>\n\t<meta property=\"og:image:height\" content=\"734\" \/>\n\t<meta property=\"og:image:type\" content=\"image\/jpeg\" \/>\n<meta name=\"author\" content=\"serrafm87\" \/>\n<meta name=\"twitter:card\" content=\"summary_large_image\" \/>\n<meta name=\"twitter:label1\" content=\"Escrito por\" \/>\n\t<meta name=\"twitter:data1\" content=\"serrafm87\" \/>\n\t<meta name=\"twitter:label2\" content=\"Est. tempo de leitura\" \/>\n\t<meta name=\"twitter:data2\" content=\"1 minuto\" \/>\n<script type=\"application\/ld+json\" class=\"yoast-schema-graph\">{\"@context\":\"https:\/\/schema.org\",\"@graph\":[{\"@type\":\"WebPage\",\"@id\":\"https:\/\/serrafm879.com.br\/serrafm\/2021\/05\/quatro-bebes-e-21-criancas-com-doencas-respiratorias-graves-esperam-por-vaga-de-uti-em-pernambuco\/\",\"url\":\"https:\/\/serrafm879.com.br\/serrafm\/2021\/05\/quatro-bebes-e-21-criancas-com-doencas-respiratorias-graves-esperam-por-vaga-de-uti-em-pernambuco\/\",\"name\":\"Quatro beb\u00eas e 21 crian\u00e7as com doen\u00e7as respirat\u00f3rias graves esperam por vaga de UTI em Pernambuco - Serra FM 87,9\",\"isPartOf\":{\"@id\":\"https:\/\/serrafm879.com.br\/serrafm\/#website\"},\"primaryImageOfPage\":{\"@id\":\"https:\/\/serrafm879.com.br\/serrafm\/2021\/05\/quatro-bebes-e-21-criancas-com-doencas-respiratorias-graves-esperam-por-vaga-de-uti-em-pernambuco\/#primaryimage\"},\"image\":{\"@id\":\"https:\/\/serrafm879.com.br\/serrafm\/2021\/05\/quatro-bebes-e-21-criancas-com-doencas-respiratorias-graves-esperam-por-vaga-de-uti-em-pernambuco\/#primaryimage\"},\"thumbnailUrl\":\"https:\/\/serrafm879.com.br\/serrafm\/wp-content\/uploads\/2021\/04\/UTIPE.jpeg\",\"datePublished\":\"2021-05-12T10:39:26+00:00\",\"author\":{\"@id\":\"https:\/\/serrafm879.com.br\/serrafm\/#\/schema\/person\/c028a197030ff8b1c03c68dfba4a787a\"},\"breadcrumb\":{\"@id\":\"https:\/\/serrafm879.com.br\/serrafm\/2021\/05\/quatro-bebes-e-21-criancas-com-doencas-respiratorias-graves-esperam-por-vaga-de-uti-em-pernambuco\/#breadcrumb\"},\"inLanguage\":\"pt-BR\",\"potentialAction\":[{\"@type\":\"ReadAction\",\"target\":[\"https:\/\/serrafm879.com.br\/serrafm\/2021\/05\/quatro-bebes-e-21-criancas-com-doencas-respiratorias-graves-esperam-por-vaga-de-uti-em-pernambuco\/\"]}]},{\"@type\":\"ImageObject\",\"inLanguage\":\"pt-BR\",\"@id\":\"https:\/\/serrafm879.com.br\/serrafm\/2021\/05\/quatro-bebes-e-21-criancas-com-doencas-respiratorias-graves-esperam-por-vaga-de-uti-em-pernambuco\/#primaryimage\",\"url\":\"https:\/\/serrafm879.com.br\/serrafm\/wp-content\/uploads\/2021\/04\/UTIPE.jpeg\",\"contentUrl\":\"https:\/\/serrafm879.com.br\/serrafm\/wp-content\/uploads\/2021\/04\/UTIPE.jpeg\",\"width\":1100,\"height\":734},{\"@type\":\"BreadcrumbList\",\"@id\":\"https:\/\/serrafm879.com.br\/serrafm\/2021\/05\/quatro-bebes-e-21-criancas-com-doencas-respiratorias-graves-esperam-por-vaga-de-uti-em-pernambuco\/#breadcrumb\",\"itemListElement\":[{\"@type\":\"ListItem\",\"position\":1,\"name\":\"In\u00edcio\",\"item\":\"https:\/\/serrafm879.com.br\/serrafm\/\"},{\"@type\":\"ListItem\",\"position\":2,\"name\":\"Quatro beb\u00eas e 21 crian\u00e7as com doen\u00e7as respirat\u00f3rias graves esperam por vaga de UTI em Pernambuco\"}]},{\"@type\":\"WebSite\",\"@id\":\"https:\/\/serrafm879.com.br\/serrafm\/#website\",\"url\":\"https:\/\/serrafm879.com.br\/serrafm\/\",\"name\":\"Serra FM 87,9\",\"description\":\"O seu novo amor!\",\"potentialAction\":[{\"@type\":\"SearchAction\",\"target\":{\"@type\":\"EntryPoint\",\"urlTemplate\":\"https:\/\/serrafm879.com.br\/serrafm\/?s={search_term_string}\"},\"query-input\":{\"@type\":\"PropertyValueSpecification\",\"valueRequired\":true,\"valueName\":\"search_term_string\"}}],\"inLanguage\":\"pt-BR\"},{\"@type\":\"Person\",\"@id\":\"https:\/\/serrafm879.com.br\/serrafm\/#\/schema\/person\/c028a197030ff8b1c03c68dfba4a787a\",\"name\":\"serrafm87\",\"image\":{\"@type\":\"ImageObject\",\"inLanguage\":\"pt-BR\",\"@id\":\"https:\/\/serrafm879.com.br\/serrafm\/#\/schema\/person\/image\/\",\"url\":\"https:\/\/secure.gravatar.com\/avatar\/a743233f1112d34f48bb3dc9559b76eb930bab8b27175856cba6362608736235?s=96&d=mm&r=g\",\"contentUrl\":\"https:\/\/secure.gravatar.com\/avatar\/a743233f1112d34f48bb3dc9559b76eb930bab8b27175856cba6362608736235?s=96&d=mm&r=g\",\"caption\":\"serrafm87\"},\"sameAs\":[\"http:\/\/serrafm879.com.br\/\"],\"url\":\"https:\/\/serrafm879.com.br\/serrafm\/author\/serrafm87\/\"}]}<\/script>\n<!-- \/ Yoast SEO plugin. -->","yoast_head_json":{"title":"Quatro beb\u00eas e 21 crian\u00e7as com doen\u00e7as respirat\u00f3rias graves esperam por vaga de UTI em Pernambuco - Serra FM 87,9","robots":{"index":"index","follow":"follow","max-snippet":"max-snippet:-1","max-image-preview":"max-image-preview:large","max-video-preview":"max-video-preview:-1"},"canonical":"https:\/\/serrafm879.com.br\/serrafm\/2021\/05\/quatro-bebes-e-21-criancas-com-doencas-respiratorias-graves-esperam-por-vaga-de-uti-em-pernambuco\/","og_locale":"pt_BR","og_type":"article","og_title":"Quatro beb\u00eas e 21 crian\u00e7as com doen\u00e7as respirat\u00f3rias graves esperam por vaga de UTI em Pernambuco - Serra FM 87,9","og_description":"Quatro beb\u00eas e 21 crian\u00e7as com S\u00edndrome Respirat\u00f3ria Aguda Grave (SRAG) aguardavam na fila de espera por leitos de Unidade de Terapia Intensiva (UTI), nesta ter\u00e7a-feira (11), em Pernambuco. Segundo o Minist\u00e9rio P\u00fablico (MPPE), a informa\u00e7\u00e3o foi repassada pela Central de Regula\u00e7\u00e3o de Leitos, durante uma reuni\u00e3o com representantes da Secretaria Estadual de Sa\u00fade (SES). A lista mostra, ainda, que outros seis beb\u00eas esperam por leito comum de UTI neonatal e cinco crian\u00e7as por vaga em UTI infantil cl\u00ednica. De acordo com a promotora de Justi\u00e7a de Defesa da Sa\u00fade, Helena Capela, o governo de Pernambuco foi notificado pelo MPPE [&hellip;]","og_url":"https:\/\/serrafm879.com.br\/serrafm\/2021\/05\/quatro-bebes-e-21-criancas-com-doencas-respiratorias-graves-esperam-por-vaga-de-uti-em-pernambuco\/","og_site_name":"Serra FM 87,9","article_published_time":"2021-05-12T10:39:26+00:00","og_image":[{"width":1100,"height":734,"url":"https:\/\/serrafm879.com.br\/serrafm\/wp-content\/uploads\/2021\/04\/UTIPE.jpeg","type":"image\/jpeg"}],"author":"serrafm87","twitter_card":"summary_large_image","twitter_misc":{"Escrito por":"serrafm87","Est. tempo de leitura":"1 minuto"},"schema":{"@context":"https:\/\/schema.org","@graph":[{"@type":"WebPage","@id":"https:\/\/serrafm879.com.br\/serrafm\/2021\/05\/quatro-bebes-e-21-criancas-com-doencas-respiratorias-graves-esperam-por-vaga-de-uti-em-pernambuco\/","url":"https:\/\/serrafm879.com.br\/serrafm\/2021\/05\/quatro-bebes-e-21-criancas-com-doencas-respiratorias-graves-esperam-por-vaga-de-uti-em-pernambuco\/","name":"Quatro beb\u00eas e 21 crian\u00e7as com doen\u00e7as respirat\u00f3rias graves esperam por vaga de UTI em Pernambuco - Serra FM 87,9","isPartOf":{"@id":"https:\/\/serrafm879.com.br\/serrafm\/#website"},"primaryImageOfPage":{"@id":"https:\/\/serrafm879.com.br\/serrafm\/2021\/05\/quatro-bebes-e-21-criancas-com-doencas-respiratorias-graves-esperam-por-vaga-de-uti-em-pernambuco\/#primaryimage"},"image":{"@id":"https:\/\/serrafm879.com.br\/serrafm\/2021\/05\/quatro-bebes-e-21-criancas-com-doencas-respiratorias-graves-esperam-por-vaga-de-uti-em-pernambuco\/#primaryimage"},"thumbnailUrl":"https:\/\/serrafm879.com.br\/serrafm\/wp-content\/uploads\/2021\/04\/UTIPE.jpeg","datePublished":"2021-05-12T10:39:26+00:00","author":{"@id":"https:\/\/serrafm879.com.br\/serrafm\/#\/schema\/person\/c028a197030ff8b1c03c68dfba4a787a"},"breadcrumb":{"@id":"https:\/\/serrafm879.com.br\/serrafm\/2021\/05\/quatro-bebes-e-21-criancas-com-doencas-respiratorias-graves-esperam-por-vaga-de-uti-em-pernambuco\/#breadcrumb"},"inLanguage":"pt-BR","potentialAction":[{"@type":"ReadAction","target":["https:\/\/serrafm879.com.br\/serrafm\/2021\/05\/quatro-bebes-e-21-criancas-com-doencas-respiratorias-graves-esperam-por-vaga-de-uti-em-pernambuco\/"]}]},{"@type":"ImageObject","inLanguage":"pt-BR","@id":"https:\/\/serrafm879.com.br\/serrafm\/2021\/05\/quatro-bebes-e-21-criancas-com-doencas-respiratorias-graves-esperam-por-vaga-de-uti-em-pernambuco\/#primaryimage","url":"https:\/\/serrafm879.com.br\/serrafm\/wp-content\/uploads\/2021\/04\/UTIPE.jpeg","contentUrl":"https:\/\/serrafm879.com.br\/serrafm\/wp-content\/uploads\/2021\/04\/UTIPE.jpeg","width":1100,"height":734},{"@type":"BreadcrumbList","@id":"https:\/\/serrafm879.com.br\/serrafm\/2021\/05\/quatro-bebes-e-21-criancas-com-doencas-respiratorias-graves-esperam-por-vaga-de-uti-em-pernambuco\/#breadcrumb","itemListElement":[{"@type":"ListItem","position":1,"name":"In\u00edcio","item":"https:\/\/serrafm879.com.br\/serrafm\/"},{"@type":"ListItem","position":2,"name":"Quatro beb\u00eas e 21 crian\u00e7as com doen\u00e7as respirat\u00f3rias graves esperam por vaga de UTI em Pernambuco"}]},{"@type":"WebSite","@id":"https:\/\/serrafm879.com.br\/serrafm\/#website","url":"https:\/\/serrafm879.com.br\/serrafm\/","name":"Serra FM 87,9","description":"O seu novo amor!","potentialAction":[{"@type":"SearchAction","target":{"@type":"EntryPoint","urlTemplate":"https:\/\/serrafm879.com.br\/serrafm\/?s={search_term_string}"},"query-input":{"@type":"PropertyValueSpecification","valueRequired":true,"valueName":"search_term_string"}}],"inLanguage":"pt-BR"},{"@type":"Person","@id":"https:\/\/serrafm879.com.br\/serrafm\/#\/schema\/person\/c028a197030ff8b1c03c68dfba4a787a","name":"serrafm87","image":{"@type":"ImageObject","inLanguage":"pt-BR","@id":"https:\/\/serrafm879.com.br\/serrafm\/#\/schema\/person\/image\/","url":"https:\/\/secure.gravatar.com\/avatar\/a743233f1112d34f48bb3dc9559b76eb930bab8b27175856cba6362608736235?s=96&d=mm&r=g","contentUrl":"https:\/\/secure.gravatar.com\/avatar\/a743233f1112d34f48bb3dc9559b76eb930bab8b27175856cba6362608736235?s=96&d=mm&r=g","caption":"serrafm87"},"sameAs":["http:\/\/serrafm879.com.br\/"],"url":"https:\/\/serrafm879.com.br\/serrafm\/author\/serrafm87\/"}]}},"jetpack_featured_media_url":"https:\/\/serrafm879.com.br\/serrafm\/wp-content\/uploads\/2021\/04\/UTIPE.jpeg","jetpack_shortlink":"https:\/\/wp.me\/p7HyXg-1wH","jetpack_sharing_enabled":true,"_links":{"self":[{"href":"https:\/\/serrafm879.com.br\/serrafm\/wp-json\/wp\/v2\/posts\/5871","targetHints":{"allow":["GET"]}}],"collection":[{"href":"https:\/\/serrafm879.com.br\/serrafm\/wp-json\/wp\/v2\/posts"}],"about":[{"href":"https:\/\/serrafm879.com.br\/serrafm\/wp-json\/wp\/v2\/types\/post"}],"author":[{"embeddable":true,"href":"https:\/\/serrafm879.com.br\/serrafm\/wp-json\/wp\/v2\/users\/2"}],"replies":[{"embeddable":true,"href":"https:\/\/serrafm879.com.br\/serrafm\/wp-json\/wp\/v2\/comments?post=5871"}],"version-history":[{"count":1,"href":"https:\/\/serrafm879.com.br\/serrafm\/wp-json\/wp\/v2\/posts\/5871\/revisions"}],"predecessor-version":[{"id":5872,"href":"https:\/\/serrafm879.com.br\/serrafm\/wp-json\/wp\/v2\/posts\/5871\/revisions\/5872"}],"wp:featuredmedia":[{"embeddable":true,"href":"https:\/\/serrafm879.com.br\/serrafm\/wp-json\/wp\/v2\/media\/5370"}],"wp:attachment":[{"href":"https:\/\/serrafm879.com.br\/serrafm\/wp-json\/wp\/v2\/media?parent=5871"}],"wp:term":[{"taxonomy":"category","embeddable":true,"href":"https:\/\/serrafm879.com.br\/serrafm\/wp-json\/wp\/v2\/categories?post=5871"},{"taxonomy":"post_tag","embeddable":true,"href":"https:\/\/serrafm879.com.br\/serrafm\/wp-json\/wp\/v2\/tags?post=5871"}],"curies":[{"name":"wp","href":"https:\/\/api.w.org\/{rel}","templated":true}]}}