{"id":5873,"date":"2021-05-12T07:40:16","date_gmt":"2021-05-12T10:40:16","guid":{"rendered":"https:\/?p=5873"},"modified":"2021-05-12T07:40:16","modified_gmt":"2021-05-12T10:40:16","slug":"brasil-recebe-mais-628-mil-doses-da-vacina-da-pfizer-nesta-quarta-feira","status":"publish","type":"post","link":"https:\/\/serrafm879.com.br\/serrafm\/2021\/05\/brasil-recebe-mais-628-mil-doses-da-vacina-da-pfizer-nesta-quarta-feira\/","title":{"rendered":"Brasil recebe mais 628 mil doses da vacina da Pfizer nesta quarta-feira"},"content":{"rendered":"<p>A Pfizer Brasil confirmou que entregar\u00e1 mais 628.290 doses da vacina ao Minist\u00e9rio da Sa\u00fade na noite desta quarta-feira (12), no aeroporto de Viracopos, interior do estado de S\u00e3o Paulo. Somadas \u00e0s entregas anteriores, s\u00e3o pouco mais de 2,2 milh\u00f5es de doses desde 29 de abril, data da chegada do primeiro lote.<\/p>\n<p>As doses s\u00e3o destinadas para a primeira aplica\u00e7\u00e3o em pessoas com comorbidades, gestantes e pu\u00e9rperas e pessoas com defici\u00eancia permanente. Com a suspens\u00e3o da imuniza\u00e7\u00e3o de gr\u00e1vidas com a vacina da Oxford, as doses da Pfizer e da Coronavac ser\u00e3o as respons\u00e1veis por manter a imuniza\u00e7\u00e3o deste grupo, um dos mais vulner\u00e1veis \u00e0 covid-19.<\/p>\n<p>Nesta ter\u00e7a-feira (11), o governo come\u00e7ou a distribuir 1,1 milh\u00e3o de doses da vacina. Todos os estados e o Distrito Federal receber\u00e3o o imunizante de forma proporcional e igualit\u00e1ria para repassar \u00e0s suas capitais.<\/p>\n<p>A log\u00edstica de distribui\u00e7\u00e3o das doses da Pfizer foi montada levando em conta as condi\u00e7\u00f5es de armazenamento do imunizante. No Centro de Distribui\u00e7\u00e3o do minist\u00e9rio, em Guarulhos, regi\u00e3o metropolitana de S\u00e3o Paulo, as ampolas ficam armazenadas a uma temperatura de -90\u00b0C a -60\u00b0C.<\/p>\n<p>Ao serem enviadas aos estados, as vacinas estar\u00e3o expostas a temperatura de -20\u00b0C. Nas salas de imuniza\u00e7\u00e3o, onde a refrigera\u00e7\u00e3o \u00e9 de 2 a 8\u00b0C, as doses precisam ser aplicadas em at\u00e9 cinco dias.<\/p>\n<p>Por isso, as doses ser\u00e3o aplicadas exclusivamente nas capitais do Brasil, para prevenir poss\u00edveis preju\u00edzos no armazenamento das doses. O intervalo entre a primeira e segunda doses ser\u00e1 de tr\u00eas meses, por determina\u00e7\u00e3o do minist\u00e9rio da Sa\u00fade.<\/p>\n","protected":false},"excerpt":{"rendered":"<p>A Pfizer Brasil confirmou que entregar\u00e1 mais 628.290 doses da vacina ao Minist\u00e9rio da Sa\u00fade na noite desta quarta-feira (12), no aeroporto de Viracopos, interior do estado de S\u00e3o Paulo. Somadas \u00e0s entregas anteriores, s\u00e3o pouco mais de 2,2 milh\u00f5es de doses desde 29 de abril, data da chegada do primeiro lote. As doses s\u00e3o destinadas para a primeira aplica\u00e7\u00e3o em pessoas com comorbidades, gestantes e pu\u00e9rperas e pessoas com defici\u00eancia permanente. Com a suspens\u00e3o da imuniza\u00e7\u00e3o de gr\u00e1vidas com a vacina da Oxford, as doses da Pfizer e da Coronavac ser\u00e3o as respons\u00e1veis por manter a imuniza\u00e7\u00e3o deste grupo, [&hellip;]<\/p>\n","protected":false},"author":2,"featured_media":4793,"comment_status":"open","ping_status":"open","sticky":false,"template":"","format":"standard","meta":{"_jetpack_memberships_contains_paid_content":false,"footnotes":"","jetpack_publicize_message":"","jetpack_publicize_feature_enabled":true,"jetpack_social_post_already_shared":true,"jetpack_social_options":{"image_generator_settings":{"template":"highway","enabled":false},"version":2}},"categories":[2],"tags":[],"class_list":["post-5873","post","type-post","status-publish","format-standard","has-post-thumbnail","hentry","category-noticias"],"jetpack_publicize_connections":[],"yoast_head":"<!-- This site is optimized with the Yoast SEO plugin v24.7 - https:\/\/yoast.com\/wordpress\/plugins\/seo\/ -->\n<title>Brasil recebe mais 628 mil doses da vacina da Pfizer nesta quarta-feira - Serra FM 87,9<\/title>\n<meta name=\"robots\" content=\"index, follow, max-snippet:-1, max-image-preview:large, max-video-preview:-1\" \/>\n<link rel=\"canonical\" href=\"https:\/\/serrafm879.com.br\/serrafm\/2021\/05\/brasil-recebe-mais-628-mil-doses-da-vacina-da-pfizer-nesta-quarta-feira\/\" \/>\n<meta property=\"og:locale\" content=\"pt_BR\" \/>\n<meta property=\"og:type\" content=\"article\" \/>\n<meta property=\"og:title\" content=\"Brasil recebe mais 628 mil doses da vacina da Pfizer nesta quarta-feira - Serra FM 87,9\" \/>\n<meta property=\"og:description\" content=\"A Pfizer Brasil confirmou que entregar\u00e1 mais 628.290 doses da vacina ao Minist\u00e9rio da Sa\u00fade na noite desta quarta-feira (12), no aeroporto de Viracopos, interior do estado de S\u00e3o Paulo. Somadas \u00e0s entregas anteriores, s\u00e3o pouco mais de 2,2 milh\u00f5es de doses desde 29 de abril, data da chegada do primeiro lote. As doses s\u00e3o destinadas para a primeira aplica\u00e7\u00e3o em pessoas com comorbidades, gestantes e pu\u00e9rperas e pessoas com defici\u00eancia permanente. Com a suspens\u00e3o da imuniza\u00e7\u00e3o de gr\u00e1vidas com a vacina da Oxford, as doses da Pfizer e da Coronavac ser\u00e3o as respons\u00e1veis por manter a imuniza\u00e7\u00e3o deste grupo, [&hellip;]\" \/>\n<meta property=\"og:url\" content=\"https:\/\/serrafm879.com.br\/serrafm\/2021\/05\/brasil-recebe-mais-628-mil-doses-da-vacina-da-pfizer-nesta-quarta-feira\/\" \/>\n<meta property=\"og:site_name\" content=\"Serra FM 87,9\" \/>\n<meta property=\"article:published_time\" content=\"2021-05-12T10:40:16+00:00\" \/>\n<meta property=\"og:image\" content=\"https:\/\/serrafm879.com.br\/serrafm\/wp-content\/uploads\/2021\/03\/pfizerok.jpg\" \/>\n\t<meta property=\"og:image:width\" content=\"450\" \/>\n\t<meta property=\"og:image:height\" content=\"269\" \/>\n\t<meta property=\"og:image:type\" content=\"image\/jpeg\" \/>\n<meta name=\"author\" content=\"serrafm87\" \/>\n<meta name=\"twitter:card\" content=\"summary_large_image\" \/>\n<meta name=\"twitter:label1\" content=\"Escrito por\" \/>\n\t<meta name=\"twitter:data1\" content=\"serrafm87\" \/>\n\t<meta name=\"twitter:label2\" content=\"Est. tempo de leitura\" \/>\n\t<meta name=\"twitter:data2\" content=\"1 minuto\" \/>\n<script type=\"application\/ld+json\" class=\"yoast-schema-graph\">{\"@context\":\"https:\/\/schema.org\",\"@graph\":[{\"@type\":\"WebPage\",\"@id\":\"https:\/\/serrafm879.com.br\/serrafm\/2021\/05\/brasil-recebe-mais-628-mil-doses-da-vacina-da-pfizer-nesta-quarta-feira\/\",\"url\":\"https:\/\/serrafm879.com.br\/serrafm\/2021\/05\/brasil-recebe-mais-628-mil-doses-da-vacina-da-pfizer-nesta-quarta-feira\/\",\"name\":\"Brasil recebe mais 628 mil doses da vacina da Pfizer nesta quarta-feira - Serra FM 87,9\",\"isPartOf\":{\"@id\":\"https:\/\/serrafm879.com.br\/serrafm\/#website\"},\"primaryImageOfPage\":{\"@id\":\"https:\/\/serrafm879.com.br\/serrafm\/2021\/05\/brasil-recebe-mais-628-mil-doses-da-vacina-da-pfizer-nesta-quarta-feira\/#primaryimage\"},\"image\":{\"@id\":\"https:\/\/serrafm879.com.br\/serrafm\/2021\/05\/brasil-recebe-mais-628-mil-doses-da-vacina-da-pfizer-nesta-quarta-feira\/#primaryimage\"},\"thumbnailUrl\":\"https:\/\/serrafm879.com.br\/serrafm\/wp-content\/uploads\/2021\/03\/pfizerok.jpg\",\"datePublished\":\"2021-05-12T10:40:16+00:00\",\"author\":{\"@id\":\"https:\/\/serrafm879.com.br\/serrafm\/#\/schema\/person\/c028a197030ff8b1c03c68dfba4a787a\"},\"breadcrumb\":{\"@id\":\"https:\/\/serrafm879.com.br\/serrafm\/2021\/05\/brasil-recebe-mais-628-mil-doses-da-vacina-da-pfizer-nesta-quarta-feira\/#breadcrumb\"},\"inLanguage\":\"pt-BR\",\"potentialAction\":[{\"@type\":\"ReadAction\",\"target\":[\"https:\/\/serrafm879.com.br\/serrafm\/2021\/05\/brasil-recebe-mais-628-mil-doses-da-vacina-da-pfizer-nesta-quarta-feira\/\"]}]},{\"@type\":\"ImageObject\",\"inLanguage\":\"pt-BR\",\"@id\":\"https:\/\/serrafm879.com.br\/serrafm\/2021\/05\/brasil-recebe-mais-628-mil-doses-da-vacina-da-pfizer-nesta-quarta-feira\/#primaryimage\",\"url\":\"https:\/\/serrafm879.com.br\/serrafm\/wp-content\/uploads\/2021\/03\/pfizerok.jpg\",\"contentUrl\":\"https:\/\/serrafm879.com.br\/serrafm\/wp-content\/uploads\/2021\/03\/pfizerok.jpg\",\"width\":450,\"height\":269,\"caption\":\"Mulher segura frasco rotulado como de vacina contra Covid-19 em frente a logo da Pfizer em foto de ilustra\u00e7\u00e3o 30\/10\/2020 REUTERS\/Dado Ruvic\"},{\"@type\":\"BreadcrumbList\",\"@id\":\"https:\/\/serrafm879.com.br\/serrafm\/2021\/05\/brasil-recebe-mais-628-mil-doses-da-vacina-da-pfizer-nesta-quarta-feira\/#breadcrumb\",\"itemListElement\":[{\"@type\":\"ListItem\",\"position\":1,\"name\":\"In\u00edcio\",\"item\":\"https:\/\/serrafm879.com.br\/serrafm\/\"},{\"@type\":\"ListItem\",\"position\":2,\"name\":\"Brasil recebe mais 628 mil doses da vacina da Pfizer nesta quarta-feira\"}]},{\"@type\":\"WebSite\",\"@id\":\"https:\/\/serrafm879.com.br\/serrafm\/#website\",\"url\":\"https:\/\/serrafm879.com.br\/serrafm\/\",\"name\":\"Serra FM 87,9\",\"description\":\"O seu novo amor!\",\"potentialAction\":[{\"@type\":\"SearchAction\",\"target\":{\"@type\":\"EntryPoint\",\"urlTemplate\":\"https:\/\/serrafm879.com.br\/serrafm\/?s={search_term_string}\"},\"query-input\":{\"@type\":\"PropertyValueSpecification\",\"valueRequired\":true,\"valueName\":\"search_term_string\"}}],\"inLanguage\":\"pt-BR\"},{\"@type\":\"Person\",\"@id\":\"https:\/\/serrafm879.com.br\/serrafm\/#\/schema\/person\/c028a197030ff8b1c03c68dfba4a787a\",\"name\":\"serrafm87\",\"image\":{\"@type\":\"ImageObject\",\"inLanguage\":\"pt-BR\",\"@id\":\"https:\/\/serrafm879.com.br\/serrafm\/#\/schema\/person\/image\/\",\"url\":\"https:\/\/secure.gravatar.com\/avatar\/a743233f1112d34f48bb3dc9559b76eb930bab8b27175856cba6362608736235?s=96&d=mm&r=g\",\"contentUrl\":\"https:\/\/secure.gravatar.com\/avatar\/a743233f1112d34f48bb3dc9559b76eb930bab8b27175856cba6362608736235?s=96&d=mm&r=g\",\"caption\":\"serrafm87\"},\"sameAs\":[\"http:\/\/serrafm879.com.br\/\"],\"url\":\"https:\/\/serrafm879.com.br\/serrafm\/author\/serrafm87\/\"}]}<\/script>\n<!-- \/ Yoast SEO plugin. -->","yoast_head_json":{"title":"Brasil recebe mais 628 mil doses da vacina da Pfizer nesta quarta-feira - Serra FM 87,9","robots":{"index":"index","follow":"follow","max-snippet":"max-snippet:-1","max-image-preview":"max-image-preview:large","max-video-preview":"max-video-preview:-1"},"canonical":"https:\/\/serrafm879.com.br\/serrafm\/2021\/05\/brasil-recebe-mais-628-mil-doses-da-vacina-da-pfizer-nesta-quarta-feira\/","og_locale":"pt_BR","og_type":"article","og_title":"Brasil recebe mais 628 mil doses da vacina da Pfizer nesta quarta-feira - Serra FM 87,9","og_description":"A Pfizer Brasil confirmou que entregar\u00e1 mais 628.290 doses da vacina ao Minist\u00e9rio da Sa\u00fade na noite desta quarta-feira (12), no aeroporto de Viracopos, interior do estado de S\u00e3o Paulo. Somadas \u00e0s entregas anteriores, s\u00e3o pouco mais de 2,2 milh\u00f5es de doses desde 29 de abril, data da chegada do primeiro lote. As doses s\u00e3o destinadas para a primeira aplica\u00e7\u00e3o em pessoas com comorbidades, gestantes e pu\u00e9rperas e pessoas com defici\u00eancia permanente. Com a suspens\u00e3o da imuniza\u00e7\u00e3o de gr\u00e1vidas com a vacina da Oxford, as doses da Pfizer e da Coronavac ser\u00e3o as respons\u00e1veis por manter a imuniza\u00e7\u00e3o deste grupo, [&hellip;]","og_url":"https:\/\/serrafm879.com.br\/serrafm\/2021\/05\/brasil-recebe-mais-628-mil-doses-da-vacina-da-pfizer-nesta-quarta-feira\/","og_site_name":"Serra FM 87,9","article_published_time":"2021-05-12T10:40:16+00:00","og_image":[{"width":450,"height":269,"url":"https:\/\/serrafm879.com.br\/serrafm\/wp-content\/uploads\/2021\/03\/pfizerok.jpg","type":"image\/jpeg"}],"author":"serrafm87","twitter_card":"summary_large_image","twitter_misc":{"Escrito por":"serrafm87","Est. tempo de leitura":"1 minuto"},"schema":{"@context":"https:\/\/schema.org","@graph":[{"@type":"WebPage","@id":"https:\/\/serrafm879.com.br\/serrafm\/2021\/05\/brasil-recebe-mais-628-mil-doses-da-vacina-da-pfizer-nesta-quarta-feira\/","url":"https:\/\/serrafm879.com.br\/serrafm\/2021\/05\/brasil-recebe-mais-628-mil-doses-da-vacina-da-pfizer-nesta-quarta-feira\/","name":"Brasil recebe mais 628 mil doses da vacina da Pfizer nesta quarta-feira - Serra FM 87,9","isPartOf":{"@id":"https:\/\/serrafm879.com.br\/serrafm\/#website"},"primaryImageOfPage":{"@id":"https:\/\/serrafm879.com.br\/serrafm\/2021\/05\/brasil-recebe-mais-628-mil-doses-da-vacina-da-pfizer-nesta-quarta-feira\/#primaryimage"},"image":{"@id":"https:\/\/serrafm879.com.br\/serrafm\/2021\/05\/brasil-recebe-mais-628-mil-doses-da-vacina-da-pfizer-nesta-quarta-feira\/#primaryimage"},"thumbnailUrl":"https:\/\/serrafm879.com.br\/serrafm\/wp-content\/uploads\/2021\/03\/pfizerok.jpg","datePublished":"2021-05-12T10:40:16+00:00","author":{"@id":"https:\/\/serrafm879.com.br\/serrafm\/#\/schema\/person\/c028a197030ff8b1c03c68dfba4a787a"},"breadcrumb":{"@id":"https:\/\/serrafm879.com.br\/serrafm\/2021\/05\/brasil-recebe-mais-628-mil-doses-da-vacina-da-pfizer-nesta-quarta-feira\/#breadcrumb"},"inLanguage":"pt-BR","potentialAction":[{"@type":"ReadAction","target":["https:\/\/serrafm879.com.br\/serrafm\/2021\/05\/brasil-recebe-mais-628-mil-doses-da-vacina-da-pfizer-nesta-quarta-feira\/"]}]},{"@type":"ImageObject","inLanguage":"pt-BR","@id":"https:\/\/serrafm879.com.br\/serrafm\/2021\/05\/brasil-recebe-mais-628-mil-doses-da-vacina-da-pfizer-nesta-quarta-feira\/#primaryimage","url":"https:\/\/serrafm879.com.br\/serrafm\/wp-content\/uploads\/2021\/03\/pfizerok.jpg","contentUrl":"https:\/\/serrafm879.com.br\/serrafm\/wp-content\/uploads\/2021\/03\/pfizerok.jpg","width":450,"height":269,"caption":"Mulher segura frasco rotulado como de vacina contra Covid-19 em frente a logo da Pfizer em foto de ilustra\u00e7\u00e3o 30\/10\/2020 REUTERS\/Dado Ruvic"},{"@type":"BreadcrumbList","@id":"https:\/\/serrafm879.com.br\/serrafm\/2021\/05\/brasil-recebe-mais-628-mil-doses-da-vacina-da-pfizer-nesta-quarta-feira\/#breadcrumb","itemListElement":[{"@type":"ListItem","position":1,"name":"In\u00edcio","item":"https:\/\/serrafm879.com.br\/serrafm\/"},{"@type":"ListItem","position":2,"name":"Brasil recebe mais 628 mil doses da vacina da Pfizer nesta quarta-feira"}]},{"@type":"WebSite","@id":"https:\/\/serrafm879.com.br\/serrafm\/#website","url":"https:\/\/serrafm879.com.br\/serrafm\/","name":"Serra FM 87,9","description":"O seu novo amor!","potentialAction":[{"@type":"SearchAction","target":{"@type":"EntryPoint","urlTemplate":"https:\/\/serrafm879.com.br\/serrafm\/?s={search_term_string}"},"query-input":{"@type":"PropertyValueSpecification","valueRequired":true,"valueName":"search_term_string"}}],"inLanguage":"pt-BR"},{"@type":"Person","@id":"https:\/\/serrafm879.com.br\/serrafm\/#\/schema\/person\/c028a197030ff8b1c03c68dfba4a787a","name":"serrafm87","image":{"@type":"ImageObject","inLanguage":"pt-BR","@id":"https:\/\/serrafm879.com.br\/serrafm\/#\/schema\/person\/image\/","url":"https:\/\/secure.gravatar.com\/avatar\/a743233f1112d34f48bb3dc9559b76eb930bab8b27175856cba6362608736235?s=96&d=mm&r=g","contentUrl":"https:\/\/secure.gravatar.com\/avatar\/a743233f1112d34f48bb3dc9559b76eb930bab8b27175856cba6362608736235?s=96&d=mm&r=g","caption":"serrafm87"},"sameAs":["http:\/\/serrafm879.com.br\/"],"url":"https:\/\/serrafm879.com.br\/serrafm\/author\/serrafm87\/"}]}},"jetpack_featured_media_url":"https:\/\/serrafm879.com.br\/serrafm\/wp-content\/uploads\/2021\/03\/pfizerok.jpg","jetpack_shortlink":"https:\/\/wp.me\/p7HyXg-1wJ","jetpack_sharing_enabled":true,"_links":{"self":[{"href":"https:\/\/serrafm879.com.br\/serrafm\/wp-json\/wp\/v2\/posts\/5873","targetHints":{"allow":["GET"]}}],"collection":[{"href":"https:\/\/serrafm879.com.br\/serrafm\/wp-json\/wp\/v2\/posts"}],"about":[{"href":"https:\/\/serrafm879.com.br\/serrafm\/wp-json\/wp\/v2\/types\/post"}],"author":[{"embeddable":true,"href":"https:\/\/serrafm879.com.br\/serrafm\/wp-json\/wp\/v2\/users\/2"}],"replies":[{"embeddable":true,"href":"https:\/\/serrafm879.com.br\/serrafm\/wp-json\/wp\/v2\/comments?post=5873"}],"version-history":[{"count":1,"href":"https:\/\/serrafm879.com.br\/serrafm\/wp-json\/wp\/v2\/posts\/5873\/revisions"}],"predecessor-version":[{"id":5874,"href":"https:\/\/serrafm879.com.br\/serrafm\/wp-json\/wp\/v2\/posts\/5873\/revisions\/5874"}],"wp:featuredmedia":[{"embeddable":true,"href":"https:\/\/serrafm879.com.br\/serrafm\/wp-json\/wp\/v2\/media\/4793"}],"wp:attachment":[{"href":"https:\/\/serrafm879.com.br\/serrafm\/wp-json\/wp\/v2\/media?parent=5873"}],"wp:term":[{"taxonomy":"category","embeddable":true,"href":"https:\/\/serrafm879.com.br\/serrafm\/wp-json\/wp\/v2\/categories?post=5873"},{"taxonomy":"post_tag","embeddable":true,"href":"https:\/\/serrafm879.com.br\/serrafm\/wp-json\/wp\/v2\/tags?post=5873"}],"curies":[{"name":"wp","href":"https:\/\/api.w.org\/{rel}","templated":true}]}}