{"id":5875,"date":"2021-05-12T07:42:18","date_gmt":"2021-05-12T10:42:18","guid":{"rendered":"https:\/?p=5875"},"modified":"2021-05-12T07:42:18","modified_gmt":"2021-05-12T10:42:18","slug":"paulo-camara-anuncia-novos-nomes-na-secretaria-da-mulher-e-na-direcao-do-irh","status":"publish","type":"post","link":"https:\/\/serrafm879.com.br\/serrafm\/2021\/05\/paulo-camara-anuncia-novos-nomes-na-secretaria-da-mulher-e-na-direcao-do-irh\/","title":{"rendered":"Paulo C\u00e2mara anuncia novos nomes na Secretaria da Mulher e na dire\u00e7\u00e3o do IRH"},"content":{"rendered":"<p>O governador Paulo C\u00e2mara anunciou, nesta ter\u00e7a-feira (11), mudan\u00e7as nos comandos da equipe do Governo de Pernambuco. Os novos nomes estar\u00e3o \u00e0 frente da Secretaria da Mulher e do Instituto de Recursos Humanos (IRH), \u00f3rg\u00e3o vinculado \u00e0 Secretaria de Administra\u00e7\u00e3o.<\/p>\n<p>A delegada Ana Elisa Fernandes Sobreira Gadelha \u00e9 a nova secret\u00e1ria da Mulher. Enquanto o advogado Ruy do Rego Barros Rocha assume diretoria na autarquia integrante da administra\u00e7\u00e3o indireta do Estado.<\/p>\n<p>Desejamos muito sucesso para aqueles que est\u00e3o recebendo esse novo desafio. Acreditamos na capacidade desses profissionais que v\u00e3o desempenhar um papel importante para a popula\u00e7\u00e3o e para os servidores do Estado, nesses novos postos de trabalho. Aproveito para agradecer \u00e0 dra. Silvia Cordeiro pela excelente gest\u00e3o na Secretaria da Mulher. Ela passa, agora, a integrar a equipe da Assessoria Especial, afirmou o governador.<\/p>\n<p>Ana Elisa Fernandes, que substitui a m\u00e9dica Silvia Cordeiro, atuou no Departamento da Mulher da Pol\u00edcia Civil de Pernambuco. J\u00e1 Ruy do Rego Barros Rocha era diretor do Departamento de Finan\u00e7as da C\u00e2mara Municipal do Recife e j\u00e1 esteve no comando do Cons\u00f3rcio Grande Recife e da diretoria de Assist\u00eancia \u00e0 Sa\u00fade do Servidor (DAS\/Sassepe), no IRH. O Instituto estava sendo comandado cumulativamente pela secret\u00e1ria de Administra\u00e7\u00e3o Mar\u00edlia Lins.<\/p>\n","protected":false},"excerpt":{"rendered":"<p>O governador Paulo C\u00e2mara anunciou, nesta ter\u00e7a-feira (11), mudan\u00e7as nos comandos da equipe do Governo de Pernambuco. Os novos nomes estar\u00e3o \u00e0 frente da Secretaria da Mulher e do Instituto de Recursos Humanos (IRH), \u00f3rg\u00e3o vinculado \u00e0 Secretaria de Administra\u00e7\u00e3o. A delegada Ana Elisa Fernandes Sobreira Gadelha \u00e9 a nova secret\u00e1ria da Mulher. Enquanto o advogado Ruy do Rego Barros Rocha assume diretoria na autarquia integrante da administra\u00e7\u00e3o indireta do Estado. Desejamos muito sucesso para aqueles que est\u00e3o recebendo esse novo desafio. Acreditamos na capacidade desses profissionais que v\u00e3o desempenhar um papel importante para a popula\u00e7\u00e3o e para os servidores [&hellip;]<\/p>\n","protected":false},"author":2,"featured_media":2422,"comment_status":"open","ping_status":"open","sticky":false,"template":"","format":"standard","meta":{"_jetpack_memberships_contains_paid_content":false,"footnotes":"","jetpack_publicize_message":"","jetpack_publicize_feature_enabled":true,"jetpack_social_post_already_shared":true,"jetpack_social_options":{"image_generator_settings":{"template":"highway","enabled":false},"version":2}},"categories":[2],"tags":[],"class_list":["post-5875","post","type-post","status-publish","format-standard","has-post-thumbnail","hentry","category-noticias"],"jetpack_publicize_connections":[],"yoast_head":"<!-- This site is optimized with the Yoast SEO plugin v24.7 - https:\/\/yoast.com\/wordpress\/plugins\/seo\/ -->\n<title>Paulo C\u00e2mara anuncia novos nomes na Secretaria da Mulher e na dire\u00e7\u00e3o do IRH - Serra FM 87,9<\/title>\n<meta name=\"robots\" content=\"index, follow, max-snippet:-1, max-image-preview:large, max-video-preview:-1\" \/>\n<link rel=\"canonical\" href=\"https:\/\/serrafm879.com.br\/serrafm\/2021\/05\/paulo-camara-anuncia-novos-nomes-na-secretaria-da-mulher-e-na-direcao-do-irh\/\" \/>\n<meta property=\"og:locale\" content=\"pt_BR\" \/>\n<meta property=\"og:type\" content=\"article\" \/>\n<meta property=\"og:title\" content=\"Paulo C\u00e2mara anuncia novos nomes na Secretaria da Mulher e na dire\u00e7\u00e3o do IRH - Serra FM 87,9\" \/>\n<meta property=\"og:description\" content=\"O governador Paulo C\u00e2mara anunciou, nesta ter\u00e7a-feira (11), mudan\u00e7as nos comandos da equipe do Governo de Pernambuco. Os novos nomes estar\u00e3o \u00e0 frente da Secretaria da Mulher e do Instituto de Recursos Humanos (IRH), \u00f3rg\u00e3o vinculado \u00e0 Secretaria de Administra\u00e7\u00e3o. A delegada Ana Elisa Fernandes Sobreira Gadelha \u00e9 a nova secret\u00e1ria da Mulher. Enquanto o advogado Ruy do Rego Barros Rocha assume diretoria na autarquia integrante da administra\u00e7\u00e3o indireta do Estado. Desejamos muito sucesso para aqueles que est\u00e3o recebendo esse novo desafio. Acreditamos na capacidade desses profissionais que v\u00e3o desempenhar um papel importante para a popula\u00e7\u00e3o e para os servidores [&hellip;]\" \/>\n<meta property=\"og:url\" content=\"https:\/\/serrafm879.com.br\/serrafm\/2021\/05\/paulo-camara-anuncia-novos-nomes-na-secretaria-da-mulher-e-na-direcao-do-irh\/\" \/>\n<meta property=\"og:site_name\" content=\"Serra FM 87,9\" \/>\n<meta property=\"article:published_time\" content=\"2021-05-12T10:42:18+00:00\" \/>\n<meta property=\"og:image\" content=\"https:\/\/serrafm879.com.br\/serrafm\/wp-content\/uploads\/2020\/04\/paulo-camra.jpg\" \/>\n\t<meta property=\"og:image:width\" content=\"600\" \/>\n\t<meta property=\"og:image:height\" content=\"318\" \/>\n\t<meta property=\"og:image:type\" content=\"image\/jpeg\" \/>\n<meta name=\"author\" content=\"serrafm87\" \/>\n<meta name=\"twitter:card\" content=\"summary_large_image\" \/>\n<meta name=\"twitter:label1\" content=\"Escrito por\" \/>\n\t<meta name=\"twitter:data1\" content=\"serrafm87\" \/>\n\t<meta name=\"twitter:label2\" content=\"Est. tempo de leitura\" \/>\n\t<meta name=\"twitter:data2\" content=\"1 minuto\" \/>\n<script type=\"application\/ld+json\" class=\"yoast-schema-graph\">{\"@context\":\"https:\/\/schema.org\",\"@graph\":[{\"@type\":\"WebPage\",\"@id\":\"https:\/\/serrafm879.com.br\/serrafm\/2021\/05\/paulo-camara-anuncia-novos-nomes-na-secretaria-da-mulher-e-na-direcao-do-irh\/\",\"url\":\"https:\/\/serrafm879.com.br\/serrafm\/2021\/05\/paulo-camara-anuncia-novos-nomes-na-secretaria-da-mulher-e-na-direcao-do-irh\/\",\"name\":\"Paulo C\u00e2mara anuncia novos nomes na Secretaria da Mulher e na dire\u00e7\u00e3o do IRH - Serra FM 87,9\",\"isPartOf\":{\"@id\":\"https:\/\/serrafm879.com.br\/serrafm\/#website\"},\"primaryImageOfPage\":{\"@id\":\"https:\/\/serrafm879.com.br\/serrafm\/2021\/05\/paulo-camara-anuncia-novos-nomes-na-secretaria-da-mulher-e-na-direcao-do-irh\/#primaryimage\"},\"image\":{\"@id\":\"https:\/\/serrafm879.com.br\/serrafm\/2021\/05\/paulo-camara-anuncia-novos-nomes-na-secretaria-da-mulher-e-na-direcao-do-irh\/#primaryimage\"},\"thumbnailUrl\":\"https:\/\/serrafm879.com.br\/serrafm\/wp-content\/uploads\/2020\/04\/paulo-camra.jpg\",\"datePublished\":\"2021-05-12T10:42:18+00:00\",\"author\":{\"@id\":\"https:\/\/serrafm879.com.br\/serrafm\/#\/schema\/person\/c028a197030ff8b1c03c68dfba4a787a\"},\"breadcrumb\":{\"@id\":\"https:\/\/serrafm879.com.br\/serrafm\/2021\/05\/paulo-camara-anuncia-novos-nomes-na-secretaria-da-mulher-e-na-direcao-do-irh\/#breadcrumb\"},\"inLanguage\":\"pt-BR\",\"potentialAction\":[{\"@type\":\"ReadAction\",\"target\":[\"https:\/\/serrafm879.com.br\/serrafm\/2021\/05\/paulo-camara-anuncia-novos-nomes-na-secretaria-da-mulher-e-na-direcao-do-irh\/\"]}]},{\"@type\":\"ImageObject\",\"inLanguage\":\"pt-BR\",\"@id\":\"https:\/\/serrafm879.com.br\/serrafm\/2021\/05\/paulo-camara-anuncia-novos-nomes-na-secretaria-da-mulher-e-na-direcao-do-irh\/#primaryimage\",\"url\":\"https:\/\/serrafm879.com.br\/serrafm\/wp-content\/uploads\/2020\/04\/paulo-camra.jpg\",\"contentUrl\":\"https:\/\/serrafm879.com.br\/serrafm\/wp-content\/uploads\/2020\/04\/paulo-camra.jpg\",\"width\":600,\"height\":318},{\"@type\":\"BreadcrumbList\",\"@id\":\"https:\/\/serrafm879.com.br\/serrafm\/2021\/05\/paulo-camara-anuncia-novos-nomes-na-secretaria-da-mulher-e-na-direcao-do-irh\/#breadcrumb\",\"itemListElement\":[{\"@type\":\"ListItem\",\"position\":1,\"name\":\"In\u00edcio\",\"item\":\"https:\/\/serrafm879.com.br\/serrafm\/\"},{\"@type\":\"ListItem\",\"position\":2,\"name\":\"Paulo C\u00e2mara anuncia novos nomes na Secretaria da Mulher e na dire\u00e7\u00e3o do IRH\"}]},{\"@type\":\"WebSite\",\"@id\":\"https:\/\/serrafm879.com.br\/serrafm\/#website\",\"url\":\"https:\/\/serrafm879.com.br\/serrafm\/\",\"name\":\"Serra FM 87,9\",\"description\":\"O seu novo amor!\",\"potentialAction\":[{\"@type\":\"SearchAction\",\"target\":{\"@type\":\"EntryPoint\",\"urlTemplate\":\"https:\/\/serrafm879.com.br\/serrafm\/?s={search_term_string}\"},\"query-input\":{\"@type\":\"PropertyValueSpecification\",\"valueRequired\":true,\"valueName\":\"search_term_string\"}}],\"inLanguage\":\"pt-BR\"},{\"@type\":\"Person\",\"@id\":\"https:\/\/serrafm879.com.br\/serrafm\/#\/schema\/person\/c028a197030ff8b1c03c68dfba4a787a\",\"name\":\"serrafm87\",\"image\":{\"@type\":\"ImageObject\",\"inLanguage\":\"pt-BR\",\"@id\":\"https:\/\/serrafm879.com.br\/serrafm\/#\/schema\/person\/image\/\",\"url\":\"https:\/\/secure.gravatar.com\/avatar\/a743233f1112d34f48bb3dc9559b76eb930bab8b27175856cba6362608736235?s=96&d=mm&r=g\",\"contentUrl\":\"https:\/\/secure.gravatar.com\/avatar\/a743233f1112d34f48bb3dc9559b76eb930bab8b27175856cba6362608736235?s=96&d=mm&r=g\",\"caption\":\"serrafm87\"},\"sameAs\":[\"http:\/\/serrafm879.com.br\/\"],\"url\":\"https:\/\/serrafm879.com.br\/serrafm\/author\/serrafm87\/\"}]}<\/script>\n<!-- \/ Yoast SEO plugin. -->","yoast_head_json":{"title":"Paulo C\u00e2mara anuncia novos nomes na Secretaria da Mulher e na dire\u00e7\u00e3o do IRH - Serra FM 87,9","robots":{"index":"index","follow":"follow","max-snippet":"max-snippet:-1","max-image-preview":"max-image-preview:large","max-video-preview":"max-video-preview:-1"},"canonical":"https:\/\/serrafm879.com.br\/serrafm\/2021\/05\/paulo-camara-anuncia-novos-nomes-na-secretaria-da-mulher-e-na-direcao-do-irh\/","og_locale":"pt_BR","og_type":"article","og_title":"Paulo C\u00e2mara anuncia novos nomes na Secretaria da Mulher e na dire\u00e7\u00e3o do IRH - Serra FM 87,9","og_description":"O governador Paulo C\u00e2mara anunciou, nesta ter\u00e7a-feira (11), mudan\u00e7as nos comandos da equipe do Governo de Pernambuco. Os novos nomes estar\u00e3o \u00e0 frente da Secretaria da Mulher e do Instituto de Recursos Humanos (IRH), \u00f3rg\u00e3o vinculado \u00e0 Secretaria de Administra\u00e7\u00e3o. A delegada Ana Elisa Fernandes Sobreira Gadelha \u00e9 a nova secret\u00e1ria da Mulher. Enquanto o advogado Ruy do Rego Barros Rocha assume diretoria na autarquia integrante da administra\u00e7\u00e3o indireta do Estado. Desejamos muito sucesso para aqueles que est\u00e3o recebendo esse novo desafio. Acreditamos na capacidade desses profissionais que v\u00e3o desempenhar um papel importante para a popula\u00e7\u00e3o e para os servidores [&hellip;]","og_url":"https:\/\/serrafm879.com.br\/serrafm\/2021\/05\/paulo-camara-anuncia-novos-nomes-na-secretaria-da-mulher-e-na-direcao-do-irh\/","og_site_name":"Serra FM 87,9","article_published_time":"2021-05-12T10:42:18+00:00","og_image":[{"width":600,"height":318,"url":"https:\/\/serrafm879.com.br\/serrafm\/wp-content\/uploads\/2020\/04\/paulo-camra.jpg","type":"image\/jpeg"}],"author":"serrafm87","twitter_card":"summary_large_image","twitter_misc":{"Escrito por":"serrafm87","Est. tempo de leitura":"1 minuto"},"schema":{"@context":"https:\/\/schema.org","@graph":[{"@type":"WebPage","@id":"https:\/\/serrafm879.com.br\/serrafm\/2021\/05\/paulo-camara-anuncia-novos-nomes-na-secretaria-da-mulher-e-na-direcao-do-irh\/","url":"https:\/\/serrafm879.com.br\/serrafm\/2021\/05\/paulo-camara-anuncia-novos-nomes-na-secretaria-da-mulher-e-na-direcao-do-irh\/","name":"Paulo C\u00e2mara anuncia novos nomes na Secretaria da Mulher e na dire\u00e7\u00e3o do IRH - Serra FM 87,9","isPartOf":{"@id":"https:\/\/serrafm879.com.br\/serrafm\/#website"},"primaryImageOfPage":{"@id":"https:\/\/serrafm879.com.br\/serrafm\/2021\/05\/paulo-camara-anuncia-novos-nomes-na-secretaria-da-mulher-e-na-direcao-do-irh\/#primaryimage"},"image":{"@id":"https:\/\/serrafm879.com.br\/serrafm\/2021\/05\/paulo-camara-anuncia-novos-nomes-na-secretaria-da-mulher-e-na-direcao-do-irh\/#primaryimage"},"thumbnailUrl":"https:\/\/serrafm879.com.br\/serrafm\/wp-content\/uploads\/2020\/04\/paulo-camra.jpg","datePublished":"2021-05-12T10:42:18+00:00","author":{"@id":"https:\/\/serrafm879.com.br\/serrafm\/#\/schema\/person\/c028a197030ff8b1c03c68dfba4a787a"},"breadcrumb":{"@id":"https:\/\/serrafm879.com.br\/serrafm\/2021\/05\/paulo-camara-anuncia-novos-nomes-na-secretaria-da-mulher-e-na-direcao-do-irh\/#breadcrumb"},"inLanguage":"pt-BR","potentialAction":[{"@type":"ReadAction","target":["https:\/\/serrafm879.com.br\/serrafm\/2021\/05\/paulo-camara-anuncia-novos-nomes-na-secretaria-da-mulher-e-na-direcao-do-irh\/"]}]},{"@type":"ImageObject","inLanguage":"pt-BR","@id":"https:\/\/serrafm879.com.br\/serrafm\/2021\/05\/paulo-camara-anuncia-novos-nomes-na-secretaria-da-mulher-e-na-direcao-do-irh\/#primaryimage","url":"https:\/\/serrafm879.com.br\/serrafm\/wp-content\/uploads\/2020\/04\/paulo-camra.jpg","contentUrl":"https:\/\/serrafm879.com.br\/serrafm\/wp-content\/uploads\/2020\/04\/paulo-camra.jpg","width":600,"height":318},{"@type":"BreadcrumbList","@id":"https:\/\/serrafm879.com.br\/serrafm\/2021\/05\/paulo-camara-anuncia-novos-nomes-na-secretaria-da-mulher-e-na-direcao-do-irh\/#breadcrumb","itemListElement":[{"@type":"ListItem","position":1,"name":"In\u00edcio","item":"https:\/\/serrafm879.com.br\/serrafm\/"},{"@type":"ListItem","position":2,"name":"Paulo C\u00e2mara anuncia novos nomes na Secretaria da Mulher e na dire\u00e7\u00e3o do IRH"}]},{"@type":"WebSite","@id":"https:\/\/serrafm879.com.br\/serrafm\/#website","url":"https:\/\/serrafm879.com.br\/serrafm\/","name":"Serra FM 87,9","description":"O seu novo amor!","potentialAction":[{"@type":"SearchAction","target":{"@type":"EntryPoint","urlTemplate":"https:\/\/serrafm879.com.br\/serrafm\/?s={search_term_string}"},"query-input":{"@type":"PropertyValueSpecification","valueRequired":true,"valueName":"search_term_string"}}],"inLanguage":"pt-BR"},{"@type":"Person","@id":"https:\/\/serrafm879.com.br\/serrafm\/#\/schema\/person\/c028a197030ff8b1c03c68dfba4a787a","name":"serrafm87","image":{"@type":"ImageObject","inLanguage":"pt-BR","@id":"https:\/\/serrafm879.com.br\/serrafm\/#\/schema\/person\/image\/","url":"https:\/\/secure.gravatar.com\/avatar\/a743233f1112d34f48bb3dc9559b76eb930bab8b27175856cba6362608736235?s=96&d=mm&r=g","contentUrl":"https:\/\/secure.gravatar.com\/avatar\/a743233f1112d34f48bb3dc9559b76eb930bab8b27175856cba6362608736235?s=96&d=mm&r=g","caption":"serrafm87"},"sameAs":["http:\/\/serrafm879.com.br\/"],"url":"https:\/\/serrafm879.com.br\/serrafm\/author\/serrafm87\/"}]}},"jetpack_featured_media_url":"https:\/\/serrafm879.com.br\/serrafm\/wp-content\/uploads\/2020\/04\/paulo-camra.jpg","jetpack_shortlink":"https:\/\/wp.me\/p7HyXg-1wL","jetpack_sharing_enabled":true,"_links":{"self":[{"href":"https:\/\/serrafm879.com.br\/serrafm\/wp-json\/wp\/v2\/posts\/5875","targetHints":{"allow":["GET"]}}],"collection":[{"href":"https:\/\/serrafm879.com.br\/serrafm\/wp-json\/wp\/v2\/posts"}],"about":[{"href":"https:\/\/serrafm879.com.br\/serrafm\/wp-json\/wp\/v2\/types\/post"}],"author":[{"embeddable":true,"href":"https:\/\/serrafm879.com.br\/serrafm\/wp-json\/wp\/v2\/users\/2"}],"replies":[{"embeddable":true,"href":"https:\/\/serrafm879.com.br\/serrafm\/wp-json\/wp\/v2\/comments?post=5875"}],"version-history":[{"count":1,"href":"https:\/\/serrafm879.com.br\/serrafm\/wp-json\/wp\/v2\/posts\/5875\/revisions"}],"predecessor-version":[{"id":5876,"href":"https:\/\/serrafm879.com.br\/serrafm\/wp-json\/wp\/v2\/posts\/5875\/revisions\/5876"}],"wp:featuredmedia":[{"embeddable":true,"href":"https:\/\/serrafm879.com.br\/serrafm\/wp-json\/wp\/v2\/media\/2422"}],"wp:attachment":[{"href":"https:\/\/serrafm879.com.br\/serrafm\/wp-json\/wp\/v2\/media?parent=5875"}],"wp:term":[{"taxonomy":"category","embeddable":true,"href":"https:\/\/serrafm879.com.br\/serrafm\/wp-json\/wp\/v2\/categories?post=5875"},{"taxonomy":"post_tag","embeddable":true,"href":"https:\/\/serrafm879.com.br\/serrafm\/wp-json\/wp\/v2\/tags?post=5875"}],"curies":[{"name":"wp","href":"https:\/\/api.w.org\/{rel}","templated":true}]}}