{"id":5883,"date":"2021-05-12T07:52:01","date_gmt":"2021-05-12T10:52:01","guid":{"rendered":"https:\/?p=5883"},"modified":"2021-05-12T07:52:01","modified_gmt":"2021-05-12T10:52:01","slug":"fernando-bezerra-cada-vez-mais-distante-do-psb-para-2022","status":"publish","type":"post","link":"https:\/\/serrafm879.com.br\/serrafm\/2021\/05\/fernando-bezerra-cada-vez-mais-distante-do-psb-para-2022\/","title":{"rendered":"Fernando Bezerra cada vez mais distante do PSB para 2022"},"content":{"rendered":"<p>O senador Fernando Bezerra Coelho iniciou sua trajet\u00f3ria ainda em 1982 quando elegeu-se deputado estadual pelo PDS. Sua capacidade de articula\u00e7\u00e3o lhe fez secret\u00e1rio da Casa Civil do ent\u00e3o governador Roberto Magalh\u00e3es, por\u00e9m como n\u00e3o havia o advento da reelei\u00e7\u00e3o, Fernando aproximou-se de Miguel Arraes que seria vitorioso naquela disputa de 1986. \u00a0Naquele mesmo pleito, Fernando chegaria ao seu primeiro mandato como deputado federal pelo PMDB.<\/p>\n<p>Fernando ainda serviu aos governos de Miguel Arraes e Eduardo Campos, ora como secret\u00e1rio de Agricultura, depois como titular do Desenvolvimento Econ\u00f4mico. Ele tamb\u00e9m foi al\u00e7ado \u00e0 condi\u00e7\u00e3o de ministro da Integra\u00e7\u00e3o Nacional por indica\u00e7\u00e3o de Eduardo no primeiro governo Dilma Rousseff, chegou a ser l\u00edder do governo Temer emplacando Fernando Filho como ministro de Minas e Energia e hoje \u00e9 l\u00edder do governo Bolsonaro no Senado.<\/p>\n<p>A postura heterodoxa de Fernando Bezerra ao longo da sua trajet\u00f3ria alimentou rumores de que ele poderia voltar para a Frente Popular e disputar a reelei\u00e7\u00e3o para o Senado, por\u00e9m seu sonho de ser governador acalentado por muitos anos e transferido para o seu filho Miguel Coelho \u00a0exige desta vez que ele permane\u00e7a distante do PSB em Pernambuco.<\/p>\n<p>A sua entrevista ao Roda Viva na \u00faltima segunda-feira e \u00a0a sua postura de enf\u00e1tica defesa do governo Bolsonaro n\u00e3o deixam muita perspectiva para que Fernando trilhe outro caminho que n\u00e3o seja o de ser o fiador do projeto de Miguel como candidato da oposi\u00e7\u00e3o a governador de Pernambuco em 2022, mais do que isso, de ser o candidato de Jair Bolsonaro no pr\u00f3ximo ano, defendendo o legado do presidente para o Brasil em nosso estado.<\/p>\n<p>Do Bolg da Folha<\/p>\n","protected":false},"excerpt":{"rendered":"<p>O senador Fernando Bezerra Coelho iniciou sua trajet\u00f3ria ainda em 1982 quando elegeu-se deputado estadual pelo PDS. Sua capacidade de articula\u00e7\u00e3o lhe fez secret\u00e1rio da Casa Civil do ent\u00e3o governador Roberto Magalh\u00e3es, por\u00e9m como n\u00e3o havia o advento da reelei\u00e7\u00e3o, Fernando aproximou-se de Miguel Arraes que seria vitorioso naquela disputa de 1986. \u00a0Naquele mesmo pleito, Fernando chegaria ao seu primeiro mandato como deputado federal pelo PMDB. Fernando ainda serviu aos governos de Miguel Arraes e Eduardo Campos, ora como secret\u00e1rio de Agricultura, depois como titular do Desenvolvimento Econ\u00f4mico. Ele tamb\u00e9m foi al\u00e7ado \u00e0 condi\u00e7\u00e3o de ministro da Integra\u00e7\u00e3o Nacional por [&hellip;]<\/p>\n","protected":false},"author":2,"featured_media":5884,"comment_status":"open","ping_status":"open","sticky":false,"template":"","format":"standard","meta":{"_jetpack_memberships_contains_paid_content":false,"footnotes":"","jetpack_publicize_message":"","jetpack_publicize_feature_enabled":true,"jetpack_social_post_already_shared":true,"jetpack_social_options":{"image_generator_settings":{"template":"highway","enabled":false},"version":2}},"categories":[2],"tags":[],"class_list":["post-5883","post","type-post","status-publish","format-standard","has-post-thumbnail","hentry","category-noticias"],"jetpack_publicize_connections":[],"yoast_head":"<!-- This site is optimized with the Yoast SEO plugin v24.7 - https:\/\/yoast.com\/wordpress\/plugins\/seo\/ -->\n<title>Fernando Bezerra cada vez mais distante do PSB para 2022 - Serra FM 87,9<\/title>\n<meta name=\"robots\" content=\"index, follow, max-snippet:-1, max-image-preview:large, max-video-preview:-1\" \/>\n<link rel=\"canonical\" href=\"https:\/\/serrafm879.com.br\/serrafm\/2021\/05\/fernando-bezerra-cada-vez-mais-distante-do-psb-para-2022\/\" \/>\n<meta property=\"og:locale\" content=\"pt_BR\" \/>\n<meta property=\"og:type\" content=\"article\" \/>\n<meta property=\"og:title\" content=\"Fernando Bezerra cada vez mais distante do PSB para 2022 - Serra FM 87,9\" \/>\n<meta property=\"og:description\" content=\"O senador Fernando Bezerra Coelho iniciou sua trajet\u00f3ria ainda em 1982 quando elegeu-se deputado estadual pelo PDS. Sua capacidade de articula\u00e7\u00e3o lhe fez secret\u00e1rio da Casa Civil do ent\u00e3o governador Roberto Magalh\u00e3es, por\u00e9m como n\u00e3o havia o advento da reelei\u00e7\u00e3o, Fernando aproximou-se de Miguel Arraes que seria vitorioso naquela disputa de 1986. \u00a0Naquele mesmo pleito, Fernando chegaria ao seu primeiro mandato como deputado federal pelo PMDB. Fernando ainda serviu aos governos de Miguel Arraes e Eduardo Campos, ora como secret\u00e1rio de Agricultura, depois como titular do Desenvolvimento Econ\u00f4mico. Ele tamb\u00e9m foi al\u00e7ado \u00e0 condi\u00e7\u00e3o de ministro da Integra\u00e7\u00e3o Nacional por [&hellip;]\" \/>\n<meta property=\"og:url\" content=\"https:\/\/serrafm879.com.br\/serrafm\/2021\/05\/fernando-bezerra-cada-vez-mais-distante-do-psb-para-2022\/\" \/>\n<meta property=\"og:site_name\" content=\"Serra FM 87,9\" \/>\n<meta property=\"article:published_time\" content=\"2021-05-12T10:52:01+00:00\" \/>\n<meta property=\"og:image\" content=\"https:\/\/serrafm879.com.br\/serrafm\/wp-content\/uploads\/2021\/05\/fbc.jpg\" \/>\n\t<meta property=\"og:image:width\" content=\"2400\" \/>\n\t<meta property=\"og:image:height\" content=\"1600\" \/>\n\t<meta property=\"og:image:type\" content=\"image\/jpeg\" \/>\n<meta name=\"author\" content=\"serrafm87\" \/>\n<meta name=\"twitter:card\" content=\"summary_large_image\" \/>\n<meta name=\"twitter:label1\" content=\"Escrito por\" \/>\n\t<meta name=\"twitter:data1\" content=\"serrafm87\" \/>\n\t<meta name=\"twitter:label2\" content=\"Est. tempo de leitura\" \/>\n\t<meta name=\"twitter:data2\" content=\"1 minuto\" \/>\n<script type=\"application\/ld+json\" class=\"yoast-schema-graph\">{\"@context\":\"https:\/\/schema.org\",\"@graph\":[{\"@type\":\"WebPage\",\"@id\":\"https:\/\/serrafm879.com.br\/serrafm\/2021\/05\/fernando-bezerra-cada-vez-mais-distante-do-psb-para-2022\/\",\"url\":\"https:\/\/serrafm879.com.br\/serrafm\/2021\/05\/fernando-bezerra-cada-vez-mais-distante-do-psb-para-2022\/\",\"name\":\"Fernando Bezerra cada vez mais distante do PSB para 2022 - Serra FM 87,9\",\"isPartOf\":{\"@id\":\"https:\/\/serrafm879.com.br\/serrafm\/#website\"},\"primaryImageOfPage\":{\"@id\":\"https:\/\/serrafm879.com.br\/serrafm\/2021\/05\/fernando-bezerra-cada-vez-mais-distante-do-psb-para-2022\/#primaryimage\"},\"image\":{\"@id\":\"https:\/\/serrafm879.com.br\/serrafm\/2021\/05\/fernando-bezerra-cada-vez-mais-distante-do-psb-para-2022\/#primaryimage\"},\"thumbnailUrl\":\"https:\/\/serrafm879.com.br\/serrafm\/wp-content\/uploads\/2021\/05\/fbc.jpg\",\"datePublished\":\"2021-05-12T10:52:01+00:00\",\"author\":{\"@id\":\"https:\/\/serrafm879.com.br\/serrafm\/#\/schema\/person\/c028a197030ff8b1c03c68dfba4a787a\"},\"breadcrumb\":{\"@id\":\"https:\/\/serrafm879.com.br\/serrafm\/2021\/05\/fernando-bezerra-cada-vez-mais-distante-do-psb-para-2022\/#breadcrumb\"},\"inLanguage\":\"pt-BR\",\"potentialAction\":[{\"@type\":\"ReadAction\",\"target\":[\"https:\/\/serrafm879.com.br\/serrafm\/2021\/05\/fernando-bezerra-cada-vez-mais-distante-do-psb-para-2022\/\"]}]},{\"@type\":\"ImageObject\",\"inLanguage\":\"pt-BR\",\"@id\":\"https:\/\/serrafm879.com.br\/serrafm\/2021\/05\/fernando-bezerra-cada-vez-mais-distante-do-psb-para-2022\/#primaryimage\",\"url\":\"https:\/\/serrafm879.com.br\/serrafm\/wp-content\/uploads\/2021\/05\/fbc.jpg\",\"contentUrl\":\"https:\/\/serrafm879.com.br\/serrafm\/wp-content\/uploads\/2021\/05\/fbc.jpg\",\"width\":2400,\"height\":1600},{\"@type\":\"BreadcrumbList\",\"@id\":\"https:\/\/serrafm879.com.br\/serrafm\/2021\/05\/fernando-bezerra-cada-vez-mais-distante-do-psb-para-2022\/#breadcrumb\",\"itemListElement\":[{\"@type\":\"ListItem\",\"position\":1,\"name\":\"In\u00edcio\",\"item\":\"https:\/\/serrafm879.com.br\/serrafm\/\"},{\"@type\":\"ListItem\",\"position\":2,\"name\":\"Fernando Bezerra cada vez mais distante do PSB para 2022\"}]},{\"@type\":\"WebSite\",\"@id\":\"https:\/\/serrafm879.com.br\/serrafm\/#website\",\"url\":\"https:\/\/serrafm879.com.br\/serrafm\/\",\"name\":\"Serra FM 87,9\",\"description\":\"O seu novo amor!\",\"potentialAction\":[{\"@type\":\"SearchAction\",\"target\":{\"@type\":\"EntryPoint\",\"urlTemplate\":\"https:\/\/serrafm879.com.br\/serrafm\/?s={search_term_string}\"},\"query-input\":{\"@type\":\"PropertyValueSpecification\",\"valueRequired\":true,\"valueName\":\"search_term_string\"}}],\"inLanguage\":\"pt-BR\"},{\"@type\":\"Person\",\"@id\":\"https:\/\/serrafm879.com.br\/serrafm\/#\/schema\/person\/c028a197030ff8b1c03c68dfba4a787a\",\"name\":\"serrafm87\",\"image\":{\"@type\":\"ImageObject\",\"inLanguage\":\"pt-BR\",\"@id\":\"https:\/\/serrafm879.com.br\/serrafm\/#\/schema\/person\/image\/\",\"url\":\"https:\/\/secure.gravatar.com\/avatar\/a743233f1112d34f48bb3dc9559b76eb930bab8b27175856cba6362608736235?s=96&d=mm&r=g\",\"contentUrl\":\"https:\/\/secure.gravatar.com\/avatar\/a743233f1112d34f48bb3dc9559b76eb930bab8b27175856cba6362608736235?s=96&d=mm&r=g\",\"caption\":\"serrafm87\"},\"sameAs\":[\"http:\/\/serrafm879.com.br\/\"],\"url\":\"https:\/\/serrafm879.com.br\/serrafm\/author\/serrafm87\/\"}]}<\/script>\n<!-- \/ Yoast SEO plugin. -->","yoast_head_json":{"title":"Fernando Bezerra cada vez mais distante do PSB para 2022 - Serra FM 87,9","robots":{"index":"index","follow":"follow","max-snippet":"max-snippet:-1","max-image-preview":"max-image-preview:large","max-video-preview":"max-video-preview:-1"},"canonical":"https:\/\/serrafm879.com.br\/serrafm\/2021\/05\/fernando-bezerra-cada-vez-mais-distante-do-psb-para-2022\/","og_locale":"pt_BR","og_type":"article","og_title":"Fernando Bezerra cada vez mais distante do PSB para 2022 - Serra FM 87,9","og_description":"O senador Fernando Bezerra Coelho iniciou sua trajet\u00f3ria ainda em 1982 quando elegeu-se deputado estadual pelo PDS. Sua capacidade de articula\u00e7\u00e3o lhe fez secret\u00e1rio da Casa Civil do ent\u00e3o governador Roberto Magalh\u00e3es, por\u00e9m como n\u00e3o havia o advento da reelei\u00e7\u00e3o, Fernando aproximou-se de Miguel Arraes que seria vitorioso naquela disputa de 1986. \u00a0Naquele mesmo pleito, Fernando chegaria ao seu primeiro mandato como deputado federal pelo PMDB. Fernando ainda serviu aos governos de Miguel Arraes e Eduardo Campos, ora como secret\u00e1rio de Agricultura, depois como titular do Desenvolvimento Econ\u00f4mico. Ele tamb\u00e9m foi al\u00e7ado \u00e0 condi\u00e7\u00e3o de ministro da Integra\u00e7\u00e3o Nacional por [&hellip;]","og_url":"https:\/\/serrafm879.com.br\/serrafm\/2021\/05\/fernando-bezerra-cada-vez-mais-distante-do-psb-para-2022\/","og_site_name":"Serra FM 87,9","article_published_time":"2021-05-12T10:52:01+00:00","og_image":[{"width":2400,"height":1600,"url":"https:\/\/serrafm879.com.br\/serrafm\/wp-content\/uploads\/2021\/05\/fbc.jpg","type":"image\/jpeg"}],"author":"serrafm87","twitter_card":"summary_large_image","twitter_misc":{"Escrito por":"serrafm87","Est. tempo de leitura":"1 minuto"},"schema":{"@context":"https:\/\/schema.org","@graph":[{"@type":"WebPage","@id":"https:\/\/serrafm879.com.br\/serrafm\/2021\/05\/fernando-bezerra-cada-vez-mais-distante-do-psb-para-2022\/","url":"https:\/\/serrafm879.com.br\/serrafm\/2021\/05\/fernando-bezerra-cada-vez-mais-distante-do-psb-para-2022\/","name":"Fernando Bezerra cada vez mais distante do PSB para 2022 - Serra FM 87,9","isPartOf":{"@id":"https:\/\/serrafm879.com.br\/serrafm\/#website"},"primaryImageOfPage":{"@id":"https:\/\/serrafm879.com.br\/serrafm\/2021\/05\/fernando-bezerra-cada-vez-mais-distante-do-psb-para-2022\/#primaryimage"},"image":{"@id":"https:\/\/serrafm879.com.br\/serrafm\/2021\/05\/fernando-bezerra-cada-vez-mais-distante-do-psb-para-2022\/#primaryimage"},"thumbnailUrl":"https:\/\/serrafm879.com.br\/serrafm\/wp-content\/uploads\/2021\/05\/fbc.jpg","datePublished":"2021-05-12T10:52:01+00:00","author":{"@id":"https:\/\/serrafm879.com.br\/serrafm\/#\/schema\/person\/c028a197030ff8b1c03c68dfba4a787a"},"breadcrumb":{"@id":"https:\/\/serrafm879.com.br\/serrafm\/2021\/05\/fernando-bezerra-cada-vez-mais-distante-do-psb-para-2022\/#breadcrumb"},"inLanguage":"pt-BR","potentialAction":[{"@type":"ReadAction","target":["https:\/\/serrafm879.com.br\/serrafm\/2021\/05\/fernando-bezerra-cada-vez-mais-distante-do-psb-para-2022\/"]}]},{"@type":"ImageObject","inLanguage":"pt-BR","@id":"https:\/\/serrafm879.com.br\/serrafm\/2021\/05\/fernando-bezerra-cada-vez-mais-distante-do-psb-para-2022\/#primaryimage","url":"https:\/\/serrafm879.com.br\/serrafm\/wp-content\/uploads\/2021\/05\/fbc.jpg","contentUrl":"https:\/\/serrafm879.com.br\/serrafm\/wp-content\/uploads\/2021\/05\/fbc.jpg","width":2400,"height":1600},{"@type":"BreadcrumbList","@id":"https:\/\/serrafm879.com.br\/serrafm\/2021\/05\/fernando-bezerra-cada-vez-mais-distante-do-psb-para-2022\/#breadcrumb","itemListElement":[{"@type":"ListItem","position":1,"name":"In\u00edcio","item":"https:\/\/serrafm879.com.br\/serrafm\/"},{"@type":"ListItem","position":2,"name":"Fernando Bezerra cada vez mais distante do PSB para 2022"}]},{"@type":"WebSite","@id":"https:\/\/serrafm879.com.br\/serrafm\/#website","url":"https:\/\/serrafm879.com.br\/serrafm\/","name":"Serra FM 87,9","description":"O seu novo amor!","potentialAction":[{"@type":"SearchAction","target":{"@type":"EntryPoint","urlTemplate":"https:\/\/serrafm879.com.br\/serrafm\/?s={search_term_string}"},"query-input":{"@type":"PropertyValueSpecification","valueRequired":true,"valueName":"search_term_string"}}],"inLanguage":"pt-BR"},{"@type":"Person","@id":"https:\/\/serrafm879.com.br\/serrafm\/#\/schema\/person\/c028a197030ff8b1c03c68dfba4a787a","name":"serrafm87","image":{"@type":"ImageObject","inLanguage":"pt-BR","@id":"https:\/\/serrafm879.com.br\/serrafm\/#\/schema\/person\/image\/","url":"https:\/\/secure.gravatar.com\/avatar\/a743233f1112d34f48bb3dc9559b76eb930bab8b27175856cba6362608736235?s=96&d=mm&r=g","contentUrl":"https:\/\/secure.gravatar.com\/avatar\/a743233f1112d34f48bb3dc9559b76eb930bab8b27175856cba6362608736235?s=96&d=mm&r=g","caption":"serrafm87"},"sameAs":["http:\/\/serrafm879.com.br\/"],"url":"https:\/\/serrafm879.com.br\/serrafm\/author\/serrafm87\/"}]}},"jetpack_featured_media_url":"https:\/\/serrafm879.com.br\/serrafm\/wp-content\/uploads\/2021\/05\/fbc.jpg","jetpack_shortlink":"https:\/\/wp.me\/p7HyXg-1wT","jetpack_sharing_enabled":true,"_links":{"self":[{"href":"https:\/\/serrafm879.com.br\/serrafm\/wp-json\/wp\/v2\/posts\/5883","targetHints":{"allow":["GET"]}}],"collection":[{"href":"https:\/\/serrafm879.com.br\/serrafm\/wp-json\/wp\/v2\/posts"}],"about":[{"href":"https:\/\/serrafm879.com.br\/serrafm\/wp-json\/wp\/v2\/types\/post"}],"author":[{"embeddable":true,"href":"https:\/\/serrafm879.com.br\/serrafm\/wp-json\/wp\/v2\/users\/2"}],"replies":[{"embeddable":true,"href":"https:\/\/serrafm879.com.br\/serrafm\/wp-json\/wp\/v2\/comments?post=5883"}],"version-history":[{"count":1,"href":"https:\/\/serrafm879.com.br\/serrafm\/wp-json\/wp\/v2\/posts\/5883\/revisions"}],"predecessor-version":[{"id":5885,"href":"https:\/\/serrafm879.com.br\/serrafm\/wp-json\/wp\/v2\/posts\/5883\/revisions\/5885"}],"wp:featuredmedia":[{"embeddable":true,"href":"https:\/\/serrafm879.com.br\/serrafm\/wp-json\/wp\/v2\/media\/5884"}],"wp:attachment":[{"href":"https:\/\/serrafm879.com.br\/serrafm\/wp-json\/wp\/v2\/media?parent=5883"}],"wp:term":[{"taxonomy":"category","embeddable":true,"href":"https:\/\/serrafm879.com.br\/serrafm\/wp-json\/wp\/v2\/categories?post=5883"},{"taxonomy":"post_tag","embeddable":true,"href":"https:\/\/serrafm879.com.br\/serrafm\/wp-json\/wp\/v2\/tags?post=5883"}],"curies":[{"name":"wp","href":"https:\/\/api.w.org\/{rel}","templated":true}]}}