{"id":5886,"date":"2021-05-12T07:55:20","date_gmt":"2021-05-12T10:55:20","guid":{"rendered":"https:\/?p=5886"},"modified":"2021-05-12T07:55:20","modified_gmt":"2021-05-12T10:55:20","slug":"quase-mil-pessoas-sao-resgatadas-de-trabalho-escravo-no-brasil-em-2020","status":"publish","type":"post","link":"https:\/\/serrafm879.com.br\/serrafm\/2021\/05\/quase-mil-pessoas-sao-resgatadas-de-trabalho-escravo-no-brasil-em-2020\/","title":{"rendered":"Quase mil pessoas s\u00e3o resgatadas de trabalho escravo no Brasil em 2020"},"content":{"rendered":"<p>942 pessoas foram resgatadas de condi\u00e7\u00e3o semelhante \u00e0 de escravid\u00e3o no Brasil no ano passado. Os dados, atualizados nessa ter\u00e7a-feira (11), s\u00e3o do Observat\u00f3rio da Erradica\u00e7\u00e3o do Trabalho Escravo e do Tr\u00e1fico de Pessoas, desenvolvido pelo Minist\u00e9rio P\u00fablico do Trabalho e pela Organiza\u00e7\u00e3o Internacional do Trabalho (OIT).<img decoding=\"async\" src=\"https:\/\/agenciabrasil.ebc.com.br\/ebc.png?id=1409370&amp;o=node\" \/><img decoding=\"async\" src=\"https:\/\/agenciabrasil.ebc.com.br\/ebc.gif?id=1409370&amp;o=node\" \/><\/p>\n<p>Minas Gerais foi o estado com maior n\u00famero de resgates em 2020, com 351 casos, seguido do Distrito Federal, Par\u00e1, Goi\u00e1s e a Bahia.<\/p>\n<p>O diretor do Escrit\u00f3rio da OIT no Brasil, Martin Hahn, alerta que a pandemia da covid-19 tende a agravar esse cen\u00e1rio para imigrantes, negros e exclu\u00eddos, com aumento do risco de formas inaceit\u00e1veis de trabalho.<\/p>\n<p>Das v\u00edtimas resgatadas de trabalho escravo em 2020, 17% estavam em atividades de produ\u00e7\u00e3o florestal; 15% no cultivo do caf\u00e9 e 10% na cria\u00e7\u00e3o de bovinos. Entre as atividades urbanas, destaque para o com\u00e9rcio varejista, com 10% dos casos, seguido da montagem industrial e estruturas met\u00e1licas e do setor de constru\u00e7\u00e3o e imobili\u00e1rio.<\/p>\n<p>O trabalho em condi\u00e7\u00f5es semelhantes \u00e0 de escravid\u00e3o \u00e9 crime e uma grave viola\u00e7\u00e3o dos direitos humanos. Segundo o Minist\u00e9rio P\u00fablico do Trabalho, milhares de pessoas ainda s\u00e3o exploradas no Brasil por meio do trabalho for\u00e7ado, da servid\u00e3o por d\u00edvida, de condi\u00e7\u00f5es degradantes de trabalho e de jornadas exaustivas.<\/p>\n<p>Para alertar a sociedade e o poder p\u00fablico contra essa forma ilegal de trabalho, a Comiss\u00e3o Pastoral da Terra (CPT) vem desenvolvendo a campanha \u201cOlho Aberto para n\u00e3o Virar Escravo\u201d desde 1997. Frei Xavier Plassat, coordenador da campanha, considera que essa situa\u00e7\u00e3o revela uma estrutura social de exclus\u00e3o no pa\u00eds.<\/p>\n<p>O Observat\u00f3rio da Erradica\u00e7\u00e3o do Trabalho Escravo e do Tr\u00e1fico de Pessoas re\u00fane dados de a\u00e7\u00f5es de \u00f3rg\u00e3os p\u00fablicos entre 1995 e 2020. Nesse per\u00edodo, 55.712 pessoas foram encontradas em condi\u00e7\u00e3o semelhantes \u00e0 de escravid\u00e3o, sendo 80% das v\u00edtimas trabalhadores no setor agropecu\u00e1rio.<\/p>\n<p>A Organiza\u00e7\u00e3o Internacional do Trabalho estima que, em todo mundo, essa situa\u00e7\u00e3o alcance mais de 25 milh\u00f5es de pessoas, incluindo mulheres e crian\u00e7as. A pr\u00e1tica gera cerca de US$ 150 bilh\u00f5es anuais em lucros ilegais.<\/p>\n<p>No Brasil, casos de trabalho semelhante \u00e0 de escravid\u00e3o podem ser denunciados pelo disque 100, pelo site do Minist\u00e9rio P\u00fablico do Trabalho ou pela Secretaria de Trabalho do Minist\u00e9rio da Economia.<\/p>\n","protected":false},"excerpt":{"rendered":"<p>942 pessoas foram resgatadas de condi\u00e7\u00e3o semelhante \u00e0 de escravid\u00e3o no Brasil no ano passado. Os dados, atualizados nessa ter\u00e7a-feira (11), s\u00e3o do Observat\u00f3rio da Erradica\u00e7\u00e3o do Trabalho Escravo e do Tr\u00e1fico de Pessoas, desenvolvido pelo Minist\u00e9rio P\u00fablico do Trabalho e pela Organiza\u00e7\u00e3o Internacional do Trabalho (OIT). Minas Gerais foi o estado com maior n\u00famero de resgates em 2020, com 351 casos, seguido do Distrito Federal, Par\u00e1, Goi\u00e1s e a Bahia. O diretor do Escrit\u00f3rio da OIT no Brasil, Martin Hahn, alerta que a pandemia da covid-19 tende a agravar esse cen\u00e1rio para imigrantes, negros e exclu\u00eddos, com aumento do [&hellip;]<\/p>\n","protected":false},"author":2,"featured_media":5887,"comment_status":"open","ping_status":"open","sticky":false,"template":"","format":"standard","meta":{"_jetpack_memberships_contains_paid_content":false,"footnotes":"","jetpack_publicize_message":"","jetpack_publicize_feature_enabled":true,"jetpack_social_post_already_shared":true,"jetpack_social_options":{"image_generator_settings":{"template":"highway","enabled":false},"version":2}},"categories":[2],"tags":[],"class_list":["post-5886","post","type-post","status-publish","format-standard","has-post-thumbnail","hentry","category-noticias"],"jetpack_publicize_connections":[],"yoast_head":"<!-- This site is optimized with the Yoast SEO plugin v24.7 - https:\/\/yoast.com\/wordpress\/plugins\/seo\/ -->\n<title>Quase mil pessoas s\u00e3o resgatadas de trabalho escravo no Brasil em 2020 - Serra FM 87,9<\/title>\n<meta name=\"robots\" content=\"index, follow, max-snippet:-1, max-image-preview:large, max-video-preview:-1\" \/>\n<link rel=\"canonical\" href=\"https:\/\/serrafm879.com.br\/serrafm\/2021\/05\/quase-mil-pessoas-sao-resgatadas-de-trabalho-escravo-no-brasil-em-2020\/\" \/>\n<meta property=\"og:locale\" content=\"pt_BR\" \/>\n<meta property=\"og:type\" content=\"article\" \/>\n<meta property=\"og:title\" content=\"Quase mil pessoas s\u00e3o resgatadas de trabalho escravo no Brasil em 2020 - Serra FM 87,9\" \/>\n<meta property=\"og:description\" content=\"942 pessoas foram resgatadas de condi\u00e7\u00e3o semelhante \u00e0 de escravid\u00e3o no Brasil no ano passado. Os dados, atualizados nessa ter\u00e7a-feira (11), s\u00e3o do Observat\u00f3rio da Erradica\u00e7\u00e3o do Trabalho Escravo e do Tr\u00e1fico de Pessoas, desenvolvido pelo Minist\u00e9rio P\u00fablico do Trabalho e pela Organiza\u00e7\u00e3o Internacional do Trabalho (OIT). Minas Gerais foi o estado com maior n\u00famero de resgates em 2020, com 351 casos, seguido do Distrito Federal, Par\u00e1, Goi\u00e1s e a Bahia. O diretor do Escrit\u00f3rio da OIT no Brasil, Martin Hahn, alerta que a pandemia da covid-19 tende a agravar esse cen\u00e1rio para imigrantes, negros e exclu\u00eddos, com aumento do [&hellip;]\" \/>\n<meta property=\"og:url\" content=\"https:\/\/serrafm879.com.br\/serrafm\/2021\/05\/quase-mil-pessoas-sao-resgatadas-de-trabalho-escravo-no-brasil-em-2020\/\" \/>\n<meta property=\"og:site_name\" content=\"Serra FM 87,9\" \/>\n<meta property=\"article:published_time\" content=\"2021-05-12T10:55:20+00:00\" \/>\n<meta property=\"og:image\" content=\"https:\/\/serrafm879.com.br\/serrafm\/wp-content\/uploads\/2021\/05\/escravo.jpg\" \/>\n\t<meta property=\"og:image:width\" content=\"650\" \/>\n\t<meta property=\"og:image:height\" content=\"352\" \/>\n\t<meta property=\"og:image:type\" content=\"image\/jpeg\" \/>\n<meta name=\"author\" content=\"serrafm87\" \/>\n<meta name=\"twitter:card\" content=\"summary_large_image\" \/>\n<meta name=\"twitter:label1\" content=\"Escrito por\" \/>\n\t<meta name=\"twitter:data1\" content=\"serrafm87\" \/>\n\t<meta name=\"twitter:label2\" content=\"Est. tempo de leitura\" \/>\n\t<meta name=\"twitter:data2\" content=\"2 minutos\" \/>\n<script type=\"application\/ld+json\" class=\"yoast-schema-graph\">{\"@context\":\"https:\/\/schema.org\",\"@graph\":[{\"@type\":\"WebPage\",\"@id\":\"https:\/\/serrafm879.com.br\/serrafm\/2021\/05\/quase-mil-pessoas-sao-resgatadas-de-trabalho-escravo-no-brasil-em-2020\/\",\"url\":\"https:\/\/serrafm879.com.br\/serrafm\/2021\/05\/quase-mil-pessoas-sao-resgatadas-de-trabalho-escravo-no-brasil-em-2020\/\",\"name\":\"Quase mil pessoas s\u00e3o resgatadas de trabalho escravo no Brasil em 2020 - Serra FM 87,9\",\"isPartOf\":{\"@id\":\"https:\/\/serrafm879.com.br\/serrafm\/#website\"},\"primaryImageOfPage\":{\"@id\":\"https:\/\/serrafm879.com.br\/serrafm\/2021\/05\/quase-mil-pessoas-sao-resgatadas-de-trabalho-escravo-no-brasil-em-2020\/#primaryimage\"},\"image\":{\"@id\":\"https:\/\/serrafm879.com.br\/serrafm\/2021\/05\/quase-mil-pessoas-sao-resgatadas-de-trabalho-escravo-no-brasil-em-2020\/#primaryimage\"},\"thumbnailUrl\":\"https:\/\/serrafm879.com.br\/serrafm\/wp-content\/uploads\/2021\/05\/escravo.jpg\",\"datePublished\":\"2021-05-12T10:55:20+00:00\",\"author\":{\"@id\":\"https:\/\/serrafm879.com.br\/serrafm\/#\/schema\/person\/c028a197030ff8b1c03c68dfba4a787a\"},\"breadcrumb\":{\"@id\":\"https:\/\/serrafm879.com.br\/serrafm\/2021\/05\/quase-mil-pessoas-sao-resgatadas-de-trabalho-escravo-no-brasil-em-2020\/#breadcrumb\"},\"inLanguage\":\"pt-BR\",\"potentialAction\":[{\"@type\":\"ReadAction\",\"target\":[\"https:\/\/serrafm879.com.br\/serrafm\/2021\/05\/quase-mil-pessoas-sao-resgatadas-de-trabalho-escravo-no-brasil-em-2020\/\"]}]},{\"@type\":\"ImageObject\",\"inLanguage\":\"pt-BR\",\"@id\":\"https:\/\/serrafm879.com.br\/serrafm\/2021\/05\/quase-mil-pessoas-sao-resgatadas-de-trabalho-escravo-no-brasil-em-2020\/#primaryimage\",\"url\":\"https:\/\/serrafm879.com.br\/serrafm\/wp-content\/uploads\/2021\/05\/escravo.jpg\",\"contentUrl\":\"https:\/\/serrafm879.com.br\/serrafm\/wp-content\/uploads\/2021\/05\/escravo.jpg\",\"width\":650,\"height\":352},{\"@type\":\"BreadcrumbList\",\"@id\":\"https:\/\/serrafm879.com.br\/serrafm\/2021\/05\/quase-mil-pessoas-sao-resgatadas-de-trabalho-escravo-no-brasil-em-2020\/#breadcrumb\",\"itemListElement\":[{\"@type\":\"ListItem\",\"position\":1,\"name\":\"In\u00edcio\",\"item\":\"https:\/\/serrafm879.com.br\/serrafm\/\"},{\"@type\":\"ListItem\",\"position\":2,\"name\":\"Quase mil pessoas s\u00e3o resgatadas de trabalho escravo no Brasil em 2020\"}]},{\"@type\":\"WebSite\",\"@id\":\"https:\/\/serrafm879.com.br\/serrafm\/#website\",\"url\":\"https:\/\/serrafm879.com.br\/serrafm\/\",\"name\":\"Serra FM 87,9\",\"description\":\"O seu novo amor!\",\"potentialAction\":[{\"@type\":\"SearchAction\",\"target\":{\"@type\":\"EntryPoint\",\"urlTemplate\":\"https:\/\/serrafm879.com.br\/serrafm\/?s={search_term_string}\"},\"query-input\":{\"@type\":\"PropertyValueSpecification\",\"valueRequired\":true,\"valueName\":\"search_term_string\"}}],\"inLanguage\":\"pt-BR\"},{\"@type\":\"Person\",\"@id\":\"https:\/\/serrafm879.com.br\/serrafm\/#\/schema\/person\/c028a197030ff8b1c03c68dfba4a787a\",\"name\":\"serrafm87\",\"image\":{\"@type\":\"ImageObject\",\"inLanguage\":\"pt-BR\",\"@id\":\"https:\/\/serrafm879.com.br\/serrafm\/#\/schema\/person\/image\/\",\"url\":\"https:\/\/secure.gravatar.com\/avatar\/a743233f1112d34f48bb3dc9559b76eb930bab8b27175856cba6362608736235?s=96&d=mm&r=g\",\"contentUrl\":\"https:\/\/secure.gravatar.com\/avatar\/a743233f1112d34f48bb3dc9559b76eb930bab8b27175856cba6362608736235?s=96&d=mm&r=g\",\"caption\":\"serrafm87\"},\"sameAs\":[\"http:\/\/serrafm879.com.br\/\"],\"url\":\"https:\/\/serrafm879.com.br\/serrafm\/author\/serrafm87\/\"}]}<\/script>\n<!-- \/ Yoast SEO plugin. -->","yoast_head_json":{"title":"Quase mil pessoas s\u00e3o resgatadas de trabalho escravo no Brasil em 2020 - Serra FM 87,9","robots":{"index":"index","follow":"follow","max-snippet":"max-snippet:-1","max-image-preview":"max-image-preview:large","max-video-preview":"max-video-preview:-1"},"canonical":"https:\/\/serrafm879.com.br\/serrafm\/2021\/05\/quase-mil-pessoas-sao-resgatadas-de-trabalho-escravo-no-brasil-em-2020\/","og_locale":"pt_BR","og_type":"article","og_title":"Quase mil pessoas s\u00e3o resgatadas de trabalho escravo no Brasil em 2020 - Serra FM 87,9","og_description":"942 pessoas foram resgatadas de condi\u00e7\u00e3o semelhante \u00e0 de escravid\u00e3o no Brasil no ano passado. Os dados, atualizados nessa ter\u00e7a-feira (11), s\u00e3o do Observat\u00f3rio da Erradica\u00e7\u00e3o do Trabalho Escravo e do Tr\u00e1fico de Pessoas, desenvolvido pelo Minist\u00e9rio P\u00fablico do Trabalho e pela Organiza\u00e7\u00e3o Internacional do Trabalho (OIT). Minas Gerais foi o estado com maior n\u00famero de resgates em 2020, com 351 casos, seguido do Distrito Federal, Par\u00e1, Goi\u00e1s e a Bahia. O diretor do Escrit\u00f3rio da OIT no Brasil, Martin Hahn, alerta que a pandemia da covid-19 tende a agravar esse cen\u00e1rio para imigrantes, negros e exclu\u00eddos, com aumento do [&hellip;]","og_url":"https:\/\/serrafm879.com.br\/serrafm\/2021\/05\/quase-mil-pessoas-sao-resgatadas-de-trabalho-escravo-no-brasil-em-2020\/","og_site_name":"Serra FM 87,9","article_published_time":"2021-05-12T10:55:20+00:00","og_image":[{"width":650,"height":352,"url":"https:\/\/serrafm879.com.br\/serrafm\/wp-content\/uploads\/2021\/05\/escravo.jpg","type":"image\/jpeg"}],"author":"serrafm87","twitter_card":"summary_large_image","twitter_misc":{"Escrito por":"serrafm87","Est. tempo de leitura":"2 minutos"},"schema":{"@context":"https:\/\/schema.org","@graph":[{"@type":"WebPage","@id":"https:\/\/serrafm879.com.br\/serrafm\/2021\/05\/quase-mil-pessoas-sao-resgatadas-de-trabalho-escravo-no-brasil-em-2020\/","url":"https:\/\/serrafm879.com.br\/serrafm\/2021\/05\/quase-mil-pessoas-sao-resgatadas-de-trabalho-escravo-no-brasil-em-2020\/","name":"Quase mil pessoas s\u00e3o resgatadas de trabalho escravo no Brasil em 2020 - Serra FM 87,9","isPartOf":{"@id":"https:\/\/serrafm879.com.br\/serrafm\/#website"},"primaryImageOfPage":{"@id":"https:\/\/serrafm879.com.br\/serrafm\/2021\/05\/quase-mil-pessoas-sao-resgatadas-de-trabalho-escravo-no-brasil-em-2020\/#primaryimage"},"image":{"@id":"https:\/\/serrafm879.com.br\/serrafm\/2021\/05\/quase-mil-pessoas-sao-resgatadas-de-trabalho-escravo-no-brasil-em-2020\/#primaryimage"},"thumbnailUrl":"https:\/\/serrafm879.com.br\/serrafm\/wp-content\/uploads\/2021\/05\/escravo.jpg","datePublished":"2021-05-12T10:55:20+00:00","author":{"@id":"https:\/\/serrafm879.com.br\/serrafm\/#\/schema\/person\/c028a197030ff8b1c03c68dfba4a787a"},"breadcrumb":{"@id":"https:\/\/serrafm879.com.br\/serrafm\/2021\/05\/quase-mil-pessoas-sao-resgatadas-de-trabalho-escravo-no-brasil-em-2020\/#breadcrumb"},"inLanguage":"pt-BR","potentialAction":[{"@type":"ReadAction","target":["https:\/\/serrafm879.com.br\/serrafm\/2021\/05\/quase-mil-pessoas-sao-resgatadas-de-trabalho-escravo-no-brasil-em-2020\/"]}]},{"@type":"ImageObject","inLanguage":"pt-BR","@id":"https:\/\/serrafm879.com.br\/serrafm\/2021\/05\/quase-mil-pessoas-sao-resgatadas-de-trabalho-escravo-no-brasil-em-2020\/#primaryimage","url":"https:\/\/serrafm879.com.br\/serrafm\/wp-content\/uploads\/2021\/05\/escravo.jpg","contentUrl":"https:\/\/serrafm879.com.br\/serrafm\/wp-content\/uploads\/2021\/05\/escravo.jpg","width":650,"height":352},{"@type":"BreadcrumbList","@id":"https:\/\/serrafm879.com.br\/serrafm\/2021\/05\/quase-mil-pessoas-sao-resgatadas-de-trabalho-escravo-no-brasil-em-2020\/#breadcrumb","itemListElement":[{"@type":"ListItem","position":1,"name":"In\u00edcio","item":"https:\/\/serrafm879.com.br\/serrafm\/"},{"@type":"ListItem","position":2,"name":"Quase mil pessoas s\u00e3o resgatadas de trabalho escravo no Brasil em 2020"}]},{"@type":"WebSite","@id":"https:\/\/serrafm879.com.br\/serrafm\/#website","url":"https:\/\/serrafm879.com.br\/serrafm\/","name":"Serra FM 87,9","description":"O seu novo amor!","potentialAction":[{"@type":"SearchAction","target":{"@type":"EntryPoint","urlTemplate":"https:\/\/serrafm879.com.br\/serrafm\/?s={search_term_string}"},"query-input":{"@type":"PropertyValueSpecification","valueRequired":true,"valueName":"search_term_string"}}],"inLanguage":"pt-BR"},{"@type":"Person","@id":"https:\/\/serrafm879.com.br\/serrafm\/#\/schema\/person\/c028a197030ff8b1c03c68dfba4a787a","name":"serrafm87","image":{"@type":"ImageObject","inLanguage":"pt-BR","@id":"https:\/\/serrafm879.com.br\/serrafm\/#\/schema\/person\/image\/","url":"https:\/\/secure.gravatar.com\/avatar\/a743233f1112d34f48bb3dc9559b76eb930bab8b27175856cba6362608736235?s=96&d=mm&r=g","contentUrl":"https:\/\/secure.gravatar.com\/avatar\/a743233f1112d34f48bb3dc9559b76eb930bab8b27175856cba6362608736235?s=96&d=mm&r=g","caption":"serrafm87"},"sameAs":["http:\/\/serrafm879.com.br\/"],"url":"https:\/\/serrafm879.com.br\/serrafm\/author\/serrafm87\/"}]}},"jetpack_featured_media_url":"https:\/\/serrafm879.com.br\/serrafm\/wp-content\/uploads\/2021\/05\/escravo.jpg","jetpack_shortlink":"https:\/\/wp.me\/p7HyXg-1wW","jetpack_sharing_enabled":true,"_links":{"self":[{"href":"https:\/\/serrafm879.com.br\/serrafm\/wp-json\/wp\/v2\/posts\/5886","targetHints":{"allow":["GET"]}}],"collection":[{"href":"https:\/\/serrafm879.com.br\/serrafm\/wp-json\/wp\/v2\/posts"}],"about":[{"href":"https:\/\/serrafm879.com.br\/serrafm\/wp-json\/wp\/v2\/types\/post"}],"author":[{"embeddable":true,"href":"https:\/\/serrafm879.com.br\/serrafm\/wp-json\/wp\/v2\/users\/2"}],"replies":[{"embeddable":true,"href":"https:\/\/serrafm879.com.br\/serrafm\/wp-json\/wp\/v2\/comments?post=5886"}],"version-history":[{"count":1,"href":"https:\/\/serrafm879.com.br\/serrafm\/wp-json\/wp\/v2\/posts\/5886\/revisions"}],"predecessor-version":[{"id":5888,"href":"https:\/\/serrafm879.com.br\/serrafm\/wp-json\/wp\/v2\/posts\/5886\/revisions\/5888"}],"wp:featuredmedia":[{"embeddable":true,"href":"https:\/\/serrafm879.com.br\/serrafm\/wp-json\/wp\/v2\/media\/5887"}],"wp:attachment":[{"href":"https:\/\/serrafm879.com.br\/serrafm\/wp-json\/wp\/v2\/media?parent=5886"}],"wp:term":[{"taxonomy":"category","embeddable":true,"href":"https:\/\/serrafm879.com.br\/serrafm\/wp-json\/wp\/v2\/categories?post=5886"},{"taxonomy":"post_tag","embeddable":true,"href":"https:\/\/serrafm879.com.br\/serrafm\/wp-json\/wp\/v2\/tags?post=5886"}],"curies":[{"name":"wp","href":"https:\/\/api.w.org\/{rel}","templated":true}]}}