{"id":5889,"date":"2021-05-12T07:59:45","date_gmt":"2021-05-12T10:59:45","guid":{"rendered":"https:\/?p=5889"},"modified":"2021-05-12T07:59:45","modified_gmt":"2021-05-12T10:59:45","slug":"atletas-que-vao-para-as-olimpiadas-em-toquio-comecam-ser-vacinados","status":"publish","type":"post","link":"https:\/\/serrafm879.com.br\/serrafm\/2021\/05\/atletas-que-vao-para-as-olimpiadas-em-toquio-comecam-ser-vacinados\/","title":{"rendered":"Atletas que v\u00e3o para as olimp\u00edadas em T\u00f3quio come\u00e7am a ser vacinados"},"content":{"rendered":"<p>Come\u00e7a nesta quarta-feira a vacina\u00e7\u00e3o contra \u00e0 covid- 19 para a delega\u00e7\u00e3o que vai representar o Brasil nas Olimp\u00edadas de T\u00f3quio, no Jap\u00e3o.\u00a0 Atletas e integrantes da comiss\u00e3o brasileira podem se vacinar em locais j\u00e1 pr\u00e9-definidos nas capitais Fortaleza, S\u00e3o Paulo e Rio de Janeiro.<img decoding=\"async\" src=\"https:\/\/agenciabrasil.ebc.com.br\/ebc.png?id=1409372&amp;o=node\" \/><img decoding=\"async\" src=\"https:\/\/agenciabrasil.ebc.com.br\/ebc.gif?id=1409372&amp;o=node\" \/><\/p>\n<p>Em Porto Alegre e Bras\u00edlia, a imuniza\u00e7\u00e3o acontece a partir da pr\u00f3xima segunda-feira. E em Belo Horizonte, a data para a vacina\u00e7\u00e3o dos atletas ainda est\u00e1 indefinida.<\/p>\n<p>Durante audi\u00eancia nessa ter\u00e7a-feira na Comiss\u00e3o do Esporte, na C\u00e2mara dos Deputados, Moziah Rodrigues, presidente da Comiss\u00e3o Nacional de Atletas disse que a vacina traz seguran\u00e7a e confian\u00e7a aos atletas ol\u00edmpicos e paral\u00edmpicos.<\/p>\n<p>Ao todo, 1.814 pessoas, entre atletas, integrantes de comiss\u00e3o t\u00e9cnica, \u00e1rbitros, e outros credenciados para os Jogos Ol\u00edmpicos e Paral\u00edmpicos de T\u00f3quio, ser\u00e3o vacinados com doses doadas pela Pfizer e Sinovac.<\/p>\n<p>A doa\u00e7\u00e3o soma 4.050 doses da vacina da Pfizer, e mais 8 mil da Sinovac. O ministro da Sa\u00fade, Marcelo Queiroga explicou que as mais de 8.000 doses extras que foram enviadas ser\u00e3o inclu\u00eddas no Programa Nacional de Imuniza\u00e7\u00e3o.<\/p>\n<p>As Olimp\u00edadas de T\u00f3quio, que seriam realizadas em 2020, foram adiadas para este ano devido \u00e0 pandemia da covid-19. A previs\u00e3o \u00e9 que os jogos comecem no dia 23 de julho.<\/p>\n","protected":false},"excerpt":{"rendered":"<p>Come\u00e7a nesta quarta-feira a vacina\u00e7\u00e3o contra \u00e0 covid- 19 para a delega\u00e7\u00e3o que vai representar o Brasil nas Olimp\u00edadas de T\u00f3quio, no Jap\u00e3o.\u00a0 Atletas e integrantes da comiss\u00e3o brasileira podem se vacinar em locais j\u00e1 pr\u00e9-definidos nas capitais Fortaleza, S\u00e3o Paulo e Rio de Janeiro. Em Porto Alegre e Bras\u00edlia, a imuniza\u00e7\u00e3o acontece a partir da pr\u00f3xima segunda-feira. E em Belo Horizonte, a data para a vacina\u00e7\u00e3o dos atletas ainda est\u00e1 indefinida. Durante audi\u00eancia nessa ter\u00e7a-feira na Comiss\u00e3o do Esporte, na C\u00e2mara dos Deputados, Moziah Rodrigues, presidente da Comiss\u00e3o Nacional de Atletas disse que a vacina traz seguran\u00e7a e confian\u00e7a [&hellip;]<\/p>\n","protected":false},"author":2,"featured_media":5167,"comment_status":"open","ping_status":"open","sticky":false,"template":"","format":"standard","meta":{"_jetpack_memberships_contains_paid_content":false,"footnotes":"","jetpack_publicize_message":"","jetpack_publicize_feature_enabled":true,"jetpack_social_post_already_shared":true,"jetpack_social_options":{"image_generator_settings":{"template":"highway","enabled":false},"version":2}},"categories":[2],"tags":[],"class_list":["post-5889","post","type-post","status-publish","format-standard","has-post-thumbnail","hentry","category-noticias"],"jetpack_publicize_connections":[],"yoast_head":"<!-- This site is optimized with the Yoast SEO plugin v24.7 - https:\/\/yoast.com\/wordpress\/plugins\/seo\/ -->\n<title>Atletas que v\u00e3o para as olimp\u00edadas em T\u00f3quio come\u00e7am a ser vacinados - Serra FM 87,9<\/title>\n<meta name=\"robots\" content=\"index, follow, max-snippet:-1, max-image-preview:large, max-video-preview:-1\" \/>\n<link rel=\"canonical\" href=\"https:\/\/serrafm879.com.br\/serrafm\/2021\/05\/atletas-que-vao-para-as-olimpiadas-em-toquio-comecam-ser-vacinados\/\" \/>\n<meta property=\"og:locale\" content=\"pt_BR\" \/>\n<meta property=\"og:type\" content=\"article\" \/>\n<meta property=\"og:title\" content=\"Atletas que v\u00e3o para as olimp\u00edadas em T\u00f3quio come\u00e7am a ser vacinados - Serra FM 87,9\" \/>\n<meta property=\"og:description\" content=\"Come\u00e7a nesta quarta-feira a vacina\u00e7\u00e3o contra \u00e0 covid- 19 para a delega\u00e7\u00e3o que vai representar o Brasil nas Olimp\u00edadas de T\u00f3quio, no Jap\u00e3o.\u00a0 Atletas e integrantes da comiss\u00e3o brasileira podem se vacinar em locais j\u00e1 pr\u00e9-definidos nas capitais Fortaleza, S\u00e3o Paulo e Rio de Janeiro. Em Porto Alegre e Bras\u00edlia, a imuniza\u00e7\u00e3o acontece a partir da pr\u00f3xima segunda-feira. E em Belo Horizonte, a data para a vacina\u00e7\u00e3o dos atletas ainda est\u00e1 indefinida. Durante audi\u00eancia nessa ter\u00e7a-feira na Comiss\u00e3o do Esporte, na C\u00e2mara dos Deputados, Moziah Rodrigues, presidente da Comiss\u00e3o Nacional de Atletas disse que a vacina traz seguran\u00e7a e confian\u00e7a [&hellip;]\" \/>\n<meta property=\"og:url\" content=\"https:\/\/serrafm879.com.br\/serrafm\/2021\/05\/atletas-que-vao-para-as-olimpiadas-em-toquio-comecam-ser-vacinados\/\" \/>\n<meta property=\"og:site_name\" content=\"Serra FM 87,9\" \/>\n<meta property=\"article:published_time\" content=\"2021-05-12T10:59:45+00:00\" \/>\n<meta property=\"og:image\" content=\"https:\/\/serrafm879.com.br\/serrafm\/wp-content\/uploads\/2021\/03\/serrafm.jpg\" \/>\n\t<meta property=\"og:image:width\" content=\"800\" \/>\n\t<meta property=\"og:image:height\" content=\"400\" \/>\n\t<meta property=\"og:image:type\" content=\"image\/jpeg\" \/>\n<meta name=\"author\" content=\"serrafm87\" \/>\n<meta name=\"twitter:card\" content=\"summary_large_image\" \/>\n<meta name=\"twitter:label1\" content=\"Escrito por\" \/>\n\t<meta name=\"twitter:data1\" content=\"serrafm87\" \/>\n\t<meta name=\"twitter:label2\" content=\"Est. tempo de leitura\" \/>\n\t<meta name=\"twitter:data2\" content=\"1 minuto\" \/>\n<script type=\"application\/ld+json\" class=\"yoast-schema-graph\">{\"@context\":\"https:\/\/schema.org\",\"@graph\":[{\"@type\":\"WebPage\",\"@id\":\"https:\/\/serrafm879.com.br\/serrafm\/2021\/05\/atletas-que-vao-para-as-olimpiadas-em-toquio-comecam-ser-vacinados\/\",\"url\":\"https:\/\/serrafm879.com.br\/serrafm\/2021\/05\/atletas-que-vao-para-as-olimpiadas-em-toquio-comecam-ser-vacinados\/\",\"name\":\"Atletas que v\u00e3o para as olimp\u00edadas em T\u00f3quio come\u00e7am a ser vacinados - Serra FM 87,9\",\"isPartOf\":{\"@id\":\"https:\/\/serrafm879.com.br\/serrafm\/#website\"},\"primaryImageOfPage\":{\"@id\":\"https:\/\/serrafm879.com.br\/serrafm\/2021\/05\/atletas-que-vao-para-as-olimpiadas-em-toquio-comecam-ser-vacinados\/#primaryimage\"},\"image\":{\"@id\":\"https:\/\/serrafm879.com.br\/serrafm\/2021\/05\/atletas-que-vao-para-as-olimpiadas-em-toquio-comecam-ser-vacinados\/#primaryimage\"},\"thumbnailUrl\":\"https:\/\/serrafm879.com.br\/serrafm\/wp-content\/uploads\/2021\/03\/serrafm.jpg\",\"datePublished\":\"2021-05-12T10:59:45+00:00\",\"author\":{\"@id\":\"https:\/\/serrafm879.com.br\/serrafm\/#\/schema\/person\/c028a197030ff8b1c03c68dfba4a787a\"},\"breadcrumb\":{\"@id\":\"https:\/\/serrafm879.com.br\/serrafm\/2021\/05\/atletas-que-vao-para-as-olimpiadas-em-toquio-comecam-ser-vacinados\/#breadcrumb\"},\"inLanguage\":\"pt-BR\",\"potentialAction\":[{\"@type\":\"ReadAction\",\"target\":[\"https:\/\/serrafm879.com.br\/serrafm\/2021\/05\/atletas-que-vao-para-as-olimpiadas-em-toquio-comecam-ser-vacinados\/\"]}]},{\"@type\":\"ImageObject\",\"inLanguage\":\"pt-BR\",\"@id\":\"https:\/\/serrafm879.com.br\/serrafm\/2021\/05\/atletas-que-vao-para-as-olimpiadas-em-toquio-comecam-ser-vacinados\/#primaryimage\",\"url\":\"https:\/\/serrafm879.com.br\/serrafm\/wp-content\/uploads\/2021\/03\/serrafm.jpg\",\"contentUrl\":\"https:\/\/serrafm879.com.br\/serrafm\/wp-content\/uploads\/2021\/03\/serrafm.jpg\",\"width\":800,\"height\":400},{\"@type\":\"BreadcrumbList\",\"@id\":\"https:\/\/serrafm879.com.br\/serrafm\/2021\/05\/atletas-que-vao-para-as-olimpiadas-em-toquio-comecam-ser-vacinados\/#breadcrumb\",\"itemListElement\":[{\"@type\":\"ListItem\",\"position\":1,\"name\":\"In\u00edcio\",\"item\":\"https:\/\/serrafm879.com.br\/serrafm\/\"},{\"@type\":\"ListItem\",\"position\":2,\"name\":\"Atletas que v\u00e3o para as olimp\u00edadas em T\u00f3quio come\u00e7am a ser vacinados\"}]},{\"@type\":\"WebSite\",\"@id\":\"https:\/\/serrafm879.com.br\/serrafm\/#website\",\"url\":\"https:\/\/serrafm879.com.br\/serrafm\/\",\"name\":\"Serra FM 87,9\",\"description\":\"O seu novo amor!\",\"potentialAction\":[{\"@type\":\"SearchAction\",\"target\":{\"@type\":\"EntryPoint\",\"urlTemplate\":\"https:\/\/serrafm879.com.br\/serrafm\/?s={search_term_string}\"},\"query-input\":{\"@type\":\"PropertyValueSpecification\",\"valueRequired\":true,\"valueName\":\"search_term_string\"}}],\"inLanguage\":\"pt-BR\"},{\"@type\":\"Person\",\"@id\":\"https:\/\/serrafm879.com.br\/serrafm\/#\/schema\/person\/c028a197030ff8b1c03c68dfba4a787a\",\"name\":\"serrafm87\",\"image\":{\"@type\":\"ImageObject\",\"inLanguage\":\"pt-BR\",\"@id\":\"https:\/\/serrafm879.com.br\/serrafm\/#\/schema\/person\/image\/\",\"url\":\"https:\/\/secure.gravatar.com\/avatar\/a743233f1112d34f48bb3dc9559b76eb930bab8b27175856cba6362608736235?s=96&d=mm&r=g\",\"contentUrl\":\"https:\/\/secure.gravatar.com\/avatar\/a743233f1112d34f48bb3dc9559b76eb930bab8b27175856cba6362608736235?s=96&d=mm&r=g\",\"caption\":\"serrafm87\"},\"sameAs\":[\"http:\/\/serrafm879.com.br\/\"],\"url\":\"https:\/\/serrafm879.com.br\/serrafm\/author\/serrafm87\/\"}]}<\/script>\n<!-- \/ Yoast SEO plugin. -->","yoast_head_json":{"title":"Atletas que v\u00e3o para as olimp\u00edadas em T\u00f3quio come\u00e7am a ser vacinados - Serra FM 87,9","robots":{"index":"index","follow":"follow","max-snippet":"max-snippet:-1","max-image-preview":"max-image-preview:large","max-video-preview":"max-video-preview:-1"},"canonical":"https:\/\/serrafm879.com.br\/serrafm\/2021\/05\/atletas-que-vao-para-as-olimpiadas-em-toquio-comecam-ser-vacinados\/","og_locale":"pt_BR","og_type":"article","og_title":"Atletas que v\u00e3o para as olimp\u00edadas em T\u00f3quio come\u00e7am a ser vacinados - Serra FM 87,9","og_description":"Come\u00e7a nesta quarta-feira a vacina\u00e7\u00e3o contra \u00e0 covid- 19 para a delega\u00e7\u00e3o que vai representar o Brasil nas Olimp\u00edadas de T\u00f3quio, no Jap\u00e3o.\u00a0 Atletas e integrantes da comiss\u00e3o brasileira podem se vacinar em locais j\u00e1 pr\u00e9-definidos nas capitais Fortaleza, S\u00e3o Paulo e Rio de Janeiro. Em Porto Alegre e Bras\u00edlia, a imuniza\u00e7\u00e3o acontece a partir da pr\u00f3xima segunda-feira. E em Belo Horizonte, a data para a vacina\u00e7\u00e3o dos atletas ainda est\u00e1 indefinida. Durante audi\u00eancia nessa ter\u00e7a-feira na Comiss\u00e3o do Esporte, na C\u00e2mara dos Deputados, Moziah Rodrigues, presidente da Comiss\u00e3o Nacional de Atletas disse que a vacina traz seguran\u00e7a e confian\u00e7a [&hellip;]","og_url":"https:\/\/serrafm879.com.br\/serrafm\/2021\/05\/atletas-que-vao-para-as-olimpiadas-em-toquio-comecam-ser-vacinados\/","og_site_name":"Serra FM 87,9","article_published_time":"2021-05-12T10:59:45+00:00","og_image":[{"width":800,"height":400,"url":"https:\/\/serrafm879.com.br\/serrafm\/wp-content\/uploads\/2021\/03\/serrafm.jpg","type":"image\/jpeg"}],"author":"serrafm87","twitter_card":"summary_large_image","twitter_misc":{"Escrito por":"serrafm87","Est. tempo de leitura":"1 minuto"},"schema":{"@context":"https:\/\/schema.org","@graph":[{"@type":"WebPage","@id":"https:\/\/serrafm879.com.br\/serrafm\/2021\/05\/atletas-que-vao-para-as-olimpiadas-em-toquio-comecam-ser-vacinados\/","url":"https:\/\/serrafm879.com.br\/serrafm\/2021\/05\/atletas-que-vao-para-as-olimpiadas-em-toquio-comecam-ser-vacinados\/","name":"Atletas que v\u00e3o para as olimp\u00edadas em T\u00f3quio come\u00e7am a ser vacinados - Serra FM 87,9","isPartOf":{"@id":"https:\/\/serrafm879.com.br\/serrafm\/#website"},"primaryImageOfPage":{"@id":"https:\/\/serrafm879.com.br\/serrafm\/2021\/05\/atletas-que-vao-para-as-olimpiadas-em-toquio-comecam-ser-vacinados\/#primaryimage"},"image":{"@id":"https:\/\/serrafm879.com.br\/serrafm\/2021\/05\/atletas-que-vao-para-as-olimpiadas-em-toquio-comecam-ser-vacinados\/#primaryimage"},"thumbnailUrl":"https:\/\/serrafm879.com.br\/serrafm\/wp-content\/uploads\/2021\/03\/serrafm.jpg","datePublished":"2021-05-12T10:59:45+00:00","author":{"@id":"https:\/\/serrafm879.com.br\/serrafm\/#\/schema\/person\/c028a197030ff8b1c03c68dfba4a787a"},"breadcrumb":{"@id":"https:\/\/serrafm879.com.br\/serrafm\/2021\/05\/atletas-que-vao-para-as-olimpiadas-em-toquio-comecam-ser-vacinados\/#breadcrumb"},"inLanguage":"pt-BR","potentialAction":[{"@type":"ReadAction","target":["https:\/\/serrafm879.com.br\/serrafm\/2021\/05\/atletas-que-vao-para-as-olimpiadas-em-toquio-comecam-ser-vacinados\/"]}]},{"@type":"ImageObject","inLanguage":"pt-BR","@id":"https:\/\/serrafm879.com.br\/serrafm\/2021\/05\/atletas-que-vao-para-as-olimpiadas-em-toquio-comecam-ser-vacinados\/#primaryimage","url":"https:\/\/serrafm879.com.br\/serrafm\/wp-content\/uploads\/2021\/03\/serrafm.jpg","contentUrl":"https:\/\/serrafm879.com.br\/serrafm\/wp-content\/uploads\/2021\/03\/serrafm.jpg","width":800,"height":400},{"@type":"BreadcrumbList","@id":"https:\/\/serrafm879.com.br\/serrafm\/2021\/05\/atletas-que-vao-para-as-olimpiadas-em-toquio-comecam-ser-vacinados\/#breadcrumb","itemListElement":[{"@type":"ListItem","position":1,"name":"In\u00edcio","item":"https:\/\/serrafm879.com.br\/serrafm\/"},{"@type":"ListItem","position":2,"name":"Atletas que v\u00e3o para as olimp\u00edadas em T\u00f3quio come\u00e7am a ser vacinados"}]},{"@type":"WebSite","@id":"https:\/\/serrafm879.com.br\/serrafm\/#website","url":"https:\/\/serrafm879.com.br\/serrafm\/","name":"Serra FM 87,9","description":"O seu novo amor!","potentialAction":[{"@type":"SearchAction","target":{"@type":"EntryPoint","urlTemplate":"https:\/\/serrafm879.com.br\/serrafm\/?s={search_term_string}"},"query-input":{"@type":"PropertyValueSpecification","valueRequired":true,"valueName":"search_term_string"}}],"inLanguage":"pt-BR"},{"@type":"Person","@id":"https:\/\/serrafm879.com.br\/serrafm\/#\/schema\/person\/c028a197030ff8b1c03c68dfba4a787a","name":"serrafm87","image":{"@type":"ImageObject","inLanguage":"pt-BR","@id":"https:\/\/serrafm879.com.br\/serrafm\/#\/schema\/person\/image\/","url":"https:\/\/secure.gravatar.com\/avatar\/a743233f1112d34f48bb3dc9559b76eb930bab8b27175856cba6362608736235?s=96&d=mm&r=g","contentUrl":"https:\/\/secure.gravatar.com\/avatar\/a743233f1112d34f48bb3dc9559b76eb930bab8b27175856cba6362608736235?s=96&d=mm&r=g","caption":"serrafm87"},"sameAs":["http:\/\/serrafm879.com.br\/"],"url":"https:\/\/serrafm879.com.br\/serrafm\/author\/serrafm87\/"}]}},"jetpack_featured_media_url":"https:\/\/serrafm879.com.br\/serrafm\/wp-content\/uploads\/2021\/03\/serrafm.jpg","jetpack_shortlink":"https:\/\/wp.me\/p7HyXg-1wZ","jetpack_sharing_enabled":true,"_links":{"self":[{"href":"https:\/\/serrafm879.com.br\/serrafm\/wp-json\/wp\/v2\/posts\/5889","targetHints":{"allow":["GET"]}}],"collection":[{"href":"https:\/\/serrafm879.com.br\/serrafm\/wp-json\/wp\/v2\/posts"}],"about":[{"href":"https:\/\/serrafm879.com.br\/serrafm\/wp-json\/wp\/v2\/types\/post"}],"author":[{"embeddable":true,"href":"https:\/\/serrafm879.com.br\/serrafm\/wp-json\/wp\/v2\/users\/2"}],"replies":[{"embeddable":true,"href":"https:\/\/serrafm879.com.br\/serrafm\/wp-json\/wp\/v2\/comments?post=5889"}],"version-history":[{"count":1,"href":"https:\/\/serrafm879.com.br\/serrafm\/wp-json\/wp\/v2\/posts\/5889\/revisions"}],"predecessor-version":[{"id":5890,"href":"https:\/\/serrafm879.com.br\/serrafm\/wp-json\/wp\/v2\/posts\/5889\/revisions\/5890"}],"wp:featuredmedia":[{"embeddable":true,"href":"https:\/\/serrafm879.com.br\/serrafm\/wp-json\/wp\/v2\/media\/5167"}],"wp:attachment":[{"href":"https:\/\/serrafm879.com.br\/serrafm\/wp-json\/wp\/v2\/media?parent=5889"}],"wp:term":[{"taxonomy":"category","embeddable":true,"href":"https:\/\/serrafm879.com.br\/serrafm\/wp-json\/wp\/v2\/categories?post=5889"},{"taxonomy":"post_tag","embeddable":true,"href":"https:\/\/serrafm879.com.br\/serrafm\/wp-json\/wp\/v2\/tags?post=5889"}],"curies":[{"name":"wp","href":"https:\/\/api.w.org\/{rel}","templated":true}]}}