{"id":5891,"date":"2021-05-12T08:01:39","date_gmt":"2021-05-12T11:01:39","guid":{"rendered":"https:\/?p=5891"},"modified":"2021-05-12T08:01:39","modified_gmt":"2021-05-12T11:01:39","slug":"na-camara-paulo-guedes-e-pressionado-sobre-tratoraco","status":"publish","type":"post","link":"https:\/\/serrafm879.com.br\/serrafm\/2021\/05\/na-camara-paulo-guedes-e-pressionado-sobre-tratoraco\/","title":{"rendered":"Na C\u00e2mara, Paulo Guedes \u00e9 pressionado sobre \u2018tratora\u00e7o\u2019"},"content":{"rendered":"<p>O ministro da Economia,\u00a0Paulo Guedes, disse nesta ter\u00e7a-feira, 11, que \u201cgrandes neg\u00f3cios nas estatais e esc\u00e2ndalos\u201d eram uma especialidade de governos anteriores. \u201cNeg\u00f3cios e esc\u00e2ndalos em estatais n\u00e3o \u00e9 especialidade deste governo, \u00e9 de outros. Parece que isso n\u00e3o nos atingiu ainda, vamos ver\u201d, afirmou, em audi\u00eancia p\u00fablica na Comiss\u00e3o de Constitui\u00e7\u00e3o e Justi\u00e7a (CCJ) da C\u00e2mara dos Deputados, que analisa a admissibilidade da PEC 32, da reforma administrativa.<\/p>\n<p>Guedes foi confrontado por parlamentares da oposi\u00e7\u00e3o sobre o \u201cor\u00e7amento secreto\u201d revelado pelo jornal O Estado de S. Paulo. No ano passado, segundo a reportagem, o governo destinou R$ 3 bilh\u00f5es em emendas para parlamentares do Centr\u00e3o que, ao contr\u00e1rio do que permite a lei, puderam escolher onde os recursos de emendas de relator (RP9) seriam aplicados, inclusive na compra de tratores superfaturados. O caso foi apelidado de \u201ctratora\u00e7o\u201d nas redes sociais.<\/p>\n<p>\u201cIsso \u00e9 crime de responsabilidade, \u00e9 prevarica\u00e7\u00e3o, desvio de finalidade e improbidade administrativa. Quero saber por que vossa excel\u00eancia n\u00e3o vetou esse arranjo de corrup\u00e7\u00e3o, que \u00e9 a compra de votos que est\u00e1 sendo feita a\u00ed\u201d, questionou o deputado Ivan Valente (PSOL-SP).<\/p>\n<p>\u201cN\u00e3o adianta oferecer trator, cargos, regalias. N\u00e3o vamos permitir que uma PEC inconstitucional (da reforma administrativa) avance\u201d, acrescentou o deputado Zeca Dirceu (PT-PR).<\/p>\n<p>\u201cO senhor vem falar que servidor p\u00fablico tem 20 carros, eu desconhe\u00e7o. Mas conhe\u00e7o presidente que come picanha de R$ 1.799 o quilo, conhe\u00e7o presidente que tira f\u00e9rias de R$ 2 milh\u00f5es, e conhe\u00e7o um or\u00e7amento que o senhor aprovou de R$ 3 bilh\u00f5es para comprar parlamentar com trator superfaturado\u201d, comparou a deputada Fernanda Melchionna (PSOL-RS).<\/p>\n<p>Fonte: Terra<\/p>\n","protected":false},"excerpt":{"rendered":"<p>O ministro da Economia,\u00a0Paulo Guedes, disse nesta ter\u00e7a-feira, 11, que \u201cgrandes neg\u00f3cios nas estatais e esc\u00e2ndalos\u201d eram uma especialidade de governos anteriores. \u201cNeg\u00f3cios e esc\u00e2ndalos em estatais n\u00e3o \u00e9 especialidade deste governo, \u00e9 de outros. Parece que isso n\u00e3o nos atingiu ainda, vamos ver\u201d, afirmou, em audi\u00eancia p\u00fablica na Comiss\u00e3o de Constitui\u00e7\u00e3o e Justi\u00e7a (CCJ) da C\u00e2mara dos Deputados, que analisa a admissibilidade da PEC 32, da reforma administrativa. Guedes foi confrontado por parlamentares da oposi\u00e7\u00e3o sobre o \u201cor\u00e7amento secreto\u201d revelado pelo jornal O Estado de S. Paulo. No ano passado, segundo a reportagem, o governo destinou R$ 3 bilh\u00f5es [&hellip;]<\/p>\n","protected":false},"author":2,"featured_media":2638,"comment_status":"open","ping_status":"open","sticky":false,"template":"","format":"standard","meta":{"_jetpack_memberships_contains_paid_content":false,"footnotes":"","jetpack_publicize_message":"","jetpack_publicize_feature_enabled":true,"jetpack_social_post_already_shared":true,"jetpack_social_options":{"image_generator_settings":{"template":"highway","enabled":false},"version":2}},"categories":[2],"tags":[],"class_list":["post-5891","post","type-post","status-publish","format-standard","has-post-thumbnail","hentry","category-noticias"],"jetpack_publicize_connections":[],"yoast_head":"<!-- This site is optimized with the Yoast SEO plugin v24.7 - https:\/\/yoast.com\/wordpress\/plugins\/seo\/ -->\n<title>Na C\u00e2mara, Paulo Guedes \u00e9 pressionado sobre \u2018tratora\u00e7o\u2019 - Serra FM 87,9<\/title>\n<meta name=\"robots\" content=\"index, follow, max-snippet:-1, max-image-preview:large, max-video-preview:-1\" \/>\n<link rel=\"canonical\" href=\"https:\/\/serrafm879.com.br\/serrafm\/2021\/05\/na-camara-paulo-guedes-e-pressionado-sobre-tratoraco\/\" \/>\n<meta property=\"og:locale\" content=\"pt_BR\" \/>\n<meta property=\"og:type\" content=\"article\" \/>\n<meta property=\"og:title\" content=\"Na C\u00e2mara, Paulo Guedes \u00e9 pressionado sobre \u2018tratora\u00e7o\u2019 - Serra FM 87,9\" \/>\n<meta property=\"og:description\" content=\"O ministro da Economia,\u00a0Paulo Guedes, disse nesta ter\u00e7a-feira, 11, que \u201cgrandes neg\u00f3cios nas estatais e esc\u00e2ndalos\u201d eram uma especialidade de governos anteriores. \u201cNeg\u00f3cios e esc\u00e2ndalos em estatais n\u00e3o \u00e9 especialidade deste governo, \u00e9 de outros. Parece que isso n\u00e3o nos atingiu ainda, vamos ver\u201d, afirmou, em audi\u00eancia p\u00fablica na Comiss\u00e3o de Constitui\u00e7\u00e3o e Justi\u00e7a (CCJ) da C\u00e2mara dos Deputados, que analisa a admissibilidade da PEC 32, da reforma administrativa. Guedes foi confrontado por parlamentares da oposi\u00e7\u00e3o sobre o \u201cor\u00e7amento secreto\u201d revelado pelo jornal O Estado de S. Paulo. No ano passado, segundo a reportagem, o governo destinou R$ 3 bilh\u00f5es [&hellip;]\" \/>\n<meta property=\"og:url\" content=\"https:\/\/serrafm879.com.br\/serrafm\/2021\/05\/na-camara-paulo-guedes-e-pressionado-sobre-tratoraco\/\" \/>\n<meta property=\"og:site_name\" content=\"Serra FM 87,9\" \/>\n<meta property=\"article:published_time\" content=\"2021-05-12T11:01:39+00:00\" \/>\n<meta property=\"og:image\" content=\"https:\/\/serrafm879.com.br\/serrafm\/wp-content\/uploads\/2020\/04\/pauloguedes.jpg\" \/>\n\t<meta property=\"og:image:width\" content=\"1170\" \/>\n\t<meta property=\"og:image:height\" content=\"700\" \/>\n\t<meta property=\"og:image:type\" content=\"image\/jpeg\" \/>\n<meta name=\"author\" content=\"serrafm87\" \/>\n<meta name=\"twitter:card\" content=\"summary_large_image\" \/>\n<meta name=\"twitter:label1\" content=\"Escrito por\" \/>\n\t<meta name=\"twitter:data1\" content=\"serrafm87\" \/>\n\t<meta name=\"twitter:label2\" content=\"Est. tempo de leitura\" \/>\n\t<meta name=\"twitter:data2\" content=\"1 minuto\" \/>\n<script type=\"application\/ld+json\" class=\"yoast-schema-graph\">{\"@context\":\"https:\/\/schema.org\",\"@graph\":[{\"@type\":\"WebPage\",\"@id\":\"https:\/\/serrafm879.com.br\/serrafm\/2021\/05\/na-camara-paulo-guedes-e-pressionado-sobre-tratoraco\/\",\"url\":\"https:\/\/serrafm879.com.br\/serrafm\/2021\/05\/na-camara-paulo-guedes-e-pressionado-sobre-tratoraco\/\",\"name\":\"Na C\u00e2mara, Paulo Guedes \u00e9 pressionado sobre \u2018tratora\u00e7o\u2019 - Serra FM 87,9\",\"isPartOf\":{\"@id\":\"https:\/\/serrafm879.com.br\/serrafm\/#website\"},\"primaryImageOfPage\":{\"@id\":\"https:\/\/serrafm879.com.br\/serrafm\/2021\/05\/na-camara-paulo-guedes-e-pressionado-sobre-tratoraco\/#primaryimage\"},\"image\":{\"@id\":\"https:\/\/serrafm879.com.br\/serrafm\/2021\/05\/na-camara-paulo-guedes-e-pressionado-sobre-tratoraco\/#primaryimage\"},\"thumbnailUrl\":\"https:\/\/serrafm879.com.br\/serrafm\/wp-content\/uploads\/2020\/04\/pauloguedes.jpg\",\"datePublished\":\"2021-05-12T11:01:39+00:00\",\"author\":{\"@id\":\"https:\/\/serrafm879.com.br\/serrafm\/#\/schema\/person\/c028a197030ff8b1c03c68dfba4a787a\"},\"breadcrumb\":{\"@id\":\"https:\/\/serrafm879.com.br\/serrafm\/2021\/05\/na-camara-paulo-guedes-e-pressionado-sobre-tratoraco\/#breadcrumb\"},\"inLanguage\":\"pt-BR\",\"potentialAction\":[{\"@type\":\"ReadAction\",\"target\":[\"https:\/\/serrafm879.com.br\/serrafm\/2021\/05\/na-camara-paulo-guedes-e-pressionado-sobre-tratoraco\/\"]}]},{\"@type\":\"ImageObject\",\"inLanguage\":\"pt-BR\",\"@id\":\"https:\/\/serrafm879.com.br\/serrafm\/2021\/05\/na-camara-paulo-guedes-e-pressionado-sobre-tratoraco\/#primaryimage\",\"url\":\"https:\/\/serrafm879.com.br\/serrafm\/wp-content\/uploads\/2020\/04\/pauloguedes.jpg\",\"contentUrl\":\"https:\/\/serrafm879.com.br\/serrafm\/wp-content\/uploads\/2020\/04\/pauloguedes.jpg\",\"width\":1170,\"height\":700},{\"@type\":\"BreadcrumbList\",\"@id\":\"https:\/\/serrafm879.com.br\/serrafm\/2021\/05\/na-camara-paulo-guedes-e-pressionado-sobre-tratoraco\/#breadcrumb\",\"itemListElement\":[{\"@type\":\"ListItem\",\"position\":1,\"name\":\"In\u00edcio\",\"item\":\"https:\/\/serrafm879.com.br\/serrafm\/\"},{\"@type\":\"ListItem\",\"position\":2,\"name\":\"Na C\u00e2mara, Paulo Guedes \u00e9 pressionado sobre \u2018tratora\u00e7o\u2019\"}]},{\"@type\":\"WebSite\",\"@id\":\"https:\/\/serrafm879.com.br\/serrafm\/#website\",\"url\":\"https:\/\/serrafm879.com.br\/serrafm\/\",\"name\":\"Serra FM 87,9\",\"description\":\"O seu novo amor!\",\"potentialAction\":[{\"@type\":\"SearchAction\",\"target\":{\"@type\":\"EntryPoint\",\"urlTemplate\":\"https:\/\/serrafm879.com.br\/serrafm\/?s={search_term_string}\"},\"query-input\":{\"@type\":\"PropertyValueSpecification\",\"valueRequired\":true,\"valueName\":\"search_term_string\"}}],\"inLanguage\":\"pt-BR\"},{\"@type\":\"Person\",\"@id\":\"https:\/\/serrafm879.com.br\/serrafm\/#\/schema\/person\/c028a197030ff8b1c03c68dfba4a787a\",\"name\":\"serrafm87\",\"image\":{\"@type\":\"ImageObject\",\"inLanguage\":\"pt-BR\",\"@id\":\"https:\/\/serrafm879.com.br\/serrafm\/#\/schema\/person\/image\/\",\"url\":\"https:\/\/secure.gravatar.com\/avatar\/a743233f1112d34f48bb3dc9559b76eb930bab8b27175856cba6362608736235?s=96&d=mm&r=g\",\"contentUrl\":\"https:\/\/secure.gravatar.com\/avatar\/a743233f1112d34f48bb3dc9559b76eb930bab8b27175856cba6362608736235?s=96&d=mm&r=g\",\"caption\":\"serrafm87\"},\"sameAs\":[\"http:\/\/serrafm879.com.br\/\"],\"url\":\"https:\/\/serrafm879.com.br\/serrafm\/author\/serrafm87\/\"}]}<\/script>\n<!-- \/ Yoast SEO plugin. -->","yoast_head_json":{"title":"Na C\u00e2mara, Paulo Guedes \u00e9 pressionado sobre \u2018tratora\u00e7o\u2019 - Serra FM 87,9","robots":{"index":"index","follow":"follow","max-snippet":"max-snippet:-1","max-image-preview":"max-image-preview:large","max-video-preview":"max-video-preview:-1"},"canonical":"https:\/\/serrafm879.com.br\/serrafm\/2021\/05\/na-camara-paulo-guedes-e-pressionado-sobre-tratoraco\/","og_locale":"pt_BR","og_type":"article","og_title":"Na C\u00e2mara, Paulo Guedes \u00e9 pressionado sobre \u2018tratora\u00e7o\u2019 - Serra FM 87,9","og_description":"O ministro da Economia,\u00a0Paulo Guedes, disse nesta ter\u00e7a-feira, 11, que \u201cgrandes neg\u00f3cios nas estatais e esc\u00e2ndalos\u201d eram uma especialidade de governos anteriores. \u201cNeg\u00f3cios e esc\u00e2ndalos em estatais n\u00e3o \u00e9 especialidade deste governo, \u00e9 de outros. Parece que isso n\u00e3o nos atingiu ainda, vamos ver\u201d, afirmou, em audi\u00eancia p\u00fablica na Comiss\u00e3o de Constitui\u00e7\u00e3o e Justi\u00e7a (CCJ) da C\u00e2mara dos Deputados, que analisa a admissibilidade da PEC 32, da reforma administrativa. Guedes foi confrontado por parlamentares da oposi\u00e7\u00e3o sobre o \u201cor\u00e7amento secreto\u201d revelado pelo jornal O Estado de S. Paulo. No ano passado, segundo a reportagem, o governo destinou R$ 3 bilh\u00f5es [&hellip;]","og_url":"https:\/\/serrafm879.com.br\/serrafm\/2021\/05\/na-camara-paulo-guedes-e-pressionado-sobre-tratoraco\/","og_site_name":"Serra FM 87,9","article_published_time":"2021-05-12T11:01:39+00:00","og_image":[{"width":1170,"height":700,"url":"https:\/\/serrafm879.com.br\/serrafm\/wp-content\/uploads\/2020\/04\/pauloguedes.jpg","type":"image\/jpeg"}],"author":"serrafm87","twitter_card":"summary_large_image","twitter_misc":{"Escrito por":"serrafm87","Est. tempo de leitura":"1 minuto"},"schema":{"@context":"https:\/\/schema.org","@graph":[{"@type":"WebPage","@id":"https:\/\/serrafm879.com.br\/serrafm\/2021\/05\/na-camara-paulo-guedes-e-pressionado-sobre-tratoraco\/","url":"https:\/\/serrafm879.com.br\/serrafm\/2021\/05\/na-camara-paulo-guedes-e-pressionado-sobre-tratoraco\/","name":"Na C\u00e2mara, Paulo Guedes \u00e9 pressionado sobre \u2018tratora\u00e7o\u2019 - Serra FM 87,9","isPartOf":{"@id":"https:\/\/serrafm879.com.br\/serrafm\/#website"},"primaryImageOfPage":{"@id":"https:\/\/serrafm879.com.br\/serrafm\/2021\/05\/na-camara-paulo-guedes-e-pressionado-sobre-tratoraco\/#primaryimage"},"image":{"@id":"https:\/\/serrafm879.com.br\/serrafm\/2021\/05\/na-camara-paulo-guedes-e-pressionado-sobre-tratoraco\/#primaryimage"},"thumbnailUrl":"https:\/\/serrafm879.com.br\/serrafm\/wp-content\/uploads\/2020\/04\/pauloguedes.jpg","datePublished":"2021-05-12T11:01:39+00:00","author":{"@id":"https:\/\/serrafm879.com.br\/serrafm\/#\/schema\/person\/c028a197030ff8b1c03c68dfba4a787a"},"breadcrumb":{"@id":"https:\/\/serrafm879.com.br\/serrafm\/2021\/05\/na-camara-paulo-guedes-e-pressionado-sobre-tratoraco\/#breadcrumb"},"inLanguage":"pt-BR","potentialAction":[{"@type":"ReadAction","target":["https:\/\/serrafm879.com.br\/serrafm\/2021\/05\/na-camara-paulo-guedes-e-pressionado-sobre-tratoraco\/"]}]},{"@type":"ImageObject","inLanguage":"pt-BR","@id":"https:\/\/serrafm879.com.br\/serrafm\/2021\/05\/na-camara-paulo-guedes-e-pressionado-sobre-tratoraco\/#primaryimage","url":"https:\/\/serrafm879.com.br\/serrafm\/wp-content\/uploads\/2020\/04\/pauloguedes.jpg","contentUrl":"https:\/\/serrafm879.com.br\/serrafm\/wp-content\/uploads\/2020\/04\/pauloguedes.jpg","width":1170,"height":700},{"@type":"BreadcrumbList","@id":"https:\/\/serrafm879.com.br\/serrafm\/2021\/05\/na-camara-paulo-guedes-e-pressionado-sobre-tratoraco\/#breadcrumb","itemListElement":[{"@type":"ListItem","position":1,"name":"In\u00edcio","item":"https:\/\/serrafm879.com.br\/serrafm\/"},{"@type":"ListItem","position":2,"name":"Na C\u00e2mara, Paulo Guedes \u00e9 pressionado sobre \u2018tratora\u00e7o\u2019"}]},{"@type":"WebSite","@id":"https:\/\/serrafm879.com.br\/serrafm\/#website","url":"https:\/\/serrafm879.com.br\/serrafm\/","name":"Serra FM 87,9","description":"O seu novo amor!","potentialAction":[{"@type":"SearchAction","target":{"@type":"EntryPoint","urlTemplate":"https:\/\/serrafm879.com.br\/serrafm\/?s={search_term_string}"},"query-input":{"@type":"PropertyValueSpecification","valueRequired":true,"valueName":"search_term_string"}}],"inLanguage":"pt-BR"},{"@type":"Person","@id":"https:\/\/serrafm879.com.br\/serrafm\/#\/schema\/person\/c028a197030ff8b1c03c68dfba4a787a","name":"serrafm87","image":{"@type":"ImageObject","inLanguage":"pt-BR","@id":"https:\/\/serrafm879.com.br\/serrafm\/#\/schema\/person\/image\/","url":"https:\/\/secure.gravatar.com\/avatar\/a743233f1112d34f48bb3dc9559b76eb930bab8b27175856cba6362608736235?s=96&d=mm&r=g","contentUrl":"https:\/\/secure.gravatar.com\/avatar\/a743233f1112d34f48bb3dc9559b76eb930bab8b27175856cba6362608736235?s=96&d=mm&r=g","caption":"serrafm87"},"sameAs":["http:\/\/serrafm879.com.br\/"],"url":"https:\/\/serrafm879.com.br\/serrafm\/author\/serrafm87\/"}]}},"jetpack_featured_media_url":"https:\/\/serrafm879.com.br\/serrafm\/wp-content\/uploads\/2020\/04\/pauloguedes.jpg","jetpack_shortlink":"https:\/\/wp.me\/p7HyXg-1x1","jetpack_sharing_enabled":true,"_links":{"self":[{"href":"https:\/\/serrafm879.com.br\/serrafm\/wp-json\/wp\/v2\/posts\/5891","targetHints":{"allow":["GET"]}}],"collection":[{"href":"https:\/\/serrafm879.com.br\/serrafm\/wp-json\/wp\/v2\/posts"}],"about":[{"href":"https:\/\/serrafm879.com.br\/serrafm\/wp-json\/wp\/v2\/types\/post"}],"author":[{"embeddable":true,"href":"https:\/\/serrafm879.com.br\/serrafm\/wp-json\/wp\/v2\/users\/2"}],"replies":[{"embeddable":true,"href":"https:\/\/serrafm879.com.br\/serrafm\/wp-json\/wp\/v2\/comments?post=5891"}],"version-history":[{"count":1,"href":"https:\/\/serrafm879.com.br\/serrafm\/wp-json\/wp\/v2\/posts\/5891\/revisions"}],"predecessor-version":[{"id":5892,"href":"https:\/\/serrafm879.com.br\/serrafm\/wp-json\/wp\/v2\/posts\/5891\/revisions\/5892"}],"wp:featuredmedia":[{"embeddable":true,"href":"https:\/\/serrafm879.com.br\/serrafm\/wp-json\/wp\/v2\/media\/2638"}],"wp:attachment":[{"href":"https:\/\/serrafm879.com.br\/serrafm\/wp-json\/wp\/v2\/media?parent=5891"}],"wp:term":[{"taxonomy":"category","embeddable":true,"href":"https:\/\/serrafm879.com.br\/serrafm\/wp-json\/wp\/v2\/categories?post=5891"},{"taxonomy":"post_tag","embeddable":true,"href":"https:\/\/serrafm879.com.br\/serrafm\/wp-json\/wp\/v2\/tags?post=5891"}],"curies":[{"name":"wp","href":"https:\/\/api.w.org\/{rel}","templated":true}]}}