{"id":5899,"date":"2021-05-15T08:49:45","date_gmt":"2021-05-15T11:49:45","guid":{"rendered":"https:\/?p=5899"},"modified":"2021-05-15T08:49:45","modified_gmt":"2021-05-15T11:49:45","slug":"solicitacoes-de-uti-no-agreste-subiram-44","status":"publish","type":"post","link":"https:\/\/serrafm879.com.br\/serrafm\/2021\/05\/solicitacoes-de-uti-no-agreste-subiram-44\/","title":{"rendered":"Solicita\u00e7\u00f5es de UTI no Agreste subiram 44%"},"content":{"rendered":"<p>A Secretaria Estadual de Sa\u00fade (SES-PE) registrou, nesta sexta-feira (14), 2.975 casos da Covid-19. Entre os confirmados hoje, 165 (5,5%) s\u00e3o casos de S\u00edndrome Respirat\u00f3ria Aguda Grave (SRAG) e 2.810 (94,5%) s\u00e3o leves. Agora, Pernambuco totaliza 437.783 casos confirmados da doen\u00e7a, sendo 42.320 graves e 395.463 leves, que est\u00e3o distribu\u00eddos por todos os 184 munic\u00edpios pernambucanos, al\u00e9m do arquip\u00e9lago de Fernando de Noronha.<\/p>\n<p>Al\u00e9m disso, o boletim registra um total de 373.453 pacientes recuperados da doen\u00e7a. Destes, 24.722 eram pacientes graves, que necessitaram de internamento hospitalar, e 348.731 eram casos leves.<\/p>\n<p>Tamb\u00e9m foram confirmados laboratorialmente 43 novos \u00f3bitos (23 femininos e 20 masculinos), ocorridos entre os dias 28\/12\/2020 e 13\/05\/2021. As novas mortes s\u00e3o de pessoas residentes dos munic\u00edpios de Ara\u00e7oiaba (1), Bel\u00e9m de S\u00e3o Francisco (1), Belo Jardim (1), Bu\u00edque (1), Camaragibe (4), Carpina (1), Caruaru (2), Condado (1), Dormentes (1), Garanhuns (2), Ibimirim (1), Itacuruba (1), Jaboat\u00e3o dos Guararapes (1), Moreno (1), Passira (1), Petrolina (4), Recife (14), Salgueiro (1), Santa Cruz do Capibaribe (1), S\u00e3o Louren\u00e7o da Mata (2) e Tacaratu (1). Com isso, o Estado totaliza 14.841 mortes pela doen\u00e7a.<\/p>\n<p>Os pacientes tinham idades entre 29 e 102 anos. As faixas et\u00e1rias s\u00e3o: 20 a 29 (1), 30 a 39 (4), 40 a 49 (1), 50 a 59 (13), 60 a 69 (14), 70 a 79 (4), 80 ou mais (6). Do total, 30 tinham doen\u00e7as preexistentes: doen\u00e7a cardiovascular (16), diabetes (16), hipertens\u00e3o (7), obesidade (5), doen\u00e7a renal (2), c\u00e2ncer\/hist\u00f3rico de c\u00e2ncer (2), hist\u00f3rico de AVC (2), tabagismo (2), hist\u00f3rico de etilismo (1), doen\u00e7a autoimune (1), imunossupress\u00e3o (1), hist\u00f3rico de doen\u00e7a respirat\u00f3ria (1) e hist\u00f3rico de doen\u00e7a hep\u00e1tica (1) \u2013 um paciente pode ter mais de uma comorbidade. Um n\u00e3o tinha comorbidades e os demais seguem em investiga\u00e7\u00e3o.<\/p>\n<p>Com rela\u00e7\u00e3o \u00e0 testagem dos profissionais de sa\u00fade com sintomas de gripe, em Pernambuco, at\u00e9 agora, 29.065 casos foram confirmados e 50.370 descartados. As testagens entre os trabalhadores do setor abrangem os profissionais de todas as unidades de sa\u00fade, sejam da rede p\u00fablica (estadual e municipal) ou privada. O Governo de Pernambuco foi o primeiro do pa\u00eds a criar um protocolo para testar e afastar os profissionais da \u00e1rea da sa\u00fade com sintomas gripais.<\/p>\n<p><strong>Agreste<br \/>\n<\/strong><br \/>\nO governador Paulo C\u00e2mara coordenou, na tarde de sexta-feira (14), reuni\u00e3o por videoconfer\u00eancia com o presidente da Associa\u00e7\u00e3o Municipalista de Pernambuco (Amupe), Jos\u00e9 Patriota, e prefeitos do Agreste para compartilhar os \u00faltimos dados da pandemia na regi\u00e3o. Nas \u00faltimas duas semanas, o n\u00famero de solicita\u00e7\u00f5es de UTI subiram 44% nos munic\u00edpios da 2\u00aa Macrorregi\u00e3o de Sa\u00fade, que engloba a maior parte do Agreste.<\/p>\n<p>\u201cA acelera\u00e7\u00e3o da doen\u00e7a na 2\u00aa Macrorregi\u00e3o tem nos preocupado. Casos e solicita\u00e7\u00f5es de leitos de UTI t\u00eam aumentado em um movimento diferente do restante do Estado. Conversamos com os prefeitos para deix\u00e1-los a par da situa\u00e7\u00e3o e informar que o Gabinete de Enfrentamento est\u00e1 avaliando as medidas a serem tomadas, inclusive com a possibilidade de novas restri\u00e7\u00f5es\u201d, detalhou Paulo C\u00e2mara na reuni\u00e3o, da qual participaram cerca de 90 gestores, entre prefeitos e secret\u00e1rios municipais de sa\u00fade.<\/p>\n<p>O secret\u00e1rio de Sa\u00fade do Estado, Andr\u00e9 Longo, explicou que os \u00edndices de casos e solicita\u00e7\u00f5es de UTI s\u00e3o os primeiros a demonstrar oscila\u00e7\u00e3o quando h\u00e1 acelera\u00e7\u00e3o da doen\u00e7a. E que uma sequ\u00eancia de semanas de aumento s\u00f3 pode ser interrompida com um conjunto de a\u00e7\u00f5es. \u201cCasos e demandas de UTI aparecem antes do aumento de \u00f3bitos. Estamos totalmente focados no detalhamento dos dados da 2\u00aa Macro, para definir como vamos interromper essa nova acelera\u00e7\u00e3o\u201d, pontuou.<\/p>\n<p>Andr\u00e9 Longo frisou ainda que a\u00e7\u00f5es com efeitos a curto prazo s\u00e3o necess\u00e1rias neste momento. \u201cUm incremento da vacina\u00e7\u00e3o \u00e9 o que todos queremos para o Estado inteiro, mas isso s\u00f3 traria efeitos mais de um m\u00eas adiante, porque os efeitos da imuniza\u00e7\u00e3o s\u00f3 s\u00e3o sentidos 15 dias depois de as pessoas tomarem a segunda dose da vacina. Estamos considerando a\u00e7\u00f5es mais imediatas\u201d, concluiu o secret\u00e1rio.<\/p>\n","protected":false},"excerpt":{"rendered":"<p>A Secretaria Estadual de Sa\u00fade (SES-PE) registrou, nesta sexta-feira (14), 2.975 casos da Covid-19. Entre os confirmados hoje, 165 (5,5%) s\u00e3o casos de S\u00edndrome Respirat\u00f3ria Aguda Grave (SRAG) e 2.810 (94,5%) s\u00e3o leves. Agora, Pernambuco totaliza 437.783 casos confirmados da doen\u00e7a, sendo 42.320 graves e 395.463 leves, que est\u00e3o distribu\u00eddos por todos os 184 munic\u00edpios pernambucanos, al\u00e9m do arquip\u00e9lago de Fernando de Noronha. Al\u00e9m disso, o boletim registra um total de 373.453 pacientes recuperados da doen\u00e7a. Destes, 24.722 eram pacientes graves, que necessitaram de internamento hospitalar, e 348.731 eram casos leves. Tamb\u00e9m foram confirmados laboratorialmente 43 novos \u00f3bitos (23 femininos [&hellip;]<\/p>\n","protected":false},"author":2,"featured_media":5370,"comment_status":"open","ping_status":"open","sticky":false,"template":"","format":"standard","meta":{"_jetpack_memberships_contains_paid_content":false,"footnotes":"","jetpack_publicize_message":"","jetpack_publicize_feature_enabled":true,"jetpack_social_post_already_shared":true,"jetpack_social_options":{"image_generator_settings":{"template":"highway","enabled":false},"version":2}},"categories":[2],"tags":[],"class_list":["post-5899","post","type-post","status-publish","format-standard","has-post-thumbnail","hentry","category-noticias"],"jetpack_publicize_connections":[],"yoast_head":"<!-- This site is optimized with the Yoast SEO plugin v24.7 - https:\/\/yoast.com\/wordpress\/plugins\/seo\/ -->\n<title>Solicita\u00e7\u00f5es de UTI no Agreste subiram 44% - Serra FM 87,9<\/title>\n<meta name=\"robots\" content=\"index, follow, max-snippet:-1, max-image-preview:large, max-video-preview:-1\" \/>\n<link rel=\"canonical\" href=\"https:\/\/serrafm879.com.br\/serrafm\/2021\/05\/solicitacoes-de-uti-no-agreste-subiram-44\/\" \/>\n<meta property=\"og:locale\" content=\"pt_BR\" \/>\n<meta property=\"og:type\" content=\"article\" \/>\n<meta property=\"og:title\" content=\"Solicita\u00e7\u00f5es de UTI no Agreste subiram 44% - Serra FM 87,9\" \/>\n<meta property=\"og:description\" content=\"A Secretaria Estadual de Sa\u00fade (SES-PE) registrou, nesta sexta-feira (14), 2.975 casos da Covid-19. Entre os confirmados hoje, 165 (5,5%) s\u00e3o casos de S\u00edndrome Respirat\u00f3ria Aguda Grave (SRAG) e 2.810 (94,5%) s\u00e3o leves. Agora, Pernambuco totaliza 437.783 casos confirmados da doen\u00e7a, sendo 42.320 graves e 395.463 leves, que est\u00e3o distribu\u00eddos por todos os 184 munic\u00edpios pernambucanos, al\u00e9m do arquip\u00e9lago de Fernando de Noronha. Al\u00e9m disso, o boletim registra um total de 373.453 pacientes recuperados da doen\u00e7a. Destes, 24.722 eram pacientes graves, que necessitaram de internamento hospitalar, e 348.731 eram casos leves. Tamb\u00e9m foram confirmados laboratorialmente 43 novos \u00f3bitos (23 femininos [&hellip;]\" \/>\n<meta property=\"og:url\" content=\"https:\/\/serrafm879.com.br\/serrafm\/2021\/05\/solicitacoes-de-uti-no-agreste-subiram-44\/\" \/>\n<meta property=\"og:site_name\" content=\"Serra FM 87,9\" \/>\n<meta property=\"article:published_time\" content=\"2021-05-15T11:49:45+00:00\" \/>\n<meta property=\"og:image\" content=\"https:\/\/serrafm879.com.br\/serrafm\/wp-content\/uploads\/2021\/04\/UTIPE.jpeg\" \/>\n\t<meta property=\"og:image:width\" content=\"1100\" \/>\n\t<meta property=\"og:image:height\" content=\"734\" \/>\n\t<meta property=\"og:image:type\" content=\"image\/jpeg\" \/>\n<meta name=\"author\" content=\"serrafm87\" \/>\n<meta name=\"twitter:card\" content=\"summary_large_image\" \/>\n<meta name=\"twitter:label1\" content=\"Escrito por\" \/>\n\t<meta name=\"twitter:data1\" content=\"serrafm87\" \/>\n\t<meta name=\"twitter:label2\" content=\"Est. tempo de leitura\" \/>\n\t<meta name=\"twitter:data2\" content=\"3 minutos\" \/>\n<script type=\"application\/ld+json\" class=\"yoast-schema-graph\">{\"@context\":\"https:\/\/schema.org\",\"@graph\":[{\"@type\":\"WebPage\",\"@id\":\"https:\/\/serrafm879.com.br\/serrafm\/2021\/05\/solicitacoes-de-uti-no-agreste-subiram-44\/\",\"url\":\"https:\/\/serrafm879.com.br\/serrafm\/2021\/05\/solicitacoes-de-uti-no-agreste-subiram-44\/\",\"name\":\"Solicita\u00e7\u00f5es de UTI no Agreste subiram 44% - Serra FM 87,9\",\"isPartOf\":{\"@id\":\"https:\/\/serrafm879.com.br\/serrafm\/#website\"},\"primaryImageOfPage\":{\"@id\":\"https:\/\/serrafm879.com.br\/serrafm\/2021\/05\/solicitacoes-de-uti-no-agreste-subiram-44\/#primaryimage\"},\"image\":{\"@id\":\"https:\/\/serrafm879.com.br\/serrafm\/2021\/05\/solicitacoes-de-uti-no-agreste-subiram-44\/#primaryimage\"},\"thumbnailUrl\":\"https:\/\/serrafm879.com.br\/serrafm\/wp-content\/uploads\/2021\/04\/UTIPE.jpeg\",\"datePublished\":\"2021-05-15T11:49:45+00:00\",\"author\":{\"@id\":\"https:\/\/serrafm879.com.br\/serrafm\/#\/schema\/person\/c028a197030ff8b1c03c68dfba4a787a\"},\"breadcrumb\":{\"@id\":\"https:\/\/serrafm879.com.br\/serrafm\/2021\/05\/solicitacoes-de-uti-no-agreste-subiram-44\/#breadcrumb\"},\"inLanguage\":\"pt-BR\",\"potentialAction\":[{\"@type\":\"ReadAction\",\"target\":[\"https:\/\/serrafm879.com.br\/serrafm\/2021\/05\/solicitacoes-de-uti-no-agreste-subiram-44\/\"]}]},{\"@type\":\"ImageObject\",\"inLanguage\":\"pt-BR\",\"@id\":\"https:\/\/serrafm879.com.br\/serrafm\/2021\/05\/solicitacoes-de-uti-no-agreste-subiram-44\/#primaryimage\",\"url\":\"https:\/\/serrafm879.com.br\/serrafm\/wp-content\/uploads\/2021\/04\/UTIPE.jpeg\",\"contentUrl\":\"https:\/\/serrafm879.com.br\/serrafm\/wp-content\/uploads\/2021\/04\/UTIPE.jpeg\",\"width\":1100,\"height\":734},{\"@type\":\"BreadcrumbList\",\"@id\":\"https:\/\/serrafm879.com.br\/serrafm\/2021\/05\/solicitacoes-de-uti-no-agreste-subiram-44\/#breadcrumb\",\"itemListElement\":[{\"@type\":\"ListItem\",\"position\":1,\"name\":\"In\u00edcio\",\"item\":\"https:\/\/serrafm879.com.br\/serrafm\/\"},{\"@type\":\"ListItem\",\"position\":2,\"name\":\"Solicita\u00e7\u00f5es de UTI no Agreste subiram 44%\"}]},{\"@type\":\"WebSite\",\"@id\":\"https:\/\/serrafm879.com.br\/serrafm\/#website\",\"url\":\"https:\/\/serrafm879.com.br\/serrafm\/\",\"name\":\"Serra FM 87,9\",\"description\":\"O seu novo amor!\",\"potentialAction\":[{\"@type\":\"SearchAction\",\"target\":{\"@type\":\"EntryPoint\",\"urlTemplate\":\"https:\/\/serrafm879.com.br\/serrafm\/?s={search_term_string}\"},\"query-input\":{\"@type\":\"PropertyValueSpecification\",\"valueRequired\":true,\"valueName\":\"search_term_string\"}}],\"inLanguage\":\"pt-BR\"},{\"@type\":\"Person\",\"@id\":\"https:\/\/serrafm879.com.br\/serrafm\/#\/schema\/person\/c028a197030ff8b1c03c68dfba4a787a\",\"name\":\"serrafm87\",\"image\":{\"@type\":\"ImageObject\",\"inLanguage\":\"pt-BR\",\"@id\":\"https:\/\/serrafm879.com.br\/serrafm\/#\/schema\/person\/image\/\",\"url\":\"https:\/\/secure.gravatar.com\/avatar\/a743233f1112d34f48bb3dc9559b76eb930bab8b27175856cba6362608736235?s=96&d=mm&r=g\",\"contentUrl\":\"https:\/\/secure.gravatar.com\/avatar\/a743233f1112d34f48bb3dc9559b76eb930bab8b27175856cba6362608736235?s=96&d=mm&r=g\",\"caption\":\"serrafm87\"},\"sameAs\":[\"http:\/\/serrafm879.com.br\/\"],\"url\":\"https:\/\/serrafm879.com.br\/serrafm\/author\/serrafm87\/\"}]}<\/script>\n<!-- \/ Yoast SEO plugin. -->","yoast_head_json":{"title":"Solicita\u00e7\u00f5es de UTI no Agreste subiram 44% - Serra FM 87,9","robots":{"index":"index","follow":"follow","max-snippet":"max-snippet:-1","max-image-preview":"max-image-preview:large","max-video-preview":"max-video-preview:-1"},"canonical":"https:\/\/serrafm879.com.br\/serrafm\/2021\/05\/solicitacoes-de-uti-no-agreste-subiram-44\/","og_locale":"pt_BR","og_type":"article","og_title":"Solicita\u00e7\u00f5es de UTI no Agreste subiram 44% - Serra FM 87,9","og_description":"A Secretaria Estadual de Sa\u00fade (SES-PE) registrou, nesta sexta-feira (14), 2.975 casos da Covid-19. Entre os confirmados hoje, 165 (5,5%) s\u00e3o casos de S\u00edndrome Respirat\u00f3ria Aguda Grave (SRAG) e 2.810 (94,5%) s\u00e3o leves. Agora, Pernambuco totaliza 437.783 casos confirmados da doen\u00e7a, sendo 42.320 graves e 395.463 leves, que est\u00e3o distribu\u00eddos por todos os 184 munic\u00edpios pernambucanos, al\u00e9m do arquip\u00e9lago de Fernando de Noronha. Al\u00e9m disso, o boletim registra um total de 373.453 pacientes recuperados da doen\u00e7a. Destes, 24.722 eram pacientes graves, que necessitaram de internamento hospitalar, e 348.731 eram casos leves. Tamb\u00e9m foram confirmados laboratorialmente 43 novos \u00f3bitos (23 femininos [&hellip;]","og_url":"https:\/\/serrafm879.com.br\/serrafm\/2021\/05\/solicitacoes-de-uti-no-agreste-subiram-44\/","og_site_name":"Serra FM 87,9","article_published_time":"2021-05-15T11:49:45+00:00","og_image":[{"width":1100,"height":734,"url":"https:\/\/serrafm879.com.br\/serrafm\/wp-content\/uploads\/2021\/04\/UTIPE.jpeg","type":"image\/jpeg"}],"author":"serrafm87","twitter_card":"summary_large_image","twitter_misc":{"Escrito por":"serrafm87","Est. tempo de leitura":"3 minutos"},"schema":{"@context":"https:\/\/schema.org","@graph":[{"@type":"WebPage","@id":"https:\/\/serrafm879.com.br\/serrafm\/2021\/05\/solicitacoes-de-uti-no-agreste-subiram-44\/","url":"https:\/\/serrafm879.com.br\/serrafm\/2021\/05\/solicitacoes-de-uti-no-agreste-subiram-44\/","name":"Solicita\u00e7\u00f5es de UTI no Agreste subiram 44% - Serra FM 87,9","isPartOf":{"@id":"https:\/\/serrafm879.com.br\/serrafm\/#website"},"primaryImageOfPage":{"@id":"https:\/\/serrafm879.com.br\/serrafm\/2021\/05\/solicitacoes-de-uti-no-agreste-subiram-44\/#primaryimage"},"image":{"@id":"https:\/\/serrafm879.com.br\/serrafm\/2021\/05\/solicitacoes-de-uti-no-agreste-subiram-44\/#primaryimage"},"thumbnailUrl":"https:\/\/serrafm879.com.br\/serrafm\/wp-content\/uploads\/2021\/04\/UTIPE.jpeg","datePublished":"2021-05-15T11:49:45+00:00","author":{"@id":"https:\/\/serrafm879.com.br\/serrafm\/#\/schema\/person\/c028a197030ff8b1c03c68dfba4a787a"},"breadcrumb":{"@id":"https:\/\/serrafm879.com.br\/serrafm\/2021\/05\/solicitacoes-de-uti-no-agreste-subiram-44\/#breadcrumb"},"inLanguage":"pt-BR","potentialAction":[{"@type":"ReadAction","target":["https:\/\/serrafm879.com.br\/serrafm\/2021\/05\/solicitacoes-de-uti-no-agreste-subiram-44\/"]}]},{"@type":"ImageObject","inLanguage":"pt-BR","@id":"https:\/\/serrafm879.com.br\/serrafm\/2021\/05\/solicitacoes-de-uti-no-agreste-subiram-44\/#primaryimage","url":"https:\/\/serrafm879.com.br\/serrafm\/wp-content\/uploads\/2021\/04\/UTIPE.jpeg","contentUrl":"https:\/\/serrafm879.com.br\/serrafm\/wp-content\/uploads\/2021\/04\/UTIPE.jpeg","width":1100,"height":734},{"@type":"BreadcrumbList","@id":"https:\/\/serrafm879.com.br\/serrafm\/2021\/05\/solicitacoes-de-uti-no-agreste-subiram-44\/#breadcrumb","itemListElement":[{"@type":"ListItem","position":1,"name":"In\u00edcio","item":"https:\/\/serrafm879.com.br\/serrafm\/"},{"@type":"ListItem","position":2,"name":"Solicita\u00e7\u00f5es de UTI no Agreste subiram 44%"}]},{"@type":"WebSite","@id":"https:\/\/serrafm879.com.br\/serrafm\/#website","url":"https:\/\/serrafm879.com.br\/serrafm\/","name":"Serra FM 87,9","description":"O seu novo amor!","potentialAction":[{"@type":"SearchAction","target":{"@type":"EntryPoint","urlTemplate":"https:\/\/serrafm879.com.br\/serrafm\/?s={search_term_string}"},"query-input":{"@type":"PropertyValueSpecification","valueRequired":true,"valueName":"search_term_string"}}],"inLanguage":"pt-BR"},{"@type":"Person","@id":"https:\/\/serrafm879.com.br\/serrafm\/#\/schema\/person\/c028a197030ff8b1c03c68dfba4a787a","name":"serrafm87","image":{"@type":"ImageObject","inLanguage":"pt-BR","@id":"https:\/\/serrafm879.com.br\/serrafm\/#\/schema\/person\/image\/","url":"https:\/\/secure.gravatar.com\/avatar\/a743233f1112d34f48bb3dc9559b76eb930bab8b27175856cba6362608736235?s=96&d=mm&r=g","contentUrl":"https:\/\/secure.gravatar.com\/avatar\/a743233f1112d34f48bb3dc9559b76eb930bab8b27175856cba6362608736235?s=96&d=mm&r=g","caption":"serrafm87"},"sameAs":["http:\/\/serrafm879.com.br\/"],"url":"https:\/\/serrafm879.com.br\/serrafm\/author\/serrafm87\/"}]}},"jetpack_featured_media_url":"https:\/\/serrafm879.com.br\/serrafm\/wp-content\/uploads\/2021\/04\/UTIPE.jpeg","jetpack_shortlink":"https:\/\/wp.me\/p7HyXg-1x9","jetpack_sharing_enabled":true,"_links":{"self":[{"href":"https:\/\/serrafm879.com.br\/serrafm\/wp-json\/wp\/v2\/posts\/5899","targetHints":{"allow":["GET"]}}],"collection":[{"href":"https:\/\/serrafm879.com.br\/serrafm\/wp-json\/wp\/v2\/posts"}],"about":[{"href":"https:\/\/serrafm879.com.br\/serrafm\/wp-json\/wp\/v2\/types\/post"}],"author":[{"embeddable":true,"href":"https:\/\/serrafm879.com.br\/serrafm\/wp-json\/wp\/v2\/users\/2"}],"replies":[{"embeddable":true,"href":"https:\/\/serrafm879.com.br\/serrafm\/wp-json\/wp\/v2\/comments?post=5899"}],"version-history":[{"count":1,"href":"https:\/\/serrafm879.com.br\/serrafm\/wp-json\/wp\/v2\/posts\/5899\/revisions"}],"predecessor-version":[{"id":5900,"href":"https:\/\/serrafm879.com.br\/serrafm\/wp-json\/wp\/v2\/posts\/5899\/revisions\/5900"}],"wp:featuredmedia":[{"embeddable":true,"href":"https:\/\/serrafm879.com.br\/serrafm\/wp-json\/wp\/v2\/media\/5370"}],"wp:attachment":[{"href":"https:\/\/serrafm879.com.br\/serrafm\/wp-json\/wp\/v2\/media?parent=5899"}],"wp:term":[{"taxonomy":"category","embeddable":true,"href":"https:\/\/serrafm879.com.br\/serrafm\/wp-json\/wp\/v2\/categories?post=5899"},{"taxonomy":"post_tag","embeddable":true,"href":"https:\/\/serrafm879.com.br\/serrafm\/wp-json\/wp\/v2\/tags?post=5899"}],"curies":[{"name":"wp","href":"https:\/\/api.w.org\/{rel}","templated":true}]}}