{"id":5901,"date":"2021-05-15T08:51:40","date_gmt":"2021-05-15T11:51:40","guid":{"rendered":"https:\/?p=5901"},"modified":"2021-05-15T08:51:40","modified_gmt":"2021-05-15T11:51:40","slug":"governo-do-estado-convoca-1-085-aprovados-em-concursos-das-policias-em-pernambuco","status":"publish","type":"post","link":"https:\/\/serrafm879.com.br\/serrafm\/2021\/05\/governo-do-estado-convoca-1-085-aprovados-em-concursos-das-policias-em-pernambuco\/","title":{"rendered":"Governo do Estado convoca 1.085 aprovados em concursos das pol\u00edcias em Pernambuco"},"content":{"rendered":"<p>Dois dias ap\u00f3s anunciar e depois desistir da convoca\u00e7\u00e3o, o governador Paulo C\u00e2mara (PSB) finalmente homologou, nesta sexta-feira (14), o ato que autoriza o in\u00edcio dos cursos de forma\u00e7\u00e3o dos aprovados nos concursos para a seguran\u00e7a p\u00fablica de Pernambuco. Os 1.085 convocados ir\u00e3o refor\u00e7ar os quadros da Pol\u00edcia Civil, Pol\u00edcia Militar, Pol\u00edcia Cient\u00edfica e do Corpo de Bombeiros de Pernambuco (CBMPE). Na manh\u00e3 da \u00faltima quarta-feira (12), o governo do Estado havia anunciado a autoriza\u00e7\u00e3o da convoca\u00e7\u00e3o, no entanto, poucas horas depois, voltou atr\u00e1s da decis\u00e3o.<\/p>\n<p>De acordo com o governo, a inten\u00e7\u00e3o \u00e9 que os cursos de forma\u00e7\u00e3o comecem nos pr\u00f3ximos 30 dias. \u201cA maioria dos profissionais deve estar refor\u00e7ando o Pacto pela Vida ainda em 2021. Ano que vem, ser\u00e3o convocados mais 840 profissionais\u201d, afirmou Paulo C\u00e2mara. No entanto, levando em considera\u00e7\u00e3o que alguns cursos ter\u00e3o dura\u00e7\u00e3o m\u00e9dia de pelo menos seis meses, \u00e9 a formatura dos novos policiais militares, por exemplo, s\u00f3 deve ocorrer no in\u00edcio de 2022.<\/p>\n<p>As organizadoras dos concursos est\u00e3o autorizadas a publicar os editais com os cronogramas de matr\u00edcula.<\/p>\n<p>Ao todo, s\u00e3o 750 profissionais para os cargos de soldados da Pol\u00edcia Militar; 100 para os cargos de soldados do CBMPE; 80 oficiais, sendo 60 da PMPE e 20 do Corpo de Bombeiros; al\u00e9m de 60 concursados para os cargos de delegado da Pol\u00edcia Civil e 95 para compor a Pol\u00edcia Cient\u00edfica.<\/p>\n<p>\u201cNeste ano de 2021, s\u00e3o 1.085 servidores da \u00e1rea de seguran\u00e7a que ser\u00e3o convocados para realiza\u00e7\u00e3o de matr\u00edcula, apresenta\u00e7\u00e3o de documentos e in\u00edcio do processo de capacita\u00e7\u00e3o nas nossas academias\u201d, explicou o secret\u00e1rio de Defesa Social, Ant\u00f4nio de P\u00e1dua.<\/p>\n<p>Para tornar poss\u00edvel a realiza\u00e7\u00e3o dos cursos no contexto da pandemia do novo coronav\u00edrus, as academias est\u00e3o sendo preparadas dentro dos protocolos sanit\u00e1rios de distanciamento social, conforme informado pelo governo. Al\u00e9m disso, as turmas ser\u00e3o menores e haver\u00e1 higieniza\u00e7\u00e3o constante dos ambientes.<\/p>\n<p>A convoca\u00e7\u00e3o de aprovados nos concursos realizados nos \u00faltimos anos j\u00e1 era esperada desde o ano passado, mas, por causa da pandemia do novo coronav\u00edrus, o governo do Estado alegava que n\u00e3o tinha condi\u00e7\u00f5es de realizar o curso de forma\u00e7\u00e3o \u2013 que necessita de aulas pr\u00e1ticas.<\/p>\n<p>Com o aumento da viol\u00eancia em 2020 e o d\u00e9ficit hist\u00f3rico de policiais, agora o governo de Pernambuco se v\u00ea obrigado a convocar os aprovados \u2013 que h\u00e1 meses pressionavam o Estado.<\/p>\n<p>PROMESSA<\/p>\n<p>Segundo a previs\u00e3o inicial, 750 aprovados no concurso da Pol\u00edcia Militar come\u00e7ariam o curso de forma\u00e7\u00e3o de soldados, em abril deste ano \u2013 deve durar seis meses. Tamb\u00e9m neste m\u00eas, 60 seriam convocados para curso de oficial. J\u00e1 em janeiro de 2022, est\u00e1 prevista a convoca\u00e7\u00e3o de mais 700 pessoas para a segunda turma de soldados.<\/p>\n<p>No Corpo de Bombeiros, 100 come\u00e7ariam o curso de forma\u00e7\u00e3o em abril. A dura\u00e7\u00e3o ser\u00e1 de sete meses. Vinte tamb\u00e9m seriam convocados para curso de oficial, com dura\u00e7\u00e3o de 12 meses. J\u00e1 em janeiro de 2022, mais 100 ser\u00e3o convocados para curso de forma\u00e7\u00e3o.<\/p>\n<p>Na Pol\u00edcia Civil, 50 aprovados seriam convocados para forma\u00e7\u00e3o em delegado a partir de abril. Dura\u00e7\u00e3o do curso \u00e9 de quatro meses. Em abril de 2022, mais 50 convoca\u00e7\u00f5es.<\/p>\n<p>Por fim, na Pol\u00edcia Cient\u00edfica, seriam 50 aprovados que far\u00e3o curso para m\u00e9dico legista. Dura\u00e7\u00e3o de quatro meses, contados a partir de abril. E 45 pessoas far\u00e3o curso para auxiliar de perito.<\/p>\n","protected":false},"excerpt":{"rendered":"<p>Dois dias ap\u00f3s anunciar e depois desistir da convoca\u00e7\u00e3o, o governador Paulo C\u00e2mara (PSB) finalmente homologou, nesta sexta-feira (14), o ato que autoriza o in\u00edcio dos cursos de forma\u00e7\u00e3o dos aprovados nos concursos para a seguran\u00e7a p\u00fablica de Pernambuco. Os 1.085 convocados ir\u00e3o refor\u00e7ar os quadros da Pol\u00edcia Civil, Pol\u00edcia Militar, Pol\u00edcia Cient\u00edfica e do Corpo de Bombeiros de Pernambuco (CBMPE). Na manh\u00e3 da \u00faltima quarta-feira (12), o governo do Estado havia anunciado a autoriza\u00e7\u00e3o da convoca\u00e7\u00e3o, no entanto, poucas horas depois, voltou atr\u00e1s da decis\u00e3o. De acordo com o governo, a inten\u00e7\u00e3o \u00e9 que os cursos de forma\u00e7\u00e3o comecem [&hellip;]<\/p>\n","protected":false},"author":2,"featured_media":5167,"comment_status":"open","ping_status":"open","sticky":false,"template":"","format":"standard","meta":{"_jetpack_memberships_contains_paid_content":false,"footnotes":"","jetpack_publicize_message":"","jetpack_publicize_feature_enabled":true,"jetpack_social_post_already_shared":true,"jetpack_social_options":{"image_generator_settings":{"template":"highway","enabled":false},"version":2}},"categories":[2],"tags":[],"class_list":["post-5901","post","type-post","status-publish","format-standard","has-post-thumbnail","hentry","category-noticias"],"jetpack_publicize_connections":[],"yoast_head":"<!-- This site is optimized with the Yoast SEO plugin v24.7 - https:\/\/yoast.com\/wordpress\/plugins\/seo\/ -->\n<title>Governo do Estado convoca 1.085 aprovados em concursos das pol\u00edcias em Pernambuco - Serra FM 87,9<\/title>\n<meta name=\"robots\" content=\"index, follow, max-snippet:-1, max-image-preview:large, max-video-preview:-1\" \/>\n<link rel=\"canonical\" href=\"https:\/\/serrafm879.com.br\/serrafm\/2021\/05\/governo-do-estado-convoca-1-085-aprovados-em-concursos-das-policias-em-pernambuco\/\" \/>\n<meta property=\"og:locale\" content=\"pt_BR\" \/>\n<meta property=\"og:type\" content=\"article\" \/>\n<meta property=\"og:title\" content=\"Governo do Estado convoca 1.085 aprovados em concursos das pol\u00edcias em Pernambuco - Serra FM 87,9\" \/>\n<meta property=\"og:description\" content=\"Dois dias ap\u00f3s anunciar e depois desistir da convoca\u00e7\u00e3o, o governador Paulo C\u00e2mara (PSB) finalmente homologou, nesta sexta-feira (14), o ato que autoriza o in\u00edcio dos cursos de forma\u00e7\u00e3o dos aprovados nos concursos para a seguran\u00e7a p\u00fablica de Pernambuco. Os 1.085 convocados ir\u00e3o refor\u00e7ar os quadros da Pol\u00edcia Civil, Pol\u00edcia Militar, Pol\u00edcia Cient\u00edfica e do Corpo de Bombeiros de Pernambuco (CBMPE). Na manh\u00e3 da \u00faltima quarta-feira (12), o governo do Estado havia anunciado a autoriza\u00e7\u00e3o da convoca\u00e7\u00e3o, no entanto, poucas horas depois, voltou atr\u00e1s da decis\u00e3o. De acordo com o governo, a inten\u00e7\u00e3o \u00e9 que os cursos de forma\u00e7\u00e3o comecem [&hellip;]\" \/>\n<meta property=\"og:url\" content=\"https:\/\/serrafm879.com.br\/serrafm\/2021\/05\/governo-do-estado-convoca-1-085-aprovados-em-concursos-das-policias-em-pernambuco\/\" \/>\n<meta property=\"og:site_name\" content=\"Serra FM 87,9\" \/>\n<meta property=\"article:published_time\" content=\"2021-05-15T11:51:40+00:00\" \/>\n<meta property=\"og:image\" content=\"https:\/\/serrafm879.com.br\/serrafm\/wp-content\/uploads\/2021\/03\/serrafm.jpg\" \/>\n\t<meta property=\"og:image:width\" content=\"800\" \/>\n\t<meta property=\"og:image:height\" content=\"400\" \/>\n\t<meta property=\"og:image:type\" content=\"image\/jpeg\" \/>\n<meta name=\"author\" content=\"serrafm87\" \/>\n<meta name=\"twitter:card\" content=\"summary_large_image\" \/>\n<meta name=\"twitter:label1\" content=\"Escrito por\" \/>\n\t<meta name=\"twitter:data1\" content=\"serrafm87\" \/>\n\t<meta name=\"twitter:label2\" content=\"Est. tempo de leitura\" \/>\n\t<meta name=\"twitter:data2\" content=\"3 minutos\" \/>\n<script type=\"application\/ld+json\" class=\"yoast-schema-graph\">{\"@context\":\"https:\/\/schema.org\",\"@graph\":[{\"@type\":\"WebPage\",\"@id\":\"https:\/\/serrafm879.com.br\/serrafm\/2021\/05\/governo-do-estado-convoca-1-085-aprovados-em-concursos-das-policias-em-pernambuco\/\",\"url\":\"https:\/\/serrafm879.com.br\/serrafm\/2021\/05\/governo-do-estado-convoca-1-085-aprovados-em-concursos-das-policias-em-pernambuco\/\",\"name\":\"Governo do Estado convoca 1.085 aprovados em concursos das pol\u00edcias em Pernambuco - Serra FM 87,9\",\"isPartOf\":{\"@id\":\"https:\/\/serrafm879.com.br\/serrafm\/#website\"},\"primaryImageOfPage\":{\"@id\":\"https:\/\/serrafm879.com.br\/serrafm\/2021\/05\/governo-do-estado-convoca-1-085-aprovados-em-concursos-das-policias-em-pernambuco\/#primaryimage\"},\"image\":{\"@id\":\"https:\/\/serrafm879.com.br\/serrafm\/2021\/05\/governo-do-estado-convoca-1-085-aprovados-em-concursos-das-policias-em-pernambuco\/#primaryimage\"},\"thumbnailUrl\":\"https:\/\/serrafm879.com.br\/serrafm\/wp-content\/uploads\/2021\/03\/serrafm.jpg\",\"datePublished\":\"2021-05-15T11:51:40+00:00\",\"author\":{\"@id\":\"https:\/\/serrafm879.com.br\/serrafm\/#\/schema\/person\/c028a197030ff8b1c03c68dfba4a787a\"},\"breadcrumb\":{\"@id\":\"https:\/\/serrafm879.com.br\/serrafm\/2021\/05\/governo-do-estado-convoca-1-085-aprovados-em-concursos-das-policias-em-pernambuco\/#breadcrumb\"},\"inLanguage\":\"pt-BR\",\"potentialAction\":[{\"@type\":\"ReadAction\",\"target\":[\"https:\/\/serrafm879.com.br\/serrafm\/2021\/05\/governo-do-estado-convoca-1-085-aprovados-em-concursos-das-policias-em-pernambuco\/\"]}]},{\"@type\":\"ImageObject\",\"inLanguage\":\"pt-BR\",\"@id\":\"https:\/\/serrafm879.com.br\/serrafm\/2021\/05\/governo-do-estado-convoca-1-085-aprovados-em-concursos-das-policias-em-pernambuco\/#primaryimage\",\"url\":\"https:\/\/serrafm879.com.br\/serrafm\/wp-content\/uploads\/2021\/03\/serrafm.jpg\",\"contentUrl\":\"https:\/\/serrafm879.com.br\/serrafm\/wp-content\/uploads\/2021\/03\/serrafm.jpg\",\"width\":800,\"height\":400},{\"@type\":\"BreadcrumbList\",\"@id\":\"https:\/\/serrafm879.com.br\/serrafm\/2021\/05\/governo-do-estado-convoca-1-085-aprovados-em-concursos-das-policias-em-pernambuco\/#breadcrumb\",\"itemListElement\":[{\"@type\":\"ListItem\",\"position\":1,\"name\":\"In\u00edcio\",\"item\":\"https:\/\/serrafm879.com.br\/serrafm\/\"},{\"@type\":\"ListItem\",\"position\":2,\"name\":\"Governo do Estado convoca 1.085 aprovados em concursos das pol\u00edcias em Pernambuco\"}]},{\"@type\":\"WebSite\",\"@id\":\"https:\/\/serrafm879.com.br\/serrafm\/#website\",\"url\":\"https:\/\/serrafm879.com.br\/serrafm\/\",\"name\":\"Serra FM 87,9\",\"description\":\"O seu novo amor!\",\"potentialAction\":[{\"@type\":\"SearchAction\",\"target\":{\"@type\":\"EntryPoint\",\"urlTemplate\":\"https:\/\/serrafm879.com.br\/serrafm\/?s={search_term_string}\"},\"query-input\":{\"@type\":\"PropertyValueSpecification\",\"valueRequired\":true,\"valueName\":\"search_term_string\"}}],\"inLanguage\":\"pt-BR\"},{\"@type\":\"Person\",\"@id\":\"https:\/\/serrafm879.com.br\/serrafm\/#\/schema\/person\/c028a197030ff8b1c03c68dfba4a787a\",\"name\":\"serrafm87\",\"image\":{\"@type\":\"ImageObject\",\"inLanguage\":\"pt-BR\",\"@id\":\"https:\/\/serrafm879.com.br\/serrafm\/#\/schema\/person\/image\/\",\"url\":\"https:\/\/secure.gravatar.com\/avatar\/a743233f1112d34f48bb3dc9559b76eb930bab8b27175856cba6362608736235?s=96&d=mm&r=g\",\"contentUrl\":\"https:\/\/secure.gravatar.com\/avatar\/a743233f1112d34f48bb3dc9559b76eb930bab8b27175856cba6362608736235?s=96&d=mm&r=g\",\"caption\":\"serrafm87\"},\"sameAs\":[\"http:\/\/serrafm879.com.br\/\"],\"url\":\"https:\/\/serrafm879.com.br\/serrafm\/author\/serrafm87\/\"}]}<\/script>\n<!-- \/ Yoast SEO plugin. -->","yoast_head_json":{"title":"Governo do Estado convoca 1.085 aprovados em concursos das pol\u00edcias em Pernambuco - Serra FM 87,9","robots":{"index":"index","follow":"follow","max-snippet":"max-snippet:-1","max-image-preview":"max-image-preview:large","max-video-preview":"max-video-preview:-1"},"canonical":"https:\/\/serrafm879.com.br\/serrafm\/2021\/05\/governo-do-estado-convoca-1-085-aprovados-em-concursos-das-policias-em-pernambuco\/","og_locale":"pt_BR","og_type":"article","og_title":"Governo do Estado convoca 1.085 aprovados em concursos das pol\u00edcias em Pernambuco - Serra FM 87,9","og_description":"Dois dias ap\u00f3s anunciar e depois desistir da convoca\u00e7\u00e3o, o governador Paulo C\u00e2mara (PSB) finalmente homologou, nesta sexta-feira (14), o ato que autoriza o in\u00edcio dos cursos de forma\u00e7\u00e3o dos aprovados nos concursos para a seguran\u00e7a p\u00fablica de Pernambuco. Os 1.085 convocados ir\u00e3o refor\u00e7ar os quadros da Pol\u00edcia Civil, Pol\u00edcia Militar, Pol\u00edcia Cient\u00edfica e do Corpo de Bombeiros de Pernambuco (CBMPE). Na manh\u00e3 da \u00faltima quarta-feira (12), o governo do Estado havia anunciado a autoriza\u00e7\u00e3o da convoca\u00e7\u00e3o, no entanto, poucas horas depois, voltou atr\u00e1s da decis\u00e3o. De acordo com o governo, a inten\u00e7\u00e3o \u00e9 que os cursos de forma\u00e7\u00e3o comecem [&hellip;]","og_url":"https:\/\/serrafm879.com.br\/serrafm\/2021\/05\/governo-do-estado-convoca-1-085-aprovados-em-concursos-das-policias-em-pernambuco\/","og_site_name":"Serra FM 87,9","article_published_time":"2021-05-15T11:51:40+00:00","og_image":[{"width":800,"height":400,"url":"https:\/\/serrafm879.com.br\/serrafm\/wp-content\/uploads\/2021\/03\/serrafm.jpg","type":"image\/jpeg"}],"author":"serrafm87","twitter_card":"summary_large_image","twitter_misc":{"Escrito por":"serrafm87","Est. tempo de leitura":"3 minutos"},"schema":{"@context":"https:\/\/schema.org","@graph":[{"@type":"WebPage","@id":"https:\/\/serrafm879.com.br\/serrafm\/2021\/05\/governo-do-estado-convoca-1-085-aprovados-em-concursos-das-policias-em-pernambuco\/","url":"https:\/\/serrafm879.com.br\/serrafm\/2021\/05\/governo-do-estado-convoca-1-085-aprovados-em-concursos-das-policias-em-pernambuco\/","name":"Governo do Estado convoca 1.085 aprovados em concursos das pol\u00edcias em Pernambuco - Serra FM 87,9","isPartOf":{"@id":"https:\/\/serrafm879.com.br\/serrafm\/#website"},"primaryImageOfPage":{"@id":"https:\/\/serrafm879.com.br\/serrafm\/2021\/05\/governo-do-estado-convoca-1-085-aprovados-em-concursos-das-policias-em-pernambuco\/#primaryimage"},"image":{"@id":"https:\/\/serrafm879.com.br\/serrafm\/2021\/05\/governo-do-estado-convoca-1-085-aprovados-em-concursos-das-policias-em-pernambuco\/#primaryimage"},"thumbnailUrl":"https:\/\/serrafm879.com.br\/serrafm\/wp-content\/uploads\/2021\/03\/serrafm.jpg","datePublished":"2021-05-15T11:51:40+00:00","author":{"@id":"https:\/\/serrafm879.com.br\/serrafm\/#\/schema\/person\/c028a197030ff8b1c03c68dfba4a787a"},"breadcrumb":{"@id":"https:\/\/serrafm879.com.br\/serrafm\/2021\/05\/governo-do-estado-convoca-1-085-aprovados-em-concursos-das-policias-em-pernambuco\/#breadcrumb"},"inLanguage":"pt-BR","potentialAction":[{"@type":"ReadAction","target":["https:\/\/serrafm879.com.br\/serrafm\/2021\/05\/governo-do-estado-convoca-1-085-aprovados-em-concursos-das-policias-em-pernambuco\/"]}]},{"@type":"ImageObject","inLanguage":"pt-BR","@id":"https:\/\/serrafm879.com.br\/serrafm\/2021\/05\/governo-do-estado-convoca-1-085-aprovados-em-concursos-das-policias-em-pernambuco\/#primaryimage","url":"https:\/\/serrafm879.com.br\/serrafm\/wp-content\/uploads\/2021\/03\/serrafm.jpg","contentUrl":"https:\/\/serrafm879.com.br\/serrafm\/wp-content\/uploads\/2021\/03\/serrafm.jpg","width":800,"height":400},{"@type":"BreadcrumbList","@id":"https:\/\/serrafm879.com.br\/serrafm\/2021\/05\/governo-do-estado-convoca-1-085-aprovados-em-concursos-das-policias-em-pernambuco\/#breadcrumb","itemListElement":[{"@type":"ListItem","position":1,"name":"In\u00edcio","item":"https:\/\/serrafm879.com.br\/serrafm\/"},{"@type":"ListItem","position":2,"name":"Governo do Estado convoca 1.085 aprovados em concursos das pol\u00edcias em Pernambuco"}]},{"@type":"WebSite","@id":"https:\/\/serrafm879.com.br\/serrafm\/#website","url":"https:\/\/serrafm879.com.br\/serrafm\/","name":"Serra FM 87,9","description":"O seu novo amor!","potentialAction":[{"@type":"SearchAction","target":{"@type":"EntryPoint","urlTemplate":"https:\/\/serrafm879.com.br\/serrafm\/?s={search_term_string}"},"query-input":{"@type":"PropertyValueSpecification","valueRequired":true,"valueName":"search_term_string"}}],"inLanguage":"pt-BR"},{"@type":"Person","@id":"https:\/\/serrafm879.com.br\/serrafm\/#\/schema\/person\/c028a197030ff8b1c03c68dfba4a787a","name":"serrafm87","image":{"@type":"ImageObject","inLanguage":"pt-BR","@id":"https:\/\/serrafm879.com.br\/serrafm\/#\/schema\/person\/image\/","url":"https:\/\/secure.gravatar.com\/avatar\/a743233f1112d34f48bb3dc9559b76eb930bab8b27175856cba6362608736235?s=96&d=mm&r=g","contentUrl":"https:\/\/secure.gravatar.com\/avatar\/a743233f1112d34f48bb3dc9559b76eb930bab8b27175856cba6362608736235?s=96&d=mm&r=g","caption":"serrafm87"},"sameAs":["http:\/\/serrafm879.com.br\/"],"url":"https:\/\/serrafm879.com.br\/serrafm\/author\/serrafm87\/"}]}},"jetpack_featured_media_url":"https:\/\/serrafm879.com.br\/serrafm\/wp-content\/uploads\/2021\/03\/serrafm.jpg","jetpack_shortlink":"https:\/\/wp.me\/p7HyXg-1xb","jetpack_sharing_enabled":true,"_links":{"self":[{"href":"https:\/\/serrafm879.com.br\/serrafm\/wp-json\/wp\/v2\/posts\/5901","targetHints":{"allow":["GET"]}}],"collection":[{"href":"https:\/\/serrafm879.com.br\/serrafm\/wp-json\/wp\/v2\/posts"}],"about":[{"href":"https:\/\/serrafm879.com.br\/serrafm\/wp-json\/wp\/v2\/types\/post"}],"author":[{"embeddable":true,"href":"https:\/\/serrafm879.com.br\/serrafm\/wp-json\/wp\/v2\/users\/2"}],"replies":[{"embeddable":true,"href":"https:\/\/serrafm879.com.br\/serrafm\/wp-json\/wp\/v2\/comments?post=5901"}],"version-history":[{"count":1,"href":"https:\/\/serrafm879.com.br\/serrafm\/wp-json\/wp\/v2\/posts\/5901\/revisions"}],"predecessor-version":[{"id":5902,"href":"https:\/\/serrafm879.com.br\/serrafm\/wp-json\/wp\/v2\/posts\/5901\/revisions\/5902"}],"wp:featuredmedia":[{"embeddable":true,"href":"https:\/\/serrafm879.com.br\/serrafm\/wp-json\/wp\/v2\/media\/5167"}],"wp:attachment":[{"href":"https:\/\/serrafm879.com.br\/serrafm\/wp-json\/wp\/v2\/media?parent=5901"}],"wp:term":[{"taxonomy":"category","embeddable":true,"href":"https:\/\/serrafm879.com.br\/serrafm\/wp-json\/wp\/v2\/categories?post=5901"},{"taxonomy":"post_tag","embeddable":true,"href":"https:\/\/serrafm879.com.br\/serrafm\/wp-json\/wp\/v2\/tags?post=5901"}],"curies":[{"name":"wp","href":"https:\/\/api.w.org\/{rel}","templated":true}]}}