{"id":5907,"date":"2021-05-15T08:55:31","date_gmt":"2021-05-15T11:55:31","guid":{"rendered":"https:\/?p=5907"},"modified":"2021-05-15T08:55:31","modified_gmt":"2021-05-15T11:55:31","slug":"marcia-conrado-promove-cafe-da-manha-especial-para-homenagear-os-garis-de-serra-talhada","status":"publish","type":"post","link":"https:\/\/serrafm879.com.br\/serrafm\/2021\/05\/marcia-conrado-promove-cafe-da-manha-especial-para-homenagear-os-garis-de-serra-talhada\/","title":{"rendered":"M\u00e1rcia Conrado promove caf\u00e9 da manh\u00e3 especial para homenagear os garis de Serra Talhada"},"content":{"rendered":"<p>O Dia do Gari \u00e9 comemorado anualmente em 16 de maio, em todo o Brasil. E para festejar a data, que ser\u00e1 neste domingo, a Prefeitura de Serra Talhada promoveu nesta sexta-feira (14) um caf\u00e9 da manh\u00e3 especial para todos os garis do munic\u00edpio, na Secretaria de Servi\u00e7os P\u00fablicos.<\/p>\n<p>A homenagem foi uma idealiza\u00e7\u00e3o do Gabinete da prefeita M\u00e1rcia Conrado, juntamente com a Secretaria Executiva de Comunica\u00e7\u00e3o e Secretaria de Servi\u00e7os P\u00fablicos, proporcionando uma manh\u00e3 especial para os trabalhadores da limpeza p\u00fablica, com caf\u00e9 da manh\u00e3 e entrega de presentes a todos os garis, totalizando cerca de 120 pr\u00eamios doados por amigos, parceiros, servidores e empres\u00e1rios locais.<\/p>\n<p>\u201cFoi um dia muito especial para n\u00f3s, onde pudemos comemorar o dia do gari e agradecer a todos por todo o servi\u00e7o prestado \u00e0 nossa popula\u00e7\u00e3o. Al\u00e9m do caf\u00e9 da manh\u00e3 servido individualmente, seguindo os protocolos de higieniza\u00e7\u00e3o, tivemos sorteio de pr\u00eamios para todos eles. Aproveito para parabenizar esses profissionais, que s\u00e3o fundamentais para o bem-estar e desenvolvimento de nossa cidade, e para agradecer a todos os amigos, parceiros e comerciantes que contribu\u00edram com o evento\u201d, disse a prefeita M\u00e1rcia Conrado.<\/p>\n<p><img loading=\"lazy\" decoding=\"async\" data-attachment-id=\"5909\" data-permalink=\"https:\/\/serrafm879.com.br\/serrafm\/2021\/05\/marcia-conrado-promove-cafe-da-manha-especial-para-homenagear-os-garis-de-serra-talhada\/whatsapp-image-2021-05-15-at-08-42-06\/\" data-orig-file=\"https:\/\/serrafm879.com.br\/serrafm\/wp-content\/uploads\/2021\/05\/WhatsApp-Image-2021-05-15-at-08.42.06.jpeg\" data-orig-size=\"1280,852\" data-comments-opened=\"1\" data-image-meta=\"{&quot;aperture&quot;:&quot;0&quot;,&quot;credit&quot;:&quot;&quot;,&quot;camera&quot;:&quot;&quot;,&quot;caption&quot;:&quot;&quot;,&quot;created_timestamp&quot;:&quot;0&quot;,&quot;copyright&quot;:&quot;&quot;,&quot;focal_length&quot;:&quot;0&quot;,&quot;iso&quot;:&quot;0&quot;,&quot;shutter_speed&quot;:&quot;0&quot;,&quot;title&quot;:&quot;&quot;,&quot;orientation&quot;:&quot;0&quot;}\" data-image-title=\"WhatsApp Image 2021-05-15 at 08.42.06\" data-image-description=\"\" data-image-caption=\"\" data-medium-file=\"https:\/\/serrafm879.com.br\/serrafm\/wp-content\/uploads\/2021\/05\/WhatsApp-Image-2021-05-15-at-08.42.06-300x200.jpeg\" data-large-file=\"https:\/\/serrafm879.com.br\/serrafm\/wp-content\/uploads\/2021\/05\/WhatsApp-Image-2021-05-15-at-08.42.06-1024x682.jpeg\" class=\"alignleft size-medium wp-image-5909\" src=\"http:\/\/serrafm879.com.br\/wp-content\/uploads\/2021\/05\/WhatsApp-Image-2021-05-15-at-08.42.06-300x200.jpeg\" alt=\"\" width=\"300\" height=\"200\" srcset=\"https:\/\/serrafm879.com.br\/serrafm\/wp-content\/uploads\/2021\/05\/WhatsApp-Image-2021-05-15-at-08.42.06-300x200.jpeg 300w, https:\/\/serrafm879.com.br\/serrafm\/wp-content\/uploads\/2021\/05\/WhatsApp-Image-2021-05-15-at-08.42.06-1024x682.jpeg 1024w, https:\/\/serrafm879.com.br\/serrafm\/wp-content\/uploads\/2021\/05\/WhatsApp-Image-2021-05-15-at-08.42.06-768x511.jpeg 768w, https:\/\/serrafm879.com.br\/serrafm\/wp-content\/uploads\/2021\/05\/WhatsApp-Image-2021-05-15-at-08.42.06.jpeg 1280w\" sizes=\"auto, (max-width: 300px) 100vw, 300px\" \/><\/p>\n<p>Al\u00e9m da prefeita Marcia Conrado, o evento contou com a presen\u00e7a do vice-prefeito M\u00e1rcio Oliveira; do deputado federal, Fernando Monteiro; do secret\u00e1rio de Meio Ambiente, Sin\u00e9zio Rodrigues; da secret\u00e1ria de Assist\u00eancia Social, Karina Rodrigues; do secret\u00e1rio de Servi\u00e7os P\u00fablicos, Nildo Pereira; do presidente da C\u00e2mara de Vereadores, Ronaldo de Dja; e dos vereadores Z\u00e9 Raimundo e Ant\u00f4nio da Melancia; entre outros participantes.<\/p>\n","protected":false},"excerpt":{"rendered":"<p>O Dia do Gari \u00e9 comemorado anualmente em 16 de maio, em todo o Brasil. E para festejar a data, que ser\u00e1 neste domingo, a Prefeitura de Serra Talhada promoveu nesta sexta-feira (14) um caf\u00e9 da manh\u00e3 especial para todos os garis do munic\u00edpio, na Secretaria de Servi\u00e7os P\u00fablicos. A homenagem foi uma idealiza\u00e7\u00e3o do Gabinete da prefeita M\u00e1rcia Conrado, juntamente com a Secretaria Executiva de Comunica\u00e7\u00e3o e Secretaria de Servi\u00e7os P\u00fablicos, proporcionando uma manh\u00e3 especial para os trabalhadores da limpeza p\u00fablica, com caf\u00e9 da manh\u00e3 e entrega de presentes a todos os garis, totalizando cerca de 120 pr\u00eamios doados [&hellip;]<\/p>\n","protected":false},"author":2,"featured_media":5908,"comment_status":"open","ping_status":"open","sticky":false,"template":"","format":"standard","meta":{"_jetpack_memberships_contains_paid_content":false,"footnotes":"","jetpack_publicize_message":"","jetpack_publicize_feature_enabled":true,"jetpack_social_post_already_shared":true,"jetpack_social_options":{"image_generator_settings":{"template":"highway","enabled":false},"version":2}},"categories":[2],"tags":[],"class_list":["post-5907","post","type-post","status-publish","format-standard","has-post-thumbnail","hentry","category-noticias"],"jetpack_publicize_connections":[],"yoast_head":"<!-- This site is optimized with the Yoast SEO plugin v24.7 - https:\/\/yoast.com\/wordpress\/plugins\/seo\/ -->\n<title>M\u00e1rcia Conrado promove caf\u00e9 da manh\u00e3 especial para homenagear os garis de Serra Talhada - Serra FM 87,9<\/title>\n<meta name=\"robots\" content=\"index, follow, max-snippet:-1, max-image-preview:large, max-video-preview:-1\" \/>\n<link rel=\"canonical\" href=\"https:\/\/serrafm879.com.br\/serrafm\/2021\/05\/marcia-conrado-promove-cafe-da-manha-especial-para-homenagear-os-garis-de-serra-talhada\/\" \/>\n<meta property=\"og:locale\" content=\"pt_BR\" \/>\n<meta property=\"og:type\" content=\"article\" \/>\n<meta property=\"og:title\" content=\"M\u00e1rcia Conrado promove caf\u00e9 da manh\u00e3 especial para homenagear os garis de Serra Talhada - Serra FM 87,9\" \/>\n<meta property=\"og:description\" content=\"O Dia do Gari \u00e9 comemorado anualmente em 16 de maio, em todo o Brasil. E para festejar a data, que ser\u00e1 neste domingo, a Prefeitura de Serra Talhada promoveu nesta sexta-feira (14) um caf\u00e9 da manh\u00e3 especial para todos os garis do munic\u00edpio, na Secretaria de Servi\u00e7os P\u00fablicos. A homenagem foi uma idealiza\u00e7\u00e3o do Gabinete da prefeita M\u00e1rcia Conrado, juntamente com a Secretaria Executiva de Comunica\u00e7\u00e3o e Secretaria de Servi\u00e7os P\u00fablicos, proporcionando uma manh\u00e3 especial para os trabalhadores da limpeza p\u00fablica, com caf\u00e9 da manh\u00e3 e entrega de presentes a todos os garis, totalizando cerca de 120 pr\u00eamios doados [&hellip;]\" \/>\n<meta property=\"og:url\" content=\"https:\/\/serrafm879.com.br\/serrafm\/2021\/05\/marcia-conrado-promove-cafe-da-manha-especial-para-homenagear-os-garis-de-serra-talhada\/\" \/>\n<meta property=\"og:site_name\" content=\"Serra FM 87,9\" \/>\n<meta property=\"article:published_time\" content=\"2021-05-15T11:55:31+00:00\" \/>\n<meta property=\"og:image\" content=\"https:\/\/serrafm879.com.br\/serrafm\/wp-content\/uploads\/2021\/05\/WhatsApp-Image-2021-05-15-at-08.42.07.jpeg\" \/>\n\t<meta property=\"og:image:width\" content=\"1280\" \/>\n\t<meta property=\"og:image:height\" content=\"852\" \/>\n\t<meta property=\"og:image:type\" content=\"image\/jpeg\" \/>\n<meta name=\"author\" content=\"serrafm87\" \/>\n<meta name=\"twitter:card\" content=\"summary_large_image\" \/>\n<meta name=\"twitter:label1\" content=\"Escrito por\" \/>\n\t<meta name=\"twitter:data1\" content=\"serrafm87\" \/>\n\t<meta name=\"twitter:label2\" content=\"Est. tempo de leitura\" \/>\n\t<meta name=\"twitter:data2\" content=\"1 minuto\" \/>\n<script type=\"application\/ld+json\" class=\"yoast-schema-graph\">{\"@context\":\"https:\/\/schema.org\",\"@graph\":[{\"@type\":\"WebPage\",\"@id\":\"https:\/\/serrafm879.com.br\/serrafm\/2021\/05\/marcia-conrado-promove-cafe-da-manha-especial-para-homenagear-os-garis-de-serra-talhada\/\",\"url\":\"https:\/\/serrafm879.com.br\/serrafm\/2021\/05\/marcia-conrado-promove-cafe-da-manha-especial-para-homenagear-os-garis-de-serra-talhada\/\",\"name\":\"M\u00e1rcia Conrado promove caf\u00e9 da manh\u00e3 especial para homenagear os garis de Serra Talhada - Serra FM 87,9\",\"isPartOf\":{\"@id\":\"https:\/\/serrafm879.com.br\/serrafm\/#website\"},\"primaryImageOfPage\":{\"@id\":\"https:\/\/serrafm879.com.br\/serrafm\/2021\/05\/marcia-conrado-promove-cafe-da-manha-especial-para-homenagear-os-garis-de-serra-talhada\/#primaryimage\"},\"image\":{\"@id\":\"https:\/\/serrafm879.com.br\/serrafm\/2021\/05\/marcia-conrado-promove-cafe-da-manha-especial-para-homenagear-os-garis-de-serra-talhada\/#primaryimage\"},\"thumbnailUrl\":\"https:\/\/serrafm879.com.br\/serrafm\/wp-content\/uploads\/2021\/05\/WhatsApp-Image-2021-05-15-at-08.42.07.jpeg\",\"datePublished\":\"2021-05-15T11:55:31+00:00\",\"author\":{\"@id\":\"https:\/\/serrafm879.com.br\/serrafm\/#\/schema\/person\/c028a197030ff8b1c03c68dfba4a787a\"},\"breadcrumb\":{\"@id\":\"https:\/\/serrafm879.com.br\/serrafm\/2021\/05\/marcia-conrado-promove-cafe-da-manha-especial-para-homenagear-os-garis-de-serra-talhada\/#breadcrumb\"},\"inLanguage\":\"pt-BR\",\"potentialAction\":[{\"@type\":\"ReadAction\",\"target\":[\"https:\/\/serrafm879.com.br\/serrafm\/2021\/05\/marcia-conrado-promove-cafe-da-manha-especial-para-homenagear-os-garis-de-serra-talhada\/\"]}]},{\"@type\":\"ImageObject\",\"inLanguage\":\"pt-BR\",\"@id\":\"https:\/\/serrafm879.com.br\/serrafm\/2021\/05\/marcia-conrado-promove-cafe-da-manha-especial-para-homenagear-os-garis-de-serra-talhada\/#primaryimage\",\"url\":\"https:\/\/serrafm879.com.br\/serrafm\/wp-content\/uploads\/2021\/05\/WhatsApp-Image-2021-05-15-at-08.42.07.jpeg\",\"contentUrl\":\"https:\/\/serrafm879.com.br\/serrafm\/wp-content\/uploads\/2021\/05\/WhatsApp-Image-2021-05-15-at-08.42.07.jpeg\",\"width\":1280,\"height\":852},{\"@type\":\"BreadcrumbList\",\"@id\":\"https:\/\/serrafm879.com.br\/serrafm\/2021\/05\/marcia-conrado-promove-cafe-da-manha-especial-para-homenagear-os-garis-de-serra-talhada\/#breadcrumb\",\"itemListElement\":[{\"@type\":\"ListItem\",\"position\":1,\"name\":\"In\u00edcio\",\"item\":\"https:\/\/serrafm879.com.br\/serrafm\/\"},{\"@type\":\"ListItem\",\"position\":2,\"name\":\"M\u00e1rcia Conrado promove caf\u00e9 da manh\u00e3 especial para homenagear os garis de Serra Talhada\"}]},{\"@type\":\"WebSite\",\"@id\":\"https:\/\/serrafm879.com.br\/serrafm\/#website\",\"url\":\"https:\/\/serrafm879.com.br\/serrafm\/\",\"name\":\"Serra FM 87,9\",\"description\":\"O seu novo amor!\",\"potentialAction\":[{\"@type\":\"SearchAction\",\"target\":{\"@type\":\"EntryPoint\",\"urlTemplate\":\"https:\/\/serrafm879.com.br\/serrafm\/?s={search_term_string}\"},\"query-input\":{\"@type\":\"PropertyValueSpecification\",\"valueRequired\":true,\"valueName\":\"search_term_string\"}}],\"inLanguage\":\"pt-BR\"},{\"@type\":\"Person\",\"@id\":\"https:\/\/serrafm879.com.br\/serrafm\/#\/schema\/person\/c028a197030ff8b1c03c68dfba4a787a\",\"name\":\"serrafm87\",\"image\":{\"@type\":\"ImageObject\",\"inLanguage\":\"pt-BR\",\"@id\":\"https:\/\/serrafm879.com.br\/serrafm\/#\/schema\/person\/image\/\",\"url\":\"https:\/\/secure.gravatar.com\/avatar\/a743233f1112d34f48bb3dc9559b76eb930bab8b27175856cba6362608736235?s=96&d=mm&r=g\",\"contentUrl\":\"https:\/\/secure.gravatar.com\/avatar\/a743233f1112d34f48bb3dc9559b76eb930bab8b27175856cba6362608736235?s=96&d=mm&r=g\",\"caption\":\"serrafm87\"},\"sameAs\":[\"http:\/\/serrafm879.com.br\/\"],\"url\":\"https:\/\/serrafm879.com.br\/serrafm\/author\/serrafm87\/\"}]}<\/script>\n<!-- \/ Yoast SEO plugin. -->","yoast_head_json":{"title":"M\u00e1rcia Conrado promove caf\u00e9 da manh\u00e3 especial para homenagear os garis de Serra Talhada - Serra FM 87,9","robots":{"index":"index","follow":"follow","max-snippet":"max-snippet:-1","max-image-preview":"max-image-preview:large","max-video-preview":"max-video-preview:-1"},"canonical":"https:\/\/serrafm879.com.br\/serrafm\/2021\/05\/marcia-conrado-promove-cafe-da-manha-especial-para-homenagear-os-garis-de-serra-talhada\/","og_locale":"pt_BR","og_type":"article","og_title":"M\u00e1rcia Conrado promove caf\u00e9 da manh\u00e3 especial para homenagear os garis de Serra Talhada - Serra FM 87,9","og_description":"O Dia do Gari \u00e9 comemorado anualmente em 16 de maio, em todo o Brasil. E para festejar a data, que ser\u00e1 neste domingo, a Prefeitura de Serra Talhada promoveu nesta sexta-feira (14) um caf\u00e9 da manh\u00e3 especial para todos os garis do munic\u00edpio, na Secretaria de Servi\u00e7os P\u00fablicos. A homenagem foi uma idealiza\u00e7\u00e3o do Gabinete da prefeita M\u00e1rcia Conrado, juntamente com a Secretaria Executiva de Comunica\u00e7\u00e3o e Secretaria de Servi\u00e7os P\u00fablicos, proporcionando uma manh\u00e3 especial para os trabalhadores da limpeza p\u00fablica, com caf\u00e9 da manh\u00e3 e entrega de presentes a todos os garis, totalizando cerca de 120 pr\u00eamios doados [&hellip;]","og_url":"https:\/\/serrafm879.com.br\/serrafm\/2021\/05\/marcia-conrado-promove-cafe-da-manha-especial-para-homenagear-os-garis-de-serra-talhada\/","og_site_name":"Serra FM 87,9","article_published_time":"2021-05-15T11:55:31+00:00","og_image":[{"width":1280,"height":852,"url":"https:\/\/serrafm879.com.br\/serrafm\/wp-content\/uploads\/2021\/05\/WhatsApp-Image-2021-05-15-at-08.42.07.jpeg","type":"image\/jpeg"}],"author":"serrafm87","twitter_card":"summary_large_image","twitter_misc":{"Escrito por":"serrafm87","Est. tempo de leitura":"1 minuto"},"schema":{"@context":"https:\/\/schema.org","@graph":[{"@type":"WebPage","@id":"https:\/\/serrafm879.com.br\/serrafm\/2021\/05\/marcia-conrado-promove-cafe-da-manha-especial-para-homenagear-os-garis-de-serra-talhada\/","url":"https:\/\/serrafm879.com.br\/serrafm\/2021\/05\/marcia-conrado-promove-cafe-da-manha-especial-para-homenagear-os-garis-de-serra-talhada\/","name":"M\u00e1rcia Conrado promove caf\u00e9 da manh\u00e3 especial para homenagear os garis de Serra Talhada - Serra FM 87,9","isPartOf":{"@id":"https:\/\/serrafm879.com.br\/serrafm\/#website"},"primaryImageOfPage":{"@id":"https:\/\/serrafm879.com.br\/serrafm\/2021\/05\/marcia-conrado-promove-cafe-da-manha-especial-para-homenagear-os-garis-de-serra-talhada\/#primaryimage"},"image":{"@id":"https:\/\/serrafm879.com.br\/serrafm\/2021\/05\/marcia-conrado-promove-cafe-da-manha-especial-para-homenagear-os-garis-de-serra-talhada\/#primaryimage"},"thumbnailUrl":"https:\/\/serrafm879.com.br\/serrafm\/wp-content\/uploads\/2021\/05\/WhatsApp-Image-2021-05-15-at-08.42.07.jpeg","datePublished":"2021-05-15T11:55:31+00:00","author":{"@id":"https:\/\/serrafm879.com.br\/serrafm\/#\/schema\/person\/c028a197030ff8b1c03c68dfba4a787a"},"breadcrumb":{"@id":"https:\/\/serrafm879.com.br\/serrafm\/2021\/05\/marcia-conrado-promove-cafe-da-manha-especial-para-homenagear-os-garis-de-serra-talhada\/#breadcrumb"},"inLanguage":"pt-BR","potentialAction":[{"@type":"ReadAction","target":["https:\/\/serrafm879.com.br\/serrafm\/2021\/05\/marcia-conrado-promove-cafe-da-manha-especial-para-homenagear-os-garis-de-serra-talhada\/"]}]},{"@type":"ImageObject","inLanguage":"pt-BR","@id":"https:\/\/serrafm879.com.br\/serrafm\/2021\/05\/marcia-conrado-promove-cafe-da-manha-especial-para-homenagear-os-garis-de-serra-talhada\/#primaryimage","url":"https:\/\/serrafm879.com.br\/serrafm\/wp-content\/uploads\/2021\/05\/WhatsApp-Image-2021-05-15-at-08.42.07.jpeg","contentUrl":"https:\/\/serrafm879.com.br\/serrafm\/wp-content\/uploads\/2021\/05\/WhatsApp-Image-2021-05-15-at-08.42.07.jpeg","width":1280,"height":852},{"@type":"BreadcrumbList","@id":"https:\/\/serrafm879.com.br\/serrafm\/2021\/05\/marcia-conrado-promove-cafe-da-manha-especial-para-homenagear-os-garis-de-serra-talhada\/#breadcrumb","itemListElement":[{"@type":"ListItem","position":1,"name":"In\u00edcio","item":"https:\/\/serrafm879.com.br\/serrafm\/"},{"@type":"ListItem","position":2,"name":"M\u00e1rcia Conrado promove caf\u00e9 da manh\u00e3 especial para homenagear os garis de Serra Talhada"}]},{"@type":"WebSite","@id":"https:\/\/serrafm879.com.br\/serrafm\/#website","url":"https:\/\/serrafm879.com.br\/serrafm\/","name":"Serra FM 87,9","description":"O seu novo amor!","potentialAction":[{"@type":"SearchAction","target":{"@type":"EntryPoint","urlTemplate":"https:\/\/serrafm879.com.br\/serrafm\/?s={search_term_string}"},"query-input":{"@type":"PropertyValueSpecification","valueRequired":true,"valueName":"search_term_string"}}],"inLanguage":"pt-BR"},{"@type":"Person","@id":"https:\/\/serrafm879.com.br\/serrafm\/#\/schema\/person\/c028a197030ff8b1c03c68dfba4a787a","name":"serrafm87","image":{"@type":"ImageObject","inLanguage":"pt-BR","@id":"https:\/\/serrafm879.com.br\/serrafm\/#\/schema\/person\/image\/","url":"https:\/\/secure.gravatar.com\/avatar\/a743233f1112d34f48bb3dc9559b76eb930bab8b27175856cba6362608736235?s=96&d=mm&r=g","contentUrl":"https:\/\/secure.gravatar.com\/avatar\/a743233f1112d34f48bb3dc9559b76eb930bab8b27175856cba6362608736235?s=96&d=mm&r=g","caption":"serrafm87"},"sameAs":["http:\/\/serrafm879.com.br\/"],"url":"https:\/\/serrafm879.com.br\/serrafm\/author\/serrafm87\/"}]}},"jetpack_featured_media_url":"https:\/\/serrafm879.com.br\/serrafm\/wp-content\/uploads\/2021\/05\/WhatsApp-Image-2021-05-15-at-08.42.07.jpeg","jetpack_shortlink":"https:\/\/wp.me\/p7HyXg-1xh","jetpack_sharing_enabled":true,"_links":{"self":[{"href":"https:\/\/serrafm879.com.br\/serrafm\/wp-json\/wp\/v2\/posts\/5907","targetHints":{"allow":["GET"]}}],"collection":[{"href":"https:\/\/serrafm879.com.br\/serrafm\/wp-json\/wp\/v2\/posts"}],"about":[{"href":"https:\/\/serrafm879.com.br\/serrafm\/wp-json\/wp\/v2\/types\/post"}],"author":[{"embeddable":true,"href":"https:\/\/serrafm879.com.br\/serrafm\/wp-json\/wp\/v2\/users\/2"}],"replies":[{"embeddable":true,"href":"https:\/\/serrafm879.com.br\/serrafm\/wp-json\/wp\/v2\/comments?post=5907"}],"version-history":[{"count":1,"href":"https:\/\/serrafm879.com.br\/serrafm\/wp-json\/wp\/v2\/posts\/5907\/revisions"}],"predecessor-version":[{"id":5910,"href":"https:\/\/serrafm879.com.br\/serrafm\/wp-json\/wp\/v2\/posts\/5907\/revisions\/5910"}],"wp:featuredmedia":[{"embeddable":true,"href":"https:\/\/serrafm879.com.br\/serrafm\/wp-json\/wp\/v2\/media\/5908"}],"wp:attachment":[{"href":"https:\/\/serrafm879.com.br\/serrafm\/wp-json\/wp\/v2\/media?parent=5907"}],"wp:term":[{"taxonomy":"category","embeddable":true,"href":"https:\/\/serrafm879.com.br\/serrafm\/wp-json\/wp\/v2\/categories?post=5907"},{"taxonomy":"post_tag","embeddable":true,"href":"https:\/\/serrafm879.com.br\/serrafm\/wp-json\/wp\/v2\/tags?post=5907"}],"curies":[{"name":"wp","href":"https:\/\/api.w.org\/{rel}","templated":true}]}}