{"id":5911,"date":"2021-05-15T08:57:57","date_gmt":"2021-05-15T11:57:57","guid":{"rendered":"https:\/?p=5911"},"modified":"2021-05-15T08:57:57","modified_gmt":"2021-05-15T11:57:57","slug":"secom-nega-que-bolsonaro-tenha-aumentado-o-proprio-salario","status":"publish","type":"post","link":"https:\/\/serrafm879.com.br\/serrafm\/2021\/05\/secom-nega-que-bolsonaro-tenha-aumentado-o-proprio-salario\/","title":{"rendered":"Secom nega que Bolsonaro tenha aumentado o pr\u00f3prio sal\u00e1rio"},"content":{"rendered":"<p>Ap\u00f3s o Minist\u00e9rio da Economia editar portaria que permitiu um aumento de sal\u00e1rio ao presidente Jair Bolsonaro e ao vice, Hamilton Mour\u00e3o (PRTB), a Secretaria de Comnica\u00e7\u00e3o (Secom) do Governo negou que o mandat\u00e1rio tenha aumentado seu pr\u00f3prio sal\u00e1rio.<\/p>\n<p>\u201cA respeito da mentira que circula de que o Presidente da Rep\u00fablica teria aumentado o pr\u00f3prio sal\u00e1rio, cabe esclarecer: trata-se de uma decis\u00e3o do STF. O Governo Federal, atrav\u00e9s de portaria do Minist\u00e9rio da Economia, est\u00e1 apenas adequando-se \u00e0 decis\u00e3o do Supremo, respaldada pelo TCU\u201d, disse a Secom, em nota.<br \/>\nO presidente teve um aumento de R$ 2,3 mil mensais e recebe, agora, R$ 41,5 mil. J\u00e1 o general Mour\u00e3o passa a receber R$ 24 mil a mais que o sal\u00e1rio anterior, totalizando R$ 63,5 mil por m\u00eas, 62% a mais do que ganham os ministros do Supremo Tribunal Federal.<\/p>\n<p>Outros integrantes do primeiro escal\u00e3o do governo tamb\u00e9m foram beneficiados pela medida, como \u00e9 o caso do ministro da Defesa, Walter Braga Netto, e de Eduardo Ramos, da Casa Civil. Enquanto isso, o sal\u00e1rio de servidores est\u00e1 congelado desde a promulga\u00e7\u00e3o da PEC Emergencial.<\/p>\n<p>No comunicado, a Secom argumenta que a decis\u00e3o do STF em quest\u00e3o \u201cdetermina que servidores que acumulam cargos efetivos (com permiss\u00e3o constitucional, como professores e m\u00e9dicos) n\u00e3o podem ficar sem receber a remunera\u00e7\u00e3o integral, dentro do teto, por cada servi\u00e7o prestado\u201d.<\/p>\n<p>Al\u00e9m disso, afirma que a mudan\u00e7a \u201capenas adequa o c\u00e1lculo do teto remunerat\u00f3rio constitucional, respeitando decis\u00f5es do STF e do TCU (Tribunal de Contas da Uni\u00e3o) de que a regra do teto vale para cada sal\u00e1rio isoladamente, n\u00e3o sobre a soma das remunera\u00e7\u00f5es\u201d. A estimativa do governo \u00e9 de que mil servidores sejam afetados.<\/p>\n<p><strong>Teto<\/strong><\/p>\n<p>De acordo com a lei, o teto do funcionalismo p\u00fablico \u00e9 o sal\u00e1rio dos ministros do STF, que, atualmente, \u00e9 de R$ 39,2 mil. A portaria permite que reservistas e servidores p\u00fablicos aposentados que tamb\u00e9m exercem cargos p\u00fablicos recebam acima desse teto.<\/p>\n<p>A portaria \u00e9 assinada por Leonardo Jos\u00e9 Mattos Sultani, secret\u00e1rio de Gest\u00e3o e Desempenho do Minist\u00e9rio da Economia. Ela passa a valer para os sal\u00e1rios pagos a partir de maio, sem efeito retroativo. Segundo o minist\u00e9rio, o impacto estimado para este ano \u00e9 de R$ 181,32 milh\u00f5es.<\/p>\n<p>Por Correio Brazilliense<\/p>\n","protected":false},"excerpt":{"rendered":"<p>Ap\u00f3s o Minist\u00e9rio da Economia editar portaria que permitiu um aumento de sal\u00e1rio ao presidente Jair Bolsonaro e ao vice, Hamilton Mour\u00e3o (PRTB), a Secretaria de Comnica\u00e7\u00e3o (Secom) do Governo negou que o mandat\u00e1rio tenha aumentado seu pr\u00f3prio sal\u00e1rio. \u201cA respeito da mentira que circula de que o Presidente da Rep\u00fablica teria aumentado o pr\u00f3prio sal\u00e1rio, cabe esclarecer: trata-se de uma decis\u00e3o do STF. O Governo Federal, atrav\u00e9s de portaria do Minist\u00e9rio da Economia, est\u00e1 apenas adequando-se \u00e0 decis\u00e3o do Supremo, respaldada pelo TCU\u201d, disse a Secom, em nota. O presidente teve um aumento de R$ 2,3 mil mensais e [&hellip;]<\/p>\n","protected":false},"author":2,"featured_media":2882,"comment_status":"open","ping_status":"open","sticky":false,"template":"","format":"standard","meta":{"_jetpack_memberships_contains_paid_content":false,"footnotes":"","jetpack_publicize_message":"","jetpack_publicize_feature_enabled":true,"jetpack_social_post_already_shared":true,"jetpack_social_options":{"image_generator_settings":{"template":"highway","enabled":false},"version":2}},"categories":[2],"tags":[],"class_list":["post-5911","post","type-post","status-publish","format-standard","has-post-thumbnail","hentry","category-noticias"],"jetpack_publicize_connections":[],"yoast_head":"<!-- This site is optimized with the Yoast SEO plugin v24.7 - https:\/\/yoast.com\/wordpress\/plugins\/seo\/ -->\n<title>Secom nega que Bolsonaro tenha aumentado o pr\u00f3prio sal\u00e1rio - Serra FM 87,9<\/title>\n<meta name=\"robots\" content=\"index, follow, max-snippet:-1, max-image-preview:large, max-video-preview:-1\" \/>\n<link rel=\"canonical\" href=\"https:\/\/serrafm879.com.br\/serrafm\/2021\/05\/secom-nega-que-bolsonaro-tenha-aumentado-o-proprio-salario\/\" \/>\n<meta property=\"og:locale\" content=\"pt_BR\" \/>\n<meta property=\"og:type\" content=\"article\" \/>\n<meta property=\"og:title\" content=\"Secom nega que Bolsonaro tenha aumentado o pr\u00f3prio sal\u00e1rio - Serra FM 87,9\" \/>\n<meta property=\"og:description\" content=\"Ap\u00f3s o Minist\u00e9rio da Economia editar portaria que permitiu um aumento de sal\u00e1rio ao presidente Jair Bolsonaro e ao vice, Hamilton Mour\u00e3o (PRTB), a Secretaria de Comnica\u00e7\u00e3o (Secom) do Governo negou que o mandat\u00e1rio tenha aumentado seu pr\u00f3prio sal\u00e1rio. \u201cA respeito da mentira que circula de que o Presidente da Rep\u00fablica teria aumentado o pr\u00f3prio sal\u00e1rio, cabe esclarecer: trata-se de uma decis\u00e3o do STF. O Governo Federal, atrav\u00e9s de portaria do Minist\u00e9rio da Economia, est\u00e1 apenas adequando-se \u00e0 decis\u00e3o do Supremo, respaldada pelo TCU\u201d, disse a Secom, em nota. O presidente teve um aumento de R$ 2,3 mil mensais e [&hellip;]\" \/>\n<meta property=\"og:url\" content=\"https:\/\/serrafm879.com.br\/serrafm\/2021\/05\/secom-nega-que-bolsonaro-tenha-aumentado-o-proprio-salario\/\" \/>\n<meta property=\"og:site_name\" content=\"Serra FM 87,9\" \/>\n<meta property=\"article:published_time\" content=\"2021-05-15T11:57:57+00:00\" \/>\n<meta property=\"og:image\" content=\"https:\/\/serrafm879.com.br\/serrafm\/wp-content\/uploads\/2020\/06\/dinheiro.jpg\" \/>\n\t<meta property=\"og:image:width\" content=\"308\" \/>\n\t<meta property=\"og:image:height\" content=\"163\" \/>\n\t<meta property=\"og:image:type\" content=\"image\/jpeg\" \/>\n<meta name=\"author\" content=\"serrafm87\" \/>\n<meta name=\"twitter:card\" content=\"summary_large_image\" \/>\n<meta name=\"twitter:label1\" content=\"Escrito por\" \/>\n\t<meta name=\"twitter:data1\" content=\"serrafm87\" \/>\n\t<meta name=\"twitter:label2\" content=\"Est. tempo de leitura\" \/>\n\t<meta name=\"twitter:data2\" content=\"2 minutos\" \/>\n<script type=\"application\/ld+json\" class=\"yoast-schema-graph\">{\"@context\":\"https:\/\/schema.org\",\"@graph\":[{\"@type\":\"WebPage\",\"@id\":\"https:\/\/serrafm879.com.br\/serrafm\/2021\/05\/secom-nega-que-bolsonaro-tenha-aumentado-o-proprio-salario\/\",\"url\":\"https:\/\/serrafm879.com.br\/serrafm\/2021\/05\/secom-nega-que-bolsonaro-tenha-aumentado-o-proprio-salario\/\",\"name\":\"Secom nega que Bolsonaro tenha aumentado o pr\u00f3prio sal\u00e1rio - Serra FM 87,9\",\"isPartOf\":{\"@id\":\"https:\/\/serrafm879.com.br\/serrafm\/#website\"},\"primaryImageOfPage\":{\"@id\":\"https:\/\/serrafm879.com.br\/serrafm\/2021\/05\/secom-nega-que-bolsonaro-tenha-aumentado-o-proprio-salario\/#primaryimage\"},\"image\":{\"@id\":\"https:\/\/serrafm879.com.br\/serrafm\/2021\/05\/secom-nega-que-bolsonaro-tenha-aumentado-o-proprio-salario\/#primaryimage\"},\"thumbnailUrl\":\"https:\/\/serrafm879.com.br\/serrafm\/wp-content\/uploads\/2020\/06\/dinheiro.jpg\",\"datePublished\":\"2021-05-15T11:57:57+00:00\",\"author\":{\"@id\":\"https:\/\/serrafm879.com.br\/serrafm\/#\/schema\/person\/c028a197030ff8b1c03c68dfba4a787a\"},\"breadcrumb\":{\"@id\":\"https:\/\/serrafm879.com.br\/serrafm\/2021\/05\/secom-nega-que-bolsonaro-tenha-aumentado-o-proprio-salario\/#breadcrumb\"},\"inLanguage\":\"pt-BR\",\"potentialAction\":[{\"@type\":\"ReadAction\",\"target\":[\"https:\/\/serrafm879.com.br\/serrafm\/2021\/05\/secom-nega-que-bolsonaro-tenha-aumentado-o-proprio-salario\/\"]}]},{\"@type\":\"ImageObject\",\"inLanguage\":\"pt-BR\",\"@id\":\"https:\/\/serrafm879.com.br\/serrafm\/2021\/05\/secom-nega-que-bolsonaro-tenha-aumentado-o-proprio-salario\/#primaryimage\",\"url\":\"https:\/\/serrafm879.com.br\/serrafm\/wp-content\/uploads\/2020\/06\/dinheiro.jpg\",\"contentUrl\":\"https:\/\/serrafm879.com.br\/serrafm\/wp-content\/uploads\/2020\/06\/dinheiro.jpg\",\"width\":308,\"height\":163},{\"@type\":\"BreadcrumbList\",\"@id\":\"https:\/\/serrafm879.com.br\/serrafm\/2021\/05\/secom-nega-que-bolsonaro-tenha-aumentado-o-proprio-salario\/#breadcrumb\",\"itemListElement\":[{\"@type\":\"ListItem\",\"position\":1,\"name\":\"In\u00edcio\",\"item\":\"https:\/\/serrafm879.com.br\/serrafm\/\"},{\"@type\":\"ListItem\",\"position\":2,\"name\":\"Secom nega que Bolsonaro tenha aumentado o pr\u00f3prio sal\u00e1rio\"}]},{\"@type\":\"WebSite\",\"@id\":\"https:\/\/serrafm879.com.br\/serrafm\/#website\",\"url\":\"https:\/\/serrafm879.com.br\/serrafm\/\",\"name\":\"Serra FM 87,9\",\"description\":\"O seu novo amor!\",\"potentialAction\":[{\"@type\":\"SearchAction\",\"target\":{\"@type\":\"EntryPoint\",\"urlTemplate\":\"https:\/\/serrafm879.com.br\/serrafm\/?s={search_term_string}\"},\"query-input\":{\"@type\":\"PropertyValueSpecification\",\"valueRequired\":true,\"valueName\":\"search_term_string\"}}],\"inLanguage\":\"pt-BR\"},{\"@type\":\"Person\",\"@id\":\"https:\/\/serrafm879.com.br\/serrafm\/#\/schema\/person\/c028a197030ff8b1c03c68dfba4a787a\",\"name\":\"serrafm87\",\"image\":{\"@type\":\"ImageObject\",\"inLanguage\":\"pt-BR\",\"@id\":\"https:\/\/serrafm879.com.br\/serrafm\/#\/schema\/person\/image\/\",\"url\":\"https:\/\/secure.gravatar.com\/avatar\/a743233f1112d34f48bb3dc9559b76eb930bab8b27175856cba6362608736235?s=96&d=mm&r=g\",\"contentUrl\":\"https:\/\/secure.gravatar.com\/avatar\/a743233f1112d34f48bb3dc9559b76eb930bab8b27175856cba6362608736235?s=96&d=mm&r=g\",\"caption\":\"serrafm87\"},\"sameAs\":[\"http:\/\/serrafm879.com.br\/\"],\"url\":\"https:\/\/serrafm879.com.br\/serrafm\/author\/serrafm87\/\"}]}<\/script>\n<!-- \/ Yoast SEO plugin. -->","yoast_head_json":{"title":"Secom nega que Bolsonaro tenha aumentado o pr\u00f3prio sal\u00e1rio - Serra FM 87,9","robots":{"index":"index","follow":"follow","max-snippet":"max-snippet:-1","max-image-preview":"max-image-preview:large","max-video-preview":"max-video-preview:-1"},"canonical":"https:\/\/serrafm879.com.br\/serrafm\/2021\/05\/secom-nega-que-bolsonaro-tenha-aumentado-o-proprio-salario\/","og_locale":"pt_BR","og_type":"article","og_title":"Secom nega que Bolsonaro tenha aumentado o pr\u00f3prio sal\u00e1rio - Serra FM 87,9","og_description":"Ap\u00f3s o Minist\u00e9rio da Economia editar portaria que permitiu um aumento de sal\u00e1rio ao presidente Jair Bolsonaro e ao vice, Hamilton Mour\u00e3o (PRTB), a Secretaria de Comnica\u00e7\u00e3o (Secom) do Governo negou que o mandat\u00e1rio tenha aumentado seu pr\u00f3prio sal\u00e1rio. \u201cA respeito da mentira que circula de que o Presidente da Rep\u00fablica teria aumentado o pr\u00f3prio sal\u00e1rio, cabe esclarecer: trata-se de uma decis\u00e3o do STF. O Governo Federal, atrav\u00e9s de portaria do Minist\u00e9rio da Economia, est\u00e1 apenas adequando-se \u00e0 decis\u00e3o do Supremo, respaldada pelo TCU\u201d, disse a Secom, em nota. O presidente teve um aumento de R$ 2,3 mil mensais e [&hellip;]","og_url":"https:\/\/serrafm879.com.br\/serrafm\/2021\/05\/secom-nega-que-bolsonaro-tenha-aumentado-o-proprio-salario\/","og_site_name":"Serra FM 87,9","article_published_time":"2021-05-15T11:57:57+00:00","og_image":[{"width":308,"height":163,"url":"https:\/\/serrafm879.com.br\/serrafm\/wp-content\/uploads\/2020\/06\/dinheiro.jpg","type":"image\/jpeg"}],"author":"serrafm87","twitter_card":"summary_large_image","twitter_misc":{"Escrito por":"serrafm87","Est. tempo de leitura":"2 minutos"},"schema":{"@context":"https:\/\/schema.org","@graph":[{"@type":"WebPage","@id":"https:\/\/serrafm879.com.br\/serrafm\/2021\/05\/secom-nega-que-bolsonaro-tenha-aumentado-o-proprio-salario\/","url":"https:\/\/serrafm879.com.br\/serrafm\/2021\/05\/secom-nega-que-bolsonaro-tenha-aumentado-o-proprio-salario\/","name":"Secom nega que Bolsonaro tenha aumentado o pr\u00f3prio sal\u00e1rio - Serra FM 87,9","isPartOf":{"@id":"https:\/\/serrafm879.com.br\/serrafm\/#website"},"primaryImageOfPage":{"@id":"https:\/\/serrafm879.com.br\/serrafm\/2021\/05\/secom-nega-que-bolsonaro-tenha-aumentado-o-proprio-salario\/#primaryimage"},"image":{"@id":"https:\/\/serrafm879.com.br\/serrafm\/2021\/05\/secom-nega-que-bolsonaro-tenha-aumentado-o-proprio-salario\/#primaryimage"},"thumbnailUrl":"https:\/\/serrafm879.com.br\/serrafm\/wp-content\/uploads\/2020\/06\/dinheiro.jpg","datePublished":"2021-05-15T11:57:57+00:00","author":{"@id":"https:\/\/serrafm879.com.br\/serrafm\/#\/schema\/person\/c028a197030ff8b1c03c68dfba4a787a"},"breadcrumb":{"@id":"https:\/\/serrafm879.com.br\/serrafm\/2021\/05\/secom-nega-que-bolsonaro-tenha-aumentado-o-proprio-salario\/#breadcrumb"},"inLanguage":"pt-BR","potentialAction":[{"@type":"ReadAction","target":["https:\/\/serrafm879.com.br\/serrafm\/2021\/05\/secom-nega-que-bolsonaro-tenha-aumentado-o-proprio-salario\/"]}]},{"@type":"ImageObject","inLanguage":"pt-BR","@id":"https:\/\/serrafm879.com.br\/serrafm\/2021\/05\/secom-nega-que-bolsonaro-tenha-aumentado-o-proprio-salario\/#primaryimage","url":"https:\/\/serrafm879.com.br\/serrafm\/wp-content\/uploads\/2020\/06\/dinheiro.jpg","contentUrl":"https:\/\/serrafm879.com.br\/serrafm\/wp-content\/uploads\/2020\/06\/dinheiro.jpg","width":308,"height":163},{"@type":"BreadcrumbList","@id":"https:\/\/serrafm879.com.br\/serrafm\/2021\/05\/secom-nega-que-bolsonaro-tenha-aumentado-o-proprio-salario\/#breadcrumb","itemListElement":[{"@type":"ListItem","position":1,"name":"In\u00edcio","item":"https:\/\/serrafm879.com.br\/serrafm\/"},{"@type":"ListItem","position":2,"name":"Secom nega que Bolsonaro tenha aumentado o pr\u00f3prio sal\u00e1rio"}]},{"@type":"WebSite","@id":"https:\/\/serrafm879.com.br\/serrafm\/#website","url":"https:\/\/serrafm879.com.br\/serrafm\/","name":"Serra FM 87,9","description":"O seu novo amor!","potentialAction":[{"@type":"SearchAction","target":{"@type":"EntryPoint","urlTemplate":"https:\/\/serrafm879.com.br\/serrafm\/?s={search_term_string}"},"query-input":{"@type":"PropertyValueSpecification","valueRequired":true,"valueName":"search_term_string"}}],"inLanguage":"pt-BR"},{"@type":"Person","@id":"https:\/\/serrafm879.com.br\/serrafm\/#\/schema\/person\/c028a197030ff8b1c03c68dfba4a787a","name":"serrafm87","image":{"@type":"ImageObject","inLanguage":"pt-BR","@id":"https:\/\/serrafm879.com.br\/serrafm\/#\/schema\/person\/image\/","url":"https:\/\/secure.gravatar.com\/avatar\/a743233f1112d34f48bb3dc9559b76eb930bab8b27175856cba6362608736235?s=96&d=mm&r=g","contentUrl":"https:\/\/secure.gravatar.com\/avatar\/a743233f1112d34f48bb3dc9559b76eb930bab8b27175856cba6362608736235?s=96&d=mm&r=g","caption":"serrafm87"},"sameAs":["http:\/\/serrafm879.com.br\/"],"url":"https:\/\/serrafm879.com.br\/serrafm\/author\/serrafm87\/"}]}},"jetpack_featured_media_url":"https:\/\/serrafm879.com.br\/serrafm\/wp-content\/uploads\/2020\/06\/dinheiro.jpg","jetpack_shortlink":"https:\/\/wp.me\/p7HyXg-1xl","jetpack_sharing_enabled":true,"_links":{"self":[{"href":"https:\/\/serrafm879.com.br\/serrafm\/wp-json\/wp\/v2\/posts\/5911","targetHints":{"allow":["GET"]}}],"collection":[{"href":"https:\/\/serrafm879.com.br\/serrafm\/wp-json\/wp\/v2\/posts"}],"about":[{"href":"https:\/\/serrafm879.com.br\/serrafm\/wp-json\/wp\/v2\/types\/post"}],"author":[{"embeddable":true,"href":"https:\/\/serrafm879.com.br\/serrafm\/wp-json\/wp\/v2\/users\/2"}],"replies":[{"embeddable":true,"href":"https:\/\/serrafm879.com.br\/serrafm\/wp-json\/wp\/v2\/comments?post=5911"}],"version-history":[{"count":1,"href":"https:\/\/serrafm879.com.br\/serrafm\/wp-json\/wp\/v2\/posts\/5911\/revisions"}],"predecessor-version":[{"id":5912,"href":"https:\/\/serrafm879.com.br\/serrafm\/wp-json\/wp\/v2\/posts\/5911\/revisions\/5912"}],"wp:featuredmedia":[{"embeddable":true,"href":"https:\/\/serrafm879.com.br\/serrafm\/wp-json\/wp\/v2\/media\/2882"}],"wp:attachment":[{"href":"https:\/\/serrafm879.com.br\/serrafm\/wp-json\/wp\/v2\/media?parent=5911"}],"wp:term":[{"taxonomy":"category","embeddable":true,"href":"https:\/\/serrafm879.com.br\/serrafm\/wp-json\/wp\/v2\/categories?post=5911"},{"taxonomy":"post_tag","embeddable":true,"href":"https:\/\/serrafm879.com.br\/serrafm\/wp-json\/wp\/v2\/tags?post=5911"}],"curies":[{"name":"wp","href":"https:\/\/api.w.org\/{rel}","templated":true}]}}