{"id":5913,"date":"2021-05-15T09:00:01","date_gmt":"2021-05-15T12:00:01","guid":{"rendered":"https:\/?p=5913"},"modified":"2021-05-15T09:00:01","modified_gmt":"2021-05-15T12:00:01","slug":"campanha-do-tse-vai-combater-desinformacao-sobre-urna-eletronica","status":"publish","type":"post","link":"https:\/\/serrafm879.com.br\/serrafm\/2021\/05\/campanha-do-tse-vai-combater-desinformacao-sobre-urna-eletronica\/","title":{"rendered":"Campanha do TSE vai combater desinforma\u00e7\u00e3o sobre urna eletr\u00f4nica"},"content":{"rendered":"<p>Uma campanha nos meios de comunica\u00e7\u00e3o vai tirar d\u00favidas e combater a desinforma\u00e7\u00e3o sobre a seguran\u00e7a das urnas eletr\u00f4nicas. A a\u00e7\u00e3o foi anunciada nessa sexta-feira (14) pelo presidente do Tribunal Superior Eleitoral, Lu\u00eds Roberto Barroso. Esta semana faz 25 anos que as elei\u00e7\u00f5es come\u00e7aram ser digitais no pa\u00eds.<img decoding=\"async\" src=\"https:\/\/agenciabrasil.ebc.com.br\/ebc.png?id=1409765&amp;o=node\" \/><img decoding=\"async\" src=\"https:\/\/agenciabrasil.ebc.com.br\/ebc.gif?id=1409765&amp;o=node\" \/><\/p>\n<p>O presidente do TSE disse que existe muita confus\u00e3o e algumas pessoas acabam defendendo a volta do voto em papel. Uma Proposta de Emenda \u00e0 Constitui\u00e7\u00e3o sobre voto impresso est\u00e1 em discuss\u00e3o na C\u00e2mara dos Deputados.<\/p>\n<p>Barroso afirmou que a Justi\u00e7a Eleitoral vai respeitar a decis\u00e3o dos parlamentares, desde que seja constitucional.<\/p>\n<p>Em setembro do ano passado, o Supremo Tribunal Federal considerou inconstitucional o voto em papel. Isso porque at\u00e9 hoje nenhum modelo de vota\u00e7\u00e3o manual se mostrou eficiente para evitar fraudes. Por outro lado, nesses 25 anos, nunca ocorreu viola\u00e7\u00e3o do sistema de urnas eletr\u00f4nicas.<\/p>\n<p>Lu\u00eds Roberto Barroso destacou o que mudaria com o voto impresso.<\/p>\n<p>O presidente do TSE lembrou que, nos Estados Unidos, a elei\u00e7\u00e3o \u00e9 em c\u00e9dulas de papel e, no ano passado, at\u00e9 o ent\u00e3o presidente Donald Trump entrou com 50 a\u00e7\u00f5es na Justi\u00e7a, alegando fraude. Todas foram rejeitadas por falta de provas.<\/p>\n<p>Barroso explicou que as urnas brasileiras t\u00eam 30 camadas de seguran\u00e7a e s\u00e3o submetidas a testes a cada dois anos. Ele acrescentou que o sistema \u00e9 audit\u00e1vel a qualquer momento e, para aumentar a transpar\u00eancia, o TSE vai criar uma comiss\u00e3o externa de acompanhamento.<\/p>\n<p>Essa comiss\u00e3o deve ser criada nas pr\u00f3ximas semanas. Lu\u00eds Roberto Barroso conta com o grupo para acompanhar, j\u00e1 no segundo semestre, os preparativos para a elei\u00e7\u00e3o do ano que vem.<\/p>\n","protected":false},"excerpt":{"rendered":"<p>Uma campanha nos meios de comunica\u00e7\u00e3o vai tirar d\u00favidas e combater a desinforma\u00e7\u00e3o sobre a seguran\u00e7a das urnas eletr\u00f4nicas. A a\u00e7\u00e3o foi anunciada nessa sexta-feira (14) pelo presidente do Tribunal Superior Eleitoral, Lu\u00eds Roberto Barroso. Esta semana faz 25 anos que as elei\u00e7\u00f5es come\u00e7aram ser digitais no pa\u00eds. O presidente do TSE disse que existe muita confus\u00e3o e algumas pessoas acabam defendendo a volta do voto em papel. Uma Proposta de Emenda \u00e0 Constitui\u00e7\u00e3o sobre voto impresso est\u00e1 em discuss\u00e3o na C\u00e2mara dos Deputados. Barroso afirmou que a Justi\u00e7a Eleitoral vai respeitar a decis\u00e3o dos parlamentares, desde que seja constitucional. [&hellip;]<\/p>\n","protected":false},"author":2,"featured_media":2741,"comment_status":"open","ping_status":"open","sticky":false,"template":"","format":"standard","meta":{"_jetpack_memberships_contains_paid_content":false,"footnotes":"","jetpack_publicize_message":"","jetpack_publicize_feature_enabled":true,"jetpack_social_post_already_shared":true,"jetpack_social_options":{"image_generator_settings":{"template":"highway","enabled":false},"version":2}},"categories":[2],"tags":[],"class_list":["post-5913","post","type-post","status-publish","format-standard","has-post-thumbnail","hentry","category-noticias"],"jetpack_publicize_connections":[],"yoast_head":"<!-- This site is optimized with the Yoast SEO plugin v24.7 - https:\/\/yoast.com\/wordpress\/plugins\/seo\/ -->\n<title>Campanha do TSE vai combater desinforma\u00e7\u00e3o sobre urna eletr\u00f4nica - Serra FM 87,9<\/title>\n<meta name=\"robots\" content=\"index, follow, max-snippet:-1, max-image-preview:large, max-video-preview:-1\" \/>\n<link rel=\"canonical\" href=\"https:\/\/serrafm879.com.br\/serrafm\/2021\/05\/campanha-do-tse-vai-combater-desinformacao-sobre-urna-eletronica\/\" \/>\n<meta property=\"og:locale\" content=\"pt_BR\" \/>\n<meta property=\"og:type\" content=\"article\" \/>\n<meta property=\"og:title\" content=\"Campanha do TSE vai combater desinforma\u00e7\u00e3o sobre urna eletr\u00f4nica - Serra FM 87,9\" \/>\n<meta property=\"og:description\" content=\"Uma campanha nos meios de comunica\u00e7\u00e3o vai tirar d\u00favidas e combater a desinforma\u00e7\u00e3o sobre a seguran\u00e7a das urnas eletr\u00f4nicas. A a\u00e7\u00e3o foi anunciada nessa sexta-feira (14) pelo presidente do Tribunal Superior Eleitoral, Lu\u00eds Roberto Barroso. Esta semana faz 25 anos que as elei\u00e7\u00f5es come\u00e7aram ser digitais no pa\u00eds. O presidente do TSE disse que existe muita confus\u00e3o e algumas pessoas acabam defendendo a volta do voto em papel. Uma Proposta de Emenda \u00e0 Constitui\u00e7\u00e3o sobre voto impresso est\u00e1 em discuss\u00e3o na C\u00e2mara dos Deputados. Barroso afirmou que a Justi\u00e7a Eleitoral vai respeitar a decis\u00e3o dos parlamentares, desde que seja constitucional. [&hellip;]\" \/>\n<meta property=\"og:url\" content=\"https:\/\/serrafm879.com.br\/serrafm\/2021\/05\/campanha-do-tse-vai-combater-desinformacao-sobre-urna-eletronica\/\" \/>\n<meta property=\"og:site_name\" content=\"Serra FM 87,9\" \/>\n<meta property=\"article:published_time\" content=\"2021-05-15T12:00:01+00:00\" \/>\n<meta property=\"og:image\" content=\"https:\/\/serrafm879.com.br\/serrafm\/wp-content\/uploads\/2020\/05\/urna-eletr.jpg\" \/>\n\t<meta property=\"og:image:width\" content=\"475\" \/>\n\t<meta property=\"og:image:height\" content=\"365\" \/>\n\t<meta property=\"og:image:type\" content=\"image\/jpeg\" \/>\n<meta name=\"author\" content=\"serrafm87\" \/>\n<meta name=\"twitter:card\" content=\"summary_large_image\" \/>\n<meta name=\"twitter:label1\" content=\"Escrito por\" \/>\n\t<meta name=\"twitter:data1\" content=\"serrafm87\" \/>\n\t<meta name=\"twitter:label2\" content=\"Est. tempo de leitura\" \/>\n\t<meta name=\"twitter:data2\" content=\"1 minuto\" \/>\n<script type=\"application\/ld+json\" class=\"yoast-schema-graph\">{\"@context\":\"https:\/\/schema.org\",\"@graph\":[{\"@type\":\"WebPage\",\"@id\":\"https:\/\/serrafm879.com.br\/serrafm\/2021\/05\/campanha-do-tse-vai-combater-desinformacao-sobre-urna-eletronica\/\",\"url\":\"https:\/\/serrafm879.com.br\/serrafm\/2021\/05\/campanha-do-tse-vai-combater-desinformacao-sobre-urna-eletronica\/\",\"name\":\"Campanha do TSE vai combater desinforma\u00e7\u00e3o sobre urna eletr\u00f4nica - Serra FM 87,9\",\"isPartOf\":{\"@id\":\"https:\/\/serrafm879.com.br\/serrafm\/#website\"},\"primaryImageOfPage\":{\"@id\":\"https:\/\/serrafm879.com.br\/serrafm\/2021\/05\/campanha-do-tse-vai-combater-desinformacao-sobre-urna-eletronica\/#primaryimage\"},\"image\":{\"@id\":\"https:\/\/serrafm879.com.br\/serrafm\/2021\/05\/campanha-do-tse-vai-combater-desinformacao-sobre-urna-eletronica\/#primaryimage\"},\"thumbnailUrl\":\"https:\/\/serrafm879.com.br\/serrafm\/wp-content\/uploads\/2020\/05\/urna-eletr.jpg\",\"datePublished\":\"2021-05-15T12:00:01+00:00\",\"author\":{\"@id\":\"https:\/\/serrafm879.com.br\/serrafm\/#\/schema\/person\/c028a197030ff8b1c03c68dfba4a787a\"},\"breadcrumb\":{\"@id\":\"https:\/\/serrafm879.com.br\/serrafm\/2021\/05\/campanha-do-tse-vai-combater-desinformacao-sobre-urna-eletronica\/#breadcrumb\"},\"inLanguage\":\"pt-BR\",\"potentialAction\":[{\"@type\":\"ReadAction\",\"target\":[\"https:\/\/serrafm879.com.br\/serrafm\/2021\/05\/campanha-do-tse-vai-combater-desinformacao-sobre-urna-eletronica\/\"]}]},{\"@type\":\"ImageObject\",\"inLanguage\":\"pt-BR\",\"@id\":\"https:\/\/serrafm879.com.br\/serrafm\/2021\/05\/campanha-do-tse-vai-combater-desinformacao-sobre-urna-eletronica\/#primaryimage\",\"url\":\"https:\/\/serrafm879.com.br\/serrafm\/wp-content\/uploads\/2020\/05\/urna-eletr.jpg\",\"contentUrl\":\"https:\/\/serrafm879.com.br\/serrafm\/wp-content\/uploads\/2020\/05\/urna-eletr.jpg\",\"width\":475,\"height\":365},{\"@type\":\"BreadcrumbList\",\"@id\":\"https:\/\/serrafm879.com.br\/serrafm\/2021\/05\/campanha-do-tse-vai-combater-desinformacao-sobre-urna-eletronica\/#breadcrumb\",\"itemListElement\":[{\"@type\":\"ListItem\",\"position\":1,\"name\":\"In\u00edcio\",\"item\":\"https:\/\/serrafm879.com.br\/serrafm\/\"},{\"@type\":\"ListItem\",\"position\":2,\"name\":\"Campanha do TSE vai combater desinforma\u00e7\u00e3o sobre urna eletr\u00f4nica\"}]},{\"@type\":\"WebSite\",\"@id\":\"https:\/\/serrafm879.com.br\/serrafm\/#website\",\"url\":\"https:\/\/serrafm879.com.br\/serrafm\/\",\"name\":\"Serra FM 87,9\",\"description\":\"O seu novo amor!\",\"potentialAction\":[{\"@type\":\"SearchAction\",\"target\":{\"@type\":\"EntryPoint\",\"urlTemplate\":\"https:\/\/serrafm879.com.br\/serrafm\/?s={search_term_string}\"},\"query-input\":{\"@type\":\"PropertyValueSpecification\",\"valueRequired\":true,\"valueName\":\"search_term_string\"}}],\"inLanguage\":\"pt-BR\"},{\"@type\":\"Person\",\"@id\":\"https:\/\/serrafm879.com.br\/serrafm\/#\/schema\/person\/c028a197030ff8b1c03c68dfba4a787a\",\"name\":\"serrafm87\",\"image\":{\"@type\":\"ImageObject\",\"inLanguage\":\"pt-BR\",\"@id\":\"https:\/\/serrafm879.com.br\/serrafm\/#\/schema\/person\/image\/\",\"url\":\"https:\/\/secure.gravatar.com\/avatar\/a743233f1112d34f48bb3dc9559b76eb930bab8b27175856cba6362608736235?s=96&d=mm&r=g\",\"contentUrl\":\"https:\/\/secure.gravatar.com\/avatar\/a743233f1112d34f48bb3dc9559b76eb930bab8b27175856cba6362608736235?s=96&d=mm&r=g\",\"caption\":\"serrafm87\"},\"sameAs\":[\"http:\/\/serrafm879.com.br\/\"],\"url\":\"https:\/\/serrafm879.com.br\/serrafm\/author\/serrafm87\/\"}]}<\/script>\n<!-- \/ Yoast SEO plugin. -->","yoast_head_json":{"title":"Campanha do TSE vai combater desinforma\u00e7\u00e3o sobre urna eletr\u00f4nica - Serra FM 87,9","robots":{"index":"index","follow":"follow","max-snippet":"max-snippet:-1","max-image-preview":"max-image-preview:large","max-video-preview":"max-video-preview:-1"},"canonical":"https:\/\/serrafm879.com.br\/serrafm\/2021\/05\/campanha-do-tse-vai-combater-desinformacao-sobre-urna-eletronica\/","og_locale":"pt_BR","og_type":"article","og_title":"Campanha do TSE vai combater desinforma\u00e7\u00e3o sobre urna eletr\u00f4nica - Serra FM 87,9","og_description":"Uma campanha nos meios de comunica\u00e7\u00e3o vai tirar d\u00favidas e combater a desinforma\u00e7\u00e3o sobre a seguran\u00e7a das urnas eletr\u00f4nicas. A a\u00e7\u00e3o foi anunciada nessa sexta-feira (14) pelo presidente do Tribunal Superior Eleitoral, Lu\u00eds Roberto Barroso. Esta semana faz 25 anos que as elei\u00e7\u00f5es come\u00e7aram ser digitais no pa\u00eds. O presidente do TSE disse que existe muita confus\u00e3o e algumas pessoas acabam defendendo a volta do voto em papel. Uma Proposta de Emenda \u00e0 Constitui\u00e7\u00e3o sobre voto impresso est\u00e1 em discuss\u00e3o na C\u00e2mara dos Deputados. Barroso afirmou que a Justi\u00e7a Eleitoral vai respeitar a decis\u00e3o dos parlamentares, desde que seja constitucional. [&hellip;]","og_url":"https:\/\/serrafm879.com.br\/serrafm\/2021\/05\/campanha-do-tse-vai-combater-desinformacao-sobre-urna-eletronica\/","og_site_name":"Serra FM 87,9","article_published_time":"2021-05-15T12:00:01+00:00","og_image":[{"width":475,"height":365,"url":"https:\/\/serrafm879.com.br\/serrafm\/wp-content\/uploads\/2020\/05\/urna-eletr.jpg","type":"image\/jpeg"}],"author":"serrafm87","twitter_card":"summary_large_image","twitter_misc":{"Escrito por":"serrafm87","Est. tempo de leitura":"1 minuto"},"schema":{"@context":"https:\/\/schema.org","@graph":[{"@type":"WebPage","@id":"https:\/\/serrafm879.com.br\/serrafm\/2021\/05\/campanha-do-tse-vai-combater-desinformacao-sobre-urna-eletronica\/","url":"https:\/\/serrafm879.com.br\/serrafm\/2021\/05\/campanha-do-tse-vai-combater-desinformacao-sobre-urna-eletronica\/","name":"Campanha do TSE vai combater desinforma\u00e7\u00e3o sobre urna eletr\u00f4nica - Serra FM 87,9","isPartOf":{"@id":"https:\/\/serrafm879.com.br\/serrafm\/#website"},"primaryImageOfPage":{"@id":"https:\/\/serrafm879.com.br\/serrafm\/2021\/05\/campanha-do-tse-vai-combater-desinformacao-sobre-urna-eletronica\/#primaryimage"},"image":{"@id":"https:\/\/serrafm879.com.br\/serrafm\/2021\/05\/campanha-do-tse-vai-combater-desinformacao-sobre-urna-eletronica\/#primaryimage"},"thumbnailUrl":"https:\/\/serrafm879.com.br\/serrafm\/wp-content\/uploads\/2020\/05\/urna-eletr.jpg","datePublished":"2021-05-15T12:00:01+00:00","author":{"@id":"https:\/\/serrafm879.com.br\/serrafm\/#\/schema\/person\/c028a197030ff8b1c03c68dfba4a787a"},"breadcrumb":{"@id":"https:\/\/serrafm879.com.br\/serrafm\/2021\/05\/campanha-do-tse-vai-combater-desinformacao-sobre-urna-eletronica\/#breadcrumb"},"inLanguage":"pt-BR","potentialAction":[{"@type":"ReadAction","target":["https:\/\/serrafm879.com.br\/serrafm\/2021\/05\/campanha-do-tse-vai-combater-desinformacao-sobre-urna-eletronica\/"]}]},{"@type":"ImageObject","inLanguage":"pt-BR","@id":"https:\/\/serrafm879.com.br\/serrafm\/2021\/05\/campanha-do-tse-vai-combater-desinformacao-sobre-urna-eletronica\/#primaryimage","url":"https:\/\/serrafm879.com.br\/serrafm\/wp-content\/uploads\/2020\/05\/urna-eletr.jpg","contentUrl":"https:\/\/serrafm879.com.br\/serrafm\/wp-content\/uploads\/2020\/05\/urna-eletr.jpg","width":475,"height":365},{"@type":"BreadcrumbList","@id":"https:\/\/serrafm879.com.br\/serrafm\/2021\/05\/campanha-do-tse-vai-combater-desinformacao-sobre-urna-eletronica\/#breadcrumb","itemListElement":[{"@type":"ListItem","position":1,"name":"In\u00edcio","item":"https:\/\/serrafm879.com.br\/serrafm\/"},{"@type":"ListItem","position":2,"name":"Campanha do TSE vai combater desinforma\u00e7\u00e3o sobre urna eletr\u00f4nica"}]},{"@type":"WebSite","@id":"https:\/\/serrafm879.com.br\/serrafm\/#website","url":"https:\/\/serrafm879.com.br\/serrafm\/","name":"Serra FM 87,9","description":"O seu novo amor!","potentialAction":[{"@type":"SearchAction","target":{"@type":"EntryPoint","urlTemplate":"https:\/\/serrafm879.com.br\/serrafm\/?s={search_term_string}"},"query-input":{"@type":"PropertyValueSpecification","valueRequired":true,"valueName":"search_term_string"}}],"inLanguage":"pt-BR"},{"@type":"Person","@id":"https:\/\/serrafm879.com.br\/serrafm\/#\/schema\/person\/c028a197030ff8b1c03c68dfba4a787a","name":"serrafm87","image":{"@type":"ImageObject","inLanguage":"pt-BR","@id":"https:\/\/serrafm879.com.br\/serrafm\/#\/schema\/person\/image\/","url":"https:\/\/secure.gravatar.com\/avatar\/a743233f1112d34f48bb3dc9559b76eb930bab8b27175856cba6362608736235?s=96&d=mm&r=g","contentUrl":"https:\/\/secure.gravatar.com\/avatar\/a743233f1112d34f48bb3dc9559b76eb930bab8b27175856cba6362608736235?s=96&d=mm&r=g","caption":"serrafm87"},"sameAs":["http:\/\/serrafm879.com.br\/"],"url":"https:\/\/serrafm879.com.br\/serrafm\/author\/serrafm87\/"}]}},"jetpack_featured_media_url":"https:\/\/serrafm879.com.br\/serrafm\/wp-content\/uploads\/2020\/05\/urna-eletr.jpg","jetpack_shortlink":"https:\/\/wp.me\/p7HyXg-1xn","jetpack_sharing_enabled":true,"_links":{"self":[{"href":"https:\/\/serrafm879.com.br\/serrafm\/wp-json\/wp\/v2\/posts\/5913","targetHints":{"allow":["GET"]}}],"collection":[{"href":"https:\/\/serrafm879.com.br\/serrafm\/wp-json\/wp\/v2\/posts"}],"about":[{"href":"https:\/\/serrafm879.com.br\/serrafm\/wp-json\/wp\/v2\/types\/post"}],"author":[{"embeddable":true,"href":"https:\/\/serrafm879.com.br\/serrafm\/wp-json\/wp\/v2\/users\/2"}],"replies":[{"embeddable":true,"href":"https:\/\/serrafm879.com.br\/serrafm\/wp-json\/wp\/v2\/comments?post=5913"}],"version-history":[{"count":1,"href":"https:\/\/serrafm879.com.br\/serrafm\/wp-json\/wp\/v2\/posts\/5913\/revisions"}],"predecessor-version":[{"id":5914,"href":"https:\/\/serrafm879.com.br\/serrafm\/wp-json\/wp\/v2\/posts\/5913\/revisions\/5914"}],"wp:featuredmedia":[{"embeddable":true,"href":"https:\/\/serrafm879.com.br\/serrafm\/wp-json\/wp\/v2\/media\/2741"}],"wp:attachment":[{"href":"https:\/\/serrafm879.com.br\/serrafm\/wp-json\/wp\/v2\/media?parent=5913"}],"wp:term":[{"taxonomy":"category","embeddable":true,"href":"https:\/\/serrafm879.com.br\/serrafm\/wp-json\/wp\/v2\/categories?post=5913"},{"taxonomy":"post_tag","embeddable":true,"href":"https:\/\/serrafm879.com.br\/serrafm\/wp-json\/wp\/v2\/tags?post=5913"}],"curies":[{"name":"wp","href":"https:\/\/api.w.org\/{rel}","templated":true}]}}