{"id":5925,"date":"2021-05-18T04:41:18","date_gmt":"2021-05-18T07:41:18","guid":{"rendered":"https:\/?p=5925"},"modified":"2021-05-18T04:41:18","modified_gmt":"2021-05-18T07:41:18","slug":"governistas-se-preparam-para-questionar-parcialidade-de-renan-como-relator-da-cpi-da-covid","status":"publish","type":"post","link":"https:\/\/serrafm879.com.br\/serrafm\/2021\/05\/governistas-se-preparam-para-questionar-parcialidade-de-renan-como-relator-da-cpi-da-covid\/","title":{"rendered":"Governistas se preparam para questionar parcialidade de Renan como relator da CPI da Covid"},"content":{"rendered":"<p>Parlamentares governistas preparam um documento para pleitear na Justi\u00e7a a parcialidade do senador Renan Calheiros (MDB-AL) como relator da CPI da Covid. Trata-se de uma colet\u00e2nea de declara\u00e7\u00f5es dadas por Renan durante as sess\u00f5es da comiss\u00e3o que revelariam a suposta inten\u00e7\u00e3o de prejulgar o presidente Jair Bolsonaro. A iniciativa da deputada federal Carla Zambelli (PSL-SP) conta com o apoio de deputados e senadores alinhados com o Planalto. Integrantes da comiss\u00e3o tamb\u00e9m come\u00e7aram a levantar material para desenvolver um relat\u00f3rio alternativo, j\u00e1 antevendo os ataques que devem vir na proposta de Renan. Paralelamente, a Casa Civil tamb\u00e9m tem feito internamente anota\u00e7\u00f5es referentes a atitudes de Renan durante a CPI.<\/p>\n<p>Carla Zambelli j\u00e1 havia tentado, por via judicial, sem sucesso, impedir que Renan Calheiros assumisse a relatoria antes de a CPI ser instalada. A nova ofensiva judicial de Zambelli contra Renan dever\u00e1 ocorrer assim que o relat\u00f3rio do senador for apresentado.<\/p>\n<p>\u2014 A CPI \u00e9 100% suspeita. O relator amea\u00e7a e fica nervoso quando o depoente n\u00e3o bate no presidente Jair Bolsonaro. Mesmo antes da coleta de depoimentos e do avan\u00e7o das investiga\u00e7\u00f5es, j\u00e1 percebemos o pr\u00e9-julgamento que tem como foco o presidente quando o relator falou, no discurso de abertura, em apurar se \u201chouve genoc\u00eddio\u201d, argumenta Zambelli, afirmando que Renan pediu a pris\u00e3o do ex-secret\u00e1rio de Comunica\u00e7\u00e3o Fabio Wajngarten para amea\u00e7\u00e1-lo e intimid\u00e1-lo.<\/p>\n<p>Uma das declara\u00e7\u00f5es de Renan Calheiros coletadas por Carla Zambelli \u00e9 referente ao discurso de abertura do relator, em 17 de abril. Disse Renan: \u201cNa pandemia, o minist\u00e9rio foi entregue a um n\u00e3o especialista, um general. O resultado fala por si: no pior dia da Covid, em apenas quatro horas, o n\u00famero de brasileiros mortos foi igual a todos que tombaram nos campos de batalha da segunda guerra\u201d. Para Carla Zambelli, essa fala configuraria \u201cum dos prejulgamentos\u201d feitos por Renan.<\/p>\n<p>Vice-l\u00edder do governo no Congresso, Marcos Rog\u00e9rio (DEM-RO) tamb\u00e9m segue a mesma linha de Zambelli.<\/p>\n<p>\u2014 Pelo visto, o depoimento s\u00f3 \u00e9 bom quando responde o que o relator quer ouvir. Se n\u00e3o confirma o que ele quer, ent\u00e3o n\u00e3o \u00e9 bom. N\u00e3o serve. \u00c9 n\u00edtido que o relator j\u00e1 tem um relat\u00f3rio pronto e s\u00f3 quer que as testemunhas preencham as lacunas da forma que lhe conv\u00e9m, disse Marcos Rog\u00e9rio.<\/p>\n<p>Outro trecho do documento em elabora\u00e7\u00e3o por Zambelli trata do depoimento de Wajngarten: \u201cSe o secret\u00e1rio mentiu, ter\u00e1 desprestigiado e mentido ao Congresso Nacional (\u2026) Se ele mentiu \u00e0 Revista Veja e a esta comiss\u00e3o, vou requerer \u00e0 vossa excel\u00eancia a pris\u00e3o do depoente\u201d. A deputada pretende usar esse trecho para argumentar que houve tentativa de amea\u00e7a e intimida\u00e7\u00e3o da testemunha.<\/p>\n<p>Para o senador Fl\u00e1vio Bolsonaro (Republicanos-RJ), a iniciativa de Zambelli de coletar falas de Renan Calheiros durante a CPI \u00e9 v\u00e1lida.<\/p>\n<p>\u2014 Acredito que n\u00e3o v\u00e1 ser preciso ingressar na Justi\u00e7a, porque o presidente Jair Bolsonaro n\u00e3o cometeu crime algum. Mas \u00e9 bom que seja registrada a forma totalmente parcial com que o relator tem atuado na CPI.<\/p>\n","protected":false},"excerpt":{"rendered":"<p>Parlamentares governistas preparam um documento para pleitear na Justi\u00e7a a parcialidade do senador Renan Calheiros (MDB-AL) como relator da CPI da Covid. Trata-se de uma colet\u00e2nea de declara\u00e7\u00f5es dadas por Renan durante as sess\u00f5es da comiss\u00e3o que revelariam a suposta inten\u00e7\u00e3o de prejulgar o presidente Jair Bolsonaro. A iniciativa da deputada federal Carla Zambelli (PSL-SP) conta com o apoio de deputados e senadores alinhados com o Planalto. Integrantes da comiss\u00e3o tamb\u00e9m come\u00e7aram a levantar material para desenvolver um relat\u00f3rio alternativo, j\u00e1 antevendo os ataques que devem vir na proposta de Renan. Paralelamente, a Casa Civil tamb\u00e9m tem feito internamente anota\u00e7\u00f5es [&hellip;]<\/p>\n","protected":false},"author":2,"featured_media":5688,"comment_status":"open","ping_status":"open","sticky":false,"template":"","format":"standard","meta":{"_jetpack_memberships_contains_paid_content":false,"footnotes":"","jetpack_publicize_message":"","jetpack_publicize_feature_enabled":true,"jetpack_social_post_already_shared":true,"jetpack_social_options":{"image_generator_settings":{"template":"highway","enabled":false},"version":2}},"categories":[2],"tags":[],"class_list":["post-5925","post","type-post","status-publish","format-standard","has-post-thumbnail","hentry","category-noticias"],"jetpack_publicize_connections":[],"yoast_head":"<!-- This site is optimized with the Yoast SEO plugin v24.7 - https:\/\/yoast.com\/wordpress\/plugins\/seo\/ -->\n<title>Governistas se preparam para questionar parcialidade de Renan como relator da CPI da Covid - Serra FM 87,9<\/title>\n<meta name=\"robots\" content=\"index, follow, max-snippet:-1, max-image-preview:large, max-video-preview:-1\" \/>\n<link rel=\"canonical\" href=\"https:\/\/serrafm879.com.br\/serrafm\/2021\/05\/governistas-se-preparam-para-questionar-parcialidade-de-renan-como-relator-da-cpi-da-covid\/\" \/>\n<meta property=\"og:locale\" content=\"pt_BR\" \/>\n<meta property=\"og:type\" content=\"article\" \/>\n<meta property=\"og:title\" content=\"Governistas se preparam para questionar parcialidade de Renan como relator da CPI da Covid - Serra FM 87,9\" \/>\n<meta property=\"og:description\" content=\"Parlamentares governistas preparam um documento para pleitear na Justi\u00e7a a parcialidade do senador Renan Calheiros (MDB-AL) como relator da CPI da Covid. Trata-se de uma colet\u00e2nea de declara\u00e7\u00f5es dadas por Renan durante as sess\u00f5es da comiss\u00e3o que revelariam a suposta inten\u00e7\u00e3o de prejulgar o presidente Jair Bolsonaro. A iniciativa da deputada federal Carla Zambelli (PSL-SP) conta com o apoio de deputados e senadores alinhados com o Planalto. Integrantes da comiss\u00e3o tamb\u00e9m come\u00e7aram a levantar material para desenvolver um relat\u00f3rio alternativo, j\u00e1 antevendo os ataques que devem vir na proposta de Renan. Paralelamente, a Casa Civil tamb\u00e9m tem feito internamente anota\u00e7\u00f5es [&hellip;]\" \/>\n<meta property=\"og:url\" content=\"https:\/\/serrafm879.com.br\/serrafm\/2021\/05\/governistas-se-preparam-para-questionar-parcialidade-de-renan-como-relator-da-cpi-da-covid\/\" \/>\n<meta property=\"og:site_name\" content=\"Serra FM 87,9\" \/>\n<meta property=\"article:published_time\" content=\"2021-05-18T07:41:18+00:00\" \/>\n<meta property=\"og:image\" content=\"https:\/\/serrafm879.com.br\/serrafm\/wp-content\/uploads\/2021\/04\/renam.jpeg\" \/>\n\t<meta property=\"og:image:width\" content=\"804\" \/>\n\t<meta property=\"og:image:height\" content=\"536\" \/>\n\t<meta property=\"og:image:type\" content=\"image\/jpeg\" \/>\n<meta name=\"author\" content=\"serrafm87\" \/>\n<meta name=\"twitter:card\" content=\"summary_large_image\" \/>\n<meta name=\"twitter:label1\" content=\"Escrito por\" \/>\n\t<meta name=\"twitter:data1\" content=\"serrafm87\" \/>\n\t<meta name=\"twitter:label2\" content=\"Est. tempo de leitura\" \/>\n\t<meta name=\"twitter:data2\" content=\"3 minutos\" \/>\n<script type=\"application\/ld+json\" class=\"yoast-schema-graph\">{\"@context\":\"https:\/\/schema.org\",\"@graph\":[{\"@type\":\"WebPage\",\"@id\":\"https:\/\/serrafm879.com.br\/serrafm\/2021\/05\/governistas-se-preparam-para-questionar-parcialidade-de-renan-como-relator-da-cpi-da-covid\/\",\"url\":\"https:\/\/serrafm879.com.br\/serrafm\/2021\/05\/governistas-se-preparam-para-questionar-parcialidade-de-renan-como-relator-da-cpi-da-covid\/\",\"name\":\"Governistas se preparam para questionar parcialidade de Renan como relator da CPI da Covid - Serra FM 87,9\",\"isPartOf\":{\"@id\":\"https:\/\/serrafm879.com.br\/serrafm\/#website\"},\"primaryImageOfPage\":{\"@id\":\"https:\/\/serrafm879.com.br\/serrafm\/2021\/05\/governistas-se-preparam-para-questionar-parcialidade-de-renan-como-relator-da-cpi-da-covid\/#primaryimage\"},\"image\":{\"@id\":\"https:\/\/serrafm879.com.br\/serrafm\/2021\/05\/governistas-se-preparam-para-questionar-parcialidade-de-renan-como-relator-da-cpi-da-covid\/#primaryimage\"},\"thumbnailUrl\":\"https:\/\/serrafm879.com.br\/serrafm\/wp-content\/uploads\/2021\/04\/renam.jpeg\",\"datePublished\":\"2021-05-18T07:41:18+00:00\",\"author\":{\"@id\":\"https:\/\/serrafm879.com.br\/serrafm\/#\/schema\/person\/c028a197030ff8b1c03c68dfba4a787a\"},\"breadcrumb\":{\"@id\":\"https:\/\/serrafm879.com.br\/serrafm\/2021\/05\/governistas-se-preparam-para-questionar-parcialidade-de-renan-como-relator-da-cpi-da-covid\/#breadcrumb\"},\"inLanguage\":\"pt-BR\",\"potentialAction\":[{\"@type\":\"ReadAction\",\"target\":[\"https:\/\/serrafm879.com.br\/serrafm\/2021\/05\/governistas-se-preparam-para-questionar-parcialidade-de-renan-como-relator-da-cpi-da-covid\/\"]}]},{\"@type\":\"ImageObject\",\"inLanguage\":\"pt-BR\",\"@id\":\"https:\/\/serrafm879.com.br\/serrafm\/2021\/05\/governistas-se-preparam-para-questionar-parcialidade-de-renan-como-relator-da-cpi-da-covid\/#primaryimage\",\"url\":\"https:\/\/serrafm879.com.br\/serrafm\/wp-content\/uploads\/2021\/04\/renam.jpeg\",\"contentUrl\":\"https:\/\/serrafm879.com.br\/serrafm\/wp-content\/uploads\/2021\/04\/renam.jpeg\",\"width\":804,\"height\":536},{\"@type\":\"BreadcrumbList\",\"@id\":\"https:\/\/serrafm879.com.br\/serrafm\/2021\/05\/governistas-se-preparam-para-questionar-parcialidade-de-renan-como-relator-da-cpi-da-covid\/#breadcrumb\",\"itemListElement\":[{\"@type\":\"ListItem\",\"position\":1,\"name\":\"In\u00edcio\",\"item\":\"https:\/\/serrafm879.com.br\/serrafm\/\"},{\"@type\":\"ListItem\",\"position\":2,\"name\":\"Governistas se preparam para questionar parcialidade de Renan como relator da CPI da Covid\"}]},{\"@type\":\"WebSite\",\"@id\":\"https:\/\/serrafm879.com.br\/serrafm\/#website\",\"url\":\"https:\/\/serrafm879.com.br\/serrafm\/\",\"name\":\"Serra FM 87,9\",\"description\":\"O seu novo amor!\",\"potentialAction\":[{\"@type\":\"SearchAction\",\"target\":{\"@type\":\"EntryPoint\",\"urlTemplate\":\"https:\/\/serrafm879.com.br\/serrafm\/?s={search_term_string}\"},\"query-input\":{\"@type\":\"PropertyValueSpecification\",\"valueRequired\":true,\"valueName\":\"search_term_string\"}}],\"inLanguage\":\"pt-BR\"},{\"@type\":\"Person\",\"@id\":\"https:\/\/serrafm879.com.br\/serrafm\/#\/schema\/person\/c028a197030ff8b1c03c68dfba4a787a\",\"name\":\"serrafm87\",\"image\":{\"@type\":\"ImageObject\",\"inLanguage\":\"pt-BR\",\"@id\":\"https:\/\/serrafm879.com.br\/serrafm\/#\/schema\/person\/image\/\",\"url\":\"https:\/\/secure.gravatar.com\/avatar\/a743233f1112d34f48bb3dc9559b76eb930bab8b27175856cba6362608736235?s=96&d=mm&r=g\",\"contentUrl\":\"https:\/\/secure.gravatar.com\/avatar\/a743233f1112d34f48bb3dc9559b76eb930bab8b27175856cba6362608736235?s=96&d=mm&r=g\",\"caption\":\"serrafm87\"},\"sameAs\":[\"http:\/\/serrafm879.com.br\/\"],\"url\":\"https:\/\/serrafm879.com.br\/serrafm\/author\/serrafm87\/\"}]}<\/script>\n<!-- \/ Yoast SEO plugin. -->","yoast_head_json":{"title":"Governistas se preparam para questionar parcialidade de Renan como relator da CPI da Covid - Serra FM 87,9","robots":{"index":"index","follow":"follow","max-snippet":"max-snippet:-1","max-image-preview":"max-image-preview:large","max-video-preview":"max-video-preview:-1"},"canonical":"https:\/\/serrafm879.com.br\/serrafm\/2021\/05\/governistas-se-preparam-para-questionar-parcialidade-de-renan-como-relator-da-cpi-da-covid\/","og_locale":"pt_BR","og_type":"article","og_title":"Governistas se preparam para questionar parcialidade de Renan como relator da CPI da Covid - Serra FM 87,9","og_description":"Parlamentares governistas preparam um documento para pleitear na Justi\u00e7a a parcialidade do senador Renan Calheiros (MDB-AL) como relator da CPI da Covid. Trata-se de uma colet\u00e2nea de declara\u00e7\u00f5es dadas por Renan durante as sess\u00f5es da comiss\u00e3o que revelariam a suposta inten\u00e7\u00e3o de prejulgar o presidente Jair Bolsonaro. A iniciativa da deputada federal Carla Zambelli (PSL-SP) conta com o apoio de deputados e senadores alinhados com o Planalto. Integrantes da comiss\u00e3o tamb\u00e9m come\u00e7aram a levantar material para desenvolver um relat\u00f3rio alternativo, j\u00e1 antevendo os ataques que devem vir na proposta de Renan. Paralelamente, a Casa Civil tamb\u00e9m tem feito internamente anota\u00e7\u00f5es [&hellip;]","og_url":"https:\/\/serrafm879.com.br\/serrafm\/2021\/05\/governistas-se-preparam-para-questionar-parcialidade-de-renan-como-relator-da-cpi-da-covid\/","og_site_name":"Serra FM 87,9","article_published_time":"2021-05-18T07:41:18+00:00","og_image":[{"width":804,"height":536,"url":"https:\/\/serrafm879.com.br\/serrafm\/wp-content\/uploads\/2021\/04\/renam.jpeg","type":"image\/jpeg"}],"author":"serrafm87","twitter_card":"summary_large_image","twitter_misc":{"Escrito por":"serrafm87","Est. tempo de leitura":"3 minutos"},"schema":{"@context":"https:\/\/schema.org","@graph":[{"@type":"WebPage","@id":"https:\/\/serrafm879.com.br\/serrafm\/2021\/05\/governistas-se-preparam-para-questionar-parcialidade-de-renan-como-relator-da-cpi-da-covid\/","url":"https:\/\/serrafm879.com.br\/serrafm\/2021\/05\/governistas-se-preparam-para-questionar-parcialidade-de-renan-como-relator-da-cpi-da-covid\/","name":"Governistas se preparam para questionar parcialidade de Renan como relator da CPI da Covid - Serra FM 87,9","isPartOf":{"@id":"https:\/\/serrafm879.com.br\/serrafm\/#website"},"primaryImageOfPage":{"@id":"https:\/\/serrafm879.com.br\/serrafm\/2021\/05\/governistas-se-preparam-para-questionar-parcialidade-de-renan-como-relator-da-cpi-da-covid\/#primaryimage"},"image":{"@id":"https:\/\/serrafm879.com.br\/serrafm\/2021\/05\/governistas-se-preparam-para-questionar-parcialidade-de-renan-como-relator-da-cpi-da-covid\/#primaryimage"},"thumbnailUrl":"https:\/\/serrafm879.com.br\/serrafm\/wp-content\/uploads\/2021\/04\/renam.jpeg","datePublished":"2021-05-18T07:41:18+00:00","author":{"@id":"https:\/\/serrafm879.com.br\/serrafm\/#\/schema\/person\/c028a197030ff8b1c03c68dfba4a787a"},"breadcrumb":{"@id":"https:\/\/serrafm879.com.br\/serrafm\/2021\/05\/governistas-se-preparam-para-questionar-parcialidade-de-renan-como-relator-da-cpi-da-covid\/#breadcrumb"},"inLanguage":"pt-BR","potentialAction":[{"@type":"ReadAction","target":["https:\/\/serrafm879.com.br\/serrafm\/2021\/05\/governistas-se-preparam-para-questionar-parcialidade-de-renan-como-relator-da-cpi-da-covid\/"]}]},{"@type":"ImageObject","inLanguage":"pt-BR","@id":"https:\/\/serrafm879.com.br\/serrafm\/2021\/05\/governistas-se-preparam-para-questionar-parcialidade-de-renan-como-relator-da-cpi-da-covid\/#primaryimage","url":"https:\/\/serrafm879.com.br\/serrafm\/wp-content\/uploads\/2021\/04\/renam.jpeg","contentUrl":"https:\/\/serrafm879.com.br\/serrafm\/wp-content\/uploads\/2021\/04\/renam.jpeg","width":804,"height":536},{"@type":"BreadcrumbList","@id":"https:\/\/serrafm879.com.br\/serrafm\/2021\/05\/governistas-se-preparam-para-questionar-parcialidade-de-renan-como-relator-da-cpi-da-covid\/#breadcrumb","itemListElement":[{"@type":"ListItem","position":1,"name":"In\u00edcio","item":"https:\/\/serrafm879.com.br\/serrafm\/"},{"@type":"ListItem","position":2,"name":"Governistas se preparam para questionar parcialidade de Renan como relator da CPI da Covid"}]},{"@type":"WebSite","@id":"https:\/\/serrafm879.com.br\/serrafm\/#website","url":"https:\/\/serrafm879.com.br\/serrafm\/","name":"Serra FM 87,9","description":"O seu novo amor!","potentialAction":[{"@type":"SearchAction","target":{"@type":"EntryPoint","urlTemplate":"https:\/\/serrafm879.com.br\/serrafm\/?s={search_term_string}"},"query-input":{"@type":"PropertyValueSpecification","valueRequired":true,"valueName":"search_term_string"}}],"inLanguage":"pt-BR"},{"@type":"Person","@id":"https:\/\/serrafm879.com.br\/serrafm\/#\/schema\/person\/c028a197030ff8b1c03c68dfba4a787a","name":"serrafm87","image":{"@type":"ImageObject","inLanguage":"pt-BR","@id":"https:\/\/serrafm879.com.br\/serrafm\/#\/schema\/person\/image\/","url":"https:\/\/secure.gravatar.com\/avatar\/a743233f1112d34f48bb3dc9559b76eb930bab8b27175856cba6362608736235?s=96&d=mm&r=g","contentUrl":"https:\/\/secure.gravatar.com\/avatar\/a743233f1112d34f48bb3dc9559b76eb930bab8b27175856cba6362608736235?s=96&d=mm&r=g","caption":"serrafm87"},"sameAs":["http:\/\/serrafm879.com.br\/"],"url":"https:\/\/serrafm879.com.br\/serrafm\/author\/serrafm87\/"}]}},"jetpack_featured_media_url":"https:\/\/serrafm879.com.br\/serrafm\/wp-content\/uploads\/2021\/04\/renam.jpeg","jetpack_shortlink":"https:\/\/wp.me\/p7HyXg-1xz","jetpack_sharing_enabled":true,"_links":{"self":[{"href":"https:\/\/serrafm879.com.br\/serrafm\/wp-json\/wp\/v2\/posts\/5925","targetHints":{"allow":["GET"]}}],"collection":[{"href":"https:\/\/serrafm879.com.br\/serrafm\/wp-json\/wp\/v2\/posts"}],"about":[{"href":"https:\/\/serrafm879.com.br\/serrafm\/wp-json\/wp\/v2\/types\/post"}],"author":[{"embeddable":true,"href":"https:\/\/serrafm879.com.br\/serrafm\/wp-json\/wp\/v2\/users\/2"}],"replies":[{"embeddable":true,"href":"https:\/\/serrafm879.com.br\/serrafm\/wp-json\/wp\/v2\/comments?post=5925"}],"version-history":[{"count":1,"href":"https:\/\/serrafm879.com.br\/serrafm\/wp-json\/wp\/v2\/posts\/5925\/revisions"}],"predecessor-version":[{"id":5926,"href":"https:\/\/serrafm879.com.br\/serrafm\/wp-json\/wp\/v2\/posts\/5925\/revisions\/5926"}],"wp:featuredmedia":[{"embeddable":true,"href":"https:\/\/serrafm879.com.br\/serrafm\/wp-json\/wp\/v2\/media\/5688"}],"wp:attachment":[{"href":"https:\/\/serrafm879.com.br\/serrafm\/wp-json\/wp\/v2\/media?parent=5925"}],"wp:term":[{"taxonomy":"category","embeddable":true,"href":"https:\/\/serrafm879.com.br\/serrafm\/wp-json\/wp\/v2\/categories?post=5925"},{"taxonomy":"post_tag","embeddable":true,"href":"https:\/\/serrafm879.com.br\/serrafm\/wp-json\/wp\/v2\/tags?post=5925"}],"curies":[{"name":"wp","href":"https:\/\/api.w.org\/{rel}","templated":true}]}}