{"id":5930,"date":"2021-05-18T04:43:59","date_gmt":"2021-05-18T07:43:59","guid":{"rendered":"https:\/?p=5930"},"modified":"2021-05-18T04:43:59","modified_gmt":"2021-05-18T07:43:59","slug":"ministerio-do-desenvolvimento-regional-reconhece-situacao-de-emergencia-em-11-municipios-de-sete-estados","status":"publish","type":"post","link":"https:\/\/serrafm879.com.br\/serrafm\/2021\/05\/ministerio-do-desenvolvimento-regional-reconhece-situacao-de-emergencia-em-11-municipios-de-sete-estados\/","title":{"rendered":"Minist\u00e9rio do Desenvolvimento Regional reconhece situa\u00e7\u00e3o de emerg\u00eancia em 11 munic\u00edpios de sete estados"},"content":{"rendered":"<p>A Defesa Civil Nacional reconheceu a situa\u00e7\u00e3o de emerg\u00eancia em 11 cidades do Pa\u00eds. Em oito delas, a causa foi \u00e0 estiagem. Est\u00e3o nessa situa\u00e7\u00e3o as cidades de Brumado, Candiba, Lagoa Real e Planaltino, na Bahia.\u00a0Arvoredo, Conc\u00f3rdia e Cordilheira, em Santa Catarina.\u00a0E Pedra Preta, no Rio Grande do Norte.<\/p>\n<p>As outras cidades com situa\u00e7\u00e3o de emerg\u00eancia reconhecida foram Trizidela do Vale, no Maranh\u00e3o, por conta de inunda\u00e7\u00f5es.\u00a0Bai\u00e3o, no Par\u00e1, que passou por chuvas intensas.\u00a0E Dom Cavati, em Minas Gerais, onde foram registrados vendavais.<\/p>\n<p>Com o reconhecimento federal, os munic\u00edpios podem ter acesso a recursos, como explica Karine Lopes, diretora de Articula\u00e7\u00e3o e Gest\u00e3o da Secretaria Nacional de Prote\u00e7\u00e3o e Defesa Civil do Minist\u00e9rio do Desenvolvimento Regional.<\/p>\n<p>\u201cOs munic\u00edpios que tiveram reconhecimento federal de situa\u00e7\u00e3o de emerg\u00eancia podem fazer a solicita\u00e7\u00e3o de recursos para as a\u00e7\u00f5es de resposta, que compreendem socorro, assist\u00eancia e restabelecimento de servi\u00e7os essenciais e tamb\u00e9m para as a\u00e7\u00f5es de recupera\u00e7\u00e3o. Os pedidos devem ser encaminhados via S2id, que \u00e9 a principal plataforma do Sistema Nacional de Prote\u00e7\u00e3o e Defesa Civil\u201d.<\/p>\n","protected":false},"excerpt":{"rendered":"<p>A Defesa Civil Nacional reconheceu a situa\u00e7\u00e3o de emerg\u00eancia em 11 cidades do Pa\u00eds. Em oito delas, a causa foi \u00e0 estiagem. Est\u00e3o nessa situa\u00e7\u00e3o as cidades de Brumado, Candiba, Lagoa Real e Planaltino, na Bahia.\u00a0Arvoredo, Conc\u00f3rdia e Cordilheira, em Santa Catarina.\u00a0E Pedra Preta, no Rio Grande do Norte. As outras cidades com situa\u00e7\u00e3o de emerg\u00eancia reconhecida foram Trizidela do Vale, no Maranh\u00e3o, por conta de inunda\u00e7\u00f5es.\u00a0Bai\u00e3o, no Par\u00e1, que passou por chuvas intensas.\u00a0E Dom Cavati, em Minas Gerais, onde foram registrados vendavais. Com o reconhecimento federal, os munic\u00edpios podem ter acesso a recursos, como explica Karine Lopes, diretora de [&hellip;]<\/p>\n","protected":false},"author":2,"featured_media":5167,"comment_status":"open","ping_status":"open","sticky":false,"template":"","format":"standard","meta":{"_jetpack_memberships_contains_paid_content":false,"footnotes":"","jetpack_publicize_message":"","jetpack_publicize_feature_enabled":true,"jetpack_social_post_already_shared":true,"jetpack_social_options":{"image_generator_settings":{"template":"highway","enabled":false},"version":2}},"categories":[2],"tags":[],"class_list":["post-5930","post","type-post","status-publish","format-standard","has-post-thumbnail","hentry","category-noticias"],"jetpack_publicize_connections":[],"yoast_head":"<!-- This site is optimized with the Yoast SEO plugin v24.7 - https:\/\/yoast.com\/wordpress\/plugins\/seo\/ -->\n<title>Minist\u00e9rio do Desenvolvimento Regional reconhece situa\u00e7\u00e3o de emerg\u00eancia em 11 munic\u00edpios de sete estados - Serra FM 87,9<\/title>\n<meta name=\"robots\" content=\"index, follow, max-snippet:-1, max-image-preview:large, max-video-preview:-1\" \/>\n<link rel=\"canonical\" href=\"https:\/\/serrafm879.com.br\/serrafm\/2021\/05\/ministerio-do-desenvolvimento-regional-reconhece-situacao-de-emergencia-em-11-municipios-de-sete-estados\/\" \/>\n<meta property=\"og:locale\" content=\"pt_BR\" \/>\n<meta property=\"og:type\" content=\"article\" \/>\n<meta property=\"og:title\" content=\"Minist\u00e9rio do Desenvolvimento Regional reconhece situa\u00e7\u00e3o de emerg\u00eancia em 11 munic\u00edpios de sete estados - Serra FM 87,9\" \/>\n<meta property=\"og:description\" content=\"A Defesa Civil Nacional reconheceu a situa\u00e7\u00e3o de emerg\u00eancia em 11 cidades do Pa\u00eds. Em oito delas, a causa foi \u00e0 estiagem. Est\u00e3o nessa situa\u00e7\u00e3o as cidades de Brumado, Candiba, Lagoa Real e Planaltino, na Bahia.\u00a0Arvoredo, Conc\u00f3rdia e Cordilheira, em Santa Catarina.\u00a0E Pedra Preta, no Rio Grande do Norte. As outras cidades com situa\u00e7\u00e3o de emerg\u00eancia reconhecida foram Trizidela do Vale, no Maranh\u00e3o, por conta de inunda\u00e7\u00f5es.\u00a0Bai\u00e3o, no Par\u00e1, que passou por chuvas intensas.\u00a0E Dom Cavati, em Minas Gerais, onde foram registrados vendavais. Com o reconhecimento federal, os munic\u00edpios podem ter acesso a recursos, como explica Karine Lopes, diretora de [&hellip;]\" \/>\n<meta property=\"og:url\" content=\"https:\/\/serrafm879.com.br\/serrafm\/2021\/05\/ministerio-do-desenvolvimento-regional-reconhece-situacao-de-emergencia-em-11-municipios-de-sete-estados\/\" \/>\n<meta property=\"og:site_name\" content=\"Serra FM 87,9\" \/>\n<meta property=\"article:published_time\" content=\"2021-05-18T07:43:59+00:00\" \/>\n<meta property=\"og:image\" content=\"https:\/\/serrafm879.com.br\/serrafm\/wp-content\/uploads\/2021\/03\/serrafm.jpg\" \/>\n\t<meta property=\"og:image:width\" content=\"800\" \/>\n\t<meta property=\"og:image:height\" content=\"400\" \/>\n\t<meta property=\"og:image:type\" content=\"image\/jpeg\" \/>\n<meta name=\"author\" content=\"serrafm87\" \/>\n<meta name=\"twitter:card\" content=\"summary_large_image\" \/>\n<meta name=\"twitter:label1\" content=\"Escrito por\" \/>\n\t<meta name=\"twitter:data1\" content=\"serrafm87\" \/>\n\t<meta name=\"twitter:label2\" content=\"Est. tempo de leitura\" \/>\n\t<meta name=\"twitter:data2\" content=\"1 minuto\" \/>\n<script type=\"application\/ld+json\" class=\"yoast-schema-graph\">{\"@context\":\"https:\/\/schema.org\",\"@graph\":[{\"@type\":\"WebPage\",\"@id\":\"https:\/\/serrafm879.com.br\/serrafm\/2021\/05\/ministerio-do-desenvolvimento-regional-reconhece-situacao-de-emergencia-em-11-municipios-de-sete-estados\/\",\"url\":\"https:\/\/serrafm879.com.br\/serrafm\/2021\/05\/ministerio-do-desenvolvimento-regional-reconhece-situacao-de-emergencia-em-11-municipios-de-sete-estados\/\",\"name\":\"Minist\u00e9rio do Desenvolvimento Regional reconhece situa\u00e7\u00e3o de emerg\u00eancia em 11 munic\u00edpios de sete estados - Serra FM 87,9\",\"isPartOf\":{\"@id\":\"https:\/\/serrafm879.com.br\/serrafm\/#website\"},\"primaryImageOfPage\":{\"@id\":\"https:\/\/serrafm879.com.br\/serrafm\/2021\/05\/ministerio-do-desenvolvimento-regional-reconhece-situacao-de-emergencia-em-11-municipios-de-sete-estados\/#primaryimage\"},\"image\":{\"@id\":\"https:\/\/serrafm879.com.br\/serrafm\/2021\/05\/ministerio-do-desenvolvimento-regional-reconhece-situacao-de-emergencia-em-11-municipios-de-sete-estados\/#primaryimage\"},\"thumbnailUrl\":\"https:\/\/serrafm879.com.br\/serrafm\/wp-content\/uploads\/2021\/03\/serrafm.jpg\",\"datePublished\":\"2021-05-18T07:43:59+00:00\",\"author\":{\"@id\":\"https:\/\/serrafm879.com.br\/serrafm\/#\/schema\/person\/c028a197030ff8b1c03c68dfba4a787a\"},\"breadcrumb\":{\"@id\":\"https:\/\/serrafm879.com.br\/serrafm\/2021\/05\/ministerio-do-desenvolvimento-regional-reconhece-situacao-de-emergencia-em-11-municipios-de-sete-estados\/#breadcrumb\"},\"inLanguage\":\"pt-BR\",\"potentialAction\":[{\"@type\":\"ReadAction\",\"target\":[\"https:\/\/serrafm879.com.br\/serrafm\/2021\/05\/ministerio-do-desenvolvimento-regional-reconhece-situacao-de-emergencia-em-11-municipios-de-sete-estados\/\"]}]},{\"@type\":\"ImageObject\",\"inLanguage\":\"pt-BR\",\"@id\":\"https:\/\/serrafm879.com.br\/serrafm\/2021\/05\/ministerio-do-desenvolvimento-regional-reconhece-situacao-de-emergencia-em-11-municipios-de-sete-estados\/#primaryimage\",\"url\":\"https:\/\/serrafm879.com.br\/serrafm\/wp-content\/uploads\/2021\/03\/serrafm.jpg\",\"contentUrl\":\"https:\/\/serrafm879.com.br\/serrafm\/wp-content\/uploads\/2021\/03\/serrafm.jpg\",\"width\":800,\"height\":400},{\"@type\":\"BreadcrumbList\",\"@id\":\"https:\/\/serrafm879.com.br\/serrafm\/2021\/05\/ministerio-do-desenvolvimento-regional-reconhece-situacao-de-emergencia-em-11-municipios-de-sete-estados\/#breadcrumb\",\"itemListElement\":[{\"@type\":\"ListItem\",\"position\":1,\"name\":\"In\u00edcio\",\"item\":\"https:\/\/serrafm879.com.br\/serrafm\/\"},{\"@type\":\"ListItem\",\"position\":2,\"name\":\"Minist\u00e9rio do Desenvolvimento Regional reconhece situa\u00e7\u00e3o de emerg\u00eancia em 11 munic\u00edpios de sete estados\"}]},{\"@type\":\"WebSite\",\"@id\":\"https:\/\/serrafm879.com.br\/serrafm\/#website\",\"url\":\"https:\/\/serrafm879.com.br\/serrafm\/\",\"name\":\"Serra FM 87,9\",\"description\":\"O seu novo amor!\",\"potentialAction\":[{\"@type\":\"SearchAction\",\"target\":{\"@type\":\"EntryPoint\",\"urlTemplate\":\"https:\/\/serrafm879.com.br\/serrafm\/?s={search_term_string}\"},\"query-input\":{\"@type\":\"PropertyValueSpecification\",\"valueRequired\":true,\"valueName\":\"search_term_string\"}}],\"inLanguage\":\"pt-BR\"},{\"@type\":\"Person\",\"@id\":\"https:\/\/serrafm879.com.br\/serrafm\/#\/schema\/person\/c028a197030ff8b1c03c68dfba4a787a\",\"name\":\"serrafm87\",\"image\":{\"@type\":\"ImageObject\",\"inLanguage\":\"pt-BR\",\"@id\":\"https:\/\/serrafm879.com.br\/serrafm\/#\/schema\/person\/image\/\",\"url\":\"https:\/\/secure.gravatar.com\/avatar\/a743233f1112d34f48bb3dc9559b76eb930bab8b27175856cba6362608736235?s=96&d=mm&r=g\",\"contentUrl\":\"https:\/\/secure.gravatar.com\/avatar\/a743233f1112d34f48bb3dc9559b76eb930bab8b27175856cba6362608736235?s=96&d=mm&r=g\",\"caption\":\"serrafm87\"},\"sameAs\":[\"http:\/\/serrafm879.com.br\/\"],\"url\":\"https:\/\/serrafm879.com.br\/serrafm\/author\/serrafm87\/\"}]}<\/script>\n<!-- \/ Yoast SEO plugin. -->","yoast_head_json":{"title":"Minist\u00e9rio do Desenvolvimento Regional reconhece situa\u00e7\u00e3o de emerg\u00eancia em 11 munic\u00edpios de sete estados - Serra FM 87,9","robots":{"index":"index","follow":"follow","max-snippet":"max-snippet:-1","max-image-preview":"max-image-preview:large","max-video-preview":"max-video-preview:-1"},"canonical":"https:\/\/serrafm879.com.br\/serrafm\/2021\/05\/ministerio-do-desenvolvimento-regional-reconhece-situacao-de-emergencia-em-11-municipios-de-sete-estados\/","og_locale":"pt_BR","og_type":"article","og_title":"Minist\u00e9rio do Desenvolvimento Regional reconhece situa\u00e7\u00e3o de emerg\u00eancia em 11 munic\u00edpios de sete estados - Serra FM 87,9","og_description":"A Defesa Civil Nacional reconheceu a situa\u00e7\u00e3o de emerg\u00eancia em 11 cidades do Pa\u00eds. Em oito delas, a causa foi \u00e0 estiagem. Est\u00e3o nessa situa\u00e7\u00e3o as cidades de Brumado, Candiba, Lagoa Real e Planaltino, na Bahia.\u00a0Arvoredo, Conc\u00f3rdia e Cordilheira, em Santa Catarina.\u00a0E Pedra Preta, no Rio Grande do Norte. As outras cidades com situa\u00e7\u00e3o de emerg\u00eancia reconhecida foram Trizidela do Vale, no Maranh\u00e3o, por conta de inunda\u00e7\u00f5es.\u00a0Bai\u00e3o, no Par\u00e1, que passou por chuvas intensas.\u00a0E Dom Cavati, em Minas Gerais, onde foram registrados vendavais. Com o reconhecimento federal, os munic\u00edpios podem ter acesso a recursos, como explica Karine Lopes, diretora de [&hellip;]","og_url":"https:\/\/serrafm879.com.br\/serrafm\/2021\/05\/ministerio-do-desenvolvimento-regional-reconhece-situacao-de-emergencia-em-11-municipios-de-sete-estados\/","og_site_name":"Serra FM 87,9","article_published_time":"2021-05-18T07:43:59+00:00","og_image":[{"width":800,"height":400,"url":"https:\/\/serrafm879.com.br\/serrafm\/wp-content\/uploads\/2021\/03\/serrafm.jpg","type":"image\/jpeg"}],"author":"serrafm87","twitter_card":"summary_large_image","twitter_misc":{"Escrito por":"serrafm87","Est. tempo de leitura":"1 minuto"},"schema":{"@context":"https:\/\/schema.org","@graph":[{"@type":"WebPage","@id":"https:\/\/serrafm879.com.br\/serrafm\/2021\/05\/ministerio-do-desenvolvimento-regional-reconhece-situacao-de-emergencia-em-11-municipios-de-sete-estados\/","url":"https:\/\/serrafm879.com.br\/serrafm\/2021\/05\/ministerio-do-desenvolvimento-regional-reconhece-situacao-de-emergencia-em-11-municipios-de-sete-estados\/","name":"Minist\u00e9rio do Desenvolvimento Regional reconhece situa\u00e7\u00e3o de emerg\u00eancia em 11 munic\u00edpios de sete estados - Serra FM 87,9","isPartOf":{"@id":"https:\/\/serrafm879.com.br\/serrafm\/#website"},"primaryImageOfPage":{"@id":"https:\/\/serrafm879.com.br\/serrafm\/2021\/05\/ministerio-do-desenvolvimento-regional-reconhece-situacao-de-emergencia-em-11-municipios-de-sete-estados\/#primaryimage"},"image":{"@id":"https:\/\/serrafm879.com.br\/serrafm\/2021\/05\/ministerio-do-desenvolvimento-regional-reconhece-situacao-de-emergencia-em-11-municipios-de-sete-estados\/#primaryimage"},"thumbnailUrl":"https:\/\/serrafm879.com.br\/serrafm\/wp-content\/uploads\/2021\/03\/serrafm.jpg","datePublished":"2021-05-18T07:43:59+00:00","author":{"@id":"https:\/\/serrafm879.com.br\/serrafm\/#\/schema\/person\/c028a197030ff8b1c03c68dfba4a787a"},"breadcrumb":{"@id":"https:\/\/serrafm879.com.br\/serrafm\/2021\/05\/ministerio-do-desenvolvimento-regional-reconhece-situacao-de-emergencia-em-11-municipios-de-sete-estados\/#breadcrumb"},"inLanguage":"pt-BR","potentialAction":[{"@type":"ReadAction","target":["https:\/\/serrafm879.com.br\/serrafm\/2021\/05\/ministerio-do-desenvolvimento-regional-reconhece-situacao-de-emergencia-em-11-municipios-de-sete-estados\/"]}]},{"@type":"ImageObject","inLanguage":"pt-BR","@id":"https:\/\/serrafm879.com.br\/serrafm\/2021\/05\/ministerio-do-desenvolvimento-regional-reconhece-situacao-de-emergencia-em-11-municipios-de-sete-estados\/#primaryimage","url":"https:\/\/serrafm879.com.br\/serrafm\/wp-content\/uploads\/2021\/03\/serrafm.jpg","contentUrl":"https:\/\/serrafm879.com.br\/serrafm\/wp-content\/uploads\/2021\/03\/serrafm.jpg","width":800,"height":400},{"@type":"BreadcrumbList","@id":"https:\/\/serrafm879.com.br\/serrafm\/2021\/05\/ministerio-do-desenvolvimento-regional-reconhece-situacao-de-emergencia-em-11-municipios-de-sete-estados\/#breadcrumb","itemListElement":[{"@type":"ListItem","position":1,"name":"In\u00edcio","item":"https:\/\/serrafm879.com.br\/serrafm\/"},{"@type":"ListItem","position":2,"name":"Minist\u00e9rio do Desenvolvimento Regional reconhece situa\u00e7\u00e3o de emerg\u00eancia em 11 munic\u00edpios de sete estados"}]},{"@type":"WebSite","@id":"https:\/\/serrafm879.com.br\/serrafm\/#website","url":"https:\/\/serrafm879.com.br\/serrafm\/","name":"Serra FM 87,9","description":"O seu novo amor!","potentialAction":[{"@type":"SearchAction","target":{"@type":"EntryPoint","urlTemplate":"https:\/\/serrafm879.com.br\/serrafm\/?s={search_term_string}"},"query-input":{"@type":"PropertyValueSpecification","valueRequired":true,"valueName":"search_term_string"}}],"inLanguage":"pt-BR"},{"@type":"Person","@id":"https:\/\/serrafm879.com.br\/serrafm\/#\/schema\/person\/c028a197030ff8b1c03c68dfba4a787a","name":"serrafm87","image":{"@type":"ImageObject","inLanguage":"pt-BR","@id":"https:\/\/serrafm879.com.br\/serrafm\/#\/schema\/person\/image\/","url":"https:\/\/secure.gravatar.com\/avatar\/a743233f1112d34f48bb3dc9559b76eb930bab8b27175856cba6362608736235?s=96&d=mm&r=g","contentUrl":"https:\/\/secure.gravatar.com\/avatar\/a743233f1112d34f48bb3dc9559b76eb930bab8b27175856cba6362608736235?s=96&d=mm&r=g","caption":"serrafm87"},"sameAs":["http:\/\/serrafm879.com.br\/"],"url":"https:\/\/serrafm879.com.br\/serrafm\/author\/serrafm87\/"}]}},"jetpack_featured_media_url":"https:\/\/serrafm879.com.br\/serrafm\/wp-content\/uploads\/2021\/03\/serrafm.jpg","jetpack_shortlink":"https:\/\/wp.me\/p7HyXg-1xE","jetpack_sharing_enabled":true,"_links":{"self":[{"href":"https:\/\/serrafm879.com.br\/serrafm\/wp-json\/wp\/v2\/posts\/5930","targetHints":{"allow":["GET"]}}],"collection":[{"href":"https:\/\/serrafm879.com.br\/serrafm\/wp-json\/wp\/v2\/posts"}],"about":[{"href":"https:\/\/serrafm879.com.br\/serrafm\/wp-json\/wp\/v2\/types\/post"}],"author":[{"embeddable":true,"href":"https:\/\/serrafm879.com.br\/serrafm\/wp-json\/wp\/v2\/users\/2"}],"replies":[{"embeddable":true,"href":"https:\/\/serrafm879.com.br\/serrafm\/wp-json\/wp\/v2\/comments?post=5930"}],"version-history":[{"count":1,"href":"https:\/\/serrafm879.com.br\/serrafm\/wp-json\/wp\/v2\/posts\/5930\/revisions"}],"predecessor-version":[{"id":5931,"href":"https:\/\/serrafm879.com.br\/serrafm\/wp-json\/wp\/v2\/posts\/5930\/revisions\/5931"}],"wp:featuredmedia":[{"embeddable":true,"href":"https:\/\/serrafm879.com.br\/serrafm\/wp-json\/wp\/v2\/media\/5167"}],"wp:attachment":[{"href":"https:\/\/serrafm879.com.br\/serrafm\/wp-json\/wp\/v2\/media?parent=5930"}],"wp:term":[{"taxonomy":"category","embeddable":true,"href":"https:\/\/serrafm879.com.br\/serrafm\/wp-json\/wp\/v2\/categories?post=5930"},{"taxonomy":"post_tag","embeddable":true,"href":"https:\/\/serrafm879.com.br\/serrafm\/wp-json\/wp\/v2\/tags?post=5930"}],"curies":[{"name":"wp","href":"https:\/\/api.w.org\/{rel}","templated":true}]}}