{"id":6476,"date":"2021-06-17T18:18:22","date_gmt":"2021-06-17T21:18:22","guid":{"rendered":"https:\/?p=6476"},"modified":"2021-06-17T18:18:22","modified_gmt":"2021-06-17T21:18:22","slug":"segunda-21-voltam-ser-liberadas-atividades-economicas-no-sertao","status":"publish","type":"post","link":"https:\/\/serrafm879.com.br\/serrafm\/2021\/06\/segunda-21-voltam-ser-liberadas-atividades-economicas-no-sertao\/","title":{"rendered":"Segunda (21) voltam a ser liberadas atividades econ\u00f4micas no Sert\u00e3o"},"content":{"rendered":"<p>A Macro III do qual o Sert\u00e3o do Paje\u00fa faz parte, volta a permitir o funcionamento das atividades econ\u00f4micas a partir da pr\u00f3xima segunda-feira (21), com restri\u00e7\u00f5es de hor\u00e1rios de funcionamento.<\/p>\n<p>Todas as atividades que enfrentam no momento o fechamento de suas portas poder\u00e3o abrir at\u00e9 \u00e0s 18h.<\/p>\n<p>O an\u00fancio foi feito durante coletiva de imprensa na tarde desta quinta-feira (17), pela Secret\u00e1ria Executiva de Desenvolvimento Econ\u00f4mico de Pernambuco, Ana Paula Vila\u00e7a.<\/p>\n<p>Segundo a secret\u00e1ria.<\/p>\n<p>Participaram da coletiva, o secret\u00e1rio de Sa\u00fade Andr\u00e9 Longo, o secret\u00e1rio de Planejamento, Alexandre Rebelo e o secret\u00e1rio de Turismo e Lazer, Rodrigo Novaes.<\/p>\n<p>Ap\u00f3s Rebelo apresentar os dados referentes a pandemia e destacar a redu\u00e7\u00e3o de casos em todo o Estado e tamb\u00e9m a redu\u00e7\u00e3o de ocupa\u00e7\u00e3o dos leitos de UTI que ficou em 87% ap\u00f3s quase quatro meses com \u00edndices mais elevados, o secret\u00e1rio de Sa\u00fade, Andr\u00e9 Longo anunciou o avan\u00e7o no Plano de Conviv\u00eancia com a Covid-19 para todo o Estado.<\/p>\n<p>Pernambuco conta nesta quinta-feira com 223 leitos de UTI livres e zerou a fila de espera por vagas. Segundo Longo, isto permite uma maior flexibiliza\u00e7\u00e3o nas atividades econ\u00f4micas.<\/p>\n<p>\u201cO cuidado continua sendo fundamental. N\u00e3o \u00e9 momento de comemora\u00e7\u00e3o. Iremos continuar vigilantes aos n\u00fameros e dependendo do comportamento, n\u00e3o est\u00e1 descartado o retorno de medidas mais restritivas\u201d, lembrou Andr\u00e9 Longo.<\/p>\n<p>\u201cO plano de conviv\u00eancia ser\u00e1 acompanhado de uma amplia\u00e7\u00e3o na testagem, rastreamento e isolamento de pessoas contaminadas\u201d, destacou Longo.<\/p>\n<p><strong>Coronavac \u2013<\/strong>\u00a0Outro an\u00fancio importante feito pelo secret\u00e1rio estadual de Sa\u00fade, \u00e9 a chegada nesta sexta-feira (18), de 65 mil doses da vacina Coronavac\/Butantan.<\/p>\n<p>Segundo Longo, esse quantitativo vai permitir zerar a fila de espera de pessoas que aguardam a segunda dose da vacina para fechar o plano vacinal.<\/p>\n<p>Longo destacou que todos os munic\u00edpios que tiverem segunda dose atrasada da Coronavac, devem fazer uma mobiliza\u00e7\u00e3o no pr\u00f3ximo final de semana para zerar a fila.<\/p>\n<p>\u201cO atraso da segunda dose n\u00e3o tira a validade da primeira. \u00c9 importante que todos completem o plano vacinal com a segunda dose para adquirir a imunidade completa\u201d, destacou Andr\u00e9 Longo.<\/p>\n<div class=\"sharedaddy sd-sharing-enabled\">\n<div class=\"robots-nocontent sd-block sd-social sd-social-icon sd-sharing\">\n<h3 class=\"sd-title\">Compartilhe:<\/h3>\n<\/div>\n<\/div>\n","protected":false},"excerpt":{"rendered":"<p>A Macro III do qual o Sert\u00e3o do Paje\u00fa faz parte, volta a permitir o funcionamento das atividades econ\u00f4micas a partir da pr\u00f3xima segunda-feira (21), com restri\u00e7\u00f5es de hor\u00e1rios de funcionamento. Todas as atividades que enfrentam no momento o fechamento de suas portas poder\u00e3o abrir at\u00e9 \u00e0s 18h. O an\u00fancio foi feito durante coletiva de imprensa na tarde desta quinta-feira (17), pela Secret\u00e1ria Executiva de Desenvolvimento Econ\u00f4mico de Pernambuco, Ana Paula Vila\u00e7a. Segundo a secret\u00e1ria. Participaram da coletiva, o secret\u00e1rio de Sa\u00fade Andr\u00e9 Longo, o secret\u00e1rio de Planejamento, Alexandre Rebelo e o secret\u00e1rio de Turismo e Lazer, Rodrigo Novaes. Ap\u00f3s [&hellip;]<\/p>\n","protected":false},"author":2,"featured_media":5151,"comment_status":"open","ping_status":"open","sticky":false,"template":"","format":"standard","meta":{"_jetpack_newsletter_access":"","_jetpack_dont_email_post_to_subs":false,"_jetpack_newsletter_tier_id":0,"_jetpack_memberships_contains_paywalled_content":false,"_jetpack_feature_clip_id":0,"_jetpack_memberships_contains_paid_content":false,"footnotes":"","jetpack_publicize_message":"","jetpack_publicize_feature_enabled":true,"jetpack_social_post_already_shared":true,"jetpack_social_options":{"image_generator_settings":{"template":"highway","default_image_id":0,"font":"","enabled":false},"version":2},"jetpack_post_was_ever_published":false},"categories":[2],"tags":[],"class_list":["post-6476","post","type-post","status-publish","format-standard","has-post-thumbnail","hentry","category-noticias"],"aioseo_notices":[],"aioseo_head":"\n\t\t<!-- All in One SEO 4.9.10 - aioseo.com -->\n\t<meta name=\"description\" content=\"A Macro III do qual o Sert\u00e3o do Paje\u00fa faz parte, volta a permitir o funcionamento das atividades econ\u00f4micas a partir da pr\u00f3xima segunda-feira (21), com restri\u00e7\u00f5es de hor\u00e1rios de funcionamento. Todas as atividades que enfrentam no momento o fechamento de suas portas poder\u00e3o abrir at\u00e9 \u00e0s 18h. O an\u00fancio foi feito durante coletiva de\" \/>\n\t<meta name=\"robots\" content=\"max-image-preview:large\" \/>\n\t<meta name=\"author\" content=\"serrafm87\"\/>\n\t<link rel=\"canonical\" href=\"https:\/\/serrafm879.com.br\/serrafm\/2021\/06\/segunda-21-voltam-ser-liberadas-atividades-economicas-no-sertao\/\" \/>\n\t<meta name=\"generator\" content=\"All in One SEO (AIOSEO) 4.9.10\" \/>\n\t\t<meta name=\"twitter:card\" content=\"summary_large_image\" \/>\n\t\t<meta name=\"twitter:title\" content=\"Segunda (21) voltam a ser liberadas atividades econ\u00f4micas no Sert\u00e3o - Serra FM 87,9\" \/>\n\t\t<meta name=\"twitter:description\" content=\"A Macro III do qual o Sert\u00e3o do Paje\u00fa faz parte, volta a permitir o funcionamento das atividades econ\u00f4micas a partir da pr\u00f3xima segunda-feira (21), com restri\u00e7\u00f5es de hor\u00e1rios de funcionamento. Todas as atividades que enfrentam no momento o fechamento de suas portas poder\u00e3o abrir at\u00e9 \u00e0s 18h. O an\u00fancio foi feito durante coletiva de\" \/>\n\t\t<meta name=\"twitter:image\" content=\"https:\/\/serrafm879.com.br\/serrafm\/wp-content\/uploads\/2021\/03\/andrelongo.jpg\" \/>\n\t\t<script type=\"application\/ld+json\" class=\"aioseo-schema\">\n\t\t\t{\"@context\":\"https:\\\/\\\/schema.org\",\"@graph\":[{\"@type\":\"BlogPosting\",\"@id\":\"https:\\\/\\\/serrafm879.com.br\\\/serrafm\\\/2021\\\/06\\\/segunda-21-voltam-ser-liberadas-atividades-economicas-no-sertao\\\/#blogposting\",\"name\":\"Segunda (21) voltam a ser liberadas atividades econ\\u00f4micas no Sert\\u00e3o - Serra FM 87,9\",\"headline\":\"Segunda (21) voltam a ser liberadas atividades econ\\u00f4micas no Sert\\u00e3o\",\"author\":{\"@id\":\"https:\\\/\\\/serrafm879.com.br\\\/serrafm\\\/author\\\/serrafm87\\\/#author\"},\"publisher\":{\"@id\":\"https:\\\/\\\/serrafm879.com.br\\\/serrafm\\\/#organization\"},\"image\":{\"@type\":\"ImageObject\",\"url\":\"https:\\\/\\\/serrafm879.com.br\\\/serrafm\\\/wp-content\\\/uploads\\\/2021\\\/03\\\/andrelongo.jpg\",\"width\":475,\"height\":365},\"datePublished\":\"2021-06-17T18:18:22-03:00\",\"dateModified\":\"2021-06-17T18:18:22-03:00\",\"inLanguage\":\"pt-BR\",\"mainEntityOfPage\":{\"@id\":\"https:\\\/\\\/serrafm879.com.br\\\/serrafm\\\/2021\\\/06\\\/segunda-21-voltam-ser-liberadas-atividades-economicas-no-sertao\\\/#webpage\"},\"isPartOf\":{\"@id\":\"https:\\\/\\\/serrafm879.com.br\\\/serrafm\\\/2021\\\/06\\\/segunda-21-voltam-ser-liberadas-atividades-economicas-no-sertao\\\/#webpage\"},\"articleSection\":\"Not\\u00edcias\"},{\"@type\":\"BreadcrumbList\",\"@id\":\"https:\\\/\\\/serrafm879.com.br\\\/serrafm\\\/2021\\\/06\\\/segunda-21-voltam-ser-liberadas-atividades-economicas-no-sertao\\\/#breadcrumblist\",\"itemListElement\":[{\"@type\":\"ListItem\",\"@id\":\"https:\\\/\\\/serrafm879.com.br\\\/serrafm#listItem\",\"position\":1,\"name\":\"Home\",\"item\":\"https:\\\/\\\/serrafm879.com.br\\\/serrafm\",\"nextItem\":{\"@type\":\"ListItem\",\"@id\":\"https:\\\/\\\/serrafm879.com.br\\\/serrafm\\\/categoria\\\/noticias\\\/#listItem\",\"name\":\"Not\\u00edcias\"}},{\"@type\":\"ListItem\",\"@id\":\"https:\\\/\\\/serrafm879.com.br\\\/serrafm\\\/categoria\\\/noticias\\\/#listItem\",\"position\":2,\"name\":\"Not\\u00edcias\",\"item\":\"https:\\\/\\\/serrafm879.com.br\\\/serrafm\\\/categoria\\\/noticias\\\/\",\"nextItem\":{\"@type\":\"ListItem\",\"@id\":\"https:\\\/\\\/serrafm879.com.br\\\/serrafm\\\/2021\\\/06\\\/segunda-21-voltam-ser-liberadas-atividades-economicas-no-sertao\\\/#listItem\",\"name\":\"Segunda (21) voltam a ser liberadas atividades econ\\u00f4micas no Sert\\u00e3o\"},\"previousItem\":{\"@type\":\"ListItem\",\"@id\":\"https:\\\/\\\/serrafm879.com.br\\\/serrafm#listItem\",\"name\":\"Home\"}},{\"@type\":\"ListItem\",\"@id\":\"https:\\\/\\\/serrafm879.com.br\\\/serrafm\\\/2021\\\/06\\\/segunda-21-voltam-ser-liberadas-atividades-economicas-no-sertao\\\/#listItem\",\"position\":3,\"name\":\"Segunda (21) voltam a ser liberadas atividades econ\\u00f4micas no Sert\\u00e3o\",\"previousItem\":{\"@type\":\"ListItem\",\"@id\":\"https:\\\/\\\/serrafm879.com.br\\\/serrafm\\\/categoria\\\/noticias\\\/#listItem\",\"name\":\"Not\\u00edcias\"}}]},{\"@type\":\"Organization\",\"@id\":\"https:\\\/\\\/serrafm879.com.br\\\/serrafm\\\/#organization\",\"name\":\"Serra FM 87,9\",\"description\":\"O seu novo amor!\",\"url\":\"https:\\\/\\\/serrafm879.com.br\\\/serrafm\\\/\"},{\"@type\":\"Person\",\"@id\":\"https:\\\/\\\/serrafm879.com.br\\\/serrafm\\\/author\\\/serrafm87\\\/#author\",\"url\":\"https:\\\/\\\/serrafm879.com.br\\\/serrafm\\\/author\\\/serrafm87\\\/\",\"name\":\"serrafm87\",\"image\":{\"@type\":\"ImageObject\",\"@id\":\"https:\\\/\\\/serrafm879.com.br\\\/serrafm\\\/2021\\\/06\\\/segunda-21-voltam-ser-liberadas-atividades-economicas-no-sertao\\\/#authorImage\",\"url\":\"https:\\\/\\\/secure.gravatar.com\\\/avatar\\\/a743233f1112d34f48bb3dc9559b76eb930bab8b27175856cba6362608736235?s=96&d=mm&r=g\",\"width\":96,\"height\":96,\"caption\":\"serrafm87\"}},{\"@type\":\"WebPage\",\"@id\":\"https:\\\/\\\/serrafm879.com.br\\\/serrafm\\\/2021\\\/06\\\/segunda-21-voltam-ser-liberadas-atividades-economicas-no-sertao\\\/#webpage\",\"url\":\"https:\\\/\\\/serrafm879.com.br\\\/serrafm\\\/2021\\\/06\\\/segunda-21-voltam-ser-liberadas-atividades-economicas-no-sertao\\\/\",\"name\":\"Segunda (21) voltam a ser liberadas atividades econ\\u00f4micas no Sert\\u00e3o - Serra FM 87,9\",\"description\":\"A Macro III do qual o Sert\\u00e3o do Paje\\u00fa faz parte, volta a permitir o funcionamento das atividades econ\\u00f4micas a partir da pr\\u00f3xima segunda-feira (21), com restri\\u00e7\\u00f5es de hor\\u00e1rios de funcionamento. Todas as atividades que enfrentam no momento o fechamento de suas portas poder\\u00e3o abrir at\\u00e9 \\u00e0s 18h. O an\\u00fancio foi feito durante coletiva de\",\"inLanguage\":\"pt-BR\",\"isPartOf\":{\"@id\":\"https:\\\/\\\/serrafm879.com.br\\\/serrafm\\\/#website\"},\"breadcrumb\":{\"@id\":\"https:\\\/\\\/serrafm879.com.br\\\/serrafm\\\/2021\\\/06\\\/segunda-21-voltam-ser-liberadas-atividades-economicas-no-sertao\\\/#breadcrumblist\"},\"author\":{\"@id\":\"https:\\\/\\\/serrafm879.com.br\\\/serrafm\\\/author\\\/serrafm87\\\/#author\"},\"creator\":{\"@id\":\"https:\\\/\\\/serrafm879.com.br\\\/serrafm\\\/author\\\/serrafm87\\\/#author\"},\"image\":{\"@type\":\"ImageObject\",\"url\":\"https:\\\/\\\/serrafm879.com.br\\\/serrafm\\\/wp-content\\\/uploads\\\/2021\\\/03\\\/andrelongo.jpg\",\"@id\":\"https:\\\/\\\/serrafm879.com.br\\\/serrafm\\\/2021\\\/06\\\/segunda-21-voltam-ser-liberadas-atividades-economicas-no-sertao\\\/#mainImage\",\"width\":475,\"height\":365},\"primaryImageOfPage\":{\"@id\":\"https:\\\/\\\/serrafm879.com.br\\\/serrafm\\\/2021\\\/06\\\/segunda-21-voltam-ser-liberadas-atividades-economicas-no-sertao\\\/#mainImage\"},\"datePublished\":\"2021-06-17T18:18:22-03:00\",\"dateModified\":\"2021-06-17T18:18:22-03:00\"},{\"@type\":\"WebSite\",\"@id\":\"https:\\\/\\\/serrafm879.com.br\\\/serrafm\\\/#website\",\"url\":\"https:\\\/\\\/serrafm879.com.br\\\/serrafm\\\/\",\"name\":\"Serra FM 87,9\",\"description\":\"O seu novo amor!\",\"inLanguage\":\"pt-BR\",\"publisher\":{\"@id\":\"https:\\\/\\\/serrafm879.com.br\\\/serrafm\\\/#organization\"}}]}\n\t\t<\/script>\n\t\t<!-- All in One SEO -->\n\n","aioseo_head_json":{"title":"Segunda (21) voltam a ser liberadas atividades econ\u00f4micas no Sert\u00e3o - Serra FM 87,9","description":"A Macro III do qual o Sert\u00e3o do Paje\u00fa faz parte, volta a permitir o funcionamento das atividades econ\u00f4micas a partir da pr\u00f3xima segunda-feira (21), com restri\u00e7\u00f5es de hor\u00e1rios de funcionamento. Todas as atividades que enfrentam no momento o fechamento de suas portas poder\u00e3o abrir at\u00e9 \u00e0s 18h. O an\u00fancio foi feito durante coletiva de","canonical_url":"https:\/\/serrafm879.com.br\/serrafm\/2021\/06\/segunda-21-voltam-ser-liberadas-atividades-economicas-no-sertao\/","robots":"max-image-preview:large","keywords":"","webmasterTools":{"miscellaneous":""},"schema":{"@context":"https:\/\/schema.org","@graph":[{"@type":"BlogPosting","@id":"https:\/\/serrafm879.com.br\/serrafm\/2021\/06\/segunda-21-voltam-ser-liberadas-atividades-economicas-no-sertao\/#blogposting","name":"Segunda (21) voltam a ser liberadas atividades econ\u00f4micas no Sert\u00e3o - Serra FM 87,9","headline":"Segunda (21) voltam a ser liberadas atividades econ\u00f4micas no Sert\u00e3o","author":{"@id":"https:\/\/serrafm879.com.br\/serrafm\/author\/serrafm87\/#author"},"publisher":{"@id":"https:\/\/serrafm879.com.br\/serrafm\/#organization"},"image":{"@type":"ImageObject","url":"https:\/\/serrafm879.com.br\/serrafm\/wp-content\/uploads\/2021\/03\/andrelongo.jpg","width":475,"height":365},"datePublished":"2021-06-17T18:18:22-03:00","dateModified":"2021-06-17T18:18:22-03:00","inLanguage":"pt-BR","mainEntityOfPage":{"@id":"https:\/\/serrafm879.com.br\/serrafm\/2021\/06\/segunda-21-voltam-ser-liberadas-atividades-economicas-no-sertao\/#webpage"},"isPartOf":{"@id":"https:\/\/serrafm879.com.br\/serrafm\/2021\/06\/segunda-21-voltam-ser-liberadas-atividades-economicas-no-sertao\/#webpage"},"articleSection":"Not\u00edcias"},{"@type":"BreadcrumbList","@id":"https:\/\/serrafm879.com.br\/serrafm\/2021\/06\/segunda-21-voltam-ser-liberadas-atividades-economicas-no-sertao\/#breadcrumblist","itemListElement":[{"@type":"ListItem","@id":"https:\/\/serrafm879.com.br\/serrafm#listItem","position":1,"name":"Home","item":"https:\/\/serrafm879.com.br\/serrafm","nextItem":{"@type":"ListItem","@id":"https:\/\/serrafm879.com.br\/serrafm\/categoria\/noticias\/#listItem","name":"Not\u00edcias"}},{"@type":"ListItem","@id":"https:\/\/serrafm879.com.br\/serrafm\/categoria\/noticias\/#listItem","position":2,"name":"Not\u00edcias","item":"https:\/\/serrafm879.com.br\/serrafm\/categoria\/noticias\/","nextItem":{"@type":"ListItem","@id":"https:\/\/serrafm879.com.br\/serrafm\/2021\/06\/segunda-21-voltam-ser-liberadas-atividades-economicas-no-sertao\/#listItem","name":"Segunda (21) voltam a ser liberadas atividades econ\u00f4micas no Sert\u00e3o"},"previousItem":{"@type":"ListItem","@id":"https:\/\/serrafm879.com.br\/serrafm#listItem","name":"Home"}},{"@type":"ListItem","@id":"https:\/\/serrafm879.com.br\/serrafm\/2021\/06\/segunda-21-voltam-ser-liberadas-atividades-economicas-no-sertao\/#listItem","position":3,"name":"Segunda (21) voltam a ser liberadas atividades econ\u00f4micas no Sert\u00e3o","previousItem":{"@type":"ListItem","@id":"https:\/\/serrafm879.com.br\/serrafm\/categoria\/noticias\/#listItem","name":"Not\u00edcias"}}]},{"@type":"Organization","@id":"https:\/\/serrafm879.com.br\/serrafm\/#organization","name":"Serra FM 87,9","description":"O seu novo amor!","url":"https:\/\/serrafm879.com.br\/serrafm\/"},{"@type":"Person","@id":"https:\/\/serrafm879.com.br\/serrafm\/author\/serrafm87\/#author","url":"https:\/\/serrafm879.com.br\/serrafm\/author\/serrafm87\/","name":"serrafm87","image":{"@type":"ImageObject","@id":"https:\/\/serrafm879.com.br\/serrafm\/2021\/06\/segunda-21-voltam-ser-liberadas-atividades-economicas-no-sertao\/#authorImage","url":"https:\/\/secure.gravatar.com\/avatar\/a743233f1112d34f48bb3dc9559b76eb930bab8b27175856cba6362608736235?s=96&d=mm&r=g","width":96,"height":96,"caption":"serrafm87"}},{"@type":"WebPage","@id":"https:\/\/serrafm879.com.br\/serrafm\/2021\/06\/segunda-21-voltam-ser-liberadas-atividades-economicas-no-sertao\/#webpage","url":"https:\/\/serrafm879.com.br\/serrafm\/2021\/06\/segunda-21-voltam-ser-liberadas-atividades-economicas-no-sertao\/","name":"Segunda (21) voltam a ser liberadas atividades econ\u00f4micas no Sert\u00e3o - Serra FM 87,9","description":"A Macro III do qual o Sert\u00e3o do Paje\u00fa faz parte, volta a permitir o funcionamento das atividades econ\u00f4micas a partir da pr\u00f3xima segunda-feira (21), com restri\u00e7\u00f5es de hor\u00e1rios de funcionamento. Todas as atividades que enfrentam no momento o fechamento de suas portas poder\u00e3o abrir at\u00e9 \u00e0s 18h. O an\u00fancio foi feito durante coletiva de","inLanguage":"pt-BR","isPartOf":{"@id":"https:\/\/serrafm879.com.br\/serrafm\/#website"},"breadcrumb":{"@id":"https:\/\/serrafm879.com.br\/serrafm\/2021\/06\/segunda-21-voltam-ser-liberadas-atividades-economicas-no-sertao\/#breadcrumblist"},"author":{"@id":"https:\/\/serrafm879.com.br\/serrafm\/author\/serrafm87\/#author"},"creator":{"@id":"https:\/\/serrafm879.com.br\/serrafm\/author\/serrafm87\/#author"},"image":{"@type":"ImageObject","url":"https:\/\/serrafm879.com.br\/serrafm\/wp-content\/uploads\/2021\/03\/andrelongo.jpg","@id":"https:\/\/serrafm879.com.br\/serrafm\/2021\/06\/segunda-21-voltam-ser-liberadas-atividades-economicas-no-sertao\/#mainImage","width":475,"height":365},"primaryImageOfPage":{"@id":"https:\/\/serrafm879.com.br\/serrafm\/2021\/06\/segunda-21-voltam-ser-liberadas-atividades-economicas-no-sertao\/#mainImage"},"datePublished":"2021-06-17T18:18:22-03:00","dateModified":"2021-06-17T18:18:22-03:00"},{"@type":"WebSite","@id":"https:\/\/serrafm879.com.br\/serrafm\/#website","url":"https:\/\/serrafm879.com.br\/serrafm\/","name":"Serra FM 87,9","description":"O seu novo amor!","inLanguage":"pt-BR","publisher":{"@id":"https:\/\/serrafm879.com.br\/serrafm\/#organization"}}]},"twitter:card":"summary_large_image","twitter:title":"Segunda (21) voltam a ser liberadas atividades econ\u00f4micas no Sert\u00e3o - Serra FM 87,9","twitter:description":"A Macro III do qual o Sert\u00e3o do Paje\u00fa faz parte, volta a permitir o funcionamento das atividades econ\u00f4micas a partir da pr\u00f3xima segunda-feira (21), com restri\u00e7\u00f5es de hor\u00e1rios de funcionamento. Todas as atividades que enfrentam no momento o fechamento de suas portas poder\u00e3o abrir at\u00e9 \u00e0s 18h. O an\u00fancio foi feito durante coletiva de","twitter:image":"https:\/\/serrafm879.com.br\/serrafm\/wp-content\/uploads\/2021\/03\/andrelongo.jpg"},"aioseo_meta_data":{"post_id":"6476","title":null,"description":null,"keywords":null,"keyphrases":null,"primary_term":null,"canonical_url":null,"og_title":null,"og_description":null,"og_object_type":"default","og_image_type":"default","og_image_custom_url":null,"og_image_custom_fields":null,"og_image_url":null,"og_image_width":null,"og_image_height":null,"og_video":null,"og_custom_url":null,"og_article_section":null,"og_article_tags":null,"twitter_use_og":false,"twitter_card":"default","twitter_image_type":"default","twitter_image_custom_url":null,"twitter_image_custom_fields":null,"twitter_image_url":null,"twitter_title":null,"twitter_description":null,"schema_type":"default","schema_type_options":null,"schema":{"blockGraphs":[],"customGraphs":[],"default":{"data":{"Article":[],"Course":[],"Dataset":[],"FAQPage":[],"Movie":[],"Person":[],"Product":[],"ProductReview":[],"Car":[],"Recipe":[],"Service":[],"SoftwareApplication":[],"WebPage":[]},"graphName":"","isEnabled":true},"graphs":[]},"pillar_content":false,"robots_default":true,"robots_noindex":false,"robots_noarchive":false,"robots_nosnippet":false,"robots_nofollow":false,"robots_noimageindex":false,"robots_noodp":false,"robots_notranslate":false,"robots_max_snippet":null,"robots_max_videopreview":null,"robots_max_imagepreview":"large","priority":null,"frequency":null,"local_seo":null,"limit_modified_date":false,"ai":null,"breadcrumb_settings":null,"seo_analyzer_scan_date":null,"created":"2026-07-21 00:09:42","updated":"2026-07-21 00:09:42"},"aioseo_breadcrumb":"<div class=\"aioseo-breadcrumbs\"><span class=\"aioseo-breadcrumb\">\n\t\t\t<a href=\"https:\/\/serrafm879.com.br\/serrafm\" title=\"Home\">Home<\/a>\n\t\t<\/span><span class=\"aioseo-breadcrumb-separator\">&raquo;<\/span><span class=\"aioseo-breadcrumb\">\n\t\t\t<a href=\"https:\/\/serrafm879.com.br\/serrafm\/categoria\/noticias\/\" title=\"Not\u00edcias\">Not\u00edcias<\/a>\n\t\t<\/span><span class=\"aioseo-breadcrumb-separator\">&raquo;<\/span><span class=\"aioseo-breadcrumb\">\n\t\t\tSegunda (21) voltam a ser liberadas atividades econ\u00f4micas no Sert\u00e3o\n\t\t<\/span><\/div>","aioseo_breadcrumb_json":[{"label":"Home","link":"https:\/\/serrafm879.com.br\/serrafm"},{"label":"Not\u00edcias","link":"https:\/\/serrafm879.com.br\/serrafm\/categoria\/noticias\/"},{"label":"Segunda (21) voltam a ser liberadas atividades econ\u00f4micas no Sert\u00e3o","link":"https:\/\/serrafm879.com.br\/serrafm\/2021\/06\/segunda-21-voltam-ser-liberadas-atividades-economicas-no-sertao\/"}],"jetpack_publicize_connections":[],"jetpack_featured_media_url":"https:\/\/serrafm879.com.br\/serrafm\/wp-content\/uploads\/2021\/03\/andrelongo.jpg","jetpack_shortlink":"https:\/\/wp.me\/p7HyXg-1Gs","jetpack_sharing_enabled":true,"_links":{"self":[{"href":"https:\/\/serrafm879.com.br\/serrafm\/wp-json\/wp\/v2\/posts\/6476","targetHints":{"allow":["GET"]}}],"collection":[{"href":"https:\/\/serrafm879.com.br\/serrafm\/wp-json\/wp\/v2\/posts"}],"about":[{"href":"https:\/\/serrafm879.com.br\/serrafm\/wp-json\/wp\/v2\/types\/post"}],"author":[{"embeddable":true,"href":"https:\/\/serrafm879.com.br\/serrafm\/wp-json\/wp\/v2\/users\/2"}],"replies":[{"embeddable":true,"href":"https:\/\/serrafm879.com.br\/serrafm\/wp-json\/wp\/v2\/comments?post=6476"}],"version-history":[{"count":1,"href":"https:\/\/serrafm879.com.br\/serrafm\/wp-json\/wp\/v2\/posts\/6476\/revisions"}],"predecessor-version":[{"id":6477,"href":"https:\/\/serrafm879.com.br\/serrafm\/wp-json\/wp\/v2\/posts\/6476\/revisions\/6477"}],"wp:featuredmedia":[{"embeddable":true,"href":"https:\/\/serrafm879.com.br\/serrafm\/wp-json\/wp\/v2\/media\/5151"}],"wp:attachment":[{"href":"https:\/\/serrafm879.com.br\/serrafm\/wp-json\/wp\/v2\/media?parent=6476"}],"wp:term":[{"taxonomy":"category","embeddable":true,"href":"https:\/\/serrafm879.com.br\/serrafm\/wp-json\/wp\/v2\/categories?post=6476"},{"taxonomy":"post_tag","embeddable":true,"href":"https:\/\/serrafm879.com.br\/serrafm\/wp-json\/wp\/v2\/tags?post=6476"}],"curies":[{"name":"wp","href":"https:\/\/api.w.org\/{rel}","templated":true}]}}