{"id":6478,"date":"2021-06-18T04:21:57","date_gmt":"2021-06-18T07:21:57","guid":{"rendered":"https:\/?p=6478"},"modified":"2021-06-18T04:21:57","modified_gmt":"2021-06-18T07:21:57","slug":"senado-aprova-texto-com-mudancas-que-podem-aumentar-conta-de-luz","status":"publish","type":"post","link":"https:\/\/serrafm879.com.br\/serrafm\/2021\/06\/senado-aprova-texto-com-mudancas-que-podem-aumentar-conta-de-luz\/","title":{"rendered":"Senado aprova texto com mudan\u00e7as que podem aumentar conta de luz"},"content":{"rendered":"<p>O Senado aprovou nesta quinta-feira (17) a medida provis\u00f3ria que viabiliza a privatiza\u00e7\u00e3o da Eletrobras, maior empresa de energia el\u00e9trica da Am\u00e9rica Latina.<\/p>\n<p>Enquanto o governo afirma que a privatiza\u00e7\u00e3o reduzir\u00e1 a conta de luz em at\u00e9 7,36%, entidades do setor el\u00e9trico afirmam que a conta vai encarecer.<\/p>\n<p>Como os senadores alteraram parte da vers\u00e3o aprovada pela C\u00e2mara, o projeto precisa ser novamente analisado pelos deputados. A vota\u00e7\u00e3o est\u00e1 prevista para a pr\u00f3xima segunda-feira (21), um dia antes de a MP perder a validade.<\/p>\n<p>Na vota\u00e7\u00e3o desta quinta, os senadores mantiveram a maior parte dos \u201cjabutis\u201d inclu\u00eddos pelos deputados e acrescentaram outros. No jarg\u00e3o do Congresso, \u201cjabuti\u201d \u00e9 um trecho sem rela\u00e7\u00e3o com o objeto original da proposta (autorizar a venda da Eletrobras).<\/p>\n<p><strong>Itens que podem aumentar conta de luz<\/strong><\/p>\n<p>Entenda, abaixo, as principais adi\u00e7\u00f5es feitas pelo Senado \u00e0 MP da Eletrobras e o impacto desses trechos:<\/p>\n<ul>\n<li><strong>Termel\u00e9tricas<\/strong><\/li>\n<\/ul>\n<p>O texto exige a contrata\u00e7\u00e3o de usinas termel\u00e9tricas movidas a g\u00e1s natural. Os senadores elevaram a pot\u00eancia a ser contratada, de 6 mil megawatts (MW) para 8 mil MW. Essas usinas ter\u00e3o de entrar em opera\u00e7\u00e3o entre 2026 e 2030. Os contratos s\u00e3o para gera\u00e7\u00e3o de energia por 15 anos.<\/p>\n<p>A energia produzida pelas usinas termel\u00e9tricas \u00e9 mais cara se comparada \u00e0s usinas hidrel\u00e9tricas, e\u00f3licas e solares.<\/p>\n<p>Atualmente, o pa\u00eds conta com 22 mil MW de pot\u00eancia de gera\u00e7\u00e3o t\u00e9rmica, e a MP amplia em 36% a capacidade de gera\u00e7\u00e3o t\u00e9rmica do pa\u00eds.<span id=\"more-84157\"><\/span><\/p>\n<p>Parlamentares tamb\u00e9m criticam a defini\u00e7\u00e3o sobre onde essas usinas devem estar instaladas. Pelo texto aprovado no Senado, a contrata\u00e7\u00e3o dever\u00e1 ser assim dividida:<\/p>\n<ul>\n<li>1 mil MW na regi\u00e3o Nordeste em regi\u00f5es metropolitanas cuja capital n\u00e3o possua fornecimento de g\u00e1s natural;<\/li>\n<li>2,5 mil MW na regi\u00e3o Norte, instalando as t\u00e9rmicas em pelo menos duas capitais sem fornecimento de g\u00e1s;<\/li>\n<li>2,5 mil MW na regi\u00e3o Centro-Oeste nas capitais ou regi\u00f5es metropolitanas que n\u00e3o possuem fornecimento de g\u00e1s; e<\/li>\n<li>2 mil MW para o Sudeste, sendo 1,25 mil MW para os estados produtores de g\u00e1s e 0,75 para os n\u00e3o produtores, caso de Minas Gerais.<\/li>\n<\/ul>\n<p>Como parte das regi\u00f5es escolhidas n\u00e3o possui infraestrutura de transporte de g\u00e1s natural, gasodutos ter\u00e3o de ser constru\u00eddos, o que pode elevar os custos para os consumidores de energia. Atualmente, o pa\u00eds conta com 98 mil quil\u00f4metros de gasodutos, extens\u00e3o restrita \u00e0 costa brasileira.<\/p>\n<p>O Minist\u00e9rio de Minas e Energia afirma que, a partir de 2026, o governo j\u00e1 teria que contratar usinas termel\u00e9tricas para substituir os contratos que acabam a partir de 2027. O governo tamb\u00e9m alega que as usinas contratadas substituir\u00e3o t\u00e9rmicas que usam \u00f3leo combust\u00edvel e carv\u00e3o.<\/p>\n<ul>\n<li><strong>Pequenas Centrais Hidrel\u00e9tricas<\/strong><\/li>\n<\/ul>\n<p>Outro ponto apontado pelos parlamentares como \u201cjabuti\u201d \u00e9 a cria\u00e7\u00e3o de reserva de mercado para Pequenas Centrais Hidrel\u00e9tricas (PCHs).<\/p>\n<p>Especialistas dizem que a medida pode encarecer a conta porque a reserva de mercado contraria o princ\u00edpio da livre concorr\u00eancia nos leil\u00f5es. Al\u00e9m disso, a energia produzida pelas PCHs n\u00e3o \u00e9 controlada pelo Operador Nacional do Sistema El\u00e9trico (ONS).<\/p>\n<p>Pela nova regra, os pr\u00f3ximos leil\u00f5es dever\u00e3o prever a contrata\u00e7\u00e3o de pelo menos 50% dessas pequenas centrais. Por\u00e9m, essa contrata\u00e7\u00e3o n\u00e3o pode superar 2 mil MW (quantidade suficiente para atender cerca de 2,5 milh\u00f5es de pessoas). Ultrapassados os 2 mil MW, o percentual cai para 40%. A regra vale para os leil\u00f5es at\u00e9 2026.<\/p>\n<p>As PCHs s\u00e3o pequenas usinas com pot\u00eancia de gera\u00e7\u00e3o de energia de at\u00e9 50 MW, com \u00e1rea total do reservat\u00f3rio de \u00e1gua igual ou inferior a tr\u00eas quil\u00f4metros quadrados.<\/p>\n<ul>\n<li><strong>Incentivo a fontes alternativas<\/strong><\/li>\n<\/ul>\n<p>Os parlamentares inclu\u00edram na MP da privatiza\u00e7\u00e3o da Eletrobras a prorroga\u00e7\u00e3o, por mais 20 anos, dos contratos do Programa de Incentivos \u00e0s Fontes Alternativas de Energia El\u00e9trica (Proinfa).<\/p>\n<p>A cr\u00edtica \u00e9 que o pre\u00e7o pago pela energia dos projetos do Proinfa \u00e9 superior ao valor de mercado, gerando custo adicional para os consumidores, segundo os especialistas.<\/p>\n<p>O governo afirma que o projeto tem um dispositivo que garante que os contratos somente ser\u00e3o renovados caso a Ag\u00eancia Nacional do Setor El\u00e9trico (Aneel) constate benef\u00edcios tarif\u00e1rios para o consumidor.<\/p>\n<ul>\n<li><strong>Indeniza\u00e7\u00e3o ao Piau\u00ed<\/strong><\/li>\n<\/ul>\n<p>Os senadores tamb\u00e9m inclu\u00edram na MP da Eletrobras uma previs\u00e3o de indeniza\u00e7\u00e3o ao estado do Piau\u00ed por conta da privatiza\u00e7\u00e3o da Cepisa, a distribuidora local de energia, em 2018.<\/p>\n<p>A indeniza\u00e7\u00e3o ter\u00e1 de ser paga pela Eletrobras, e o valor estimado \u00e9 de R$ 260 milh\u00f5es at\u00e9 2023. O custo ser\u00e1 repassado ao consumidor.<\/p>\n<p><strong>\u2018Jabuti\u2019 retirado<\/strong><\/p>\n<p>A previs\u00e3o inicial era de que o Senado votasse a MP da Eletrobras na noite desta quarta (16), mas a falta de consenso sobre a proposta adiou a an\u00e1lise para esta quinta.<\/p>\n<p>Nesse intervalo, enquanto inclu\u00eda diversos pontos no texto, o senador relator Marcos Rog\u00e9rio (DEM-RO) retirou um dos \u201cjabutis\u201d previstos anteriormente: a prorroga\u00e7\u00e3o at\u00e9 2035 do subs\u00eddio \u00e0s usinas termel\u00e9tricas movidas a carv\u00e3o mineral.<\/p>\n<p>Essas usinas a carv\u00e3o s\u00e3o ainda mais caras e altamente poluentes em rela\u00e7\u00e3o aos outros tipos de usinas t\u00e9rmicas. Com isso, o subs\u00eddio \u2013 bancado pelo consumidor nas tarifas de energia \u2013 continua expirando em 2027.<\/p>\n","protected":false},"excerpt":{"rendered":"<p>O Senado aprovou nesta quinta-feira (17) a medida provis\u00f3ria que viabiliza a privatiza\u00e7\u00e3o da Eletrobras, maior empresa de energia el\u00e9trica da Am\u00e9rica Latina. Enquanto o governo afirma que a privatiza\u00e7\u00e3o reduzir\u00e1 a conta de luz em at\u00e9 7,36%, entidades do setor el\u00e9trico afirmam que a conta vai encarecer. Como os senadores alteraram parte da vers\u00e3o aprovada pela C\u00e2mara, o projeto precisa ser novamente analisado pelos deputados. A vota\u00e7\u00e3o est\u00e1 prevista para a pr\u00f3xima segunda-feira (21), um dia antes de a MP perder a validade. Na vota\u00e7\u00e3o desta quinta, os senadores mantiveram a maior parte dos \u201cjabutis\u201d inclu\u00eddos pelos deputados e [&hellip;]<\/p>\n","protected":false},"author":2,"featured_media":2359,"comment_status":"open","ping_status":"open","sticky":false,"template":"","format":"standard","meta":{"_jetpack_newsletter_access":"","_jetpack_dont_email_post_to_subs":false,"_jetpack_newsletter_tier_id":0,"_jetpack_memberships_contains_paywalled_content":false,"_jetpack_feature_clip_id":0,"_jetpack_memberships_contains_paid_content":false,"footnotes":"","jetpack_publicize_message":"","jetpack_publicize_feature_enabled":true,"jetpack_social_post_already_shared":true,"jetpack_social_options":{"image_generator_settings":{"template":"highway","default_image_id":0,"font":"","enabled":false},"version":2},"jetpack_post_was_ever_published":false},"categories":[2],"tags":[],"class_list":["post-6478","post","type-post","status-publish","format-standard","has-post-thumbnail","hentry","category-noticias"],"aioseo_notices":[],"aioseo_head":"\n\t\t<!-- All in One SEO 4.9.10 - aioseo.com -->\n\t<meta name=\"description\" content=\"O Senado aprovou nesta quinta-feira (17) a medida provis\u00f3ria que viabiliza a privatiza\u00e7\u00e3o da Eletrobras, maior empresa de energia el\u00e9trica da Am\u00e9rica Latina. Enquanto o governo afirma que a privatiza\u00e7\u00e3o reduzir\u00e1 a conta de luz em at\u00e9 7,36%, entidades do setor el\u00e9trico afirmam que a conta vai encarecer. Como os senadores alteraram parte da vers\u00e3o\" \/>\n\t<meta name=\"robots\" content=\"max-image-preview:large\" \/>\n\t<meta name=\"author\" content=\"serrafm87\"\/>\n\t<link rel=\"canonical\" href=\"https:\/\/serrafm879.com.br\/serrafm\/2021\/06\/senado-aprova-texto-com-mudancas-que-podem-aumentar-conta-de-luz\/\" \/>\n\t<meta name=\"generator\" content=\"All in One SEO (AIOSEO) 4.9.10\" \/>\n\t\t<meta name=\"twitter:card\" content=\"summary_large_image\" \/>\n\t\t<meta name=\"twitter:title\" content=\"Senado aprova texto com mudan\u00e7as que podem aumentar conta de luz - Serra FM 87,9\" \/>\n\t\t<meta name=\"twitter:description\" content=\"O Senado aprovou nesta quinta-feira (17) a medida provis\u00f3ria que viabiliza a privatiza\u00e7\u00e3o da Eletrobras, maior empresa de energia el\u00e9trica da Am\u00e9rica Latina. Enquanto o governo afirma que a privatiza\u00e7\u00e3o reduzir\u00e1 a conta de luz em at\u00e9 7,36%, entidades do setor el\u00e9trico afirmam que a conta vai encarecer. Como os senadores alteraram parte da vers\u00e3o\" \/>\n\t\t<meta name=\"twitter:image\" content=\"https:\/\/serrafm879.com.br\/serrafm\/wp-content\/uploads\/2020\/03\/ecoluz.jpg\" \/>\n\t\t<script type=\"application\/ld+json\" class=\"aioseo-schema\">\n\t\t\t{\"@context\":\"https:\\\/\\\/schema.org\",\"@graph\":[{\"@type\":\"BlogPosting\",\"@id\":\"https:\\\/\\\/serrafm879.com.br\\\/serrafm\\\/2021\\\/06\\\/senado-aprova-texto-com-mudancas-que-podem-aumentar-conta-de-luz\\\/#blogposting\",\"name\":\"Senado aprova texto com mudan\\u00e7as que podem aumentar conta de luz - Serra FM 87,9\",\"headline\":\"Senado aprova texto com mudan\\u00e7as que podem aumentar conta de luz\",\"author\":{\"@id\":\"https:\\\/\\\/serrafm879.com.br\\\/serrafm\\\/author\\\/serrafm87\\\/#author\"},\"publisher\":{\"@id\":\"https:\\\/\\\/serrafm879.com.br\\\/serrafm\\\/#organization\"},\"image\":{\"@type\":\"ImageObject\",\"url\":\"https:\\\/\\\/serrafm879.com.br\\\/serrafm\\\/wp-content\\\/uploads\\\/2020\\\/03\\\/ecoluz.jpg\",\"width\":276,\"height\":183},\"datePublished\":\"2021-06-18T04:21:57-03:00\",\"dateModified\":\"2021-06-18T04:21:57-03:00\",\"inLanguage\":\"pt-BR\",\"mainEntityOfPage\":{\"@id\":\"https:\\\/\\\/serrafm879.com.br\\\/serrafm\\\/2021\\\/06\\\/senado-aprova-texto-com-mudancas-que-podem-aumentar-conta-de-luz\\\/#webpage\"},\"isPartOf\":{\"@id\":\"https:\\\/\\\/serrafm879.com.br\\\/serrafm\\\/2021\\\/06\\\/senado-aprova-texto-com-mudancas-que-podem-aumentar-conta-de-luz\\\/#webpage\"},\"articleSection\":\"Not\\u00edcias\"},{\"@type\":\"BreadcrumbList\",\"@id\":\"https:\\\/\\\/serrafm879.com.br\\\/serrafm\\\/2021\\\/06\\\/senado-aprova-texto-com-mudancas-que-podem-aumentar-conta-de-luz\\\/#breadcrumblist\",\"itemListElement\":[{\"@type\":\"ListItem\",\"@id\":\"https:\\\/\\\/serrafm879.com.br\\\/serrafm#listItem\",\"position\":1,\"name\":\"Home\",\"item\":\"https:\\\/\\\/serrafm879.com.br\\\/serrafm\",\"nextItem\":{\"@type\":\"ListItem\",\"@id\":\"https:\\\/\\\/serrafm879.com.br\\\/serrafm\\\/categoria\\\/noticias\\\/#listItem\",\"name\":\"Not\\u00edcias\"}},{\"@type\":\"ListItem\",\"@id\":\"https:\\\/\\\/serrafm879.com.br\\\/serrafm\\\/categoria\\\/noticias\\\/#listItem\",\"position\":2,\"name\":\"Not\\u00edcias\",\"item\":\"https:\\\/\\\/serrafm879.com.br\\\/serrafm\\\/categoria\\\/noticias\\\/\",\"nextItem\":{\"@type\":\"ListItem\",\"@id\":\"https:\\\/\\\/serrafm879.com.br\\\/serrafm\\\/2021\\\/06\\\/senado-aprova-texto-com-mudancas-que-podem-aumentar-conta-de-luz\\\/#listItem\",\"name\":\"Senado aprova texto com mudan\\u00e7as que podem aumentar conta de luz\"},\"previousItem\":{\"@type\":\"ListItem\",\"@id\":\"https:\\\/\\\/serrafm879.com.br\\\/serrafm#listItem\",\"name\":\"Home\"}},{\"@type\":\"ListItem\",\"@id\":\"https:\\\/\\\/serrafm879.com.br\\\/serrafm\\\/2021\\\/06\\\/senado-aprova-texto-com-mudancas-que-podem-aumentar-conta-de-luz\\\/#listItem\",\"position\":3,\"name\":\"Senado aprova texto com mudan\\u00e7as que podem aumentar conta de luz\",\"previousItem\":{\"@type\":\"ListItem\",\"@id\":\"https:\\\/\\\/serrafm879.com.br\\\/serrafm\\\/categoria\\\/noticias\\\/#listItem\",\"name\":\"Not\\u00edcias\"}}]},{\"@type\":\"Organization\",\"@id\":\"https:\\\/\\\/serrafm879.com.br\\\/serrafm\\\/#organization\",\"name\":\"Serra FM 87,9\",\"description\":\"O seu novo amor!\",\"url\":\"https:\\\/\\\/serrafm879.com.br\\\/serrafm\\\/\"},{\"@type\":\"Person\",\"@id\":\"https:\\\/\\\/serrafm879.com.br\\\/serrafm\\\/author\\\/serrafm87\\\/#author\",\"url\":\"https:\\\/\\\/serrafm879.com.br\\\/serrafm\\\/author\\\/serrafm87\\\/\",\"name\":\"serrafm87\",\"image\":{\"@type\":\"ImageObject\",\"@id\":\"https:\\\/\\\/serrafm879.com.br\\\/serrafm\\\/2021\\\/06\\\/senado-aprova-texto-com-mudancas-que-podem-aumentar-conta-de-luz\\\/#authorImage\",\"url\":\"https:\\\/\\\/secure.gravatar.com\\\/avatar\\\/a743233f1112d34f48bb3dc9559b76eb930bab8b27175856cba6362608736235?s=96&d=mm&r=g\",\"width\":96,\"height\":96,\"caption\":\"serrafm87\"}},{\"@type\":\"WebPage\",\"@id\":\"https:\\\/\\\/serrafm879.com.br\\\/serrafm\\\/2021\\\/06\\\/senado-aprova-texto-com-mudancas-que-podem-aumentar-conta-de-luz\\\/#webpage\",\"url\":\"https:\\\/\\\/serrafm879.com.br\\\/serrafm\\\/2021\\\/06\\\/senado-aprova-texto-com-mudancas-que-podem-aumentar-conta-de-luz\\\/\",\"name\":\"Senado aprova texto com mudan\\u00e7as que podem aumentar conta de luz - Serra FM 87,9\",\"description\":\"O Senado aprovou nesta quinta-feira (17) a medida provis\\u00f3ria que viabiliza a privatiza\\u00e7\\u00e3o da Eletrobras, maior empresa de energia el\\u00e9trica da Am\\u00e9rica Latina. Enquanto o governo afirma que a privatiza\\u00e7\\u00e3o reduzir\\u00e1 a conta de luz em at\\u00e9 7,36%, entidades do setor el\\u00e9trico afirmam que a conta vai encarecer. Como os senadores alteraram parte da vers\\u00e3o\",\"inLanguage\":\"pt-BR\",\"isPartOf\":{\"@id\":\"https:\\\/\\\/serrafm879.com.br\\\/serrafm\\\/#website\"},\"breadcrumb\":{\"@id\":\"https:\\\/\\\/serrafm879.com.br\\\/serrafm\\\/2021\\\/06\\\/senado-aprova-texto-com-mudancas-que-podem-aumentar-conta-de-luz\\\/#breadcrumblist\"},\"author\":{\"@id\":\"https:\\\/\\\/serrafm879.com.br\\\/serrafm\\\/author\\\/serrafm87\\\/#author\"},\"creator\":{\"@id\":\"https:\\\/\\\/serrafm879.com.br\\\/serrafm\\\/author\\\/serrafm87\\\/#author\"},\"image\":{\"@type\":\"ImageObject\",\"url\":\"https:\\\/\\\/serrafm879.com.br\\\/serrafm\\\/wp-content\\\/uploads\\\/2020\\\/03\\\/ecoluz.jpg\",\"@id\":\"https:\\\/\\\/serrafm879.com.br\\\/serrafm\\\/2021\\\/06\\\/senado-aprova-texto-com-mudancas-que-podem-aumentar-conta-de-luz\\\/#mainImage\",\"width\":276,\"height\":183},\"primaryImageOfPage\":{\"@id\":\"https:\\\/\\\/serrafm879.com.br\\\/serrafm\\\/2021\\\/06\\\/senado-aprova-texto-com-mudancas-que-podem-aumentar-conta-de-luz\\\/#mainImage\"},\"datePublished\":\"2021-06-18T04:21:57-03:00\",\"dateModified\":\"2021-06-18T04:21:57-03:00\"},{\"@type\":\"WebSite\",\"@id\":\"https:\\\/\\\/serrafm879.com.br\\\/serrafm\\\/#website\",\"url\":\"https:\\\/\\\/serrafm879.com.br\\\/serrafm\\\/\",\"name\":\"Serra FM 87,9\",\"description\":\"O seu novo amor!\",\"inLanguage\":\"pt-BR\",\"publisher\":{\"@id\":\"https:\\\/\\\/serrafm879.com.br\\\/serrafm\\\/#organization\"}}]}\n\t\t<\/script>\n\t\t<!-- All in One SEO -->\n\n","aioseo_head_json":{"title":"Senado aprova texto com mudan\u00e7as que podem aumentar conta de luz - Serra FM 87,9","description":"O Senado aprovou nesta quinta-feira (17) a medida provis\u00f3ria que viabiliza a privatiza\u00e7\u00e3o da Eletrobras, maior empresa de energia el\u00e9trica da Am\u00e9rica Latina. Enquanto o governo afirma que a privatiza\u00e7\u00e3o reduzir\u00e1 a conta de luz em at\u00e9 7,36%, entidades do setor el\u00e9trico afirmam que a conta vai encarecer. Como os senadores alteraram parte da vers\u00e3o","canonical_url":"https:\/\/serrafm879.com.br\/serrafm\/2021\/06\/senado-aprova-texto-com-mudancas-que-podem-aumentar-conta-de-luz\/","robots":"max-image-preview:large","keywords":"","webmasterTools":{"miscellaneous":""},"schema":{"@context":"https:\/\/schema.org","@graph":[{"@type":"BlogPosting","@id":"https:\/\/serrafm879.com.br\/serrafm\/2021\/06\/senado-aprova-texto-com-mudancas-que-podem-aumentar-conta-de-luz\/#blogposting","name":"Senado aprova texto com mudan\u00e7as que podem aumentar conta de luz - Serra FM 87,9","headline":"Senado aprova texto com mudan\u00e7as que podem aumentar conta de luz","author":{"@id":"https:\/\/serrafm879.com.br\/serrafm\/author\/serrafm87\/#author"},"publisher":{"@id":"https:\/\/serrafm879.com.br\/serrafm\/#organization"},"image":{"@type":"ImageObject","url":"https:\/\/serrafm879.com.br\/serrafm\/wp-content\/uploads\/2020\/03\/ecoluz.jpg","width":276,"height":183},"datePublished":"2021-06-18T04:21:57-03:00","dateModified":"2021-06-18T04:21:57-03:00","inLanguage":"pt-BR","mainEntityOfPage":{"@id":"https:\/\/serrafm879.com.br\/serrafm\/2021\/06\/senado-aprova-texto-com-mudancas-que-podem-aumentar-conta-de-luz\/#webpage"},"isPartOf":{"@id":"https:\/\/serrafm879.com.br\/serrafm\/2021\/06\/senado-aprova-texto-com-mudancas-que-podem-aumentar-conta-de-luz\/#webpage"},"articleSection":"Not\u00edcias"},{"@type":"BreadcrumbList","@id":"https:\/\/serrafm879.com.br\/serrafm\/2021\/06\/senado-aprova-texto-com-mudancas-que-podem-aumentar-conta-de-luz\/#breadcrumblist","itemListElement":[{"@type":"ListItem","@id":"https:\/\/serrafm879.com.br\/serrafm#listItem","position":1,"name":"Home","item":"https:\/\/serrafm879.com.br\/serrafm","nextItem":{"@type":"ListItem","@id":"https:\/\/serrafm879.com.br\/serrafm\/categoria\/noticias\/#listItem","name":"Not\u00edcias"}},{"@type":"ListItem","@id":"https:\/\/serrafm879.com.br\/serrafm\/categoria\/noticias\/#listItem","position":2,"name":"Not\u00edcias","item":"https:\/\/serrafm879.com.br\/serrafm\/categoria\/noticias\/","nextItem":{"@type":"ListItem","@id":"https:\/\/serrafm879.com.br\/serrafm\/2021\/06\/senado-aprova-texto-com-mudancas-que-podem-aumentar-conta-de-luz\/#listItem","name":"Senado aprova texto com mudan\u00e7as que podem aumentar conta de luz"},"previousItem":{"@type":"ListItem","@id":"https:\/\/serrafm879.com.br\/serrafm#listItem","name":"Home"}},{"@type":"ListItem","@id":"https:\/\/serrafm879.com.br\/serrafm\/2021\/06\/senado-aprova-texto-com-mudancas-que-podem-aumentar-conta-de-luz\/#listItem","position":3,"name":"Senado aprova texto com mudan\u00e7as que podem aumentar conta de luz","previousItem":{"@type":"ListItem","@id":"https:\/\/serrafm879.com.br\/serrafm\/categoria\/noticias\/#listItem","name":"Not\u00edcias"}}]},{"@type":"Organization","@id":"https:\/\/serrafm879.com.br\/serrafm\/#organization","name":"Serra FM 87,9","description":"O seu novo amor!","url":"https:\/\/serrafm879.com.br\/serrafm\/"},{"@type":"Person","@id":"https:\/\/serrafm879.com.br\/serrafm\/author\/serrafm87\/#author","url":"https:\/\/serrafm879.com.br\/serrafm\/author\/serrafm87\/","name":"serrafm87","image":{"@type":"ImageObject","@id":"https:\/\/serrafm879.com.br\/serrafm\/2021\/06\/senado-aprova-texto-com-mudancas-que-podem-aumentar-conta-de-luz\/#authorImage","url":"https:\/\/secure.gravatar.com\/avatar\/a743233f1112d34f48bb3dc9559b76eb930bab8b27175856cba6362608736235?s=96&d=mm&r=g","width":96,"height":96,"caption":"serrafm87"}},{"@type":"WebPage","@id":"https:\/\/serrafm879.com.br\/serrafm\/2021\/06\/senado-aprova-texto-com-mudancas-que-podem-aumentar-conta-de-luz\/#webpage","url":"https:\/\/serrafm879.com.br\/serrafm\/2021\/06\/senado-aprova-texto-com-mudancas-que-podem-aumentar-conta-de-luz\/","name":"Senado aprova texto com mudan\u00e7as que podem aumentar conta de luz - Serra FM 87,9","description":"O Senado aprovou nesta quinta-feira (17) a medida provis\u00f3ria que viabiliza a privatiza\u00e7\u00e3o da Eletrobras, maior empresa de energia el\u00e9trica da Am\u00e9rica Latina. Enquanto o governo afirma que a privatiza\u00e7\u00e3o reduzir\u00e1 a conta de luz em at\u00e9 7,36%, entidades do setor el\u00e9trico afirmam que a conta vai encarecer. Como os senadores alteraram parte da vers\u00e3o","inLanguage":"pt-BR","isPartOf":{"@id":"https:\/\/serrafm879.com.br\/serrafm\/#website"},"breadcrumb":{"@id":"https:\/\/serrafm879.com.br\/serrafm\/2021\/06\/senado-aprova-texto-com-mudancas-que-podem-aumentar-conta-de-luz\/#breadcrumblist"},"author":{"@id":"https:\/\/serrafm879.com.br\/serrafm\/author\/serrafm87\/#author"},"creator":{"@id":"https:\/\/serrafm879.com.br\/serrafm\/author\/serrafm87\/#author"},"image":{"@type":"ImageObject","url":"https:\/\/serrafm879.com.br\/serrafm\/wp-content\/uploads\/2020\/03\/ecoluz.jpg","@id":"https:\/\/serrafm879.com.br\/serrafm\/2021\/06\/senado-aprova-texto-com-mudancas-que-podem-aumentar-conta-de-luz\/#mainImage","width":276,"height":183},"primaryImageOfPage":{"@id":"https:\/\/serrafm879.com.br\/serrafm\/2021\/06\/senado-aprova-texto-com-mudancas-que-podem-aumentar-conta-de-luz\/#mainImage"},"datePublished":"2021-06-18T04:21:57-03:00","dateModified":"2021-06-18T04:21:57-03:00"},{"@type":"WebSite","@id":"https:\/\/serrafm879.com.br\/serrafm\/#website","url":"https:\/\/serrafm879.com.br\/serrafm\/","name":"Serra FM 87,9","description":"O seu novo amor!","inLanguage":"pt-BR","publisher":{"@id":"https:\/\/serrafm879.com.br\/serrafm\/#organization"}}]},"twitter:card":"summary_large_image","twitter:title":"Senado aprova texto com mudan\u00e7as que podem aumentar conta de luz - Serra FM 87,9","twitter:description":"O Senado aprovou nesta quinta-feira (17) a medida provis\u00f3ria que viabiliza a privatiza\u00e7\u00e3o da Eletrobras, maior empresa de energia el\u00e9trica da Am\u00e9rica Latina. Enquanto o governo afirma que a privatiza\u00e7\u00e3o reduzir\u00e1 a conta de luz em at\u00e9 7,36%, entidades do setor el\u00e9trico afirmam que a conta vai encarecer. Como os senadores alteraram parte da vers\u00e3o","twitter:image":"https:\/\/serrafm879.com.br\/serrafm\/wp-content\/uploads\/2020\/03\/ecoluz.jpg"},"aioseo_meta_data":{"post_id":"6478","title":null,"description":null,"keywords":null,"keyphrases":null,"primary_term":null,"canonical_url":null,"og_title":null,"og_description":null,"og_object_type":"default","og_image_type":"default","og_image_custom_url":null,"og_image_custom_fields":null,"og_image_url":null,"og_image_width":null,"og_image_height":null,"og_video":null,"og_custom_url":null,"og_article_section":null,"og_article_tags":null,"twitter_use_og":false,"twitter_card":"default","twitter_image_type":"default","twitter_image_custom_url":null,"twitter_image_custom_fields":null,"twitter_image_url":null,"twitter_title":null,"twitter_description":null,"schema_type":"default","schema_type_options":null,"schema":{"blockGraphs":[],"customGraphs":[],"default":{"data":{"Article":[],"Course":[],"Dataset":[],"FAQPage":[],"Movie":[],"Person":[],"Product":[],"ProductReview":[],"Car":[],"Recipe":[],"Service":[],"SoftwareApplication":[],"WebPage":[]},"graphName":"","isEnabled":true},"graphs":[]},"pillar_content":false,"robots_default":true,"robots_noindex":false,"robots_noarchive":false,"robots_nosnippet":false,"robots_nofollow":false,"robots_noimageindex":false,"robots_noodp":false,"robots_notranslate":false,"robots_max_snippet":null,"robots_max_videopreview":null,"robots_max_imagepreview":"large","priority":null,"frequency":null,"local_seo":null,"limit_modified_date":false,"ai":null,"breadcrumb_settings":null,"seo_analyzer_scan_date":null,"created":"2026-07-21 00:09:42","updated":"2026-07-21 00:09:42"},"aioseo_breadcrumb":"<div class=\"aioseo-breadcrumbs\"><span class=\"aioseo-breadcrumb\">\n\t\t\t<a href=\"https:\/\/serrafm879.com.br\/serrafm\" title=\"Home\">Home<\/a>\n\t\t<\/span><span class=\"aioseo-breadcrumb-separator\">&raquo;<\/span><span class=\"aioseo-breadcrumb\">\n\t\t\t<a href=\"https:\/\/serrafm879.com.br\/serrafm\/categoria\/noticias\/\" title=\"Not\u00edcias\">Not\u00edcias<\/a>\n\t\t<\/span><span class=\"aioseo-breadcrumb-separator\">&raquo;<\/span><span class=\"aioseo-breadcrumb\">\n\t\t\tSenado aprova texto com mudan\u00e7as que podem aumentar conta de luz\n\t\t<\/span><\/div>","aioseo_breadcrumb_json":[{"label":"Home","link":"https:\/\/serrafm879.com.br\/serrafm"},{"label":"Not\u00edcias","link":"https:\/\/serrafm879.com.br\/serrafm\/categoria\/noticias\/"},{"label":"Senado aprova texto com mudan\u00e7as que podem aumentar conta de luz","link":"https:\/\/serrafm879.com.br\/serrafm\/2021\/06\/senado-aprova-texto-com-mudancas-que-podem-aumentar-conta-de-luz\/"}],"jetpack_publicize_connections":[],"jetpack_featured_media_url":"https:\/\/serrafm879.com.br\/serrafm\/wp-content\/uploads\/2020\/03\/ecoluz.jpg","jetpack_shortlink":"https:\/\/wp.me\/p7HyXg-1Gu","jetpack_sharing_enabled":true,"_links":{"self":[{"href":"https:\/\/serrafm879.com.br\/serrafm\/wp-json\/wp\/v2\/posts\/6478","targetHints":{"allow":["GET"]}}],"collection":[{"href":"https:\/\/serrafm879.com.br\/serrafm\/wp-json\/wp\/v2\/posts"}],"about":[{"href":"https:\/\/serrafm879.com.br\/serrafm\/wp-json\/wp\/v2\/types\/post"}],"author":[{"embeddable":true,"href":"https:\/\/serrafm879.com.br\/serrafm\/wp-json\/wp\/v2\/users\/2"}],"replies":[{"embeddable":true,"href":"https:\/\/serrafm879.com.br\/serrafm\/wp-json\/wp\/v2\/comments?post=6478"}],"version-history":[{"count":1,"href":"https:\/\/serrafm879.com.br\/serrafm\/wp-json\/wp\/v2\/posts\/6478\/revisions"}],"predecessor-version":[{"id":6479,"href":"https:\/\/serrafm879.com.br\/serrafm\/wp-json\/wp\/v2\/posts\/6478\/revisions\/6479"}],"wp:featuredmedia":[{"embeddable":true,"href":"https:\/\/serrafm879.com.br\/serrafm\/wp-json\/wp\/v2\/media\/2359"}],"wp:attachment":[{"href":"https:\/\/serrafm879.com.br\/serrafm\/wp-json\/wp\/v2\/media?parent=6478"}],"wp:term":[{"taxonomy":"category","embeddable":true,"href":"https:\/\/serrafm879.com.br\/serrafm\/wp-json\/wp\/v2\/categories?post=6478"},{"taxonomy":"post_tag","embeddable":true,"href":"https:\/\/serrafm879.com.br\/serrafm\/wp-json\/wp\/v2\/tags?post=6478"}],"curies":[{"name":"wp","href":"https:\/\/api.w.org\/{rel}","templated":true}]}}