{"id":6480,"date":"2021-06-18T04:23:13","date_gmt":"2021-06-18T07:23:13","guid":{"rendered":"https:\/?p=6480"},"modified":"2021-06-18T04:23:13","modified_gmt":"2021-06-18T07:23:13","slug":"santa-cruz-da-baixa-verde-tambem-proibe-fogueiras-e-fogos-de-artificio","status":"publish","type":"post","link":"https:\/\/serrafm879.com.br\/serrafm\/2021\/06\/santa-cruz-da-baixa-verde-tambem-proibe-fogueiras-e-fogos-de-artificio\/","title":{"rendered":"Santa Cruz da Baixa Verde tamb\u00e9m pro\u00edbe fogueiras e fogos de artif\u00edcio"},"content":{"rendered":"<p>Devido ao aumento dos casos da Covid-19 no Sert\u00e3o do Paje\u00fa, e a superlota\u00e7\u00e3o das unidades hospitalares, fez com que a Prefeitura de Santa Cruz da Baixa Verde institu\u00edsse o decreto n\u00ba 35 de 15 de junho de 2021. No decreto fica proibido o acendimento de fogueiras e a queima de fogos de artif\u00edcio, em locais p\u00fablicos ou privados, em todo o territ\u00f3rio do munic\u00edpio de Santa Cruz da Baixa Verde, no Sert\u00e3o de Pernambuco.<\/p>\n<p>O descumprimento do disposto neste decreto poder\u00e1 acarretar a responsabiliza\u00e7\u00e3o dos infratores, nos termos da legisla\u00e7\u00e3o existente, perante a via administrativa e judicial.<\/p>\n<p>Segundo o prefeito Irlando Parab\u00f3licas, a a\u00e7\u00e3o tem sido tomada por quase todos os gestores municipais da regi\u00e3o. \u201cEsse \u00e9 um momento importante de agir em favor da vida. Os casos de Covid-19 no nosso Sert\u00e3o v\u00eam crescendo. Precisamos ter a consci\u00eancia que a fuma\u00e7a, segundo especialistas, pode desencadear doen\u00e7as respirat\u00f3rias e crises al\u00e9rgicas. Outro fator importante que n\u00e3o ajuda em nada o combate da pandemia \u00e9 a aglomera\u00e7\u00e3o em torno das fogueiras\u201d, afirmou.<\/p>\n<p>\u00c0 noite de S\u00e3o Jo\u00e3o \u00e9 uma das mais esperadas pelos nordestinos. Esse \u00e9 o segundo ano que os festejos juninos n\u00e3o v\u00e3o ocorrer devido a pandemia do novo coronav\u00edrus.<\/p>\n","protected":false},"excerpt":{"rendered":"<p>Devido ao aumento dos casos da Covid-19 no Sert\u00e3o do Paje\u00fa, e a superlota\u00e7\u00e3o das unidades hospitalares, fez com que a Prefeitura de Santa Cruz da Baixa Verde institu\u00edsse o decreto n\u00ba 35 de 15 de junho de 2021. No decreto fica proibido o acendimento de fogueiras e a queima de fogos de artif\u00edcio, em locais p\u00fablicos ou privados, em todo o territ\u00f3rio do munic\u00edpio de Santa Cruz da Baixa Verde, no Sert\u00e3o de Pernambuco. O descumprimento do disposto neste decreto poder\u00e1 acarretar a responsabiliza\u00e7\u00e3o dos infratores, nos termos da legisla\u00e7\u00e3o existente, perante a via administrativa e judicial. Segundo o [&hellip;]<\/p>\n","protected":false},"author":2,"featured_media":6481,"comment_status":"open","ping_status":"open","sticky":false,"template":"","format":"standard","meta":{"_jetpack_newsletter_access":"","_jetpack_dont_email_post_to_subs":false,"_jetpack_newsletter_tier_id":0,"_jetpack_memberships_contains_paywalled_content":false,"_jetpack_feature_clip_id":0,"_jetpack_memberships_contains_paid_content":false,"footnotes":"","jetpack_publicize_message":"","jetpack_publicize_feature_enabled":true,"jetpack_social_post_already_shared":true,"jetpack_social_options":{"image_generator_settings":{"template":"highway","default_image_id":0,"font":"","enabled":false},"version":2},"jetpack_post_was_ever_published":false},"categories":[2],"tags":[],"class_list":["post-6480","post","type-post","status-publish","format-standard","has-post-thumbnail","hentry","category-noticias"],"aioseo_notices":[],"aioseo_head":"\n\t\t<!-- All in One SEO 4.9.10 - aioseo.com -->\n\t<meta name=\"description\" content=\"Devido ao aumento dos casos da Covid-19 no Sert\u00e3o do Paje\u00fa, e a superlota\u00e7\u00e3o das unidades hospitalares, fez com que a Prefeitura de Santa Cruz da Baixa Verde institu\u00edsse o decreto n\u00ba 35 de 15 de junho de 2021. No decreto fica proibido o acendimento de fogueiras e a queima de fogos de artif\u00edcio, em\" \/>\n\t<meta name=\"robots\" content=\"max-image-preview:large\" \/>\n\t<meta name=\"author\" content=\"serrafm87\"\/>\n\t<link rel=\"canonical\" href=\"https:\/\/serrafm879.com.br\/serrafm\/2021\/06\/santa-cruz-da-baixa-verde-tambem-proibe-fogueiras-e-fogos-de-artificio\/\" \/>\n\t<meta name=\"generator\" content=\"All in One SEO (AIOSEO) 4.9.10\" \/>\n\t\t<meta name=\"twitter:card\" content=\"summary_large_image\" \/>\n\t\t<meta name=\"twitter:title\" content=\"Santa Cruz da Baixa Verde tamb\u00e9m pro\u00edbe fogueiras e fogos de artif\u00edcio - Serra FM 87,9\" \/>\n\t\t<meta name=\"twitter:description\" content=\"Devido ao aumento dos casos da Covid-19 no Sert\u00e3o do Paje\u00fa, e a superlota\u00e7\u00e3o das unidades hospitalares, fez com que a Prefeitura de Santa Cruz da Baixa Verde institu\u00edsse o decreto n\u00ba 35 de 15 de junho de 2021. No decreto fica proibido o acendimento de fogueiras e a queima de fogos de artif\u00edcio, em\" \/>\n\t\t<meta name=\"twitter:image\" content=\"https:\/\/serrafm879.com.br\/serrafm\/wp-content\/uploads\/2021\/06\/santacruzdabaixaverde.jpg\" \/>\n\t\t<script type=\"application\/ld+json\" class=\"aioseo-schema\">\n\t\t\t{\"@context\":\"https:\\\/\\\/schema.org\",\"@graph\":[{\"@type\":\"BlogPosting\",\"@id\":\"https:\\\/\\\/serrafm879.com.br\\\/serrafm\\\/2021\\\/06\\\/santa-cruz-da-baixa-verde-tambem-proibe-fogueiras-e-fogos-de-artificio\\\/#blogposting\",\"name\":\"Santa Cruz da Baixa Verde tamb\\u00e9m pro\\u00edbe fogueiras e fogos de artif\\u00edcio - Serra FM 87,9\",\"headline\":\"Santa Cruz da Baixa Verde tamb\\u00e9m pro\\u00edbe fogueiras e fogos de artif\\u00edcio\",\"author\":{\"@id\":\"https:\\\/\\\/serrafm879.com.br\\\/serrafm\\\/author\\\/serrafm87\\\/#author\"},\"publisher\":{\"@id\":\"https:\\\/\\\/serrafm879.com.br\\\/serrafm\\\/#organization\"},\"image\":{\"@type\":\"ImageObject\",\"url\":\"https:\\\/\\\/serrafm879.com.br\\\/serrafm\\\/wp-content\\\/uploads\\\/2021\\\/06\\\/santacruzdabaixaverde.jpg\",\"width\":640,\"height\":364},\"datePublished\":\"2021-06-18T04:23:13-03:00\",\"dateModified\":\"2021-06-18T04:23:13-03:00\",\"inLanguage\":\"pt-BR\",\"mainEntityOfPage\":{\"@id\":\"https:\\\/\\\/serrafm879.com.br\\\/serrafm\\\/2021\\\/06\\\/santa-cruz-da-baixa-verde-tambem-proibe-fogueiras-e-fogos-de-artificio\\\/#webpage\"},\"isPartOf\":{\"@id\":\"https:\\\/\\\/serrafm879.com.br\\\/serrafm\\\/2021\\\/06\\\/santa-cruz-da-baixa-verde-tambem-proibe-fogueiras-e-fogos-de-artificio\\\/#webpage\"},\"articleSection\":\"Not\\u00edcias\"},{\"@type\":\"BreadcrumbList\",\"@id\":\"https:\\\/\\\/serrafm879.com.br\\\/serrafm\\\/2021\\\/06\\\/santa-cruz-da-baixa-verde-tambem-proibe-fogueiras-e-fogos-de-artificio\\\/#breadcrumblist\",\"itemListElement\":[{\"@type\":\"ListItem\",\"@id\":\"https:\\\/\\\/serrafm879.com.br\\\/serrafm#listItem\",\"position\":1,\"name\":\"Home\",\"item\":\"https:\\\/\\\/serrafm879.com.br\\\/serrafm\",\"nextItem\":{\"@type\":\"ListItem\",\"@id\":\"https:\\\/\\\/serrafm879.com.br\\\/serrafm\\\/categoria\\\/noticias\\\/#listItem\",\"name\":\"Not\\u00edcias\"}},{\"@type\":\"ListItem\",\"@id\":\"https:\\\/\\\/serrafm879.com.br\\\/serrafm\\\/categoria\\\/noticias\\\/#listItem\",\"position\":2,\"name\":\"Not\\u00edcias\",\"item\":\"https:\\\/\\\/serrafm879.com.br\\\/serrafm\\\/categoria\\\/noticias\\\/\",\"nextItem\":{\"@type\":\"ListItem\",\"@id\":\"https:\\\/\\\/serrafm879.com.br\\\/serrafm\\\/2021\\\/06\\\/santa-cruz-da-baixa-verde-tambem-proibe-fogueiras-e-fogos-de-artificio\\\/#listItem\",\"name\":\"Santa Cruz da Baixa Verde tamb\\u00e9m pro\\u00edbe fogueiras e fogos de artif\\u00edcio\"},\"previousItem\":{\"@type\":\"ListItem\",\"@id\":\"https:\\\/\\\/serrafm879.com.br\\\/serrafm#listItem\",\"name\":\"Home\"}},{\"@type\":\"ListItem\",\"@id\":\"https:\\\/\\\/serrafm879.com.br\\\/serrafm\\\/2021\\\/06\\\/santa-cruz-da-baixa-verde-tambem-proibe-fogueiras-e-fogos-de-artificio\\\/#listItem\",\"position\":3,\"name\":\"Santa Cruz da Baixa Verde tamb\\u00e9m pro\\u00edbe fogueiras e fogos de artif\\u00edcio\",\"previousItem\":{\"@type\":\"ListItem\",\"@id\":\"https:\\\/\\\/serrafm879.com.br\\\/serrafm\\\/categoria\\\/noticias\\\/#listItem\",\"name\":\"Not\\u00edcias\"}}]},{\"@type\":\"Organization\",\"@id\":\"https:\\\/\\\/serrafm879.com.br\\\/serrafm\\\/#organization\",\"name\":\"Serra FM 87,9\",\"description\":\"O seu novo amor!\",\"url\":\"https:\\\/\\\/serrafm879.com.br\\\/serrafm\\\/\"},{\"@type\":\"Person\",\"@id\":\"https:\\\/\\\/serrafm879.com.br\\\/serrafm\\\/author\\\/serrafm87\\\/#author\",\"url\":\"https:\\\/\\\/serrafm879.com.br\\\/serrafm\\\/author\\\/serrafm87\\\/\",\"name\":\"serrafm87\",\"image\":{\"@type\":\"ImageObject\",\"@id\":\"https:\\\/\\\/serrafm879.com.br\\\/serrafm\\\/2021\\\/06\\\/santa-cruz-da-baixa-verde-tambem-proibe-fogueiras-e-fogos-de-artificio\\\/#authorImage\",\"url\":\"https:\\\/\\\/secure.gravatar.com\\\/avatar\\\/a743233f1112d34f48bb3dc9559b76eb930bab8b27175856cba6362608736235?s=96&d=mm&r=g\",\"width\":96,\"height\":96,\"caption\":\"serrafm87\"}},{\"@type\":\"WebPage\",\"@id\":\"https:\\\/\\\/serrafm879.com.br\\\/serrafm\\\/2021\\\/06\\\/santa-cruz-da-baixa-verde-tambem-proibe-fogueiras-e-fogos-de-artificio\\\/#webpage\",\"url\":\"https:\\\/\\\/serrafm879.com.br\\\/serrafm\\\/2021\\\/06\\\/santa-cruz-da-baixa-verde-tambem-proibe-fogueiras-e-fogos-de-artificio\\\/\",\"name\":\"Santa Cruz da Baixa Verde tamb\\u00e9m pro\\u00edbe fogueiras e fogos de artif\\u00edcio - Serra FM 87,9\",\"description\":\"Devido ao aumento dos casos da Covid-19 no Sert\\u00e3o do Paje\\u00fa, e a superlota\\u00e7\\u00e3o das unidades hospitalares, fez com que a Prefeitura de Santa Cruz da Baixa Verde institu\\u00edsse o decreto n\\u00ba 35 de 15 de junho de 2021. No decreto fica proibido o acendimento de fogueiras e a queima de fogos de artif\\u00edcio, em\",\"inLanguage\":\"pt-BR\",\"isPartOf\":{\"@id\":\"https:\\\/\\\/serrafm879.com.br\\\/serrafm\\\/#website\"},\"breadcrumb\":{\"@id\":\"https:\\\/\\\/serrafm879.com.br\\\/serrafm\\\/2021\\\/06\\\/santa-cruz-da-baixa-verde-tambem-proibe-fogueiras-e-fogos-de-artificio\\\/#breadcrumblist\"},\"author\":{\"@id\":\"https:\\\/\\\/serrafm879.com.br\\\/serrafm\\\/author\\\/serrafm87\\\/#author\"},\"creator\":{\"@id\":\"https:\\\/\\\/serrafm879.com.br\\\/serrafm\\\/author\\\/serrafm87\\\/#author\"},\"image\":{\"@type\":\"ImageObject\",\"url\":\"https:\\\/\\\/serrafm879.com.br\\\/serrafm\\\/wp-content\\\/uploads\\\/2021\\\/06\\\/santacruzdabaixaverde.jpg\",\"@id\":\"https:\\\/\\\/serrafm879.com.br\\\/serrafm\\\/2021\\\/06\\\/santa-cruz-da-baixa-verde-tambem-proibe-fogueiras-e-fogos-de-artificio\\\/#mainImage\",\"width\":640,\"height\":364},\"primaryImageOfPage\":{\"@id\":\"https:\\\/\\\/serrafm879.com.br\\\/serrafm\\\/2021\\\/06\\\/santa-cruz-da-baixa-verde-tambem-proibe-fogueiras-e-fogos-de-artificio\\\/#mainImage\"},\"datePublished\":\"2021-06-18T04:23:13-03:00\",\"dateModified\":\"2021-06-18T04:23:13-03:00\"},{\"@type\":\"WebSite\",\"@id\":\"https:\\\/\\\/serrafm879.com.br\\\/serrafm\\\/#website\",\"url\":\"https:\\\/\\\/serrafm879.com.br\\\/serrafm\\\/\",\"name\":\"Serra FM 87,9\",\"description\":\"O seu novo amor!\",\"inLanguage\":\"pt-BR\",\"publisher\":{\"@id\":\"https:\\\/\\\/serrafm879.com.br\\\/serrafm\\\/#organization\"}}]}\n\t\t<\/script>\n\t\t<!-- All in One SEO -->\n\n","aioseo_head_json":{"title":"Santa Cruz da Baixa Verde tamb\u00e9m pro\u00edbe fogueiras e fogos de artif\u00edcio - Serra FM 87,9","description":"Devido ao aumento dos casos da Covid-19 no Sert\u00e3o do Paje\u00fa, e a superlota\u00e7\u00e3o das unidades hospitalares, fez com que a Prefeitura de Santa Cruz da Baixa Verde institu\u00edsse o decreto n\u00ba 35 de 15 de junho de 2021. No decreto fica proibido o acendimento de fogueiras e a queima de fogos de artif\u00edcio, em","canonical_url":"https:\/\/serrafm879.com.br\/serrafm\/2021\/06\/santa-cruz-da-baixa-verde-tambem-proibe-fogueiras-e-fogos-de-artificio\/","robots":"max-image-preview:large","keywords":"","webmasterTools":{"miscellaneous":""},"schema":{"@context":"https:\/\/schema.org","@graph":[{"@type":"BlogPosting","@id":"https:\/\/serrafm879.com.br\/serrafm\/2021\/06\/santa-cruz-da-baixa-verde-tambem-proibe-fogueiras-e-fogos-de-artificio\/#blogposting","name":"Santa Cruz da Baixa Verde tamb\u00e9m pro\u00edbe fogueiras e fogos de artif\u00edcio - Serra FM 87,9","headline":"Santa Cruz da Baixa Verde tamb\u00e9m pro\u00edbe fogueiras e fogos de artif\u00edcio","author":{"@id":"https:\/\/serrafm879.com.br\/serrafm\/author\/serrafm87\/#author"},"publisher":{"@id":"https:\/\/serrafm879.com.br\/serrafm\/#organization"},"image":{"@type":"ImageObject","url":"https:\/\/serrafm879.com.br\/serrafm\/wp-content\/uploads\/2021\/06\/santacruzdabaixaverde.jpg","width":640,"height":364},"datePublished":"2021-06-18T04:23:13-03:00","dateModified":"2021-06-18T04:23:13-03:00","inLanguage":"pt-BR","mainEntityOfPage":{"@id":"https:\/\/serrafm879.com.br\/serrafm\/2021\/06\/santa-cruz-da-baixa-verde-tambem-proibe-fogueiras-e-fogos-de-artificio\/#webpage"},"isPartOf":{"@id":"https:\/\/serrafm879.com.br\/serrafm\/2021\/06\/santa-cruz-da-baixa-verde-tambem-proibe-fogueiras-e-fogos-de-artificio\/#webpage"},"articleSection":"Not\u00edcias"},{"@type":"BreadcrumbList","@id":"https:\/\/serrafm879.com.br\/serrafm\/2021\/06\/santa-cruz-da-baixa-verde-tambem-proibe-fogueiras-e-fogos-de-artificio\/#breadcrumblist","itemListElement":[{"@type":"ListItem","@id":"https:\/\/serrafm879.com.br\/serrafm#listItem","position":1,"name":"Home","item":"https:\/\/serrafm879.com.br\/serrafm","nextItem":{"@type":"ListItem","@id":"https:\/\/serrafm879.com.br\/serrafm\/categoria\/noticias\/#listItem","name":"Not\u00edcias"}},{"@type":"ListItem","@id":"https:\/\/serrafm879.com.br\/serrafm\/categoria\/noticias\/#listItem","position":2,"name":"Not\u00edcias","item":"https:\/\/serrafm879.com.br\/serrafm\/categoria\/noticias\/","nextItem":{"@type":"ListItem","@id":"https:\/\/serrafm879.com.br\/serrafm\/2021\/06\/santa-cruz-da-baixa-verde-tambem-proibe-fogueiras-e-fogos-de-artificio\/#listItem","name":"Santa Cruz da Baixa Verde tamb\u00e9m pro\u00edbe fogueiras e fogos de artif\u00edcio"},"previousItem":{"@type":"ListItem","@id":"https:\/\/serrafm879.com.br\/serrafm#listItem","name":"Home"}},{"@type":"ListItem","@id":"https:\/\/serrafm879.com.br\/serrafm\/2021\/06\/santa-cruz-da-baixa-verde-tambem-proibe-fogueiras-e-fogos-de-artificio\/#listItem","position":3,"name":"Santa Cruz da Baixa Verde tamb\u00e9m pro\u00edbe fogueiras e fogos de artif\u00edcio","previousItem":{"@type":"ListItem","@id":"https:\/\/serrafm879.com.br\/serrafm\/categoria\/noticias\/#listItem","name":"Not\u00edcias"}}]},{"@type":"Organization","@id":"https:\/\/serrafm879.com.br\/serrafm\/#organization","name":"Serra FM 87,9","description":"O seu novo amor!","url":"https:\/\/serrafm879.com.br\/serrafm\/"},{"@type":"Person","@id":"https:\/\/serrafm879.com.br\/serrafm\/author\/serrafm87\/#author","url":"https:\/\/serrafm879.com.br\/serrafm\/author\/serrafm87\/","name":"serrafm87","image":{"@type":"ImageObject","@id":"https:\/\/serrafm879.com.br\/serrafm\/2021\/06\/santa-cruz-da-baixa-verde-tambem-proibe-fogueiras-e-fogos-de-artificio\/#authorImage","url":"https:\/\/secure.gravatar.com\/avatar\/a743233f1112d34f48bb3dc9559b76eb930bab8b27175856cba6362608736235?s=96&d=mm&r=g","width":96,"height":96,"caption":"serrafm87"}},{"@type":"WebPage","@id":"https:\/\/serrafm879.com.br\/serrafm\/2021\/06\/santa-cruz-da-baixa-verde-tambem-proibe-fogueiras-e-fogos-de-artificio\/#webpage","url":"https:\/\/serrafm879.com.br\/serrafm\/2021\/06\/santa-cruz-da-baixa-verde-tambem-proibe-fogueiras-e-fogos-de-artificio\/","name":"Santa Cruz da Baixa Verde tamb\u00e9m pro\u00edbe fogueiras e fogos de artif\u00edcio - Serra FM 87,9","description":"Devido ao aumento dos casos da Covid-19 no Sert\u00e3o do Paje\u00fa, e a superlota\u00e7\u00e3o das unidades hospitalares, fez com que a Prefeitura de Santa Cruz da Baixa Verde institu\u00edsse o decreto n\u00ba 35 de 15 de junho de 2021. No decreto fica proibido o acendimento de fogueiras e a queima de fogos de artif\u00edcio, em","inLanguage":"pt-BR","isPartOf":{"@id":"https:\/\/serrafm879.com.br\/serrafm\/#website"},"breadcrumb":{"@id":"https:\/\/serrafm879.com.br\/serrafm\/2021\/06\/santa-cruz-da-baixa-verde-tambem-proibe-fogueiras-e-fogos-de-artificio\/#breadcrumblist"},"author":{"@id":"https:\/\/serrafm879.com.br\/serrafm\/author\/serrafm87\/#author"},"creator":{"@id":"https:\/\/serrafm879.com.br\/serrafm\/author\/serrafm87\/#author"},"image":{"@type":"ImageObject","url":"https:\/\/serrafm879.com.br\/serrafm\/wp-content\/uploads\/2021\/06\/santacruzdabaixaverde.jpg","@id":"https:\/\/serrafm879.com.br\/serrafm\/2021\/06\/santa-cruz-da-baixa-verde-tambem-proibe-fogueiras-e-fogos-de-artificio\/#mainImage","width":640,"height":364},"primaryImageOfPage":{"@id":"https:\/\/serrafm879.com.br\/serrafm\/2021\/06\/santa-cruz-da-baixa-verde-tambem-proibe-fogueiras-e-fogos-de-artificio\/#mainImage"},"datePublished":"2021-06-18T04:23:13-03:00","dateModified":"2021-06-18T04:23:13-03:00"},{"@type":"WebSite","@id":"https:\/\/serrafm879.com.br\/serrafm\/#website","url":"https:\/\/serrafm879.com.br\/serrafm\/","name":"Serra FM 87,9","description":"O seu novo amor!","inLanguage":"pt-BR","publisher":{"@id":"https:\/\/serrafm879.com.br\/serrafm\/#organization"}}]},"twitter:card":"summary_large_image","twitter:title":"Santa Cruz da Baixa Verde tamb\u00e9m pro\u00edbe fogueiras e fogos de artif\u00edcio - Serra FM 87,9","twitter:description":"Devido ao aumento dos casos da Covid-19 no Sert\u00e3o do Paje\u00fa, e a superlota\u00e7\u00e3o das unidades hospitalares, fez com que a Prefeitura de Santa Cruz da Baixa Verde institu\u00edsse o decreto n\u00ba 35 de 15 de junho de 2021. No decreto fica proibido o acendimento de fogueiras e a queima de fogos de artif\u00edcio, em","twitter:image":"https:\/\/serrafm879.com.br\/serrafm\/wp-content\/uploads\/2021\/06\/santacruzdabaixaverde.jpg"},"aioseo_meta_data":{"post_id":"6480","title":null,"description":null,"keywords":null,"keyphrases":null,"primary_term":null,"canonical_url":null,"og_title":null,"og_description":null,"og_object_type":"default","og_image_type":"default","og_image_custom_url":null,"og_image_custom_fields":null,"og_image_url":null,"og_image_width":null,"og_image_height":null,"og_video":null,"og_custom_url":null,"og_article_section":null,"og_article_tags":null,"twitter_use_og":false,"twitter_card":"default","twitter_image_type":"default","twitter_image_custom_url":null,"twitter_image_custom_fields":null,"twitter_image_url":null,"twitter_title":null,"twitter_description":null,"schema_type":"default","schema_type_options":null,"schema":{"blockGraphs":[],"customGraphs":[],"default":{"data":{"Article":[],"Course":[],"Dataset":[],"FAQPage":[],"Movie":[],"Person":[],"Product":[],"ProductReview":[],"Car":[],"Recipe":[],"Service":[],"SoftwareApplication":[],"WebPage":[]},"graphName":"","isEnabled":true},"graphs":[]},"pillar_content":false,"robots_default":true,"robots_noindex":false,"robots_noarchive":false,"robots_nosnippet":false,"robots_nofollow":false,"robots_noimageindex":false,"robots_noodp":false,"robots_notranslate":false,"robots_max_snippet":null,"robots_max_videopreview":null,"robots_max_imagepreview":"large","priority":null,"frequency":null,"local_seo":null,"limit_modified_date":false,"ai":null,"breadcrumb_settings":null,"seo_analyzer_scan_date":null,"created":"2026-07-21 00:09:42","updated":"2026-07-21 00:09:42"},"aioseo_breadcrumb":"<div class=\"aioseo-breadcrumbs\"><span class=\"aioseo-breadcrumb\">\n\t\t\t<a href=\"https:\/\/serrafm879.com.br\/serrafm\" title=\"Home\">Home<\/a>\n\t\t<\/span><span class=\"aioseo-breadcrumb-separator\">&raquo;<\/span><span class=\"aioseo-breadcrumb\">\n\t\t\t<a href=\"https:\/\/serrafm879.com.br\/serrafm\/categoria\/noticias\/\" title=\"Not\u00edcias\">Not\u00edcias<\/a>\n\t\t<\/span><span class=\"aioseo-breadcrumb-separator\">&raquo;<\/span><span class=\"aioseo-breadcrumb\">\n\t\t\tSanta Cruz da Baixa Verde tamb\u00e9m pro\u00edbe fogueiras e fogos de artif\u00edcio\n\t\t<\/span><\/div>","aioseo_breadcrumb_json":[{"label":"Home","link":"https:\/\/serrafm879.com.br\/serrafm"},{"label":"Not\u00edcias","link":"https:\/\/serrafm879.com.br\/serrafm\/categoria\/noticias\/"},{"label":"Santa Cruz da Baixa Verde tamb\u00e9m pro\u00edbe fogueiras e fogos de artif\u00edcio","link":"https:\/\/serrafm879.com.br\/serrafm\/2021\/06\/santa-cruz-da-baixa-verde-tambem-proibe-fogueiras-e-fogos-de-artificio\/"}],"jetpack_publicize_connections":[],"jetpack_featured_media_url":"https:\/\/serrafm879.com.br\/serrafm\/wp-content\/uploads\/2021\/06\/santacruzdabaixaverde.jpg","jetpack_shortlink":"https:\/\/wp.me\/p7HyXg-1Gw","jetpack_sharing_enabled":true,"_links":{"self":[{"href":"https:\/\/serrafm879.com.br\/serrafm\/wp-json\/wp\/v2\/posts\/6480","targetHints":{"allow":["GET"]}}],"collection":[{"href":"https:\/\/serrafm879.com.br\/serrafm\/wp-json\/wp\/v2\/posts"}],"about":[{"href":"https:\/\/serrafm879.com.br\/serrafm\/wp-json\/wp\/v2\/types\/post"}],"author":[{"embeddable":true,"href":"https:\/\/serrafm879.com.br\/serrafm\/wp-json\/wp\/v2\/users\/2"}],"replies":[{"embeddable":true,"href":"https:\/\/serrafm879.com.br\/serrafm\/wp-json\/wp\/v2\/comments?post=6480"}],"version-history":[{"count":1,"href":"https:\/\/serrafm879.com.br\/serrafm\/wp-json\/wp\/v2\/posts\/6480\/revisions"}],"predecessor-version":[{"id":6482,"href":"https:\/\/serrafm879.com.br\/serrafm\/wp-json\/wp\/v2\/posts\/6480\/revisions\/6482"}],"wp:featuredmedia":[{"embeddable":true,"href":"https:\/\/serrafm879.com.br\/serrafm\/wp-json\/wp\/v2\/media\/6481"}],"wp:attachment":[{"href":"https:\/\/serrafm879.com.br\/serrafm\/wp-json\/wp\/v2\/media?parent=6480"}],"wp:term":[{"taxonomy":"category","embeddable":true,"href":"https:\/\/serrafm879.com.br\/serrafm\/wp-json\/wp\/v2\/categories?post=6480"},{"taxonomy":"post_tag","embeddable":true,"href":"https:\/\/serrafm879.com.br\/serrafm\/wp-json\/wp\/v2\/tags?post=6480"}],"curies":[{"name":"wp","href":"https:\/\/api.w.org\/{rel}","templated":true}]}}