{"id":6483,"date":"2021-06-18T04:24:17","date_gmt":"2021-06-18T07:24:17","guid":{"rendered":"https:\/?p=6483"},"modified":"2021-06-18T04:24:17","modified_gmt":"2021-06-18T07:24:17","slug":"governo-de-pernambuco-flexibiliza-novas-atividades-no-estado-partir-do-dia-21","status":"publish","type":"post","link":"https:\/\/serrafm879.com.br\/serrafm\/2021\/06\/governo-de-pernambuco-flexibiliza-novas-atividades-no-estado-partir-do-dia-21\/","title":{"rendered":"Governo de Pernambuco flexibiliza novas atividades no Estado a partir do dia 21"},"content":{"rendered":"<p>Em an\u00fancio realizado na tarde desta quinta-feira (17), o Governo de Pernambuco comunicou que, devido \u00e0 queda na demanda por leitos de terapia intensiva para pacientes com s\u00edndrome respirat\u00f3ria grave nas \u00faltimas semanas, ir\u00e1 flexibilizar o funcionamento de algumas atividades econ\u00f4micas e sociais no Estado entre os dias 21 de junho e 4 de julho. Entre as mudan\u00e7as divulgadas, est\u00e3o a retomada parcial de academias, bares, restaurantes, praias, escolas, universidades, entre outros, inclusive nos finais de semana. Eventos corporativos estar\u00e3o permitidos, com ressalvas, mas eventos sociais e culturais seguem vedados.<\/p>\n<p>De acordo com as informa\u00e7\u00f5es divulgadas pelo governo, na Macrorregi\u00e3o I, que engloba a Regi\u00e3o Metropolitana do Recife, Zona da Mata e parte do Agreste, al\u00e9m da Macro IV, que abra\u00e7a um trecho do Sert\u00e3o, ser\u00e1 poss\u00edvel retomar as seguintes atividades econ\u00f4micas de 21 de junho a 4 de julho:<\/p>\n<p><strong>Academias e similares<\/strong><\/p>\n<p>\u2013 50% da utiliza\u00e7\u00e3o dos aparelhos de c\u00e1rdio;<br \/>\n\u2013 Hor\u00e1rio at\u00e9 22h em dias de semana e 18h nos fins de semana e feriados;<\/p>\n<p><strong>Servi\u00e7os de alimenta\u00e7\u00e3o<\/strong><\/p>\n<p>\u2013 50% da capacidade do local;<br \/>\n\u2013 Hor\u00e1rio para 22h em dias de semana e 21h nos fins de semana e feriados;<br \/>\n\u2013 Permanece proibida m\u00fasica ao vivo;<\/p>\n<p><strong>Com\u00e9rcio Varejista de bairro<\/strong><\/p>\n<p>\u2013 1 cliente a cada 5m2 para \u00e1rea interna das lojas e 1 cliente a cada 10m2 nas \u00e1reas de circula\u00e7\u00e3o;<br \/>\n\u2013 Hor\u00e1rio das 8h \u00e0s 20h nos dias de semana e 9h \u00e0s 19h nos finais de semana e feriados;<\/p>\n<p><strong>Com\u00e9rcio varejista de centro<\/strong><\/p>\n<p>\u2013 1 cliente a cada 5 m2 para \u00e1rea interna das lojas e 1 cliente a cada 10m2 nas \u00e1reas de circula\u00e7\u00e3o;<\/p>\n<p>\u2013 Hor\u00e1rio das 8h \u00e0s 20h nos dias de semana e 9h \u00e0s 19h nos fins de semana e feriados;<\/p>\n<p><strong>Praias\/Com\u00e9rcio de praia\/ Ciclofaixas e cal\u00e7ad\u00f5es<\/strong><span id=\"more-84151\"><\/span><\/p>\n<p>\u2013 Ser\u00e3o objeto de regulamenta\u00e7\u00e3o e fiscaliza\u00e7\u00e3o por cada munic\u00edpio;<\/p>\n<p><strong>Escolas e Universidades<\/strong><\/p>\n<p>\u2013 Manter o distanciamento de 1,5m entre as bancas escolares, reduzindo a quantidade de estudantes quando necess\u00e1rio;<\/p>\n<p>\u2013 Hor\u00e1rio das 6h \u00e0s 22h;<\/p>\n<p><strong>Escrit\u00f3rios comerciais<\/strong><\/p>\n<p>\u2013 50% da capacidade do local, considerando o distanciamento de 1,5m entre as esta\u00e7\u00f5es de trabalho;<\/p>\n<p>\u2013 Hor\u00e1rio das 8h \u00e0s 20h nos dias de semana e 9h \u00e0s 19h nos fins de semana e feriados;<\/p>\n<p><strong>Feira de Neg\u00f3cios<\/strong><\/p>\n<p>\u2013 Hor\u00e1rio at\u00e9 \u00e0s 22h em dias de semana 21h em fins de semana e feriados;<\/p>\n<p><strong>Igrejas e atividades religiosas<\/strong><\/p>\n<p>\u2013 50% da capacidade do local ou 300 pessoas, o que for menor;<\/p>\n<p>\u2013 Hor\u00e1rio at\u00e9 22h em dias de semana e 21h em fins de semanas e feriados;<\/p>\n<p><strong>Polo de confec\u00e7\u00f5es<\/strong><\/p>\n<p>\u2013 Hor\u00e1rio at\u00e9 20h;<\/p>\n<p><strong>Shoppings centers e galerias comerciais<\/strong><\/p>\n<p>\u2013 1 cliente a cada 5m2 para \u00e1rea interna das lojas e 1 cliente a cada 10 m2 nas \u00e1reas de circula\u00e7\u00e3o;<\/p>\n<p>\u2013 Hor\u00e1rio at\u00e9 22h nos dias de semana e de 21h nos fins de semana e feriados;<\/p>\n<p><strong>Eventos corporativos<\/strong><\/p>\n<p>\u2013 50 pessoas ou 30% da capacidade do local, o que for menor;<\/p>\n<p>\u2013 Proibido m\u00fasica ao vivo;<\/p>\n<p>\u2013 Hor\u00e1rio at\u00e9 \u00e0s 22h nos dias de semana e 21h nos fins de semana e feriados;<\/p>\n<p><strong>Eventos sociais\/ Buffets<\/strong><\/p>\n<p>\u2013 Permanece vedado<\/p>\n<p><strong>Eventos culturais<\/strong><\/p>\n<p>\u2013 Permanece vedado<\/p>\n<p><strong>Cola\u00e7\u00e3o de grau, aula da saudade e culto ecum\u00eanico<\/strong><\/p>\n<p>\u2013 50 pessoas ou 30% da capacidade do local, o que for menor;<\/p>\n<p>\u2013 Hor\u00e1rio at\u00e9 22h nos dias de semana e 21h nos fins de semana e feriados;<\/p>\n<p>\u2013 Proibido alimentos, bebidas e m\u00fasica ao vivo;<\/p>\n<p><strong>Cinema, teatro e circo<\/strong><\/p>\n<p>\u2013 100 pessoas ou 30% da capacidade do local, o que for menor;<\/p>\n<p>\u2013 Hor\u00e1rio at\u00e9 22h nos dias de semana e 21h nos finais de semana e feriados;<\/p>\n<p><strong>Museus e demais equipamentos culturais<\/strong><\/p>\n<p>\u2013 1 visitante a cada 20 m2 nas \u00e1reas expositivas internas e 1 visitante a cada 10m2 nas \u00e1reas expositivas externas;<\/p>\n<p>\u2013 Hor\u00e1rio at\u00e9 22h nos dias de semana e 21h nos fins de semana e feriados;<\/p>\n<p><strong>Parques tem\u00e1ticos\/Aqu\u00e1ticos\/ Jogos eletr\u00f4nicos\/ Itinerantes\/ Similares<\/strong><\/p>\n<p>\u2013 Ser\u00e3o objeto de regulamenta\u00e7\u00e3o e fiscaliza\u00e7\u00e3o por cada munic\u00edpio;<\/p>\n<p>\u2013 Permanece vedado show;<\/p>\n<p><strong>Parques infantis<\/strong><\/p>\n<p>\u2013 Ser\u00e3o objeto de regulamenta\u00e7\u00e3o e fiscaliza\u00e7\u00e3o por cada munic\u00edpio;<\/p>\n<p><strong>Atividades esportivas coletivas e individuais<\/strong><\/p>\n<p>\u2013 Liberadas a pr\u00e1tica, treinamento e competi\u00e7\u00e3o das modalidades esportivas coletivas e individuais em centros esportivos, clubes sociais e associa\u00e7\u00f5es esportivas;<\/p>\n<p>\u2013 Hor\u00e1rio at\u00e9 \u00e0s 22h nos dias de semana e 21h nos fins de semana e feriados;<\/p>\n<p>\u2013 Sem show;<\/p>\n<p>\u2013 Jogos de futebol profissional em est\u00e1dio \u2013 SEM P\u00daBLICO<\/p>\n<p><strong>Clubes sociais<\/strong><\/p>\n<p>\u2013 Hor\u00e1rio at\u00e9 \u00e0s 22h nos dias de semana e 21h nos fins de semana e feriados. Proibido saunas.<\/p>\n<p><strong>Na macrorregi\u00e3o III, que engloba parte do Sert\u00e3o pernambucano, ser\u00e3o feitas as seguintes modifica\u00e7\u00f5es no funcionamento das atividades econ\u00f4micas e sociais:<\/strong><\/p>\n<p><strong>Academias e similares<\/strong><\/p>\n<p>\u2013 50% da utiliza\u00e7\u00e3o dos aparelhos de c\u00e1rdio;<\/p>\n<p>\u2013 Hor\u00e1rio \u00e0s 18h dias de semana e nos fins de semana e feriados;<\/p>\n<p><strong>Servi\u00e7os de alimenta\u00e7\u00e3o<\/strong><\/p>\n<p>\u2013 50% da capacidade do local;<\/p>\n<p>\u2013 Hor\u00e1rio para 18h em dias de semana e nos fins de semana e feriados;<\/p>\n<p>\u2013 Permanece proibida m\u00fasica ao vivo;<\/p>\n<p><strong>Com\u00e9rcio Varejista de bairro<\/strong><\/p>\n<p>\u2013 1 cliente a cada 5m2 para \u00e1rea interna das lojas e 1 cliente a cada 10m2 nas \u00e1reas de circula\u00e7\u00e3o;<\/p>\n<p>\u2013 Hor\u00e1rio das 8h \u00e0s 18h nos dias de semana e 9h \u00e0s 18h nos finais de semana e feriados;<\/p>\n<p><strong>Com\u00e9rcio varejista de centro<\/strong><\/p>\n<p>\u2013 1 cliente a cada 5 m2 para \u00e1rea interna das lojas e 1 cliente a cada 10m2 nas \u00e1reas de circula\u00e7\u00e3o;<\/p>\n<p>\u2013 Hor\u00e1rio das 8h \u00e0s 18h nos dias de semana e 9h \u00e0s 18h nos fins de semana e feriados;<\/p>\n<p><strong>Praias\/Com\u00e9rcio de praia\/ Ciclofaixas e cal\u00e7ad\u00f5es<\/strong><\/p>\n<p>\u2013 Ser\u00e3o objeto de regulamenta\u00e7\u00e3o e fiscaliza\u00e7\u00e3o por cada munic\u00edpio;<\/p>\n<p><strong>Escolas e Universidades<\/strong><\/p>\n<p>\u2013 Manter o distanciamento de 1,5m entre as bancas escolares, reduzindo a quantidade de estudantes quando necess\u00e1rio;<\/p>\n<p>\u2013 Hor\u00e1rio das 6h \u00e0s 18h;<\/p>\n<p><strong>Escrit\u00f3rios comerciais<\/strong><\/p>\n<p>\u2013 50% da capacidade do local, considerando o distanciamento de 1,5m entre as esta\u00e7\u00f5es de trabalho;<\/p>\n<p>\u2013 Hor\u00e1rio das 8h \u00e0s 18h nos dias de semana e 9h \u00e0s 18h nos fins de semana e feriados;<\/p>\n<p><strong>Feira de Neg\u00f3cios<\/strong><\/p>\n<p>\u2013 Hor\u00e1rio at\u00e9 \u00e0s 18h em dias de semana e em fins de semana e feriados;<\/p>\n<p><strong>Igrejas e atividades religiosas<\/strong><\/p>\n<p>\u2013 50% da capacidade do local ou 300 pessoas, o que for menor;<\/p>\n<p>\u2013 Hor\u00e1rio at\u00e9 \u00e0s 18h em dias de semana e em fins de semana e feriados;<\/p>\n<p><strong>Shoppings centers e galerias comerciais<\/strong><\/p>\n<p>\u2013 1 cliente a cada 5m2 para \u00e1rea interna das lojas e 1 cliente a cada 10 m2 nas \u00e1reas de circula\u00e7\u00e3o;<\/p>\n<p>\u2013 Hor\u00e1rio at\u00e9 18h nos dias de semana e nos fins de semana e feriados;<\/p>\n<p><strong>Eventos corporativos<\/strong><\/p>\n<p>\u2013 50 pessoas ou 30% da capacidade do local, o que for menor;<\/p>\n<p>\u2013 Proibido m\u00fasica ao vivo;<\/p>\n<p>\u2013 Hor\u00e1rio at\u00e9 \u00e0s 18h nos dias de semana e nos fins de semana e feriados;<\/p>\n<p><strong>Eventos sociais\/ Buffets<\/strong><\/p>\n<p>\u2013 Permanece vedado<\/p>\n<p>Eventos culturais<\/p>\n<p>\u2013 Permanece vedado<\/p>\n<p><strong>Cola\u00e7\u00e3o de grau, aula da saudade e culto ecum\u00eanico<\/strong><\/p>\n<p>\u2013 50 pessoas ou 30% da capacidade do local, o que for menor;<\/p>\n<p>\u2013 Hor\u00e1rio at\u00e9 18h nos dias de semana e nos fins de semana e feriados;<\/p>\n<p>\u2013 Proibido alimentos, bebidas e m\u00fasica ao vivo;<\/p>\n<p><strong>Cinema, teatro e circo<\/strong><\/p>\n<p>\u2013 100 pessoas ou 30% da capacidade do local, o que for menor;<\/p>\n<p>\u2013 Hor\u00e1rio at\u00e9 18h;<\/p>\n<p><strong>Museus e demais equipamentos culturais<\/strong><\/p>\n<p>\u2013 1 visitante a cada 20 m2 nas \u00e1reas expositivas internas e 1 visitante a cada 10m2 nas \u00e1reas expositivas externas;<\/p>\n<p>\u2013 Hor\u00e1rio at\u00e9 18h nos dias de semana e nos fins de semana e feriados;<\/p>\n<p><strong>LEITOS DE UTI<\/strong><\/p>\n<p>O Governo de Pernambuco anunciou, nesta quinta-feira (17), que atingiu a menor ocupa\u00e7\u00e3o nos leitos p\u00fablicos de terapia intensiva para pacientes com S\u00edndrome Respirat\u00f3ria Aguda Grave (SRAG) desde fevereiro deste ano: 87%. Com esse percentual, o Estado zerou a fila de espera por vagas por leitos deste tipo.<\/p>\n<p>Em pronunciamento feito durante a tarde, o governador Paulo C\u00e2mara (PSB) comemorou a marca, mas refor\u00e7ou que a popula\u00e7\u00e3o deve seguir cumprindo todos os protocolos para evitar a prolifera\u00e7\u00e3o do coronav\u00edrus, como usar m\u00e1scara, n\u00e3o estar em aglomera\u00e7\u00f5es e ajudar pessoas que ainda n\u00e3o se vacinaram, mesmo que j\u00e1 sejam eleg\u00edveis a receber o imunizante.<\/p>\n","protected":false},"excerpt":{"rendered":"<p>Em an\u00fancio realizado na tarde desta quinta-feira (17), o Governo de Pernambuco comunicou que, devido \u00e0 queda na demanda por leitos de terapia intensiva para pacientes com s\u00edndrome respirat\u00f3ria grave nas \u00faltimas semanas, ir\u00e1 flexibilizar o funcionamento de algumas atividades econ\u00f4micas e sociais no Estado entre os dias 21 de junho e 4 de julho. Entre as mudan\u00e7as divulgadas, est\u00e3o a retomada parcial de academias, bares, restaurantes, praias, escolas, universidades, entre outros, inclusive nos finais de semana. Eventos corporativos estar\u00e3o permitidos, com ressalvas, mas eventos sociais e culturais seguem vedados. De acordo com as informa\u00e7\u00f5es divulgadas pelo governo, na Macrorregi\u00e3o [&hellip;]<\/p>\n","protected":false},"author":2,"featured_media":5167,"comment_status":"open","ping_status":"open","sticky":false,"template":"","format":"standard","meta":{"_jetpack_newsletter_access":"","_jetpack_dont_email_post_to_subs":false,"_jetpack_newsletter_tier_id":0,"_jetpack_memberships_contains_paywalled_content":false,"_jetpack_feature_clip_id":0,"_jetpack_memberships_contains_paid_content":false,"footnotes":"","jetpack_publicize_message":"","jetpack_publicize_feature_enabled":true,"jetpack_social_post_already_shared":true,"jetpack_social_options":{"image_generator_settings":{"template":"highway","default_image_id":0,"font":"","enabled":false},"version":2},"jetpack_post_was_ever_published":false},"categories":[2],"tags":[],"class_list":["post-6483","post","type-post","status-publish","format-standard","has-post-thumbnail","hentry","category-noticias"],"aioseo_notices":[],"aioseo_head":"\n\t\t<!-- All in One SEO 4.9.10 - aioseo.com -->\n\t<meta name=\"description\" content=\"Em an\u00fancio realizado na tarde desta quinta-feira (17), o Governo de Pernambuco comunicou que, devido \u00e0 queda na demanda por leitos de terapia intensiva para pacientes com s\u00edndrome respirat\u00f3ria grave nas \u00faltimas semanas, ir\u00e1 flexibilizar o funcionamento de algumas atividades econ\u00f4micas e sociais no Estado entre os dias 21 de junho e 4 de julho.\" \/>\n\t<meta name=\"robots\" content=\"max-image-preview:large\" \/>\n\t<meta name=\"author\" content=\"serrafm87\"\/>\n\t<link rel=\"canonical\" href=\"https:\/\/serrafm879.com.br\/serrafm\/2021\/06\/governo-de-pernambuco-flexibiliza-novas-atividades-no-estado-partir-do-dia-21\/\" \/>\n\t<meta name=\"generator\" content=\"All in One SEO (AIOSEO) 4.9.10\" \/>\n\t\t<meta name=\"twitter:card\" content=\"summary_large_image\" \/>\n\t\t<meta name=\"twitter:title\" content=\"Governo de Pernambuco flexibiliza novas atividades no Estado a partir do dia 21 - Serra FM 87,9\" \/>\n\t\t<meta name=\"twitter:description\" content=\"Em an\u00fancio realizado na tarde desta quinta-feira (17), o Governo de Pernambuco comunicou que, devido \u00e0 queda na demanda por leitos de terapia intensiva para pacientes com s\u00edndrome respirat\u00f3ria grave nas \u00faltimas semanas, ir\u00e1 flexibilizar o funcionamento de algumas atividades econ\u00f4micas e sociais no Estado entre os dias 21 de junho e 4 de julho.\" \/>\n\t\t<meta name=\"twitter:image\" content=\"https:\/\/serrafm879.com.br\/serrafm\/wp-content\/uploads\/2021\/03\/serrafm.jpg\" \/>\n\t\t<script type=\"application\/ld+json\" class=\"aioseo-schema\">\n\t\t\t{\"@context\":\"https:\\\/\\\/schema.org\",\"@graph\":[{\"@type\":\"BlogPosting\",\"@id\":\"https:\\\/\\\/serrafm879.com.br\\\/serrafm\\\/2021\\\/06\\\/governo-de-pernambuco-flexibiliza-novas-atividades-no-estado-partir-do-dia-21\\\/#blogposting\",\"name\":\"Governo de Pernambuco flexibiliza novas atividades no Estado a partir do dia 21 - Serra FM 87,9\",\"headline\":\"Governo de Pernambuco flexibiliza novas atividades no Estado a partir do dia 21\",\"author\":{\"@id\":\"https:\\\/\\\/serrafm879.com.br\\\/serrafm\\\/author\\\/serrafm87\\\/#author\"},\"publisher\":{\"@id\":\"https:\\\/\\\/serrafm879.com.br\\\/serrafm\\\/#organization\"},\"image\":{\"@type\":\"ImageObject\",\"url\":\"https:\\\/\\\/serrafm879.com.br\\\/serrafm\\\/wp-content\\\/uploads\\\/2021\\\/03\\\/serrafm.jpg\",\"width\":800,\"height\":400},\"datePublished\":\"2021-06-18T04:24:17-03:00\",\"dateModified\":\"2021-06-18T04:24:17-03:00\",\"inLanguage\":\"pt-BR\",\"mainEntityOfPage\":{\"@id\":\"https:\\\/\\\/serrafm879.com.br\\\/serrafm\\\/2021\\\/06\\\/governo-de-pernambuco-flexibiliza-novas-atividades-no-estado-partir-do-dia-21\\\/#webpage\"},\"isPartOf\":{\"@id\":\"https:\\\/\\\/serrafm879.com.br\\\/serrafm\\\/2021\\\/06\\\/governo-de-pernambuco-flexibiliza-novas-atividades-no-estado-partir-do-dia-21\\\/#webpage\"},\"articleSection\":\"Not\\u00edcias\"},{\"@type\":\"BreadcrumbList\",\"@id\":\"https:\\\/\\\/serrafm879.com.br\\\/serrafm\\\/2021\\\/06\\\/governo-de-pernambuco-flexibiliza-novas-atividades-no-estado-partir-do-dia-21\\\/#breadcrumblist\",\"itemListElement\":[{\"@type\":\"ListItem\",\"@id\":\"https:\\\/\\\/serrafm879.com.br\\\/serrafm#listItem\",\"position\":1,\"name\":\"Home\",\"item\":\"https:\\\/\\\/serrafm879.com.br\\\/serrafm\",\"nextItem\":{\"@type\":\"ListItem\",\"@id\":\"https:\\\/\\\/serrafm879.com.br\\\/serrafm\\\/categoria\\\/noticias\\\/#listItem\",\"name\":\"Not\\u00edcias\"}},{\"@type\":\"ListItem\",\"@id\":\"https:\\\/\\\/serrafm879.com.br\\\/serrafm\\\/categoria\\\/noticias\\\/#listItem\",\"position\":2,\"name\":\"Not\\u00edcias\",\"item\":\"https:\\\/\\\/serrafm879.com.br\\\/serrafm\\\/categoria\\\/noticias\\\/\",\"nextItem\":{\"@type\":\"ListItem\",\"@id\":\"https:\\\/\\\/serrafm879.com.br\\\/serrafm\\\/2021\\\/06\\\/governo-de-pernambuco-flexibiliza-novas-atividades-no-estado-partir-do-dia-21\\\/#listItem\",\"name\":\"Governo de Pernambuco flexibiliza novas atividades no Estado a partir do dia 21\"},\"previousItem\":{\"@type\":\"ListItem\",\"@id\":\"https:\\\/\\\/serrafm879.com.br\\\/serrafm#listItem\",\"name\":\"Home\"}},{\"@type\":\"ListItem\",\"@id\":\"https:\\\/\\\/serrafm879.com.br\\\/serrafm\\\/2021\\\/06\\\/governo-de-pernambuco-flexibiliza-novas-atividades-no-estado-partir-do-dia-21\\\/#listItem\",\"position\":3,\"name\":\"Governo de Pernambuco flexibiliza novas atividades no Estado a partir do dia 21\",\"previousItem\":{\"@type\":\"ListItem\",\"@id\":\"https:\\\/\\\/serrafm879.com.br\\\/serrafm\\\/categoria\\\/noticias\\\/#listItem\",\"name\":\"Not\\u00edcias\"}}]},{\"@type\":\"Organization\",\"@id\":\"https:\\\/\\\/serrafm879.com.br\\\/serrafm\\\/#organization\",\"name\":\"Serra FM 87,9\",\"description\":\"O seu novo amor!\",\"url\":\"https:\\\/\\\/serrafm879.com.br\\\/serrafm\\\/\"},{\"@type\":\"Person\",\"@id\":\"https:\\\/\\\/serrafm879.com.br\\\/serrafm\\\/author\\\/serrafm87\\\/#author\",\"url\":\"https:\\\/\\\/serrafm879.com.br\\\/serrafm\\\/author\\\/serrafm87\\\/\",\"name\":\"serrafm87\",\"image\":{\"@type\":\"ImageObject\",\"@id\":\"https:\\\/\\\/serrafm879.com.br\\\/serrafm\\\/2021\\\/06\\\/governo-de-pernambuco-flexibiliza-novas-atividades-no-estado-partir-do-dia-21\\\/#authorImage\",\"url\":\"https:\\\/\\\/secure.gravatar.com\\\/avatar\\\/a743233f1112d34f48bb3dc9559b76eb930bab8b27175856cba6362608736235?s=96&d=mm&r=g\",\"width\":96,\"height\":96,\"caption\":\"serrafm87\"}},{\"@type\":\"WebPage\",\"@id\":\"https:\\\/\\\/serrafm879.com.br\\\/serrafm\\\/2021\\\/06\\\/governo-de-pernambuco-flexibiliza-novas-atividades-no-estado-partir-do-dia-21\\\/#webpage\",\"url\":\"https:\\\/\\\/serrafm879.com.br\\\/serrafm\\\/2021\\\/06\\\/governo-de-pernambuco-flexibiliza-novas-atividades-no-estado-partir-do-dia-21\\\/\",\"name\":\"Governo de Pernambuco flexibiliza novas atividades no Estado a partir do dia 21 - Serra FM 87,9\",\"description\":\"Em an\\u00fancio realizado na tarde desta quinta-feira (17), o Governo de Pernambuco comunicou que, devido \\u00e0 queda na demanda por leitos de terapia intensiva para pacientes com s\\u00edndrome respirat\\u00f3ria grave nas \\u00faltimas semanas, ir\\u00e1 flexibilizar o funcionamento de algumas atividades econ\\u00f4micas e sociais no Estado entre os dias 21 de junho e 4 de julho.\",\"inLanguage\":\"pt-BR\",\"isPartOf\":{\"@id\":\"https:\\\/\\\/serrafm879.com.br\\\/serrafm\\\/#website\"},\"breadcrumb\":{\"@id\":\"https:\\\/\\\/serrafm879.com.br\\\/serrafm\\\/2021\\\/06\\\/governo-de-pernambuco-flexibiliza-novas-atividades-no-estado-partir-do-dia-21\\\/#breadcrumblist\"},\"author\":{\"@id\":\"https:\\\/\\\/serrafm879.com.br\\\/serrafm\\\/author\\\/serrafm87\\\/#author\"},\"creator\":{\"@id\":\"https:\\\/\\\/serrafm879.com.br\\\/serrafm\\\/author\\\/serrafm87\\\/#author\"},\"image\":{\"@type\":\"ImageObject\",\"url\":\"https:\\\/\\\/serrafm879.com.br\\\/serrafm\\\/wp-content\\\/uploads\\\/2021\\\/03\\\/serrafm.jpg\",\"@id\":\"https:\\\/\\\/serrafm879.com.br\\\/serrafm\\\/2021\\\/06\\\/governo-de-pernambuco-flexibiliza-novas-atividades-no-estado-partir-do-dia-21\\\/#mainImage\",\"width\":800,\"height\":400},\"primaryImageOfPage\":{\"@id\":\"https:\\\/\\\/serrafm879.com.br\\\/serrafm\\\/2021\\\/06\\\/governo-de-pernambuco-flexibiliza-novas-atividades-no-estado-partir-do-dia-21\\\/#mainImage\"},\"datePublished\":\"2021-06-18T04:24:17-03:00\",\"dateModified\":\"2021-06-18T04:24:17-03:00\"},{\"@type\":\"WebSite\",\"@id\":\"https:\\\/\\\/serrafm879.com.br\\\/serrafm\\\/#website\",\"url\":\"https:\\\/\\\/serrafm879.com.br\\\/serrafm\\\/\",\"name\":\"Serra FM 87,9\",\"description\":\"O seu novo amor!\",\"inLanguage\":\"pt-BR\",\"publisher\":{\"@id\":\"https:\\\/\\\/serrafm879.com.br\\\/serrafm\\\/#organization\"}}]}\n\t\t<\/script>\n\t\t<!-- All in One SEO -->\n\n","aioseo_head_json":{"title":"Governo de Pernambuco flexibiliza novas atividades no Estado a partir do dia 21 - Serra FM 87,9","description":"Em an\u00fancio realizado na tarde desta quinta-feira (17), o Governo de Pernambuco comunicou que, devido \u00e0 queda na demanda por leitos de terapia intensiva para pacientes com s\u00edndrome respirat\u00f3ria grave nas \u00faltimas semanas, ir\u00e1 flexibilizar o funcionamento de algumas atividades econ\u00f4micas e sociais no Estado entre os dias 21 de junho e 4 de julho.","canonical_url":"https:\/\/serrafm879.com.br\/serrafm\/2021\/06\/governo-de-pernambuco-flexibiliza-novas-atividades-no-estado-partir-do-dia-21\/","robots":"max-image-preview:large","keywords":"","webmasterTools":{"miscellaneous":""},"schema":{"@context":"https:\/\/schema.org","@graph":[{"@type":"BlogPosting","@id":"https:\/\/serrafm879.com.br\/serrafm\/2021\/06\/governo-de-pernambuco-flexibiliza-novas-atividades-no-estado-partir-do-dia-21\/#blogposting","name":"Governo de Pernambuco flexibiliza novas atividades no Estado a partir do dia 21 - Serra FM 87,9","headline":"Governo de Pernambuco flexibiliza novas atividades no Estado a partir do dia 21","author":{"@id":"https:\/\/serrafm879.com.br\/serrafm\/author\/serrafm87\/#author"},"publisher":{"@id":"https:\/\/serrafm879.com.br\/serrafm\/#organization"},"image":{"@type":"ImageObject","url":"https:\/\/serrafm879.com.br\/serrafm\/wp-content\/uploads\/2021\/03\/serrafm.jpg","width":800,"height":400},"datePublished":"2021-06-18T04:24:17-03:00","dateModified":"2021-06-18T04:24:17-03:00","inLanguage":"pt-BR","mainEntityOfPage":{"@id":"https:\/\/serrafm879.com.br\/serrafm\/2021\/06\/governo-de-pernambuco-flexibiliza-novas-atividades-no-estado-partir-do-dia-21\/#webpage"},"isPartOf":{"@id":"https:\/\/serrafm879.com.br\/serrafm\/2021\/06\/governo-de-pernambuco-flexibiliza-novas-atividades-no-estado-partir-do-dia-21\/#webpage"},"articleSection":"Not\u00edcias"},{"@type":"BreadcrumbList","@id":"https:\/\/serrafm879.com.br\/serrafm\/2021\/06\/governo-de-pernambuco-flexibiliza-novas-atividades-no-estado-partir-do-dia-21\/#breadcrumblist","itemListElement":[{"@type":"ListItem","@id":"https:\/\/serrafm879.com.br\/serrafm#listItem","position":1,"name":"Home","item":"https:\/\/serrafm879.com.br\/serrafm","nextItem":{"@type":"ListItem","@id":"https:\/\/serrafm879.com.br\/serrafm\/categoria\/noticias\/#listItem","name":"Not\u00edcias"}},{"@type":"ListItem","@id":"https:\/\/serrafm879.com.br\/serrafm\/categoria\/noticias\/#listItem","position":2,"name":"Not\u00edcias","item":"https:\/\/serrafm879.com.br\/serrafm\/categoria\/noticias\/","nextItem":{"@type":"ListItem","@id":"https:\/\/serrafm879.com.br\/serrafm\/2021\/06\/governo-de-pernambuco-flexibiliza-novas-atividades-no-estado-partir-do-dia-21\/#listItem","name":"Governo de Pernambuco flexibiliza novas atividades no Estado a partir do dia 21"},"previousItem":{"@type":"ListItem","@id":"https:\/\/serrafm879.com.br\/serrafm#listItem","name":"Home"}},{"@type":"ListItem","@id":"https:\/\/serrafm879.com.br\/serrafm\/2021\/06\/governo-de-pernambuco-flexibiliza-novas-atividades-no-estado-partir-do-dia-21\/#listItem","position":3,"name":"Governo de Pernambuco flexibiliza novas atividades no Estado a partir do dia 21","previousItem":{"@type":"ListItem","@id":"https:\/\/serrafm879.com.br\/serrafm\/categoria\/noticias\/#listItem","name":"Not\u00edcias"}}]},{"@type":"Organization","@id":"https:\/\/serrafm879.com.br\/serrafm\/#organization","name":"Serra FM 87,9","description":"O seu novo amor!","url":"https:\/\/serrafm879.com.br\/serrafm\/"},{"@type":"Person","@id":"https:\/\/serrafm879.com.br\/serrafm\/author\/serrafm87\/#author","url":"https:\/\/serrafm879.com.br\/serrafm\/author\/serrafm87\/","name":"serrafm87","image":{"@type":"ImageObject","@id":"https:\/\/serrafm879.com.br\/serrafm\/2021\/06\/governo-de-pernambuco-flexibiliza-novas-atividades-no-estado-partir-do-dia-21\/#authorImage","url":"https:\/\/secure.gravatar.com\/avatar\/a743233f1112d34f48bb3dc9559b76eb930bab8b27175856cba6362608736235?s=96&d=mm&r=g","width":96,"height":96,"caption":"serrafm87"}},{"@type":"WebPage","@id":"https:\/\/serrafm879.com.br\/serrafm\/2021\/06\/governo-de-pernambuco-flexibiliza-novas-atividades-no-estado-partir-do-dia-21\/#webpage","url":"https:\/\/serrafm879.com.br\/serrafm\/2021\/06\/governo-de-pernambuco-flexibiliza-novas-atividades-no-estado-partir-do-dia-21\/","name":"Governo de Pernambuco flexibiliza novas atividades no Estado a partir do dia 21 - Serra FM 87,9","description":"Em an\u00fancio realizado na tarde desta quinta-feira (17), o Governo de Pernambuco comunicou que, devido \u00e0 queda na demanda por leitos de terapia intensiva para pacientes com s\u00edndrome respirat\u00f3ria grave nas \u00faltimas semanas, ir\u00e1 flexibilizar o funcionamento de algumas atividades econ\u00f4micas e sociais no Estado entre os dias 21 de junho e 4 de julho.","inLanguage":"pt-BR","isPartOf":{"@id":"https:\/\/serrafm879.com.br\/serrafm\/#website"},"breadcrumb":{"@id":"https:\/\/serrafm879.com.br\/serrafm\/2021\/06\/governo-de-pernambuco-flexibiliza-novas-atividades-no-estado-partir-do-dia-21\/#breadcrumblist"},"author":{"@id":"https:\/\/serrafm879.com.br\/serrafm\/author\/serrafm87\/#author"},"creator":{"@id":"https:\/\/serrafm879.com.br\/serrafm\/author\/serrafm87\/#author"},"image":{"@type":"ImageObject","url":"https:\/\/serrafm879.com.br\/serrafm\/wp-content\/uploads\/2021\/03\/serrafm.jpg","@id":"https:\/\/serrafm879.com.br\/serrafm\/2021\/06\/governo-de-pernambuco-flexibiliza-novas-atividades-no-estado-partir-do-dia-21\/#mainImage","width":800,"height":400},"primaryImageOfPage":{"@id":"https:\/\/serrafm879.com.br\/serrafm\/2021\/06\/governo-de-pernambuco-flexibiliza-novas-atividades-no-estado-partir-do-dia-21\/#mainImage"},"datePublished":"2021-06-18T04:24:17-03:00","dateModified":"2021-06-18T04:24:17-03:00"},{"@type":"WebSite","@id":"https:\/\/serrafm879.com.br\/serrafm\/#website","url":"https:\/\/serrafm879.com.br\/serrafm\/","name":"Serra FM 87,9","description":"O seu novo amor!","inLanguage":"pt-BR","publisher":{"@id":"https:\/\/serrafm879.com.br\/serrafm\/#organization"}}]},"twitter:card":"summary_large_image","twitter:title":"Governo de Pernambuco flexibiliza novas atividades no Estado a partir do dia 21 - Serra FM 87,9","twitter:description":"Em an\u00fancio realizado na tarde desta quinta-feira (17), o Governo de Pernambuco comunicou que, devido \u00e0 queda na demanda por leitos de terapia intensiva para pacientes com s\u00edndrome respirat\u00f3ria grave nas \u00faltimas semanas, ir\u00e1 flexibilizar o funcionamento de algumas atividades econ\u00f4micas e sociais no Estado entre os dias 21 de junho e 4 de julho.","twitter:image":"https:\/\/serrafm879.com.br\/serrafm\/wp-content\/uploads\/2021\/03\/serrafm.jpg"},"aioseo_meta_data":{"post_id":"6483","title":null,"description":null,"keywords":null,"keyphrases":null,"primary_term":null,"canonical_url":null,"og_title":null,"og_description":null,"og_object_type":"default","og_image_type":"default","og_image_custom_url":null,"og_image_custom_fields":null,"og_image_url":null,"og_image_width":null,"og_image_height":null,"og_video":null,"og_custom_url":null,"og_article_section":null,"og_article_tags":null,"twitter_use_og":false,"twitter_card":"default","twitter_image_type":"default","twitter_image_custom_url":null,"twitter_image_custom_fields":null,"twitter_image_url":null,"twitter_title":null,"twitter_description":null,"schema_type":"default","schema_type_options":null,"schema":{"blockGraphs":[],"customGraphs":[],"default":{"data":{"Article":[],"Course":[],"Dataset":[],"FAQPage":[],"Movie":[],"Person":[],"Product":[],"ProductReview":[],"Car":[],"Recipe":[],"Service":[],"SoftwareApplication":[],"WebPage":[]},"graphName":"","isEnabled":true},"graphs":[]},"pillar_content":false,"robots_default":true,"robots_noindex":false,"robots_noarchive":false,"robots_nosnippet":false,"robots_nofollow":false,"robots_noimageindex":false,"robots_noodp":false,"robots_notranslate":false,"robots_max_snippet":null,"robots_max_videopreview":null,"robots_max_imagepreview":"large","priority":null,"frequency":null,"local_seo":null,"limit_modified_date":false,"ai":null,"breadcrumb_settings":null,"seo_analyzer_scan_date":null,"created":"2026-07-21 00:09:42","updated":"2026-07-21 00:09:42"},"aioseo_breadcrumb":"<div class=\"aioseo-breadcrumbs\"><span class=\"aioseo-breadcrumb\">\n\t\t\t<a href=\"https:\/\/serrafm879.com.br\/serrafm\" title=\"Home\">Home<\/a>\n\t\t<\/span><span class=\"aioseo-breadcrumb-separator\">&raquo;<\/span><span class=\"aioseo-breadcrumb\">\n\t\t\t<a href=\"https:\/\/serrafm879.com.br\/serrafm\/categoria\/noticias\/\" title=\"Not\u00edcias\">Not\u00edcias<\/a>\n\t\t<\/span><span class=\"aioseo-breadcrumb-separator\">&raquo;<\/span><span class=\"aioseo-breadcrumb\">\n\t\t\tGoverno de Pernambuco flexibiliza novas atividades no Estado a partir do dia 21\n\t\t<\/span><\/div>","aioseo_breadcrumb_json":[{"label":"Home","link":"https:\/\/serrafm879.com.br\/serrafm"},{"label":"Not\u00edcias","link":"https:\/\/serrafm879.com.br\/serrafm\/categoria\/noticias\/"},{"label":"Governo de Pernambuco flexibiliza novas atividades no Estado a partir do dia 21","link":"https:\/\/serrafm879.com.br\/serrafm\/2021\/06\/governo-de-pernambuco-flexibiliza-novas-atividades-no-estado-partir-do-dia-21\/"}],"jetpack_publicize_connections":[],"jetpack_featured_media_url":"https:\/\/serrafm879.com.br\/serrafm\/wp-content\/uploads\/2021\/03\/serrafm.jpg","jetpack_shortlink":"https:\/\/wp.me\/p7HyXg-1Gz","jetpack_sharing_enabled":true,"_links":{"self":[{"href":"https:\/\/serrafm879.com.br\/serrafm\/wp-json\/wp\/v2\/posts\/6483","targetHints":{"allow":["GET"]}}],"collection":[{"href":"https:\/\/serrafm879.com.br\/serrafm\/wp-json\/wp\/v2\/posts"}],"about":[{"href":"https:\/\/serrafm879.com.br\/serrafm\/wp-json\/wp\/v2\/types\/post"}],"author":[{"embeddable":true,"href":"https:\/\/serrafm879.com.br\/serrafm\/wp-json\/wp\/v2\/users\/2"}],"replies":[{"embeddable":true,"href":"https:\/\/serrafm879.com.br\/serrafm\/wp-json\/wp\/v2\/comments?post=6483"}],"version-history":[{"count":1,"href":"https:\/\/serrafm879.com.br\/serrafm\/wp-json\/wp\/v2\/posts\/6483\/revisions"}],"predecessor-version":[{"id":6484,"href":"https:\/\/serrafm879.com.br\/serrafm\/wp-json\/wp\/v2\/posts\/6483\/revisions\/6484"}],"wp:featuredmedia":[{"embeddable":true,"href":"https:\/\/serrafm879.com.br\/serrafm\/wp-json\/wp\/v2\/media\/5167"}],"wp:attachment":[{"href":"https:\/\/serrafm879.com.br\/serrafm\/wp-json\/wp\/v2\/media?parent=6483"}],"wp:term":[{"taxonomy":"category","embeddable":true,"href":"https:\/\/serrafm879.com.br\/serrafm\/wp-json\/wp\/v2\/categories?post=6483"},{"taxonomy":"post_tag","embeddable":true,"href":"https:\/\/serrafm879.com.br\/serrafm\/wp-json\/wp\/v2\/tags?post=6483"}],"curies":[{"name":"wp","href":"https:\/\/api.w.org\/{rel}","templated":true}]}}